{"id":34176,"date":"2020-05-03T00:37:14","date_gmt":"2020-05-03T00:37:14","guid":{"rendered":"https:\/\/www.shqiperia.com\/blog\/?p=34176"},"modified":"2020-05-03T00:37:14","modified_gmt":"2020-05-03T00:37:14","slug":"osman-mula-ilir-beqjes-ti-mor-milioner-pa-nje-dite-pune-qe-te-hoqen-si-vjedhes-pensionesh","status":"publish","type":"post","link":"https:\/\/www.shqiperia.com\/blog\/osman-mula-ilir-beqjes-ti-mor-milioner-pa-nje-dite-pune-qe-te-hoqen-si-vjedhes-pensionesh\/","title":{"rendered":"Osman Mula, Ilir Beqjes: &#8211; Ti mor milioner pa nj\u00eb dit\u00eb pune, q\u00eb t\u00eb hoq\u00ebn si vjedh\u00ebs pensionesh"},"content":{"rendered":"<p><img data-recalc-dims=\"1\" loading=\"lazy\" decoding=\"async\" data-attachment-id=\"34177\" data-permalink=\"https:\/\/www.shqiperia.com\/blog\/osman-mula-ilir-beqjes-ti-mor-milioner-pa-nje-dite-pune-qe-te-hoqen-si-vjedhes-pensionesh\/osman-mula\/\" data-orig-file=\"https:\/\/i0.wp.com\/www.shqiperia.com\/blog\/wp-content\/uploads\/2020\/05\/Osman-Mula.jpg?fit=770%2C433&amp;ssl=1\" data-orig-size=\"770,433\" data-comments-opened=\"1\" data-image-meta=\"{&quot;aperture&quot;:&quot;0&quot;,&quot;credit&quot;:&quot;&quot;,&quot;camera&quot;:&quot;&quot;,&quot;caption&quot;:&quot;&quot;,&quot;created_timestamp&quot;:&quot;0&quot;,&quot;copyright&quot;:&quot;&quot;,&quot;focal_length&quot;:&quot;0&quot;,&quot;iso&quot;:&quot;0&quot;,&quot;shutter_speed&quot;:&quot;0&quot;,&quot;title&quot;:&quot;&quot;,&quot;orientation&quot;:&quot;0&quot;}\" data-image-title=\"Osman Mula\" data-image-description=\"\" data-image-caption=\"\" data-medium-file=\"https:\/\/i0.wp.com\/www.shqiperia.com\/blog\/wp-content\/uploads\/2020\/05\/Osman-Mula.jpg?fit=300%2C169&amp;ssl=1\" data-large-file=\"https:\/\/i0.wp.com\/www.shqiperia.com\/blog\/wp-content\/uploads\/2020\/05\/Osman-Mula.jpg?fit=770%2C433&amp;ssl=1\" class=\"alignnone  wp-image-34177\" alt=\"\" src=\"https:\/\/i0.wp.com\/www.shqiperia.com\/blog\/wp-content\/uploads\/2020\/05\/Osman-Mula.jpg?resize=541%2C305&#038;ssl=1\" width=\"541\" height=\"305\" srcset=\"https:\/\/i0.wp.com\/www.shqiperia.com\/blog\/wp-content\/uploads\/2020\/05\/Osman-Mula.jpg?resize=300%2C169&amp;ssl=1 300w, https:\/\/i0.wp.com\/www.shqiperia.com\/blog\/wp-content\/uploads\/2020\/05\/Osman-Mula.jpg?resize=768%2C432&amp;ssl=1 768w, https:\/\/i0.wp.com\/www.shqiperia.com\/blog\/wp-content\/uploads\/2020\/05\/Osman-Mula.jpg?resize=450%2C253&amp;ssl=1 450w, https:\/\/i0.wp.com\/www.shqiperia.com\/blog\/wp-content\/uploads\/2020\/05\/Osman-Mula.jpg?resize=600%2C337&amp;ssl=1 600w, https:\/\/i0.wp.com\/www.shqiperia.com\/blog\/wp-content\/uploads\/2020\/05\/Osman-Mula.jpg?resize=400%2C225&amp;ssl=1 400w, https:\/\/i0.wp.com\/www.shqiperia.com\/blog\/wp-content\/uploads\/2020\/05\/Osman-Mula.jpg?w=770&amp;ssl=1 770w\" sizes=\"auto, (max-width: 541px) 100vw, 541px\" \/><\/p>\n<p><strong>Osman Mula, Ilir Beqjes: &#8211; Ti mor milioner pa nj\u00eb dit\u00eb pune, q\u00eb t\u00eb hoq\u00ebn si vjedh\u00ebs pensionesh<\/strong><\/p>\n<p>&#8211; 02.05.20<\/p>\n<p>Regjisori e kompozitori i njohur Osman Mula i \u00ebsht\u00eb p\u00ebrgjigjur ashp\u00ebr, propozimit t\u00eb ish-ministrit socialist Ilir Beqja, q\u00eb k\u00ebrkoi ulje t\u00eb pensioneve suplementare n\u00eb kushtet e pandemis\u00eb dhe d\u00ebmtimit t\u00eb ekonomis\u00eb. Mulaj n\u00eb nj\u00eb postim t\u00eb gjat\u00eb n\u00eb \u201cInstagram\u201d i shkruan nd\u00ebr t\u00eb tjera Beqaj-t. \u201cSi mundet t\u00eb jesh ti deputet?! Dhe cil\u00ebn parti sociale p\u00ebrfaq\u00ebson ti?!<\/p>\n<p><strong><em>POSTIMI I OSMAN MUL\u00cbS<\/em><\/strong><\/p>\n<p>Ti\u2026 mor milioner pa nj\u00eb dit pune, q\u00eb si personazh i \u00c7ehovit, dhjamosesh n\u00eb \u00e7do stin\u00eb zgjedhjesh, dhe t\u00eb shkon dreqi i mendjes tek pika e dob\u00ebt e perit t\u00eb holl\u00eb, q\u00eb dhe pensioni m\u00eb i mir\u00eb nuk arrin as tek gjysma e muajit?! Dhe hedh k\u00ebt\u00eb turp n\u00eb Legjislacion.<\/p>\n<p>As ishe ti, kur n\u00eb Parlamentin e kaluar t\u2019u heq mandati i Deputetit, i akuzuar p\u00ebr vjedhje pensionesh?!<\/p>\n<p>\u201cSi mund t\u00eb jesh kaq fyes, i paedukate, n\u00eb nj\u00eb koh\u00eb kur njer\u00ebzit jan\u00eb t\u00eb futur n\u00eb sht\u00ebpi dhe media, bombardon mosh\u00ebn e tret\u00eb q\u00eb t\u00eb ruhet nga virusi, n\u00eb nj\u00eb koh\u00eb depresioni social, ti, del dhe propozon shkurtim t\u00eb pensioneve. Si mundet t\u00eb jesh ti deputet?! Dhe cil\u00ebn parti sociale p\u00ebrfaq\u00ebson ti?!<\/p>\n<p>Ti\u2026 mor milioner pa nj\u00eb dit\u00eb pune, q\u00eb si personazh i \u00c7ehovit, dhjamosesh n\u00eb \u00e7do stin\u00eb zgjedhjesh, dhe t\u00eb shkon dreqi i mendjes tek pika e dob\u00ebt e perit t\u00eb holl\u00eb, q\u00eb dhe pensioni m\u00eb i mir\u00eb nuk arrin as tek gjysma e muajit?!<\/p>\n<p>Dhe hedh k\u00ebt\u00eb turp n\u00eb legjislacion. A s\u2019ishe ti, kur n\u00eb Parlamentin e kaluar t\u2019u heq mandati i Deputetit, i akuzuar p\u00ebr vjedhje pensionesh?! Po si mund t\u00eb jesh ish\u2013minist\u00ebr i Sh\u00ebndet\u00ebsis\u00eb, i nj\u00eb dikasteri human, kur vet\u00eb je i pashpirt?!<\/p>\n<p>Kush ta jep ty t\u00eb drejt\u00ebn t\u00eb luash me buk\u00ebn e goj\u00ebs, me nj\u00eb plejad\u00eb njer\u00ebzish, q\u00eb \u00e7do lek e kan\u00eb fituar me djers\u00eb?! Si mundesh ti, t\u00eb jesh djali i nj\u00eb akademiku, me gjak shkodrani, kur nuk manifeston humanizmin m\u00eb minimal q\u00eb duhet t\u00eb t\u00eb kishte buruar dhe nga origjina?! Kujtoje pak sa e kishte pensionin yt at? Pra nga ato milionat e tua, s\u2019mund t\u2019i b\u00ebsh nder shtetit? Pse s\u2019i b\u00ebre thirrje deputet\u00ebve t\u00eb sojit t\u00ebnd n\u00eb Parlament: \u2026 nga shum\u00eb sht\u00ebpia q\u00eb kemi, nga 1 t\u2019ia falim k\u00ebtij populli! A e di ti se nj\u00eb artist q\u00eb ka shkruar 40 muzik\u00eb filmash u nda kjo jet\u00eb me 100 mij\u00eb lek\u00eb t\u00eb vjetra pension?! Tani m\u00eb thuaj, \u00e7far\u00eb do t\u2019i kishe marr\u00eb m\u00eb tep\u00ebr k\u00ebtij pensioni?! Nuk po t\u00eb jap m\u00eb shembuj, se do t\u00eb t\u00eb vinte turp.<\/p>\n<p>Nuk m\u00eb lodh, as nuk m\u00eb frik\u00ebson COVID-19, sepse se si erdhi, do iki bashk\u00eb me ajrin, por m\u00eb frik\u00ebson diabolizmi i politik\u00ebs s\u00eb dhjamur, q\u00eb nuk i l\u00ebviz asnj\u00eb nerv i damarit shqiptar. Asnj\u00eb lloj besimi fetar nuk thot\u00eb q\u00eb ta nd\u00ebrtosh lumturin\u00eb mbi fukarall\u00ebkun e t\u00eb tjer\u00ebve.<\/p>\n<p>Se dhe nj\u00eb shprehje e popullit thot\u00eb: Si i more do t\u00eb t\u00eb ikin\u201d.<\/p>\n<p>Gazeta Shqiptare<\/p>\n","protected":false},"excerpt":{"rendered":"<p>Osman Mula, Ilir Beqjes: &#8211; Ti mor milioner pa nj\u00eb dit\u00eb pune, q\u00eb t\u00eb hoq\u00ebn si vjedh\u00ebs pensionesh &#8211; 02.05.20 Regjisori e kompozitori i njohur Osman Mula i \u00ebsht\u00eb p\u00ebrgjigjur ashp\u00ebr, propozimit t\u00eb ish-ministrit socialist Ilir Beqja, q\u00eb k\u00ebrkoi ulje t\u00eb pensioneve suplementare n\u00eb kushtet e pandemis\u00eb dhe d\u00ebmtimit t\u00eb ekonomis\u00eb. Mulaj n\u00eb nj\u00eb postim [&hellip;]<\/p>\n","protected":false},"author":9,"featured_media":34177,"comment_status":"open","ping_status":"open","sticky":false,"template":"","format":"standard","meta":{"jetpack_post_was_ever_published":false,"_jetpack_newsletter_access":"","_jetpack_dont_email_post_to_subs":false,"_jetpack_newsletter_tier_id":0,"_jetpack_memberships_contains_paywalled_content":false,"_jetpack_memberships_contains_paid_content":false,"footnotes":"","jetpack_publicize_message":"","jetpack_publicize_feature_enabled":true,"jetpack_social_post_already_shared":true,"jetpack_social_options":{"image_generator_settings":{"template":"highway","default_image_id":0,"font":"","enabled":false},"version":2}},"categories":[27,10,35],"tags":[],"class_list":["post-34176","post","type-post","status-publish","format-standard","has-post-thumbnail","hentry","category-blogu-i-udhetarit","category-kultura","category-shoqerore"],"jetpack_publicize_connections":[],"jetpack_featured_media_url":"https:\/\/i0.wp.com\/www.shqiperia.com\/blog\/wp-content\/uploads\/2020\/05\/Osman-Mula.jpg?fit=770%2C433&ssl=1","jetpack_sharing_enabled":true,"jetpack_shortlink":"https:\/\/wp.me\/p5Z6wp-8Te","jetpack-related-posts":[{"id":58521,"url":"https:\/\/www.shqiperia.com\/blog\/osman-mula-populli-eshte-me-nje-dore-ne-valixhe-ne-rinas-per-te-ikur\/","url_meta":{"origin":34176,"position":0},"title":"Osman Mula: &#8211; Populli \u00ebsht\u00eb me nj\u00eb dor\u00eb n\u00eb valixhe n\u00eb Rinas p\u00ebr t\u00eb ikur.","author":"Kurt Farka","date":"June 3, 2022","format":false,"excerpt":"3 QERSHOR 2022 Paloka ndryshon proceduren, Osman Mula merr \"me force\" fjalen ne mbledhjen e Kryesise se PD-se: - Si mund te shese P*rdhe Ai kur Shqiperia del si vend i korruptuar. Kompozitori Osman Mula ka marr\u00eb sot \u201cme forc\u00eb\u201d fjal\u00ebn n\u00eb takimin e Kryesis\u00eb s\u00eb Partis\u00eb Demokratike. Ai b\u00ebri\u2026","rel":"","context":"In &quot;Blogu i Udh\u00ebtarit&quot;","block_context":{"text":"Blogu i Udh\u00ebtarit","link":"https:\/\/www.shqiperia.com\/blog\/category\/blogu-i-udhetarit\/"},"img":{"alt_text":"","src":"https:\/\/i0.wp.com\/www.shqiperia.com\/blog\/wp-content\/uploads\/2022\/06\/Osman-Mula.jpg?fit=800%2C424&ssl=1&resize=350%2C200","width":350,"height":200,"srcset":"https:\/\/i0.wp.com\/www.shqiperia.com\/blog\/wp-content\/uploads\/2022\/06\/Osman-Mula.jpg?fit=800%2C424&ssl=1&resize=350%2C200 1x, https:\/\/i0.wp.com\/www.shqiperia.com\/blog\/wp-content\/uploads\/2022\/06\/Osman-Mula.jpg?fit=800%2C424&ssl=1&resize=525%2C300 1.5x, https:\/\/i0.wp.com\/www.shqiperia.com\/blog\/wp-content\/uploads\/2022\/06\/Osman-Mula.jpg?fit=800%2C424&ssl=1&resize=700%2C400 2x"},"classes":[]},{"id":11131,"url":"https:\/\/www.shqiperia.com\/blog\/shtepia-e-rrenuar-e-osman-takes-luftetarit-shqiptar-qe-mahniti-armiqte\/","url_meta":{"origin":34176,"position":1},"title":"Sht\u00ebpia e rr\u00ebnuar e Osman Tak\u00ebs, luft\u00ebtarit shqiptar q\u00eb mahniti armiqt\u00eb. &#8211;","author":"Kurt Farka","date":"August 31, 2018","format":false,"excerpt":"Sht\u00ebpia e rr\u00ebnuar e Osman Tak\u00ebs, luft\u00ebtarit shqiptar q\u00eb mahniti armiqt\u00eb. - nga Eno Shk\u00ebmbi Nj\u00eb histori nga Epiri, n\u00eb kufi t\u00eb Shqip\u00ebris\u00eb dhe Greqis\u00eb, me p\u00ebrmasat e nj\u00eb legjende: ajo e Osman Tak\u00ebs, luft\u00ebtarit q\u00eb shp\u00ebtoi nga d\u00ebnimi me vdekje duke i b\u00ebr\u00eb p\u00ebr vete armiqt\u00eb me k\u00ebrcimin e\u2026","rel":"","context":"In &quot;Histori&quot;","block_context":{"text":"Histori","link":"https:\/\/www.shqiperia.com\/blog\/category\/histori\/"},"img":{"alt_text":"","src":"https:\/\/i0.wp.com\/www.shqiperia.com\/blog\/wp-content\/uploads\/2018\/08\/Banesa-e-Osman-Takes.jpg?fit=1072%2C712&ssl=1&resize=350%2C200","width":350,"height":200,"srcset":"https:\/\/i0.wp.com\/www.shqiperia.com\/blog\/wp-content\/uploads\/2018\/08\/Banesa-e-Osman-Takes.jpg?fit=1072%2C712&ssl=1&resize=350%2C200 1x, https:\/\/i0.wp.com\/www.shqiperia.com\/blog\/wp-content\/uploads\/2018\/08\/Banesa-e-Osman-Takes.jpg?fit=1072%2C712&ssl=1&resize=525%2C300 1.5x, https:\/\/i0.wp.com\/www.shqiperia.com\/blog\/wp-content\/uploads\/2018\/08\/Banesa-e-Osman-Takes.jpg?fit=1072%2C712&ssl=1&resize=700%2C400 2x, https:\/\/i0.wp.com\/www.shqiperia.com\/blog\/wp-content\/uploads\/2018\/08\/Banesa-e-Osman-Takes.jpg?fit=1072%2C712&ssl=1&resize=1050%2C600 3x"},"classes":[]},{"id":78956,"url":"https:\/\/www.shqiperia.com\/blog\/agron-gjekmarkaj-ftoj-bashen-te-kthehet-tek-partia-qe-e-ka-rritur-politikisht\/","url_meta":{"origin":34176,"position":2},"title":"Agron Gjekmarkaj: &#8211; Ftoj Bash\u00ebn t\u00eb kthehet tek partia q\u00eb e ka rritur politikisht","author":"Kurt Farka","date":"March 6, 2024","format":false,"excerpt":"6 Mars 2024 N\u00ebnkryetari i PD s\u00eb Rithemelimit, Agron Gjekmarkaj i ka b\u00ebr\u00eb ftes\u00eb Lulzim Bash\u00ebs q\u00eb t\u00eb bashkohet me partin\u00eb q\u00eb e ka rritur politikisht. N\u00eb nj\u00eb intervist\u00eb p\u00ebr gazetarin e News24, Osman Stafa, Gjekmarkaj u shpreh se Basha nuk duhet t\u00eb keqp\u00ebrdoret p\u00ebr diversionin qeveritar. \u201cNe jemi bashkuar\u2026","rel":"","context":"In &quot;Blogu i Udh\u00ebtarit&quot;","block_context":{"text":"Blogu i Udh\u00ebtarit","link":"https:\/\/www.shqiperia.com\/blog\/category\/blogu-i-udhetarit\/"},"img":{"alt_text":"","src":"https:\/\/i0.wp.com\/www.shqiperia.com\/blog\/wp-content\/uploads\/2024\/03\/agron-gjekmarkaj.jpg?fit=1037%2C649&ssl=1&resize=350%2C200","width":350,"height":200,"srcset":"https:\/\/i0.wp.com\/www.shqiperia.com\/blog\/wp-content\/uploads\/2024\/03\/agron-gjekmarkaj.jpg?fit=1037%2C649&ssl=1&resize=350%2C200 1x, https:\/\/i0.wp.com\/www.shqiperia.com\/blog\/wp-content\/uploads\/2024\/03\/agron-gjekmarkaj.jpg?fit=1037%2C649&ssl=1&resize=525%2C300 1.5x, https:\/\/i0.wp.com\/www.shqiperia.com\/blog\/wp-content\/uploads\/2024\/03\/agron-gjekmarkaj.jpg?fit=1037%2C649&ssl=1&resize=700%2C400 2x"},"classes":[]},{"id":71076,"url":"https:\/\/www.shqiperia.com\/blog\/kreu-i-pl-me-tone-te-ashpra-ndaj-rames-futeshe-poshte-tavolines-kur-shkoje-ne-spital-thoshe-me-zuri-migrena\/","url_meta":{"origin":34176,"position":3},"title":"Kreu i PL me tone t\u00eb ashpra ndaj Ram\u00ebs: &#8211; Futeshe posht\u00eb tavolin\u00ebs kur\u2026! &#8211; Shkoje n\u00eb spital, thoshe me zuri migrena","author":"Kurt Farka","date":"May 3, 2023","format":false,"excerpt":"3 Maji 2023 \u201cParkun Rinia e mbrojti Ilir Meta, ti do ta kishe mbytur me kulla\u201d \u00a0 \u00a0 Kryetari i Partis\u00eb s\u00eb Liris\u00eb, Ilir Meta gjat\u00eb nj\u00eb takimi me shtabin elektoral t\u00eb Tiran\u00ebs ka folur me tone t\u00eb ashpra ndaj kryeministrit Edi Rama. Teksa b\u00ebri thirrje p\u00ebr intensifikimi t\u00eb aksionit\u2026","rel":"","context":"In &quot;Blogu i Udh\u00ebtarit&quot;","block_context":{"text":"Blogu i Udh\u00ebtarit","link":"https:\/\/www.shqiperia.com\/blog\/category\/blogu-i-udhetarit\/"},"img":{"alt_text":"","src":"https:\/\/i0.wp.com\/www.shqiperia.com\/blog\/wp-content\/uploads\/2023\/05\/Capture461.jpg?fit=1200%2C671&ssl=1&resize=350%2C200","width":350,"height":200,"srcset":"https:\/\/i0.wp.com\/www.shqiperia.com\/blog\/wp-content\/uploads\/2023\/05\/Capture461.jpg?fit=1200%2C671&ssl=1&resize=350%2C200 1x, https:\/\/i0.wp.com\/www.shqiperia.com\/blog\/wp-content\/uploads\/2023\/05\/Capture461.jpg?fit=1200%2C671&ssl=1&resize=525%2C300 1.5x, https:\/\/i0.wp.com\/www.shqiperia.com\/blog\/wp-content\/uploads\/2023\/05\/Capture461.jpg?fit=1200%2C671&ssl=1&resize=700%2C400 2x, https:\/\/i0.wp.com\/www.shqiperia.com\/blog\/wp-content\/uploads\/2023\/05\/Capture461.jpg?fit=1200%2C671&ssl=1&resize=1050%2C600 3x"},"classes":[]},{"id":25852,"url":"https:\/\/www.shqiperia.com\/blog\/ilir-meta-jap-doreheqjen-nese-venecia\/","url_meta":{"origin":34176,"position":4},"title":"Ilir Meta: &#8211; Jap dor\u00ebheqjen, n\u00ebse \u201cVenecia\u201d \u2026","author":"Kurt Farka","date":"September 13, 2019","format":false,"excerpt":"Ilir Meta: - Jap dor\u00ebheqjen, n\u00ebse \u201cVenecia\u201d \u2026 13 Shtator, 2019 Presidenti i Republik\u00ebs, Ilir Meta, ka b\u00ebr\u00eb nj\u00eb deklarat\u00eb t\u00eb fort\u00eb, teksa ka folur p\u00ebr Komisionin Hetimor Parlamentar t\u00eb ngritur nga mazhoranca p\u00ebr t\u00eb hetuar vlefshm\u00ebrin\u00eb e dekreteve t\u00eb tij p\u00ebr t\u00eb rr\u00ebzuar 30 qershorin si dat\u00eb zgjedhjes vendore.\u2026","rel":"","context":"In &quot;Blogu i Udh\u00ebtarit&quot;","block_context":{"text":"Blogu i Udh\u00ebtarit","link":"https:\/\/www.shqiperia.com\/blog\/category\/blogu-i-udhetarit\/"},"img":{"alt_text":"","src":"https:\/\/i0.wp.com\/www.shqiperia.com\/blog\/wp-content\/uploads\/2019\/09\/Ilir-Mata.jpg?fit=850%2C482&ssl=1&resize=350%2C200","width":350,"height":200,"srcset":"https:\/\/i0.wp.com\/www.shqiperia.com\/blog\/wp-content\/uploads\/2019\/09\/Ilir-Mata.jpg?fit=850%2C482&ssl=1&resize=350%2C200 1x, https:\/\/i0.wp.com\/www.shqiperia.com\/blog\/wp-content\/uploads\/2019\/09\/Ilir-Mata.jpg?fit=850%2C482&ssl=1&resize=525%2C300 1.5x, https:\/\/i0.wp.com\/www.shqiperia.com\/blog\/wp-content\/uploads\/2019\/09\/Ilir-Mata.jpg?fit=850%2C482&ssl=1&resize=700%2C400 2x"},"classes":[]},{"id":43573,"url":"https:\/\/www.shqiperia.com\/blog\/vrasja-e-intelektualeve-ne-nje-qytet-ku-dominojne-bandat-e-corapkuqit-milioner-te-librazhdit-intelektualet-skane-rruge-tjeter-ose-te-ikin-ose-te-hidhen-nga-pallatet\/","url_meta":{"origin":34176,"position":5},"title":"Vrasja e intelektual\u00ebve. &#8211; N\u00eb nj\u00eb qytet ku dominojn\u00eb bandat e corapkuqit milioner t\u00eb Librazhdit intelektual\u00ebt skan\u00eb rrug\u00eb tjet\u00ebr, ose t\u00eb ikin ose t\u00eb hidhen nga pallatet.","author":"Kurt Farka","date":"January 31, 2021","format":false,"excerpt":"Vrasja e intelektual\u00ebve. 30 Janar 2021 Nga\u00a0Ermir Gjinishi \u2026\u201d Terrori shtet\u00ebror i mpleksur me bot\u00ebn e err\u00ebt t\u00eb krimit po merr form\u00ebn e terrorizmit politik dhe shtet\u00ebror\u201d. Eksodi shqiptar ngjason me shp\u00ebrnguljen dhe d\u00ebbimin e popullatave n\u00eb vende lufte. P\u00ebr tre dekada 40% e shqiptar\u00ebve kan\u00eb ikur jasht\u00eb. Numri i\u2026","rel":"","context":"In &quot;Blogu i Udh\u00ebtarit&quot;","block_context":{"text":"Blogu i Udh\u00ebtarit","link":"https:\/\/www.shqiperia.com\/blog\/category\/blogu-i-udhetarit\/"},"img":{"alt_text":"","src":"https:\/\/i0.wp.com\/www.shqiperia.com\/blog\/wp-content\/uploads\/2021\/01\/ermir-gjinishi-edi-rama.png?fit=640%2C332&ssl=1&resize=350%2C200","width":350,"height":200,"srcset":"https:\/\/i0.wp.com\/www.shqiperia.com\/blog\/wp-content\/uploads\/2021\/01\/ermir-gjinishi-edi-rama.png?fit=640%2C332&ssl=1&resize=350%2C200 1x, https:\/\/i0.wp.com\/www.shqiperia.com\/blog\/wp-content\/uploads\/2021\/01\/ermir-gjinishi-edi-rama.png?fit=640%2C332&ssl=1&resize=525%2C300 1.5x"},"classes":[]}],"_links":{"self":[{"href":"https:\/\/www.shqiperia.com\/blog\/wp-json\/wp\/v2\/posts\/34176","targetHints":{"allow":["GET"]}}],"collection":[{"href":"https:\/\/www.shqiperia.com\/blog\/wp-json\/wp\/v2\/posts"}],"about":[{"href":"https:\/\/www.shqiperia.com\/blog\/wp-json\/wp\/v2\/types\/post"}],"author":[{"embeddable":true,"href":"https:\/\/www.shqiperia.com\/blog\/wp-json\/wp\/v2\/users\/9"}],"replies":[{"embeddable":true,"href":"https:\/\/www.shqiperia.com\/blog\/wp-json\/wp\/v2\/comments?post=34176"}],"version-history":[{"count":1,"href":"https:\/\/www.shqiperia.com\/blog\/wp-json\/wp\/v2\/posts\/34176\/revisions"}],"predecessor-version":[{"id":34178,"href":"https:\/\/www.shqiperia.com\/blog\/wp-json\/wp\/v2\/posts\/34176\/revisions\/34178"}],"wp:featuredmedia":[{"embeddable":true,"href":"https:\/\/www.shqiperia.com\/blog\/wp-json\/wp\/v2\/media\/34177"}],"wp:attachment":[{"href":"https:\/\/www.shqiperia.com\/blog\/wp-json\/wp\/v2\/media?parent=34176"}],"wp:term":[{"taxonomy":"category","embeddable":true,"href":"https:\/\/www.shqiperia.com\/blog\/wp-json\/wp\/v2\/categories?post=34176"},{"taxonomy":"post_tag","embeddable":true,"href":"https:\/\/www.shqiperia.com\/blog\/wp-json\/wp\/v2\/tags?post=34176"}],"curies":[{"name":"wp","href":"https:\/\/api.w.org\/{rel}","templated":true}]}}