{"id":34173,"date":"2020-05-02T22:47:35","date_gmt":"2020-05-02T22:47:35","guid":{"rendered":"https:\/\/www.shqiperia.com\/blog\/?p=34173"},"modified":"2020-05-02T22:47:35","modified_gmt":"2020-05-02T22:47:35","slug":"pusht-tetaret-duargjate-e-te-pangopur-mjeku-kalo-po-ku-ishe-ti-adam","status":"publish","type":"post","link":"https:\/\/www.shqiperia.com\/blog\/pusht-tetaret-duargjate-e-te-pangopur-mjeku-kalo-po-ku-ishe-ti-adam\/","title":{"rendered":"\u201cPusht-tetar\u00ebt duargjat\u00eb e t\u00eb pangopur\u201d, mjeku Kalo: Po ku ishe ti Adam\u2026"},"content":{"rendered":"<p><img data-recalc-dims=\"1\" loading=\"lazy\" decoding=\"async\" data-attachment-id=\"34174\" data-permalink=\"https:\/\/www.shqiperia.com\/blog\/pusht-tetaret-duargjate-e-te-pangopur-mjeku-kalo-po-ku-ishe-ti-adam\/tritan-kalo-5\/\" data-orig-file=\"https:\/\/i0.wp.com\/www.shqiperia.com\/blog\/wp-content\/uploads\/2020\/05\/tritan-kalo.jpg?fit=800%2C433&amp;ssl=1\" data-orig-size=\"800,433\" data-comments-opened=\"1\" data-image-meta=\"{&quot;aperture&quot;:&quot;0&quot;,&quot;credit&quot;:&quot;&quot;,&quot;camera&quot;:&quot;&quot;,&quot;caption&quot;:&quot;&quot;,&quot;created_timestamp&quot;:&quot;0&quot;,&quot;copyright&quot;:&quot;&quot;,&quot;focal_length&quot;:&quot;0&quot;,&quot;iso&quot;:&quot;0&quot;,&quot;shutter_speed&quot;:&quot;0&quot;,&quot;title&quot;:&quot;&quot;,&quot;orientation&quot;:&quot;0&quot;}\" data-image-title=\"tritan kalo\" data-image-description=\"\" data-image-caption=\"\" data-medium-file=\"https:\/\/i0.wp.com\/www.shqiperia.com\/blog\/wp-content\/uploads\/2020\/05\/tritan-kalo.jpg?fit=300%2C162&amp;ssl=1\" data-large-file=\"https:\/\/i0.wp.com\/www.shqiperia.com\/blog\/wp-content\/uploads\/2020\/05\/tritan-kalo.jpg?fit=800%2C433&amp;ssl=1\" class=\"alignnone  wp-image-34174\" alt=\"\" src=\"https:\/\/i0.wp.com\/www.shqiperia.com\/blog\/wp-content\/uploads\/2020\/05\/tritan-kalo.jpg?resize=494%2C267&#038;ssl=1\" width=\"494\" height=\"267\" srcset=\"https:\/\/i0.wp.com\/www.shqiperia.com\/blog\/wp-content\/uploads\/2020\/05\/tritan-kalo.jpg?resize=300%2C162&amp;ssl=1 300w, https:\/\/i0.wp.com\/www.shqiperia.com\/blog\/wp-content\/uploads\/2020\/05\/tritan-kalo.jpg?resize=768%2C416&amp;ssl=1 768w, https:\/\/i0.wp.com\/www.shqiperia.com\/blog\/wp-content\/uploads\/2020\/05\/tritan-kalo.jpg?resize=450%2C244&amp;ssl=1 450w, https:\/\/i0.wp.com\/www.shqiperia.com\/blog\/wp-content\/uploads\/2020\/05\/tritan-kalo.jpg?resize=600%2C325&amp;ssl=1 600w, https:\/\/i0.wp.com\/www.shqiperia.com\/blog\/wp-content\/uploads\/2020\/05\/tritan-kalo.jpg?resize=400%2C217&amp;ssl=1 400w, https:\/\/i0.wp.com\/www.shqiperia.com\/blog\/wp-content\/uploads\/2020\/05\/tritan-kalo.jpg?w=800&amp;ssl=1 800w\" sizes=\"auto, (max-width: 494px) 100vw, 494px\" \/><\/p>\n<p><strong>\u201cPusht-tetar\u00ebt duargjat\u00eb e t\u00eb pangopur\u201d, mjeku Kalo: Po ku ishe ti Adam\u2026<\/strong><\/p>\n<p>Mjeku i njohur Tritan Kalo n\u00eb nj\u00eb postim t\u00eb tijin shprehet se nuk preferon t\u00eb njihet n\u00eb memorien historike si Adami,\u00a0 t\u00eb personazhit n\u00eb kryevepr\u00ebn e kryevepr\u00ebn e Nobelistit Gjerman Hajnrih Bellit.<\/p>\n<p>\u201d Kontributi i gjithkujt sado i vog\u00ebl qoft\u00eb ai \u00ebsht\u00eb mjaft i dobish\u00ebm. Shpresoj se gjithkush mundet t\u00eb kujtoj\u00eb kryevepr\u00ebn e Nobelistit Gjerman Hajnrih Bellit:\u201dPo ku ishe ti Adam\u201d, ndaj edhe un\u00eb nuk dua t\u00eb kujtohem si \u201cnj\u00eb Adam\u201d pas disa muajsh, n\u00eb periudh\u00ebn POST-COVIDIANE e t\u00eb mos jap\u00eb kontributin tim n\u00eb k\u00ebt\u00eb sfid\u00eb ndaj k\u00ebsaj \u201cflame mbar\u00ebbot\u00ebrore\u201d. Bashk\u00ebkombasit e mi, vijoni t\u00eb b\u00ebni shum\u00eb kujdes p\u00ebr t\u00eb mbrojtur veten dhe t\u00eb af\u00ebrmit tuaj nga infeksioni Sars-Cov2\/Covid-19\u2033, shprehet Kalo n\u00eb nj\u00eb postim n\u00eb Facebook.<\/p>\n<p><strong>Postimi i plot\u00eb<\/strong><\/p>\n<p>Duke qen\u00eb n\u00eb vij\u00ebn e par\u00eb t\u00eb sfid\u00ebs ndaj Covid-19, duhet ta dij\u00eb gjithkush se si profesionist dhe qenie sociale e nd\u00ebrgjegj\u00ebsuar, si nj\u00eb mantel bardh\u00eb i panjollt\u00eb, un\u00eb e gjej edhe koh\u00ebn t\u00eb mendoj e t\u00eb shprehem p\u00ebr ata\/ato, q\u00eb vuajn\u00eb nga keqp\u00ebrdorimi 30 vje\u00e7ar i pusht-shtetit nga pusht-shtetar\u00ebt duar-gjat\u00eb e t\u00eb pangopur.<\/p>\n<p>N\u00eb \u201cPROVOKACIJA\u201d m\u00eb 1 Maj 2020, me moderatorin e njohur Mustafa Nano. Publiku n\u00eb k\u00ebto Koh\u00eb Covidiane e ka t\u00eb domosdoshme t\u00eb informohet e t\u00eb mos \u201cprovokohet\u201d nga gjithfar\u00eb diskutimesh e debatesh n\u00eb TV, shtypin e shkruar apo n\u00eb rrjetet sociale, t\u00eb cilat jan\u00eb shpesh jo t\u00eb mir\u00eb-mb\u00ebshtetura mbi shum\u00eb fakte.<\/p>\n<p>Hedhja n\u00eb tregun informativ t\u00eb shum\u00eb e shum\u00eb hipotezave, ende t\u00eb pa mb\u00ebshtetura mbi fakte t\u00eb qen\u00ebsishme: 1- Epidemiologjike, 2- Virologjike, 3- Imunologjike, 4- Klinike dhe 5- Imazherike, mundet t\u00eb mos ndihmojn\u00eb n\u00eb nxjerrjen e t\u00eb v\u00ebrtet\u00ebs s\u00eb Fillim \u2013 Evolucionit t\u00eb Pandemis\u00eb Sars-Cov2\/Covid-19, jo vet\u00ebm n\u00eb Shqip\u00ebri por edhe gjetk\u00eb.<\/p>\n<p>Koha dhe analizimi i \u00e7do hapi t\u00eb hedhur n\u00eb k\u00ebt\u00eb udh\u00eb t\u00eb v\u00ebshtir\u00eb p\u00ebr t\u00eb gjith\u00eb ne, do na b\u00ebj\u00eb t\u00eb nxjerrim jo pak m\u00ebsime t\u00eb vlefshme p\u00ebr sfida t\u00eb ngjashme n\u00eb t\u00eb ardhmen..<\/p>\n<p>Kontributi i gjithkujt sado i vog\u00ebl qoft\u00eb ai \u00ebsht\u00eb mjaft i dobish\u00ebm. Shpresoj se gjithkush mundet t\u00eb kujtoj\u00eb kryevepr\u00ebn e Nobelistit Gjerman Hajnrih Bellit:\u201dPo ku ishe ti Adam\u201d, ndaj edhe un\u00eb nuk dua t\u00eb kujtohem si \u201cnj\u00eb Adam\u201d pas disa muajsh, n\u00eb periudh\u00ebn POST-COVIDIANE e t\u00eb mos jap\u00eb kontributin tim n\u00eb k\u00ebt\u00eb sfid\u00eb ndaj k\u00ebsaj \u201cflame mbar\u00ebbot\u00ebrore\u201d. Bashk\u00ebkombasit e mi, vijoni t\u00eb b\u00ebni shum\u00eb kujdes p\u00ebr t\u00eb mbrojtur veten dhe t\u00eb af\u00ebrmit tuaj nga infeksioni Sars-Cov2\/Covid-19.<\/p>\n<p>Ka sot m\u00eb shum\u00eb se dje edhe drit\u00eb jeshile n\u00eb fund t\u00eb tunelit. Ne s\u00eb bashku do ia dalim me sukses n\u00eb k\u00ebt\u00eb SFID\u00cb q\u00eb bart emrin Covid-19!!!<\/p>\n<p><strong>\u00a9Copyright Gazeta SHQIP<\/strong><\/p>\n","protected":false},"excerpt":{"rendered":"<p>\u201cPusht-tetar\u00ebt duargjat\u00eb e t\u00eb pangopur\u201d, mjeku Kalo: Po ku ishe ti Adam\u2026 Mjeku i njohur Tritan Kalo n\u00eb nj\u00eb postim t\u00eb tijin shprehet se nuk preferon t\u00eb njihet n\u00eb memorien historike si Adami,\u00a0 t\u00eb personazhit n\u00eb kryevepr\u00ebn e kryevepr\u00ebn e Nobelistit Gjerman Hajnrih Bellit. \u201d Kontributi i gjithkujt sado i vog\u00ebl qoft\u00eb ai \u00ebsht\u00eb mjaft [&hellip;]<\/p>\n","protected":false},"author":9,"featured_media":34174,"comment_status":"open","ping_status":"open","sticky":false,"template":"","format":"standard","meta":{"jetpack_post_was_ever_published":false,"_jetpack_newsletter_access":"","_jetpack_dont_email_post_to_subs":false,"_jetpack_newsletter_tier_id":0,"_jetpack_memberships_contains_paywalled_content":false,"_jetpack_memberships_contains_paid_content":false,"footnotes":"","jetpack_publicize_message":"","jetpack_publicize_feature_enabled":true,"jetpack_social_post_already_shared":true,"jetpack_social_options":{"image_generator_settings":{"template":"highway","default_image_id":0,"font":"","enabled":false},"version":2}},"categories":[27,10,35],"tags":[],"class_list":["post-34173","post","type-post","status-publish","format-standard","has-post-thumbnail","hentry","category-blogu-i-udhetarit","category-kultura","category-shoqerore"],"jetpack_publicize_connections":[],"jetpack_featured_media_url":"https:\/\/i0.wp.com\/www.shqiperia.com\/blog\/wp-content\/uploads\/2020\/05\/tritan-kalo.jpg?fit=800%2C433&ssl=1","jetpack_sharing_enabled":true,"jetpack_shortlink":"https:\/\/wp.me\/p5Z6wp-8Tb","jetpack-related-posts":[{"id":35445,"url":"https:\/\/www.shqiperia.com\/blog\/na-drejtojne-te-paditurit-mjeku-kalo-shperthen-ndaj-politikaneve-demokracia-u-vra-ne-90-nuk-ka-asnje-te-re\/","url_meta":{"origin":34173,"position":0},"title":"\u201cNa drejtojn\u00eb t\u00eb paditurit\u201d, mjeku Kalo \u201cshp\u00ebrthen\u201d ndaj politikan\u00ebve: Demokracia u vra n\u00eb \u201990, nuk ka asnj\u00eb t\u00eb re","author":"Kurt Farka","date":"June 5, 2020","format":false,"excerpt":"\u201cNa drejtojn\u00eb t\u00eb paditurit\u201d, mjeku Kalo \u201cshp\u00ebrthen\u201d ndaj politikan\u00ebve: Demokracia u vra n\u00eb \u201990, nuk ka asnj\u00eb t\u00eb re 3 qershor 2020 Mjeku i njohur, Tritan Kalo ka dh\u00ebn\u00eb s\u00eb fundmi nj\u00eb mesazh p\u00ebr politik\u00ebn, nd\u00ebrkoh\u00eb q\u00eb pal\u00ebt po diskutojn\u00eb p\u00ebr t\u00eb arritur nj\u00eb konsensus p\u00ebr Reform\u00ebn Zgjedhore. N\u00ebp\u00ebrmjet nj\u00eb\u2026","rel":"","context":"In &quot;Blogu i Udh\u00ebtarit&quot;","block_context":{"text":"Blogu i Udh\u00ebtarit","link":"https:\/\/www.shqiperia.com\/blog\/category\/blogu-i-udhetarit\/"},"img":{"alt_text":"","src":"https:\/\/i0.wp.com\/www.shqiperia.com\/blog\/wp-content\/uploads\/2020\/06\/tritan-kalo-905x450-1.png?fit=905%2C450&ssl=1&resize=350%2C200","width":350,"height":200,"srcset":"https:\/\/i0.wp.com\/www.shqiperia.com\/blog\/wp-content\/uploads\/2020\/06\/tritan-kalo-905x450-1.png?fit=905%2C450&ssl=1&resize=350%2C200 1x, https:\/\/i0.wp.com\/www.shqiperia.com\/blog\/wp-content\/uploads\/2020\/06\/tritan-kalo-905x450-1.png?fit=905%2C450&ssl=1&resize=525%2C300 1.5x, https:\/\/i0.wp.com\/www.shqiperia.com\/blog\/wp-content\/uploads\/2020\/06\/tritan-kalo-905x450-1.png?fit=905%2C450&ssl=1&resize=700%2C400 2x"},"classes":[]},{"id":34075,"url":"https:\/\/www.shqiperia.com\/blog\/mjeku-kalo-fitimet-ppp-e-kck-do-ti-ndani-me-ne-popull-lopen\/","url_meta":{"origin":34173,"position":1},"title":"Mjeku Kalo: Fitimet PPP e K\u00c7K do t\u2019i ndani me ne popull-lop\u00ebn?","author":"Kurt Farka","date":"April 30, 2020","format":false,"excerpt":"Mjeku Kalo: Fitimet PPP e K\u00c7K do t\u2019i ndani me ne popull-lop\u00ebn? 27 prill 2020 Mjeku i njohur infeksionist, Tritan Kalo, m\u00ebngjesin e sot\u00ebm ka b\u00ebr\u00eb nj\u00eb postim n\u00eb \u201cFacebook\u201d, ku u drejtohet politikan\u00ebve, n\u00ebse fitimet e tyre n\u00eb k\u00ebto 30 vite do t\u2019i ndajn\u00eb me ne t\u00eb tjer\u00ebt. Statusi\u2026","rel":"","context":"In &quot;Blogu i Udh\u00ebtarit&quot;","block_context":{"text":"Blogu i Udh\u00ebtarit","link":"https:\/\/www.shqiperia.com\/blog\/category\/blogu-i-udhetarit\/"},"img":{"alt_text":"","src":"https:\/\/i0.wp.com\/www.shqiperia.com\/blog\/wp-content\/uploads\/2020\/04\/tritan-kalo-.png?fit=851%2C450&ssl=1&resize=350%2C200","width":350,"height":200,"srcset":"https:\/\/i0.wp.com\/www.shqiperia.com\/blog\/wp-content\/uploads\/2020\/04\/tritan-kalo-.png?fit=851%2C450&ssl=1&resize=350%2C200 1x, https:\/\/i0.wp.com\/www.shqiperia.com\/blog\/wp-content\/uploads\/2020\/04\/tritan-kalo-.png?fit=851%2C450&ssl=1&resize=525%2C300 1.5x, https:\/\/i0.wp.com\/www.shqiperia.com\/blog\/wp-content\/uploads\/2020\/04\/tritan-kalo-.png?fit=851%2C450&ssl=1&resize=700%2C400 2x"},"classes":[]},{"id":38184,"url":"https:\/\/www.shqiperia.com\/blog\/mjeku-tritan-kalo-me-lot-gezimi-ne-sy-merr-lajmin-e-fundit-nuk-e-kisha-menduar-kurre\/","url_meta":{"origin":34173,"position":2},"title":"Mjeku Tritan Kalo me lot gezimi ne sy merr lajmin e fundit;\u00a0 Nuk e kisha menduar kurre\u2026","author":"Kurt Farka","date":"September 7, 2020","format":false,"excerpt":"Mjeku Tritan Kalo me lot gezimi ne sy merr lajmin e fundit;\u00a0 Nuk e kisha menduar kurre\u2026 02\/09\/2020 Mjeku i njohur i QSUT, Tritan Kalo ka b\u00ebr\u00eb me dije p\u00ebr publikun p\u00ebrmes nj\u00eb postimi n\u00eb rrjetin social Facebook, se \u00ebsht\u00eb vler\u00ebsuar me titullin qytetar nderi i Gjirokastres. Mjeku fal\u00ebnderon an\u00ebtar\u00ebt\u2026","rel":"","context":"In &quot;Blogu i Udh\u00ebtarit&quot;","block_context":{"text":"Blogu i Udh\u00ebtarit","link":"https:\/\/www.shqiperia.com\/blog\/category\/blogu-i-udhetarit\/"},"img":{"alt_text":"","src":"https:\/\/i0.wp.com\/www.shqiperia.com\/blog\/wp-content\/uploads\/2020\/09\/tritan-kalo.jpg?fit=640%2C360&ssl=1&resize=350%2C200","width":350,"height":200,"srcset":"https:\/\/i0.wp.com\/www.shqiperia.com\/blog\/wp-content\/uploads\/2020\/09\/tritan-kalo.jpg?fit=640%2C360&ssl=1&resize=350%2C200 1x, https:\/\/i0.wp.com\/www.shqiperia.com\/blog\/wp-content\/uploads\/2020\/09\/tritan-kalo.jpg?fit=640%2C360&ssl=1&resize=525%2C300 1.5x"},"classes":[]},{"id":53291,"url":"https:\/\/www.shqiperia.com\/blog\/tani-pse-qan-apeli-i-forte-i-mjekut-pas-aksionit-te-5-maji-ti-hezitove-te-protestoje-kur-te-thirra-per-teatrin-astirin-shkozen\/","url_meta":{"origin":34173,"position":3},"title":"\u201cTani pse qan\u201d. &#8211; Apeli i fort\u00eb i mjekut pas aksionit te \u20185 Maji\u2019: Ti hezitove t\u00eb protestoje kur t\u00eb thirra p\u00ebr Teatrin, Astirin, Shkoz\u00ebn &#8230;","author":"Kurt Farka","date":"January 19, 2022","format":false,"excerpt":"\u201cTani pse qan\u201d. - Apeli i fort\u00eb i mjekut pas aksionit te \u20185 Maji\u2019: Ti hezitove t\u00eb protestoje kur t\u00eb thirra p\u00ebr Teatrin, Astirin, Shkoz\u00ebn... 19 JANAR 2022 Nj\u00eb mesazh ndryshe ka p\u00ebrcjell\u00eb mjeku Ilir Allkja, i njohur si nj\u00eb z\u00eb kritik jo vet\u00ebm brenda sistemit t\u00eb sh\u00ebndet\u00ebsis\u00eb lidhur me\u2026","rel":"","context":"In &quot;Blogu i Udh\u00ebtarit&quot;","block_context":{"text":"Blogu i Udh\u00ebtarit","link":"https:\/\/www.shqiperia.com\/blog\/category\/blogu-i-udhetarit\/"},"img":{"alt_text":"","src":"https:\/\/i0.wp.com\/www.shqiperia.com\/blog\/wp-content\/uploads\/2022\/01\/640-0-61e82ffda7d2c.jpg?fit=640%2C386&ssl=1&resize=350%2C200","width":350,"height":200,"srcset":"https:\/\/i0.wp.com\/www.shqiperia.com\/blog\/wp-content\/uploads\/2022\/01\/640-0-61e82ffda7d2c.jpg?fit=640%2C386&ssl=1&resize=350%2C200 1x, https:\/\/i0.wp.com\/www.shqiperia.com\/blog\/wp-content\/uploads\/2022\/01\/640-0-61e82ffda7d2c.jpg?fit=640%2C386&ssl=1&resize=525%2C300 1.5x"},"classes":[]},{"id":38477,"url":"https:\/\/www.shqiperia.com\/blog\/ju-ish-brekegrisur-te-para-1990-dhe-sot-pashallare-te-kuq-blu-roze-apo-pink-nuku-do-te-kete-vrime-ku-do-mundeni-te-fshiheni\/","url_meta":{"origin":34173,"position":4},"title":"JU \u201cish brek\u00ebgrisur t\u00eb para 1990\u201d dhe sot \u201cPASHALLAR\u00cb t\u00eb kuq, blu, roz\u00eb apo pink\u201d NUKU do t\u00eb ket\u00eb vrim\u00eb ku do mundeni t\u00eb fshiheni\u2026.","author":"Kurt Farka","date":"September 15, 2020","format":false,"excerpt":"JU \u201cish brek\u00ebgrisur t\u00eb para 1990\u201d dhe sot \u201cPASHALLAR\u00cb t\u00eb kuq, blu, roz\u00eb apo pink\u201d NUKU do t\u00eb ket\u00eb vrim\u00eb ku do mundeni t\u00eb fshiheni\u2026. Nga: Tritan Kalo. KOH\u00cb KOVIDIANE\u202615.09.2020\u2026Dita Nd\u00ebrkomb\u00ebtare e Demokracis\u00eb dhe \u201cPoema jon\u00eb Migjeniane e varf\u00ebris\u00eb\u201d\u2026DEMOKRACIA \u00ebsht\u00eb sistemi i shanseve te barabarta, sistemi i zbutjes s\u00eb dallimeve\u2026","rel":"","context":"In &quot;Blogu i Udh\u00ebtarit&quot;","block_context":{"text":"Blogu i Udh\u00ebtarit","link":"https:\/\/www.shqiperia.com\/blog\/category\/blogu-i-udhetarit\/"},"img":{"alt_text":"","src":"https:\/\/i0.wp.com\/www.shqiperia.com\/blog\/wp-content\/uploads\/2020\/09\/119634004_3650324621658944_1638923496830440171_n-1-300x194.jpg?resize=350%2C200&ssl=1","width":350,"height":200},"classes":[]},{"id":33749,"url":"https:\/\/www.shqiperia.com\/blog\/vala-e-dyte-mund-te-jete-me-e-madhe-paralajmeron-tritan-kalo-virusi-eshte-ende-ne-lulezim-ja-cfare-duhet-te-kemi-kujdes-gjate-hapjes\/","url_meta":{"origin":34173,"position":5},"title":"\u201cVala e dyt\u00eb mund t\u00eb jet\u00eb m\u00eb e madhe\u201d, paralajm\u00ebron Tritan Kalo: Virusi \u00ebsht\u00eb ende n\u00eb \u201clul\u00ebzim\u201d, ja \u00e7far\u00eb duhet t\u00eb kemi kujdes gjat\u00eb hapjes","author":"Kurt Farka","date":"April 25, 2020","format":false,"excerpt":"\u201cVala e dyt\u00eb mund t\u00eb jet\u00eb m\u00eb e madhe\u201d, paralajm\u00ebron Tritan Kalo: Virusi \u00ebsht\u00eb ende n\u00eb \u201clul\u00ebzim\u201d, ja \u00e7far\u00eb duhet t\u00eb kemi kujdes gjat\u00eb hapjes 23 APRIL 2020 Mjeku i njohur infeksionist, Tritan Kalo, thot\u00eb se do t\u00eb ket\u00eb nj\u00eb val\u00eb t\u00eb dyt\u00eb t\u00eb koronavirusit, e cila do t\u00eb jet\u00eb\u2026","rel":"","context":"In &quot;Blogu i Udh\u00ebtarit&quot;","block_context":{"text":"Blogu i Udh\u00ebtarit","link":"https:\/\/www.shqiperia.com\/blog\/category\/blogu-i-udhetarit\/"},"img":{"alt_text":"","src":"https:\/\/i0.wp.com\/www.shqiperia.com\/blog\/wp-content\/uploads\/2020\/04\/Tritan-Kalo.jpg?fit=640%2C386&ssl=1&resize=350%2C200","width":350,"height":200,"srcset":"https:\/\/i0.wp.com\/www.shqiperia.com\/blog\/wp-content\/uploads\/2020\/04\/Tritan-Kalo.jpg?fit=640%2C386&ssl=1&resize=350%2C200 1x, https:\/\/i0.wp.com\/www.shqiperia.com\/blog\/wp-content\/uploads\/2020\/04\/Tritan-Kalo.jpg?fit=640%2C386&ssl=1&resize=525%2C300 1.5x"},"classes":[]}],"_links":{"self":[{"href":"https:\/\/www.shqiperia.com\/blog\/wp-json\/wp\/v2\/posts\/34173","targetHints":{"allow":["GET"]}}],"collection":[{"href":"https:\/\/www.shqiperia.com\/blog\/wp-json\/wp\/v2\/posts"}],"about":[{"href":"https:\/\/www.shqiperia.com\/blog\/wp-json\/wp\/v2\/types\/post"}],"author":[{"embeddable":true,"href":"https:\/\/www.shqiperia.com\/blog\/wp-json\/wp\/v2\/users\/9"}],"replies":[{"embeddable":true,"href":"https:\/\/www.shqiperia.com\/blog\/wp-json\/wp\/v2\/comments?post=34173"}],"version-history":[{"count":1,"href":"https:\/\/www.shqiperia.com\/blog\/wp-json\/wp\/v2\/posts\/34173\/revisions"}],"predecessor-version":[{"id":34175,"href":"https:\/\/www.shqiperia.com\/blog\/wp-json\/wp\/v2\/posts\/34173\/revisions\/34175"}],"wp:featuredmedia":[{"embeddable":true,"href":"https:\/\/www.shqiperia.com\/blog\/wp-json\/wp\/v2\/media\/34174"}],"wp:attachment":[{"href":"https:\/\/www.shqiperia.com\/blog\/wp-json\/wp\/v2\/media?parent=34173"}],"wp:term":[{"taxonomy":"category","embeddable":true,"href":"https:\/\/www.shqiperia.com\/blog\/wp-json\/wp\/v2\/categories?post=34173"},{"taxonomy":"post_tag","embeddable":true,"href":"https:\/\/www.shqiperia.com\/blog\/wp-json\/wp\/v2\/tags?post=34173"}],"curies":[{"name":"wp","href":"https:\/\/api.w.org\/{rel}","templated":true}]}}