{"id":34120,"date":"2020-05-02T00:13:20","date_gmt":"2020-05-02T00:13:20","guid":{"rendered":"https:\/\/www.shqiperia.com\/blog\/?p=34120"},"modified":"2020-05-02T00:13:20","modified_gmt":"2020-05-02T00:13:20","slug":"kisha-e-vogel-ne-londer-nen-hetim-shet-vajin-hyjnor-qe-kuron-koronavirusin","status":"publish","type":"post","link":"https:\/\/www.shqiperia.com\/blog\/kisha-e-vogel-ne-londer-nen-hetim-shet-vajin-hyjnor-qe-kuron-koronavirusin\/","title":{"rendered":"Kisha e vog\u00ebl n\u00eb Lond\u00ebr n\u00ebn hetim, shet \u201cvajin hyjnor\u201d q\u00eb \u201ckuron\u201d koronavirusin"},"content":{"rendered":"<p><img data-recalc-dims=\"1\" loading=\"lazy\" decoding=\"async\" data-attachment-id=\"34121\" data-permalink=\"https:\/\/www.shqiperia.com\/blog\/kisha-e-vogel-ne-londer-nen-hetim-shet-vajin-hyjnor-qe-kuron-koronavirusin\/27848816-8274351-image-a-1_1588261549524\/\" data-orig-file=\"https:\/\/i0.wp.com\/www.shqiperia.com\/blog\/wp-content\/uploads\/2020\/05\/27848816-8274351-image-a-1_1588261549524.jpg?fit=634%2C356&amp;ssl=1\" data-orig-size=\"634,356\" data-comments-opened=\"1\" data-image-meta=\"{&quot;aperture&quot;:&quot;0&quot;,&quot;credit&quot;:&quot;&quot;,&quot;camera&quot;:&quot;&quot;,&quot;caption&quot;:&quot;&quot;,&quot;created_timestamp&quot;:&quot;0&quot;,&quot;copyright&quot;:&quot;&quot;,&quot;focal_length&quot;:&quot;0&quot;,&quot;iso&quot;:&quot;0&quot;,&quot;shutter_speed&quot;:&quot;0&quot;,&quot;title&quot;:&quot;&quot;,&quot;orientation&quot;:&quot;0&quot;}\" data-image-title=\"27848816-8274351-image-a-1_1588261549524\" data-image-description=\"\" data-image-caption=\"\" data-medium-file=\"https:\/\/i0.wp.com\/www.shqiperia.com\/blog\/wp-content\/uploads\/2020\/05\/27848816-8274351-image-a-1_1588261549524.jpg?fit=300%2C168&amp;ssl=1\" data-large-file=\"https:\/\/i0.wp.com\/www.shqiperia.com\/blog\/wp-content\/uploads\/2020\/05\/27848816-8274351-image-a-1_1588261549524.jpg?fit=634%2C356&amp;ssl=1\" class=\"alignnone  wp-image-34121\" alt=\"\" src=\"https:\/\/i0.wp.com\/www.shqiperia.com\/blog\/wp-content\/uploads\/2020\/05\/27848816-8274351-image-a-1_1588261549524.jpg?resize=529%2C296&#038;ssl=1\" width=\"529\" height=\"296\" srcset=\"https:\/\/i0.wp.com\/www.shqiperia.com\/blog\/wp-content\/uploads\/2020\/05\/27848816-8274351-image-a-1_1588261549524.jpg?resize=300%2C168&amp;ssl=1 300w, https:\/\/i0.wp.com\/www.shqiperia.com\/blog\/wp-content\/uploads\/2020\/05\/27848816-8274351-image-a-1_1588261549524.jpg?resize=450%2C253&amp;ssl=1 450w, https:\/\/i0.wp.com\/www.shqiperia.com\/blog\/wp-content\/uploads\/2020\/05\/27848816-8274351-image-a-1_1588261549524.jpg?resize=600%2C337&amp;ssl=1 600w, https:\/\/i0.wp.com\/www.shqiperia.com\/blog\/wp-content\/uploads\/2020\/05\/27848816-8274351-image-a-1_1588261549524.jpg?resize=400%2C225&amp;ssl=1 400w, https:\/\/i0.wp.com\/www.shqiperia.com\/blog\/wp-content\/uploads\/2020\/05\/27848816-8274351-image-a-1_1588261549524.jpg?w=634&amp;ssl=1 634w\" sizes=\"auto, (max-width: 529px) 100vw, 529px\" \/><\/p>\n<p><strong>Kisha e vog\u00ebl n\u00eb Lond\u00ebr n\u00ebn hetim, shet \u201cvajin hyjnor\u201d q\u00eb \u201ckuron\u201d koronavirusin<\/strong><\/p>\n<p>30 prill \u00a02020<\/p>\n<p>Nj\u00eb Kish\u00eb e vog\u00ebl \u00ebsht\u00eb v\u00ebn\u00eb n\u00ebn hetim p\u00ebr shitjen p\u00ebr rreth 100 dollar\u00eb t\u00eb nj\u00eb shishe me \u201cvaj pastrues hyjnor\u201d q\u00eb sipas saj kuron koronavirusin.<\/p>\n<p>Kisha e Mbret\u00ebris\u00eb n\u00eb Camberwell ka nisur shitjen e k\u00ebsaj shisheje t\u00eb vog\u00ebl dhe nj\u00eb litari t\u00eb kuq dhe deklaron se ato do t\u00eb mbrojn\u00eb besimtar\u00ebt nga koronavirusi n\u00ebse e zjejn\u00eb at\u00eb n\u00eb uj\u00eb t\u00eb nxeht\u00eb apo lyejn\u00eb nj\u00eb peshqir me vajin dhe marrin frym\u00eb p\u00ebrmes tij.<\/p>\n<p><img data-recalc-dims=\"1\" loading=\"lazy\" decoding=\"async\" data-attachment-id=\"34122\" data-permalink=\"https:\/\/www.shqiperia.com\/blog\/kisha-e-vogel-ne-londer-nen-hetim-shet-vajin-hyjnor-qe-kuron-koronavirusin\/10-28-905x450\/\" data-orig-file=\"https:\/\/i0.wp.com\/www.shqiperia.com\/blog\/wp-content\/uploads\/2020\/05\/10-28-905x450-1.jpg?fit=905%2C450&amp;ssl=1\" data-orig-size=\"905,450\" data-comments-opened=\"1\" data-image-meta=\"{&quot;aperture&quot;:&quot;0&quot;,&quot;credit&quot;:&quot;&quot;,&quot;camera&quot;:&quot;&quot;,&quot;caption&quot;:&quot;&quot;,&quot;created_timestamp&quot;:&quot;0&quot;,&quot;copyright&quot;:&quot;&quot;,&quot;focal_length&quot;:&quot;0&quot;,&quot;iso&quot;:&quot;0&quot;,&quot;shutter_speed&quot;:&quot;0&quot;,&quot;title&quot;:&quot;&quot;,&quot;orientation&quot;:&quot;0&quot;}\" data-image-title=\"10-28-905&#215;450\" data-image-description=\"\" data-image-caption=\"\" data-medium-file=\"https:\/\/i0.wp.com\/www.shqiperia.com\/blog\/wp-content\/uploads\/2020\/05\/10-28-905x450-1.jpg?fit=300%2C149&amp;ssl=1\" data-large-file=\"https:\/\/i0.wp.com\/www.shqiperia.com\/blog\/wp-content\/uploads\/2020\/05\/10-28-905x450-1.jpg?fit=905%2C450&amp;ssl=1\" class=\"alignnone  wp-image-34122\" alt=\"\" src=\"https:\/\/i0.wp.com\/www.shqiperia.com\/blog\/wp-content\/uploads\/2020\/05\/10-28-905x450-1.jpg?resize=604%2C300&#038;ssl=1\" width=\"604\" height=\"300\" srcset=\"https:\/\/i0.wp.com\/www.shqiperia.com\/blog\/wp-content\/uploads\/2020\/05\/10-28-905x450-1.jpg?resize=300%2C149&amp;ssl=1 300w, https:\/\/i0.wp.com\/www.shqiperia.com\/blog\/wp-content\/uploads\/2020\/05\/10-28-905x450-1.jpg?resize=768%2C382&amp;ssl=1 768w, https:\/\/i0.wp.com\/www.shqiperia.com\/blog\/wp-content\/uploads\/2020\/05\/10-28-905x450-1.jpg?resize=450%2C224&amp;ssl=1 450w, https:\/\/i0.wp.com\/www.shqiperia.com\/blog\/wp-content\/uploads\/2020\/05\/10-28-905x450-1.jpg?resize=600%2C298&amp;ssl=1 600w, https:\/\/i0.wp.com\/www.shqiperia.com\/blog\/wp-content\/uploads\/2020\/05\/10-28-905x450-1.jpg?resize=400%2C199&amp;ssl=1 400w, https:\/\/i0.wp.com\/www.shqiperia.com\/blog\/wp-content\/uploads\/2020\/05\/10-28-905x450-1.jpg?w=905&amp;ssl=1 905w\" sizes=\"auto, (max-width: 604px) 100vw, 604px\" \/><\/p>\n<p>Autoritetet p\u00ebr Standardet e Tregtis\u00eb kan\u00eb nisur menj\u00ebher\u00eb nj\u00eb hetim p\u00ebr k\u00ebt\u00eb \u00e7\u00ebshtje, por mediat raportojn\u00eb se Kisha vazhdon ende shitjen e k\u00ebtyre produkteve.<\/p>\n<p>Peshkopi i kish\u00ebs, Wiseman shkroi n\u00eb nj\u00eb postim se njer\u00ebzit do t\u00eb mbroheshin duke e mbuluar veten me vajin hyjnor t\u00eb mbrojtjes nga murtaja dhe duke lidhur litarin e kuqe rreth trupit.<\/p>\n<p>\u201cKjo \u00ebsht\u00eb arsyeja pse un\u00eb dua t\u2019ju inkurajoj, n\u00ebse nuk e keni b\u00ebr\u00eb tashm\u00eb, p\u00ebr t\u00eb marr\u00eb pajisjet tuaja t\u00eb mbrojtjes hyjnore !\u201d, shkruan peshkopi.<\/p>\n<p><strong>e.k. \/ dita<\/strong><\/p>\n","protected":false},"excerpt":{"rendered":"<p>Kisha e vog\u00ebl n\u00eb Lond\u00ebr n\u00ebn hetim, shet \u201cvajin hyjnor\u201d q\u00eb \u201ckuron\u201d koronavirusin 30 prill \u00a02020 Nj\u00eb Kish\u00eb e vog\u00ebl \u00ebsht\u00eb v\u00ebn\u00eb n\u00ebn hetim p\u00ebr shitjen p\u00ebr rreth 100 dollar\u00eb t\u00eb nj\u00eb shishe me \u201cvaj pastrues hyjnor\u201d q\u00eb sipas saj kuron koronavirusin. Kisha e Mbret\u00ebris\u00eb n\u00eb Camberwell ka nisur shitjen e k\u00ebsaj shisheje t\u00eb vog\u00ebl [&hellip;]<\/p>\n","protected":false},"author":9,"featured_media":34121,"comment_status":"open","ping_status":"open","sticky":false,"template":"","format":"standard","meta":{"jetpack_post_was_ever_published":false,"_jetpack_newsletter_access":"","_jetpack_dont_email_post_to_subs":false,"_jetpack_newsletter_tier_id":0,"_jetpack_memberships_contains_paywalled_content":false,"_jetpack_memberships_contains_paid_content":false,"footnotes":"","jetpack_publicize_message":"","jetpack_publicize_feature_enabled":true,"jetpack_social_post_already_shared":true,"jetpack_social_options":{"image_generator_settings":{"template":"highway","default_image_id":0,"font":"","enabled":false},"version":2}},"categories":[27,14],"tags":[],"class_list":["post-34120","post","type-post","status-publish","format-standard","has-post-thumbnail","hentry","category-blogu-i-udhetarit","category-press-releases"],"jetpack_publicize_connections":[],"jetpack_featured_media_url":"https:\/\/i0.wp.com\/www.shqiperia.com\/blog\/wp-content\/uploads\/2020\/05\/27848816-8274351-image-a-1_1588261549524.jpg?fit=634%2C356&ssl=1","jetpack_sharing_enabled":true,"jetpack_shortlink":"https:\/\/wp.me\/p5Z6wp-8Sk","jetpack-related-posts":[{"id":32247,"url":"https:\/\/www.shqiperia.com\/blog\/rezultate-te-shkelqyera-brenda-24-oreve-mjeket-napolitane-japin-lajmin-e-mire-ja-ilaci-qe-nxjerr-pacientet-me-koronavirus-nga-kujdesi-intensiv\/","url_meta":{"origin":34120,"position":0},"title":"\u201cRezultate t\u00eb shk\u00eblqyera brenda 24 or\u00ebve\u201d, mjek\u00ebt napolitan\u00eb japin lajmin e mir\u00eb: Ja ila\u00e7i q\u00eb nxjerr pacient\u00ebt me koronavirus nga kujdesi intensiv","author":"Kurt Farka","date":"March 10, 2020","format":false,"excerpt":"\u201cRezultate t\u00eb shk\u00eblqyera brenda 24 or\u00ebve\u201d, mjek\u00ebt napolitan\u00eb japin lajmin e mir\u00eb: Ja ila\u00e7i q\u00eb nxjerr pacient\u00ebt me koronavirus nga kujdesi intensiv 10 MARS 2020 Ende nuk dihet shum\u00eb p\u00ebr koronavirusin, por dihet mir\u00eb se sa shkat\u00ebrruese mund t\u00eb jet\u00eb p\u00ebr trupin e njeriut. \u00c7far\u00eb ndodh n\u00eb t\u00eb v\u00ebrtet\u00eb me\u2026","rel":"","context":"In &quot;Blogu i Udh\u00ebtarit&quot;","block_context":{"text":"Blogu i Udh\u00ebtarit","link":"https:\/\/www.shqiperia.com\/blog\/category\/blogu-i-udhetarit\/"},"img":{"alt_text":"","src":"https:\/\/i0.wp.com\/www.shqiperia.com\/blog\/wp-content\/uploads\/2020\/03\/800-0-5e67cd5312203.jpg?fit=800%2C451&ssl=1&resize=350%2C200","width":350,"height":200,"srcset":"https:\/\/i0.wp.com\/www.shqiperia.com\/blog\/wp-content\/uploads\/2020\/03\/800-0-5e67cd5312203.jpg?fit=800%2C451&ssl=1&resize=350%2C200 1x, https:\/\/i0.wp.com\/www.shqiperia.com\/blog\/wp-content\/uploads\/2020\/03\/800-0-5e67cd5312203.jpg?fit=800%2C451&ssl=1&resize=525%2C300 1.5x, https:\/\/i0.wp.com\/www.shqiperia.com\/blog\/wp-content\/uploads\/2020\/03\/800-0-5e67cd5312203.jpg?fit=800%2C451&ssl=1&resize=700%2C400 2x"},"classes":[]},{"id":33158,"url":"https:\/\/www.shqiperia.com\/blog\/obsh-publikon-fakte-te-reja-per-koronavirusin\/","url_meta":{"origin":34120,"position":1},"title":"OBSH publikon fakte t\u00eb reja p\u00ebr koronavirusin","author":"Kurt Farka","date":"April 7, 2020","format":false,"excerpt":"OBSH publikon fakte t\u00eb reja p\u00ebr koronavirusin 7 prill 2020 Organizata Bot\u00ebrore e Sh\u00ebndet\u00ebsis\u00eb n\u00eb Shqip\u00ebri ka publikuar disa fakte t\u00eb cilat duhen ditur nga qytetar\u00ebt n\u00eb lidhje me koronavirusin.covid \u201cFAKT: Ju mund t\u00eb sh\u00ebroheni nga COVID-19. N\u00ebse prekesh nga koronavirusi i ri nuk do t\u00eb thot\u00eb se do ta\u2026","rel":"","context":"In &quot;Blogu i Udh\u00ebtarit&quot;","block_context":{"text":"Blogu i Udh\u00ebtarit","link":"https:\/\/www.shqiperia.com\/blog\/category\/blogu-i-udhetarit\/"},"img":{"alt_text":"","src":"https:\/\/i0.wp.com\/www.shqiperia.com\/blog\/wp-content\/uploads\/2020\/04\/covid-905x450-1.png?fit=905%2C450&ssl=1&resize=350%2C200","width":350,"height":200,"srcset":"https:\/\/i0.wp.com\/www.shqiperia.com\/blog\/wp-content\/uploads\/2020\/04\/covid-905x450-1.png?fit=905%2C450&ssl=1&resize=350%2C200 1x, https:\/\/i0.wp.com\/www.shqiperia.com\/blog\/wp-content\/uploads\/2020\/04\/covid-905x450-1.png?fit=905%2C450&ssl=1&resize=525%2C300 1.5x, https:\/\/i0.wp.com\/www.shqiperia.com\/blog\/wp-content\/uploads\/2020\/04\/covid-905x450-1.png?fit=905%2C450&ssl=1&resize=700%2C400 2x"},"classes":[]},{"id":84433,"url":"https:\/\/www.shqiperia.com\/blog\/agjentet-e-bkh-nen-hetim-eksperti-po-nxjerrin-bisedat-e-grupeve-kriminale-ne-sky-me-zyrtaret-e-shtetit\/","url_meta":{"origin":34120,"position":2},"title":"\u201cAgjent\u00ebt e BKH n\u00ebn hetim\u201d, eksperti: &#8211; Po nxjerrin bisedat e grupeve kriminale n\u00eb \u201cSKY\u201d me zyrtar\u00ebt e shtetit!","author":"Kurt Farka","date":"September 13, 2024","format":false,"excerpt":"13 Shtator 2024 Prokuroria e Posa\u00e7me raportohet se ka nisur nj\u00eb hetim t\u00eb gjer\u00eb brenda radh\u00ebve t\u00eb agjent\u00ebve t\u00eb Byros\u00eb Komb\u00ebtare t\u00eb Hetimit, p\u00ebr t\u00eb zbuluar se cil\u00ebt jan\u00eb funksionar\u00ebt q\u00eb kan\u00eb nxjerr informacionet e agjencive europiane p\u00ebr SPAK, p\u00ebr bisedat e grupeve kriminale n\u00eb \u201cSKY\u201d. \u00a0 K\u00ebshtu ka deklaruar\u2026","rel":"","context":"In &quot;Blogu i Udh\u00ebtarit&quot;","block_context":{"text":"Blogu i Udh\u00ebtarit","link":"https:\/\/www.shqiperia.com\/blog\/category\/blogu-i-udhetarit\/"},"img":{"alt_text":"","src":"https:\/\/i0.wp.com\/www.shqiperia.com\/blog\/wp-content\/uploads\/2024\/09\/667142ba2e6ef.png?fit=800%2C465&ssl=1&resize=350%2C200","width":350,"height":200,"srcset":"https:\/\/i0.wp.com\/www.shqiperia.com\/blog\/wp-content\/uploads\/2024\/09\/667142ba2e6ef.png?fit=800%2C465&ssl=1&resize=350%2C200 1x, https:\/\/i0.wp.com\/www.shqiperia.com\/blog\/wp-content\/uploads\/2024\/09\/667142ba2e6ef.png?fit=800%2C465&ssl=1&resize=525%2C300 1.5x, https:\/\/i0.wp.com\/www.shqiperia.com\/blog\/wp-content\/uploads\/2024\/09\/667142ba2e6ef.png?fit=800%2C465&ssl=1&resize=700%2C400 2x"},"classes":[]},{"id":83443,"url":"https:\/\/www.shqiperia.com\/blog\/5d-bleu-shtepine-e-gramoz-rucit-mariglen-qato-e-redi-molla-454-mije-euro-ne-llogarine-e-ish-numrit-2-te-ps-apeli-i-gjkko-spak-te-hetoje-se-si-eshte-blere-nga-kompania-prona\/","url_meta":{"origin":34120,"position":3},"title":"&#8220;5D&#8221; BLEU SHT\u00cbPIN\u00cb E GRAMOZ RU\u00c7IT. &#8211; Mariglen Qato e Redi Molla 454 mij\u00eb euro n\u00eb llogarin\u00eb e ish-numrit 2 t\u00eb PS. &#8211;  Apeli I GJKKO: SPAK t\u00eb hetoj\u00eb se si \u00ebsht\u00eb bler\u00eb nga kompania prona","author":"Kurt Farka","date":"August 11, 2024","format":false,"excerpt":"11 Gusht 2024 N\u00eb dosjen e SPAK rezulton q\u00eb kompania \"5D\" t\u00eb ket\u00eb bler\u00eb edhe nj\u00eb pron\u00eb t\u00eb Gramoz Ru\u00e7it. N\u00eb dokumente thuhet se vlera ka qen\u00eb 454 mij\u00eb euro dhe apeli k\u00ebrkon q\u00eb SPAK t\u00eb thelloj\u00eb hetimet p\u00ebr fondet e subjektit q\u00eb prokuroria akuzon se ishte dy drejtor\u00ebve Mariglen\u2026","rel":"","context":"In &quot;Blogu i Udh\u00ebtarit&quot;","block_context":{"text":"Blogu i Udh\u00ebtarit","link":"https:\/\/www.shqiperia.com\/blog\/category\/blogu-i-udhetarit\/"},"img":{"alt_text":"","src":"https:\/\/i0.wp.com\/www.shqiperia.com\/blog\/wp-content\/uploads\/2024\/08\/800-0-auto_gramos-ruci1507364828.jpg?fit=800%2C450&ssl=1&resize=350%2C200","width":350,"height":200,"srcset":"https:\/\/i0.wp.com\/www.shqiperia.com\/blog\/wp-content\/uploads\/2024\/08\/800-0-auto_gramos-ruci1507364828.jpg?fit=800%2C450&ssl=1&resize=350%2C200 1x, https:\/\/i0.wp.com\/www.shqiperia.com\/blog\/wp-content\/uploads\/2024\/08\/800-0-auto_gramos-ruci1507364828.jpg?fit=800%2C450&ssl=1&resize=525%2C300 1.5x, https:\/\/i0.wp.com\/www.shqiperia.com\/blog\/wp-content\/uploads\/2024\/08\/800-0-auto_gramos-ruci1507364828.jpg?fit=800%2C450&ssl=1&resize=700%2C400 2x"},"classes":[]},{"id":63039,"url":"https:\/\/www.shqiperia.com\/blog\/shiten-tonelata-tunxh-nga-policani-vihen-nen-hetim-ish-drejtori-dhe-5-punonjes-te-uzines\/","url_meta":{"origin":34120,"position":4},"title":"Shit\u00ebn tonelata tunxh nga Poli\u00e7ani, vihen n\u00ebn hetim ish-drejtori dhe 5 punonj\u00ebs t\u00eb uzin\u00ebs","author":"Kurt Farka","date":"October 8, 2022","format":false,"excerpt":"8 Tetor 2022 Krimi ekonomik n\u00eb Berat ka nisur nj\u00eb hetim ndaj 6 ish-zyrtar\u00ebve t\u00eb uzin\u00ebs s\u00eb municioneve t\u00eb Poli\u00e7anit. N\u00ebn hetim jan\u00eb ish-drejtori Erion Zylyftari, shefja e financ\u00ebs, dy magazinier\u00eb, dispe\u00e7eri dhe sekretarja, t\u00eb cil\u00ebt dyshohet se kan\u00eb shitur mbi 50 ton tunxh dhe kan\u00eb p\u00ebrfituar shuma t\u00eb m\u00ebdha\u2026","rel":"","context":"In &quot;Blogu i Udh\u00ebtarit&quot;","block_context":{"text":"Blogu i Udh\u00ebtarit","link":"https:\/\/www.shqiperia.com\/blog\/category\/blogu-i-udhetarit\/"},"img":{"alt_text":"","src":"https:\/\/i0.wp.com\/www.shqiperia.com\/blog\/wp-content\/uploads\/2022\/10\/640-0-634175336769c.jpg?fit=640%2C360&ssl=1&resize=350%2C200","width":350,"height":200,"srcset":"https:\/\/i0.wp.com\/www.shqiperia.com\/blog\/wp-content\/uploads\/2022\/10\/640-0-634175336769c.jpg?fit=640%2C360&ssl=1&resize=350%2C200 1x, https:\/\/i0.wp.com\/www.shqiperia.com\/blog\/wp-content\/uploads\/2022\/10\/640-0-634175336769c.jpg?fit=640%2C360&ssl=1&resize=525%2C300 1.5x"},"classes":[]},{"id":83830,"url":"https:\/\/www.shqiperia.com\/blog\/spak-zbardh-qindra-pergjime-te-belinda-ballukut-me-vartesit-e-arrestuar-dhe-nen-hetim-drejt-mbylljes-puzzle-i\/","url_meta":{"origin":34120,"position":5},"title":"SPAK zbardh qindra p\u00ebrgjime t\u00eb Belinda Ballukut me vart\u00ebsit e arrestuar dhe n\u00ebn hetim, drejt mbylljes \u201cpuzzle\u201d i\u2026","author":"Kurt Farka","date":"August 28, 2024","format":false,"excerpt":"28 Gusht 2024 Zv\/kryeministrja Belinda Balluku ndodhet n\u00eb pozita shum\u00eb t\u00eb v\u00ebshtira. Burime b\u00ebjn\u00eb me dije se Prokuroria e Posa\u00e7me n\u00eb dosjet korruptive q\u00eb po heton ka zbardhur qindra p\u00ebrgjime q\u00eb \u00a0implikojn\u00eb \u00a0Ballukun n\u00eb bat\u00ebrdin\u00eb miliona euro q\u00eb bashk\u00eb me drejtor\u00ebt e saj t\u00eb arrestuar dhe n\u00ebn hetim i kan\u00eb\u2026","rel":"","context":"In &quot;Blogu i Udh\u00ebtarit&quot;","block_context":{"text":"Blogu i Udh\u00ebtarit","link":"https:\/\/www.shqiperia.com\/blog\/category\/blogu-i-udhetarit\/"},"img":{"alt_text":"","src":"https:\/\/i0.wp.com\/www.shqiperia.com\/blog\/wp-content\/uploads\/2024\/08\/foto-faqe-3.png?fit=900%2C657&ssl=1&resize=350%2C200","width":350,"height":200,"srcset":"https:\/\/i0.wp.com\/www.shqiperia.com\/blog\/wp-content\/uploads\/2024\/08\/foto-faqe-3.png?fit=900%2C657&ssl=1&resize=350%2C200 1x, https:\/\/i0.wp.com\/www.shqiperia.com\/blog\/wp-content\/uploads\/2024\/08\/foto-faqe-3.png?fit=900%2C657&ssl=1&resize=525%2C300 1.5x, https:\/\/i0.wp.com\/www.shqiperia.com\/blog\/wp-content\/uploads\/2024\/08\/foto-faqe-3.png?fit=900%2C657&ssl=1&resize=700%2C400 2x"},"classes":[]}],"_links":{"self":[{"href":"https:\/\/www.shqiperia.com\/blog\/wp-json\/wp\/v2\/posts\/34120","targetHints":{"allow":["GET"]}}],"collection":[{"href":"https:\/\/www.shqiperia.com\/blog\/wp-json\/wp\/v2\/posts"}],"about":[{"href":"https:\/\/www.shqiperia.com\/blog\/wp-json\/wp\/v2\/types\/post"}],"author":[{"embeddable":true,"href":"https:\/\/www.shqiperia.com\/blog\/wp-json\/wp\/v2\/users\/9"}],"replies":[{"embeddable":true,"href":"https:\/\/www.shqiperia.com\/blog\/wp-json\/wp\/v2\/comments?post=34120"}],"version-history":[{"count":1,"href":"https:\/\/www.shqiperia.com\/blog\/wp-json\/wp\/v2\/posts\/34120\/revisions"}],"predecessor-version":[{"id":34123,"href":"https:\/\/www.shqiperia.com\/blog\/wp-json\/wp\/v2\/posts\/34120\/revisions\/34123"}],"wp:featuredmedia":[{"embeddable":true,"href":"https:\/\/www.shqiperia.com\/blog\/wp-json\/wp\/v2\/media\/34121"}],"wp:attachment":[{"href":"https:\/\/www.shqiperia.com\/blog\/wp-json\/wp\/v2\/media?parent=34120"}],"wp:term":[{"taxonomy":"category","embeddable":true,"href":"https:\/\/www.shqiperia.com\/blog\/wp-json\/wp\/v2\/categories?post=34120"},{"taxonomy":"post_tag","embeddable":true,"href":"https:\/\/www.shqiperia.com\/blog\/wp-json\/wp\/v2\/tags?post=34120"}],"curies":[{"name":"wp","href":"https:\/\/api.w.org\/{rel}","templated":true}]}}