{"id":34117,"date":"2020-05-01T15:34:18","date_gmt":"2020-05-01T15:34:18","guid":{"rendered":"https:\/\/www.shqiperia.com\/blog\/?p=34117"},"modified":"2020-05-01T15:35:48","modified_gmt":"2020-05-01T15:35:48","slug":"sot-ne-oren-2140-shfaqet-spektakli-qiellor-duket-nga-tirana-deri-ne-kruje","status":"publish","type":"post","link":"https:\/\/www.shqiperia.com\/blog\/sot-ne-oren-2140-shfaqet-spektakli-qiellor-duket-nga-tirana-deri-ne-kruje\/","title":{"rendered":"Sot n\u00eb or\u00ebn 21:40 shfaqet spektakli qiellor, duket nga Tirana deri ne Kruje"},"content":{"rendered":"<p><img data-recalc-dims=\"1\" loading=\"lazy\" decoding=\"async\" data-attachment-id=\"34118\" data-permalink=\"https:\/\/www.shqiperia.com\/blog\/sot-ne-oren-2140-shfaqet-spektakli-qiellor-duket-nga-tirana-deri-ne-kruje\/spektakli-qiellor\/\" data-orig-file=\"https:\/\/i0.wp.com\/www.shqiperia.com\/blog\/wp-content\/uploads\/2020\/05\/spektakli-qiellor.jpg?fit=610%2C343&amp;ssl=1\" data-orig-size=\"610,343\" data-comments-opened=\"1\" data-image-meta=\"{&quot;aperture&quot;:&quot;0&quot;,&quot;credit&quot;:&quot;&quot;,&quot;camera&quot;:&quot;&quot;,&quot;caption&quot;:&quot;&quot;,&quot;created_timestamp&quot;:&quot;0&quot;,&quot;copyright&quot;:&quot;&quot;,&quot;focal_length&quot;:&quot;0&quot;,&quot;iso&quot;:&quot;0&quot;,&quot;shutter_speed&quot;:&quot;0&quot;,&quot;title&quot;:&quot;&quot;,&quot;orientation&quot;:&quot;0&quot;}\" data-image-title=\"spektakli-qiellor\" data-image-description=\"\" data-image-caption=\"\" data-medium-file=\"https:\/\/i0.wp.com\/www.shqiperia.com\/blog\/wp-content\/uploads\/2020\/05\/spektakli-qiellor.jpg?fit=300%2C169&amp;ssl=1\" data-large-file=\"https:\/\/i0.wp.com\/www.shqiperia.com\/blog\/wp-content\/uploads\/2020\/05\/spektakli-qiellor.jpg?fit=610%2C343&amp;ssl=1\" class=\"alignnone wp-image-34118\" alt=\"\" src=\"https:\/\/i0.wp.com\/www.shqiperia.com\/blog\/wp-content\/uploads\/2020\/05\/spektakli-qiellor.jpg?resize=501%2C282&#038;ssl=1\" width=\"501\" height=\"282\" srcset=\"https:\/\/i0.wp.com\/www.shqiperia.com\/blog\/wp-content\/uploads\/2020\/05\/spektakli-qiellor.jpg?resize=300%2C169&amp;ssl=1 300w, https:\/\/i0.wp.com\/www.shqiperia.com\/blog\/wp-content\/uploads\/2020\/05\/spektakli-qiellor.jpg?resize=450%2C253&amp;ssl=1 450w, https:\/\/i0.wp.com\/www.shqiperia.com\/blog\/wp-content\/uploads\/2020\/05\/spektakli-qiellor.jpg?resize=600%2C337&amp;ssl=1 600w, https:\/\/i0.wp.com\/www.shqiperia.com\/blog\/wp-content\/uploads\/2020\/05\/spektakli-qiellor.jpg?resize=400%2C225&amp;ssl=1 400w, https:\/\/i0.wp.com\/www.shqiperia.com\/blog\/wp-content\/uploads\/2020\/05\/spektakli-qiellor.jpg?w=610&amp;ssl=1 610w\" sizes=\"auto, (max-width: 501px) 100vw, 501px\" \/><\/p>\n<p>Sot n\u00eb or\u00ebn 21:40 shfaqet spektakli qiellor, duket nga Tirana deri ne Kruje<\/p>\n<p>Gerti Shella ka treguar per nje fenomen te pazakonte qe do te ndodhe ne qiell edhe diten e sotme dhe qe do te jete i dukshem edhe nga Shqiperia.<\/p>\n<p>Gerti, ka pasion t\u00eb fotografuarin e trupave qiellor\u00eb. Shpesh n\u00eb objektivin e aparatit e tij \u00ebsht\u00eb H\u00ebna, por nuk i ka shp\u00ebtuar dhe trendi m\u00eb i fundit n\u00eb qiell, satelit\u00ebt \u201cStarlink\u201d, t\u00eb nd\u00ebrtuara nga kompania SpaceX.<\/p>\n","protected":false},"excerpt":{"rendered":"<p>Sot n\u00eb or\u00ebn 21:40 shfaqet spektakli qiellor, duket nga Tirana deri ne Kruje Gerti Shella ka treguar per nje fenomen te pazakonte qe do te ndodhe ne qiell edhe diten e sotme dhe qe do te jete i dukshem edhe nga Shqiperia. Gerti, ka pasion t\u00eb fotografuarin e trupave qiellor\u00eb. Shpesh n\u00eb objektivin e aparatit [&hellip;]<\/p>\n","protected":false},"author":9,"featured_media":34118,"comment_status":"open","ping_status":"open","sticky":false,"template":"","format":"standard","meta":{"jetpack_post_was_ever_published":false,"_jetpack_newsletter_access":"","_jetpack_dont_email_post_to_subs":false,"_jetpack_newsletter_tier_id":0,"_jetpack_memberships_contains_paywalled_content":false,"_jetpack_memberships_contains_paid_content":false,"footnotes":"","jetpack_publicize_message":"","jetpack_publicize_feature_enabled":true,"jetpack_social_post_already_shared":true,"jetpack_social_options":{"image_generator_settings":{"template":"highway","default_image_id":0,"font":"","enabled":false},"version":2}},"categories":[27,14],"tags":[],"class_list":["post-34117","post","type-post","status-publish","format-standard","has-post-thumbnail","hentry","category-blogu-i-udhetarit","category-press-releases"],"jetpack_publicize_connections":[],"jetpack_featured_media_url":"https:\/\/i0.wp.com\/www.shqiperia.com\/blog\/wp-content\/uploads\/2020\/05\/spektakli-qiellor.jpg?fit=610%2C343&ssl=1","jetpack_sharing_enabled":true,"jetpack_shortlink":"https:\/\/wp.me\/p5Z6wp-8Sh","jetpack-related-posts":[{"id":75840,"url":"https:\/\/www.shqiperia.com\/blog\/sot-4-vite-nga-tragjedia-e-26-nentorit-humben-jeten-51-persona-nga-termeti-i-fuqishem-dhjetera-familje-mbeten-ne-qiell-te-hapur\/","url_meta":{"origin":34117,"position":0},"title":"Sot, 4 vite nga tragjedia e 26 n\u00ebntorit! &#8211; Humb\u00ebn jet\u00ebn 51 persona nga t\u00ebrmeti i fuqish\u00ebm, dhjet\u00ebra familje mbet\u00ebn n\u00eb qiell t\u00eb hapur","author":"Kurt Farka","date":"November 26, 2023","format":false,"excerpt":"26 Nentor 2023 Sot b\u00ebhen 4 vjet nga tragjedia e 26 n\u00ebntorit 2019, ku Shqip\u00ebria u trondit nga nj\u00eb termet i fuqish\u00ebm. Ishte ora 03:56, kur nj\u00eb l\u00ebkundje e fuqishme me magnitud\u00eb 6.4 t\u00eb shkall\u00ebs rihter, q\u00eb zgjati p\u00ebr rreth 50 sekonda, goditi Durr\u00ebsin dhe Tiran\u00ebn dhe disa bashki t\u00eb\u2026","rel":"","context":"In &quot;Blogu i Udh\u00ebtarit&quot;","block_context":{"text":"Blogu i Udh\u00ebtarit","link":"https:\/\/www.shqiperia.com\/blog\/category\/blogu-i-udhetarit\/"},"img":{"alt_text":"","src":"https:\/\/i0.wp.com\/www.shqiperia.com\/blog\/wp-content\/uploads\/2023\/11\/1575456365_autotermetithumaneshqiperi11574973592.jpg?fit=780%2C440&ssl=1&resize=350%2C200","width":350,"height":200,"srcset":"https:\/\/i0.wp.com\/www.shqiperia.com\/blog\/wp-content\/uploads\/2023\/11\/1575456365_autotermetithumaneshqiperi11574973592.jpg?fit=780%2C440&ssl=1&resize=350%2C200 1x, https:\/\/i0.wp.com\/www.shqiperia.com\/blog\/wp-content\/uploads\/2023\/11\/1575456365_autotermetithumaneshqiperi11574973592.jpg?fit=780%2C440&ssl=1&resize=525%2C300 1.5x, https:\/\/i0.wp.com\/www.shqiperia.com\/blog\/wp-content\/uploads\/2023\/11\/1575456365_autotermetithumaneshqiperi11574973592.jpg?fit=780%2C440&ssl=1&resize=700%2C400 2x"},"classes":[]},{"id":59028,"url":"https:\/\/www.shqiperia.com\/blog\/superhena-luleshtrydhe-ne-mbremje-do-te-kete-pamje-spektakolare-ja-cfare-nenkupton-fenomeni-i-rralle\/","url_meta":{"origin":34117,"position":1},"title":"\u201cSuperh\u00ebna luleshtrydhe\u201d: &#8211; N\u00eb mbr\u00ebmje do t\u00eb ket\u00eb pamje spektakolare, ja \u00e7far\u00eb n\u00ebnkupton fenomeni i rrall\u00eb","author":"Kurt Farka","date":"June 14, 2022","format":false,"excerpt":"14 Qershor 2022 Pak p\u00ebrpara mesnat\u00ebs s\u00eb sotme, n\u00eb or\u00ebn 23:00, n\u00eb qiell do t\u00eb shfaqet ajo q\u00eb njihet si \u201ch\u00ebna luleshtrydhe\u201d. NASA ka lajm\u00ebruar se kjo do t\u00eb krijoj\u00eb mund\u00ebsin\u00eb q\u00eb nga toka t\u00eb dallohen krateret dhe relievet malore t\u00eb h\u00ebn\u00ebs, n\u00ebse p\u00ebrdoret nj\u00eb teleskop i mir\u00eb. Mbr\u00ebmjen e\u2026","rel":"","context":"In &quot;Blogu i Udh\u00ebtarit&quot;","block_context":{"text":"Blogu i Udh\u00ebtarit","link":"https:\/\/www.shqiperia.com\/blog\/category\/blogu-i-udhetarit\/"},"img":{"alt_text":"","src":"https:\/\/i0.wp.com\/www.shqiperia.com\/blog\/wp-content\/uploads\/2022\/06\/Hena-luleshtrydhe-14-qershor-2022.jpg?fit=800%2C449&ssl=1&resize=350%2C200","width":350,"height":200,"srcset":"https:\/\/i0.wp.com\/www.shqiperia.com\/blog\/wp-content\/uploads\/2022\/06\/Hena-luleshtrydhe-14-qershor-2022.jpg?fit=800%2C449&ssl=1&resize=350%2C200 1x, https:\/\/i0.wp.com\/www.shqiperia.com\/blog\/wp-content\/uploads\/2022\/06\/Hena-luleshtrydhe-14-qershor-2022.jpg?fit=800%2C449&ssl=1&resize=525%2C300 1.5x, https:\/\/i0.wp.com\/www.shqiperia.com\/blog\/wp-content\/uploads\/2022\/06\/Hena-luleshtrydhe-14-qershor-2022.jpg?fit=800%2C449&ssl=1&resize=700%2C400 2x"},"classes":[]},{"id":25165,"url":"https:\/\/www.shqiperia.com\/blog\/per-kuriozitet-treni-ne-shqiperi-200-persona-udhetojne-cdo-dite-nga-tirana-ne-durres\/","url_meta":{"origin":34117,"position":2},"title":"Per\u00a0 kuriozitet. &#8211; Treni n\u00eb Shqip\u00ebri, 200 persona udh\u00ebtojn\u00eb \u00e7do dit\u00eb nga Tirana n\u00eb Durr\u00ebs","author":"Kurt Farka","date":"August 26, 2019","format":false,"excerpt":"Per\u00a0 kuriozitet. - Treni n\u00eb Shqip\u00ebri, 200 persona udh\u00ebtojn\u00eb \u00e7do dit\u00eb nga Tirana n\u00eb Durr\u00ebs Sa e zakont\u00eb dukej dikur nj\u00eb bilete treni, aq e pazakont\u00eb dhe nostalgjike \u00ebsht\u00eb sot t\u00eb udh\u00ebtosh me tren n\u00eb Shqip\u00ebri. Duket e pabesueshme, por trenat vijojn\u00eb t\u00eb jen\u00eb nj\u00eb mjet udh\u00ebtimi, t\u00eb pakt\u00ebn deri\u2026","rel":"","context":"In &quot;Blogu i Udh\u00ebtarit&quot;","block_context":{"text":"Blogu i Udh\u00ebtarit","link":"https:\/\/www.shqiperia.com\/blog\/category\/blogu-i-udhetarit\/"},"img":{"alt_text":"","src":"https:\/\/i0.wp.com\/www.shqiperia.com\/blog\/wp-content\/uploads\/2019\/08\/tren-train-905x450.jpg?fit=905%2C450&ssl=1&resize=350%2C200","width":350,"height":200,"srcset":"https:\/\/i0.wp.com\/www.shqiperia.com\/blog\/wp-content\/uploads\/2019\/08\/tren-train-905x450.jpg?fit=905%2C450&ssl=1&resize=350%2C200 1x, https:\/\/i0.wp.com\/www.shqiperia.com\/blog\/wp-content\/uploads\/2019\/08\/tren-train-905x450.jpg?fit=905%2C450&ssl=1&resize=525%2C300 1.5x, https:\/\/i0.wp.com\/www.shqiperia.com\/blog\/wp-content\/uploads\/2019\/08\/tren-train-905x450.jpg?fit=905%2C450&ssl=1&resize=700%2C400 2x"},"classes":[]},{"id":95838,"url":"https:\/\/www.shqiperia.com\/blog\/protesta-e-opozites-nese-tirana-bashkohet-ne-revolte-qeveria-bie\/","url_meta":{"origin":34117,"position":3},"title":"Protesta e opozit\u00ebs\/ \u201cN\u00ebse Tirana bashkohet n\u00eb revolt\u00eb, qeveria bie\u201d","author":"Kurt Farka","date":"December 22, 2025","format":false,"excerpt":"22 Dhjetor 2025 Lefter Maliqi b\u00ebri thirrje q\u00eb qytetar\u00ebt t\u2019I bashkohen protest\u00ebs s\u00eb opozit\u00ebs k\u00ebt\u00eb t\u00eb h\u00ebn\u00eb n\u00eb or\u00ebn 18:00. Gjat\u00eb nj\u00eb intervist\u00eb n\u00eb \u201cNe\u00ebs24\u201d, Maliqi tha se \u00ebsht\u00eb shum\u00eb e r\u00ebnd\u00ebsishme q\u00eb protesta t\u00eb vazhdoj\u00eb pa nd\u00ebrprerje, duhet t\u00eb jet\u00eb e bashkuar sepse nuk ka zgjidhje tjet\u00ebr. AI theksoi\u2026","rel":"","context":"In &quot;Blogu i Udh\u00ebtarit&quot;","block_context":{"text":"Blogu i Udh\u00ebtarit","link":"https:\/\/www.shqiperia.com\/blog\/category\/blogu-i-udhetarit\/"},"img":{"alt_text":"","src":"https:\/\/i0.wp.com\/www.shqiperia.com\/blog\/wp-content\/uploads\/2025\/12\/ramaaaretertyeryryr-e1742811957319-1.jpg?fit=751%2C411&ssl=1&resize=350%2C200","width":350,"height":200,"srcset":"https:\/\/i0.wp.com\/www.shqiperia.com\/blog\/wp-content\/uploads\/2025\/12\/ramaaaretertyeryryr-e1742811957319-1.jpg?fit=751%2C411&ssl=1&resize=350%2C200 1x, https:\/\/i0.wp.com\/www.shqiperia.com\/blog\/wp-content\/uploads\/2025\/12\/ramaaaretertyeryryr-e1742811957319-1.jpg?fit=751%2C411&ssl=1&resize=525%2C300 1.5x, https:\/\/i0.wp.com\/www.shqiperia.com\/blog\/wp-content\/uploads\/2025\/12\/ramaaaretertyeryryr-e1742811957319-1.jpg?fit=751%2C411&ssl=1&resize=700%2C400 2x"},"classes":[]},{"id":87773,"url":"https:\/\/www.shqiperia.com\/blog\/zbulohet-metoda-e-krijimit-te-diskut-legjendar-qiellor-te-nebres\/","url_meta":{"origin":34117,"position":4},"title":"Zbulohet metoda e krijimit t\u00eb diskut legjendar qiellor t\u00eb Nebr\u00ebs","author":"Kurt Farka","date":"December 24, 2024","format":false,"excerpt":"24 Dhjetor 2024 Nj\u00eb rreth bronzi i g\u00ebrryer, me nj\u00eb diamet\u00ebr prej 30cm, i zbukuruar me forma t\u00eb arta, u zbulua rast\u00ebsisht n\u00eb vitin 1999 n\u00eb Nebra t\u00eb Gjermanis\u00eb, tani i njohur si Disku Qiellor i Nebr\u00ebs. M\u00eb shum\u00eb se 3600 vjet i vjet\u00ebr, ai konsiderohet gjer\u00ebsisht si p\u00ebrshkrimi m\u00eb\u2026","rel":"","context":"In &quot;Blogu i Udh\u00ebtarit&quot;","block_context":{"text":"Blogu i Udh\u00ebtarit","link":"https:\/\/www.shqiperia.com\/blog\/category\/blogu-i-udhetarit\/"},"img":{"alt_text":"","src":"https:\/\/i0.wp.com\/www.shqiperia.com\/blog\/wp-content\/uploads\/2024\/12\/auto_NebraSkyDisc1734511388.jpg?fit=900%2C473&ssl=1&resize=350%2C200","width":350,"height":200,"srcset":"https:\/\/i0.wp.com\/www.shqiperia.com\/blog\/wp-content\/uploads\/2024\/12\/auto_NebraSkyDisc1734511388.jpg?fit=900%2C473&ssl=1&resize=350%2C200 1x, https:\/\/i0.wp.com\/www.shqiperia.com\/blog\/wp-content\/uploads\/2024\/12\/auto_NebraSkyDisc1734511388.jpg?fit=900%2C473&ssl=1&resize=525%2C300 1.5x, https:\/\/i0.wp.com\/www.shqiperia.com\/blog\/wp-content\/uploads\/2024\/12\/auto_NebraSkyDisc1734511388.jpg?fit=900%2C473&ssl=1&resize=700%2C400 2x"},"classes":[]},{"id":40850,"url":"https:\/\/www.shqiperia.com\/blog\/beteja-e-votes-tri-qarqet-qe-vulosin-25-prillin\/","url_meta":{"origin":34117,"position":5},"title":"Beteja e vot\u00ebs, tri qarqet q\u00eb vulosin 25 prillin","author":"Kurt Farka","date":"November 14, 2020","format":false,"excerpt":"Beteja e vot\u00ebs, tri qarqet q\u00eb vulosin 25 prillin - 13\/11\/20 Tirana, Durr\u00ebsi dhe Elbasani, duket se jan\u00eb qarqet q\u00eb do vulosin se kush do formoj\u00eb qeverin\u00eb pas 25 prillit.\u00a0 N\u00eb nj\u00eb projeksion t\u00eb gazet\u00ebs \u201cMapo\u201d, rezulton se opozita e bashkuar ka sot nj\u00eb avantazh t\u00eb duksh\u00ebm ndaj t\u00eb majt\u00ebs.\u2026","rel":"","context":"In &quot;Blogu i Udh\u00ebtarit&quot;","block_context":{"text":"Blogu i Udh\u00ebtarit","link":"https:\/\/www.shqiperia.com\/blog\/category\/blogu-i-udhetarit\/"},"img":{"alt_text":"","src":"https:\/\/i0.wp.com\/www.shqiperia.com\/blog\/wp-content\/uploads\/2020\/11\/74cdaf35-b389-4abf-8ba8-46d0770d1ea5.jpg?fit=527%2C275&ssl=1&resize=350%2C200","width":350,"height":200,"srcset":"https:\/\/i0.wp.com\/www.shqiperia.com\/blog\/wp-content\/uploads\/2020\/11\/74cdaf35-b389-4abf-8ba8-46d0770d1ea5.jpg?fit=527%2C275&ssl=1&resize=350%2C200 1x, https:\/\/i0.wp.com\/www.shqiperia.com\/blog\/wp-content\/uploads\/2020\/11\/74cdaf35-b389-4abf-8ba8-46d0770d1ea5.jpg?fit=527%2C275&ssl=1&resize=525%2C300 1.5x"},"classes":[]}],"_links":{"self":[{"href":"https:\/\/www.shqiperia.com\/blog\/wp-json\/wp\/v2\/posts\/34117","targetHints":{"allow":["GET"]}}],"collection":[{"href":"https:\/\/www.shqiperia.com\/blog\/wp-json\/wp\/v2\/posts"}],"about":[{"href":"https:\/\/www.shqiperia.com\/blog\/wp-json\/wp\/v2\/types\/post"}],"author":[{"embeddable":true,"href":"https:\/\/www.shqiperia.com\/blog\/wp-json\/wp\/v2\/users\/9"}],"replies":[{"embeddable":true,"href":"https:\/\/www.shqiperia.com\/blog\/wp-json\/wp\/v2\/comments?post=34117"}],"version-history":[{"count":1,"href":"https:\/\/www.shqiperia.com\/blog\/wp-json\/wp\/v2\/posts\/34117\/revisions"}],"predecessor-version":[{"id":34119,"href":"https:\/\/www.shqiperia.com\/blog\/wp-json\/wp\/v2\/posts\/34117\/revisions\/34119"}],"wp:featuredmedia":[{"embeddable":true,"href":"https:\/\/www.shqiperia.com\/blog\/wp-json\/wp\/v2\/media\/34118"}],"wp:attachment":[{"href":"https:\/\/www.shqiperia.com\/blog\/wp-json\/wp\/v2\/media?parent=34117"}],"wp:term":[{"taxonomy":"category","embeddable":true,"href":"https:\/\/www.shqiperia.com\/blog\/wp-json\/wp\/v2\/categories?post=34117"},{"taxonomy":"post_tag","embeddable":true,"href":"https:\/\/www.shqiperia.com\/blog\/wp-json\/wp\/v2\/tags?post=34117"}],"curies":[{"name":"wp","href":"https:\/\/api.w.org\/{rel}","templated":true}]}}