{"id":34079,"date":"2020-04-30T09:26:52","date_gmt":"2020-04-30T09:26:52","guid":{"rendered":"https:\/\/www.shqiperia.com\/blog\/?p=34079"},"modified":"2020-04-30T09:26:52","modified_gmt":"2020-04-30T09:26:52","slug":"ku-ndodhet-godulla-e-karavastase","status":"publish","type":"post","link":"https:\/\/www.shqiperia.com\/blog\/ku-ndodhet-godulla-e-karavastase\/","title":{"rendered":"Ku ndodhet Godulla e Karavastas\u00eb?"},"content":{"rendered":"<p><img data-recalc-dims=\"1\" loading=\"lazy\" decoding=\"async\" data-attachment-id=\"34080\" data-permalink=\"https:\/\/www.shqiperia.com\/blog\/ku-ndodhet-godulla-e-karavastase\/maxresdefault-5-630x250\/\" data-orig-file=\"https:\/\/i0.wp.com\/www.shqiperia.com\/blog\/wp-content\/uploads\/2020\/04\/maxresdefault-5-630x250-1.jpg?fit=630%2C250&amp;ssl=1\" data-orig-size=\"630,250\" data-comments-opened=\"1\" data-image-meta=\"{&quot;aperture&quot;:&quot;0&quot;,&quot;credit&quot;:&quot;&quot;,&quot;camera&quot;:&quot;&quot;,&quot;caption&quot;:&quot;&quot;,&quot;created_timestamp&quot;:&quot;0&quot;,&quot;copyright&quot;:&quot;&quot;,&quot;focal_length&quot;:&quot;0&quot;,&quot;iso&quot;:&quot;0&quot;,&quot;shutter_speed&quot;:&quot;0&quot;,&quot;title&quot;:&quot;&quot;,&quot;orientation&quot;:&quot;0&quot;}\" data-image-title=\"maxresdefault-5-630&#215;250\" data-image-description=\"\" data-image-caption=\"\" data-medium-file=\"https:\/\/i0.wp.com\/www.shqiperia.com\/blog\/wp-content\/uploads\/2020\/04\/maxresdefault-5-630x250-1.jpg?fit=300%2C119&amp;ssl=1\" data-large-file=\"https:\/\/i0.wp.com\/www.shqiperia.com\/blog\/wp-content\/uploads\/2020\/04\/maxresdefault-5-630x250-1.jpg?fit=630%2C250&amp;ssl=1\" class=\"alignnone  wp-image-34080\" alt=\"\" src=\"https:\/\/i0.wp.com\/www.shqiperia.com\/blog\/wp-content\/uploads\/2020\/04\/maxresdefault-5-630x250-1.jpg?resize=449%2C178&#038;ssl=1\" width=\"449\" height=\"178\" srcset=\"https:\/\/i0.wp.com\/www.shqiperia.com\/blog\/wp-content\/uploads\/2020\/04\/maxresdefault-5-630x250-1.jpg?resize=300%2C119&amp;ssl=1 300w, https:\/\/i0.wp.com\/www.shqiperia.com\/blog\/wp-content\/uploads\/2020\/04\/maxresdefault-5-630x250-1.jpg?resize=450%2C179&amp;ssl=1 450w, https:\/\/i0.wp.com\/www.shqiperia.com\/blog\/wp-content\/uploads\/2020\/04\/maxresdefault-5-630x250-1.jpg?resize=600%2C238&amp;ssl=1 600w, https:\/\/i0.wp.com\/www.shqiperia.com\/blog\/wp-content\/uploads\/2020\/04\/maxresdefault-5-630x250-1.jpg?resize=400%2C159&amp;ssl=1 400w, https:\/\/i0.wp.com\/www.shqiperia.com\/blog\/wp-content\/uploads\/2020\/04\/maxresdefault-5-630x250-1.jpg?w=630&amp;ssl=1 630w\" sizes=\"auto, (max-width: 449px) 100vw, 449px\" \/><\/p>\n<p><strong>Ku ndodhet Godulla e Karavastas\u00eb?<\/strong><\/p>\n<p>Godulla e Karavastas\u00eb shtrihet nd\u00ebrmjet gryk\u00ebderdhjeve t\u00eb Semanit dhe t\u00eb Shkumbinit, n\u00eb per\u00ebndim t\u00eb lagun\u00ebs s\u00eb Karavastas\u00eb, midis saj e detit Adriatik.<\/p>\n<p>\u00cbsht\u00eb nj\u00eb lagun\u00eb e vog\u00ebl n\u00eb formim e sip\u00ebr, n\u00eb trajt\u00eb pothuajse vezake, me sip\u00ebrfaqe 8.5 ha.<\/p>\n<p>Godulla e Karavastas\u00eb ka filluar t\u00eb formohet n\u00eb dhjet\u00ebvje\u00e7arin e par\u00eb t\u00eb shek.XX (pasi kishte marr\u00eb form\u00eb t\u00eb plot\u00eb laguna e Karavastas\u00eb) nga dy shigjeta bregdetare.<\/p>\n<p><img data-recalc-dims=\"1\" loading=\"lazy\" decoding=\"async\" data-attachment-id=\"34083\" data-permalink=\"https:\/\/www.shqiperia.com\/blog\/ku-ndodhet-godulla-e-karavastase\/divjaka-karavasta-2-2\/\" data-orig-file=\"https:\/\/i0.wp.com\/www.shqiperia.com\/blog\/wp-content\/uploads\/2020\/04\/Divjaka-Karavasta-2-1.jpeg?fit=400%2C266&amp;ssl=1\" data-orig-size=\"400,266\" data-comments-opened=\"1\" data-image-meta=\"{&quot;aperture&quot;:&quot;0&quot;,&quot;credit&quot;:&quot;&quot;,&quot;camera&quot;:&quot;&quot;,&quot;caption&quot;:&quot;&quot;,&quot;created_timestamp&quot;:&quot;0&quot;,&quot;copyright&quot;:&quot;&quot;,&quot;focal_length&quot;:&quot;0&quot;,&quot;iso&quot;:&quot;0&quot;,&quot;shutter_speed&quot;:&quot;0&quot;,&quot;title&quot;:&quot;&quot;,&quot;orientation&quot;:&quot;0&quot;}\" data-image-title=\"Divjaka-Karavasta-2\" data-image-description=\"\" data-image-caption=\"\" data-medium-file=\"https:\/\/i0.wp.com\/www.shqiperia.com\/blog\/wp-content\/uploads\/2020\/04\/Divjaka-Karavasta-2-1.jpeg?fit=300%2C200&amp;ssl=1\" data-large-file=\"https:\/\/i0.wp.com\/www.shqiperia.com\/blog\/wp-content\/uploads\/2020\/04\/Divjaka-Karavasta-2-1.jpeg?fit=400%2C266&amp;ssl=1\" class=\"alignnone  wp-image-34083\" alt=\"\" src=\"https:\/\/i0.wp.com\/www.shqiperia.com\/blog\/wp-content\/uploads\/2020\/04\/Divjaka-Karavasta-2-1.jpeg?resize=557%2C371&#038;ssl=1\" width=\"557\" height=\"371\" srcset=\"https:\/\/i0.wp.com\/www.shqiperia.com\/blog\/wp-content\/uploads\/2020\/04\/Divjaka-Karavasta-2-1.jpeg?resize=300%2C200&amp;ssl=1 300w, https:\/\/i0.wp.com\/www.shqiperia.com\/blog\/wp-content\/uploads\/2020\/04\/Divjaka-Karavasta-2-1.jpeg?w=400&amp;ssl=1 400w\" sizes=\"auto, (max-width: 557px) 100vw, 557px\" \/> <img data-recalc-dims=\"1\" loading=\"lazy\" decoding=\"async\" data-attachment-id=\"34084\" data-permalink=\"https:\/\/www.shqiperia.com\/blog\/ku-ndodhet-godulla-e-karavastase\/godulla-e-karavastase\/\" data-orig-file=\"https:\/\/i0.wp.com\/www.shqiperia.com\/blog\/wp-content\/uploads\/2020\/04\/Godulla-e-Karavastas%C3%AB.jpg?fit=310%2C163&amp;ssl=1\" data-orig-size=\"310,163\" data-comments-opened=\"1\" data-image-meta=\"{&quot;aperture&quot;:&quot;0&quot;,&quot;credit&quot;:&quot;&quot;,&quot;camera&quot;:&quot;&quot;,&quot;caption&quot;:&quot;&quot;,&quot;created_timestamp&quot;:&quot;0&quot;,&quot;copyright&quot;:&quot;&quot;,&quot;focal_length&quot;:&quot;0&quot;,&quot;iso&quot;:&quot;0&quot;,&quot;shutter_speed&quot;:&quot;0&quot;,&quot;title&quot;:&quot;&quot;,&quot;orientation&quot;:&quot;0&quot;}\" data-image-title=\"Godulla e Karavastas\u00eb\" data-image-description=\"\" data-image-caption=\"\" data-medium-file=\"https:\/\/i0.wp.com\/www.shqiperia.com\/blog\/wp-content\/uploads\/2020\/04\/Godulla-e-Karavastas%C3%AB.jpg?fit=300%2C158&amp;ssl=1\" data-large-file=\"https:\/\/i0.wp.com\/www.shqiperia.com\/blog\/wp-content\/uploads\/2020\/04\/Godulla-e-Karavastas%C3%AB.jpg?fit=310%2C163&amp;ssl=1\" class=\"alignnone  wp-image-34084\" alt=\"\" src=\"https:\/\/i0.wp.com\/www.shqiperia.com\/blog\/wp-content\/uploads\/2020\/04\/Godulla-e-Karavastas%C3%AB.jpg?resize=560%2C295&#038;ssl=1\" width=\"560\" height=\"295\" srcset=\"https:\/\/i0.wp.com\/www.shqiperia.com\/blog\/wp-content\/uploads\/2020\/04\/Godulla-e-Karavastas%C3%AB.jpg?resize=300%2C158&amp;ssl=1 300w, https:\/\/i0.wp.com\/www.shqiperia.com\/blog\/wp-content\/uploads\/2020\/04\/Godulla-e-Karavastas%C3%AB.jpg?w=310&amp;ssl=1 310w\" sizes=\"auto, (max-width: 560px) 100vw, 560px\" \/><\/p>\n<p>K\u00ebto t\u00eb fundit jan\u00eb krijuar nga grumbullimi i vazhduesh\u00ebm i l\u00ebnd\u00ebve t\u00eb ngurta t\u00eb Semanit dhe Shkumbinit.<\/p>\n<p><em>gazeta DITA<\/em><\/p>\n","protected":false},"excerpt":{"rendered":"<p>Ku ndodhet Godulla e Karavastas\u00eb? Godulla e Karavastas\u00eb shtrihet nd\u00ebrmjet gryk\u00ebderdhjeve t\u00eb Semanit dhe t\u00eb Shkumbinit, n\u00eb per\u00ebndim t\u00eb lagun\u00ebs s\u00eb Karavastas\u00eb, midis saj e detit Adriatik. \u00cbsht\u00eb nj\u00eb lagun\u00eb e vog\u00ebl n\u00eb formim e sip\u00ebr, n\u00eb trajt\u00eb pothuajse vezake, me sip\u00ebrfaqe 8.5 ha. Godulla e Karavastas\u00eb ka filluar t\u00eb formohet n\u00eb dhjet\u00ebvje\u00e7arin e par\u00eb [&hellip;]<\/p>\n","protected":false},"author":9,"featured_media":34080,"comment_status":"open","ping_status":"open","sticky":false,"template":"","format":"standard","meta":{"jetpack_post_was_ever_published":false,"_jetpack_newsletter_access":"","_jetpack_dont_email_post_to_subs":false,"_jetpack_newsletter_tier_id":0,"_jetpack_memberships_contains_paywalled_content":false,"_jetpack_memberships_contains_paid_content":false,"footnotes":"","jetpack_publicize_message":"","jetpack_publicize_feature_enabled":true,"jetpack_social_post_already_shared":true,"jetpack_social_options":{"image_generator_settings":{"template":"highway","default_image_id":0,"font":"","enabled":false},"version":2}},"categories":[27,14,35],"tags":[],"class_list":["post-34079","post","type-post","status-publish","format-standard","has-post-thumbnail","hentry","category-blogu-i-udhetarit","category-press-releases","category-shoqerore"],"jetpack_publicize_connections":[],"jetpack_featured_media_url":"https:\/\/i0.wp.com\/www.shqiperia.com\/blog\/wp-content\/uploads\/2020\/04\/maxresdefault-5-630x250-1.jpg?fit=630%2C250&ssl=1","jetpack_sharing_enabled":true,"jetpack_shortlink":"https:\/\/wp.me\/p5Z6wp-8RF","jetpack-related-posts":[{"id":43854,"url":"https:\/\/www.shqiperia.com\/blog\/sa-i-gjate-eshte-shkumbini\/","url_meta":{"origin":34079,"position":0},"title":"Sa i gjat\u00eb \u00ebsht\u00eb Shkumbini?","author":"Kurt Farka","date":"February 6, 2021","format":false,"excerpt":"Sa i gjat\u00eb \u00ebsht\u00eb Shkumbini? Shkurt 2021 Lumi Shkumbin ndodhet n\u00eb Shqip\u00ebrin\u00eb e Mesme. \u00cbsht\u00eb nj\u00eb nga lumenjt\u00eb m\u00eb t\u00eb m\u00ebdhenj n\u00eb vend, me gjat\u00ebsi 181 km, sip\u00ebrfaqe 2444 km katror\u00eb dhe lart\u00ebsi mesatare 753 m. Derdhet n\u00eb Adriatik n\u00eb veri t\u00eb lagun\u00ebs s\u00eb Karavastas\u00eb. Buron nga shpatet lindore t\u00eb\u2026","rel":"","context":"In &quot;Blogu i Udh\u00ebtarit&quot;","block_context":{"text":"Blogu i Udh\u00ebtarit","link":"https:\/\/www.shqiperia.com\/blog\/category\/blogu-i-udhetarit\/"},"img":{"alt_text":"","src":"https:\/\/i0.wp.com\/www.shqiperia.com\/blog\/wp-content\/uploads\/2021\/02\/1200px-Ura_e_Kamares_Kamare_Bridge_Elbasan_4.jpg?fit=1200%2C587&ssl=1&resize=350%2C200","width":350,"height":200,"srcset":"https:\/\/i0.wp.com\/www.shqiperia.com\/blog\/wp-content\/uploads\/2021\/02\/1200px-Ura_e_Kamares_Kamare_Bridge_Elbasan_4.jpg?fit=1200%2C587&ssl=1&resize=350%2C200 1x, https:\/\/i0.wp.com\/www.shqiperia.com\/blog\/wp-content\/uploads\/2021\/02\/1200px-Ura_e_Kamares_Kamare_Bridge_Elbasan_4.jpg?fit=1200%2C587&ssl=1&resize=525%2C300 1.5x, https:\/\/i0.wp.com\/www.shqiperia.com\/blog\/wp-content\/uploads\/2021\/02\/1200px-Ura_e_Kamares_Kamare_Bridge_Elbasan_4.jpg?fit=1200%2C587&ssl=1&resize=700%2C400 2x, https:\/\/i0.wp.com\/www.shqiperia.com\/blog\/wp-content\/uploads\/2021\/02\/1200px-Ura_e_Kamares_Kamare_Bridge_Elbasan_4.jpg?fit=1200%2C587&ssl=1&resize=1050%2C600 3x"},"classes":[]},{"id":55373,"url":"https:\/\/www.shqiperia.com\/blog\/kujdes-semundja-qe-po-kercenon-pelikanin-kacurrel-transmetohet-dhe-te-njeriu-dhe-eshte-shume-e-rrezikshme\/","url_meta":{"origin":34079,"position":1},"title":"Kujdes: &#8211; S\u00ebmundja q\u00eb po k\u00ebrc\u00ebnon pelikanin ka\u00e7urrel, transmetohet dhe te njeriu dhe eshte shume e rrezikshme","author":"Kurt Farka","date":"March 13, 2022","format":false,"excerpt":"Kujdes: - S\u00ebmundja q\u00eb po k\u00ebrc\u00ebnon pelikanin ka\u00e7urrel, transmetohet dhe te njeriu dhe eshte shume e rrezikshme 12 Mars 2022 ...\"Kur transmetohet nga kafsh\u00ebt tek njeriu n\u00eb 60% t\u00eb rasteve p\u00ebrfundon n\u00eb vdekje t\u00eb njeriut\". Pelikani ka\u00e7urrel n\u00eb lagun\u00ebn e Karavastas\u00eb \u00ebsht\u00eb n\u00eb rrezik nga nj\u00eb s\u00ebmundje. Ky sinjalizim vjen\u2026","rel":"","context":"In &quot;Blogu i Udh\u00ebtarit&quot;","block_context":{"text":"Blogu i Udh\u00ebtarit","link":"https:\/\/www.shqiperia.com\/blog\/category\/blogu-i-udhetarit\/"},"img":{"alt_text":"","src":"https:\/\/i0.wp.com\/www.shqiperia.com\/blog\/wp-content\/uploads\/2022\/03\/pelikani-kacurrel-1.png?fit=544%2C329&ssl=1&resize=350%2C200","width":350,"height":200,"srcset":"https:\/\/i0.wp.com\/www.shqiperia.com\/blog\/wp-content\/uploads\/2022\/03\/pelikani-kacurrel-1.png?fit=544%2C329&ssl=1&resize=350%2C200 1x, https:\/\/i0.wp.com\/www.shqiperia.com\/blog\/wp-content\/uploads\/2022\/03\/pelikani-kacurrel-1.png?fit=544%2C329&ssl=1&resize=525%2C300 1.5x"},"classes":[]},{"id":12352,"url":"https:\/\/www.shqiperia.com\/blog\/nga-vjen-emri-myzeqe\/","url_meta":{"origin":34079,"position":2},"title":"Nga vjen emri Myzeqe? &#8211;","author":"Kurt Farka","date":"October 7, 2018","format":false,"excerpt":"Nga vjen emri Myzeqe? - Emri Myzeqe mendohet se vjen nga mbiemri i familjes princ\u00ebrore t\u00eb Muzakajve, e cila ka qen\u00eb sundimtare e k\u00ebsaj krahine gjat\u00eb shekujve t\u00eb XIV dhe XV. Tek ky mendim t\u00eb shpie edhe nj\u00eb dokument venedikas i 28 prillit 1412. N\u00eb k\u00ebt\u00eb dokument, emri i k\u00ebsaj\u2026","rel":"","context":"In &quot;Histori&quot;","block_context":{"text":"Histori","link":"https:\/\/www.shqiperia.com\/blog\/category\/histori\/"},"img":{"alt_text":"","src":"https:\/\/i0.wp.com\/www.shqiperia.com\/blog\/wp-content\/uploads\/2018\/10\/23112915_1705817812825514_130371537_o-905x395.jpg?fit=905%2C395&ssl=1&resize=350%2C200","width":350,"height":200,"srcset":"https:\/\/i0.wp.com\/www.shqiperia.com\/blog\/wp-content\/uploads\/2018\/10\/23112915_1705817812825514_130371537_o-905x395.jpg?fit=905%2C395&ssl=1&resize=350%2C200 1x, https:\/\/i0.wp.com\/www.shqiperia.com\/blog\/wp-content\/uploads\/2018\/10\/23112915_1705817812825514_130371537_o-905x395.jpg?fit=905%2C395&ssl=1&resize=525%2C300 1.5x, https:\/\/i0.wp.com\/www.shqiperia.com\/blog\/wp-content\/uploads\/2018\/10\/23112915_1705817812825514_130371537_o-905x395.jpg?fit=905%2C395&ssl=1&resize=700%2C400 2x"},"classes":[]},{"id":55938,"url":"https:\/\/www.shqiperia.com\/blog\/shqiperia-nen-gjuhet-e-flakeve-zjarre-masive-nga-te-gjitha-anet-temperaturat-e-uleta-nuk-ndihmojne-aspak\/","url_meta":{"origin":34079,"position":3},"title":"Shqip\u00ebria n\u00ebn gjuh\u00ebt e flak\u00ebve! &#8211; Zjarre masive nga t\u00eb gjitha an\u00ebt, temperaturat e ul\u00ebta nuk ndihmojn\u00eb aspak","author":"Kurt Farka","date":"March 25, 2022","format":false,"excerpt":"Shqip\u00ebria n\u00ebn gjuh\u00ebt e flak\u00ebve! - Zjarre masive nga t\u00eb gjitha an\u00ebt, temperaturat e ul\u00ebta nuk ndihmojn\u00eb aspak - 24.03.22 Kodrat e Parkut Komb\u00ebtar t\u00eb Divjak\u00ebs dhe Karavastas\u00eb Sh\u00ebngjin Zjarri n\u00eb Dukat t\u00eb Vlor\u00ebs Flak\u00ebt p\u00ebrfshijn\u00eb sip\u00ebrfaqen pyjore n\u00eb Vaun e Dej\u00ebs Llogara, zjarrfik\u00ebsit t\u00eb pafuqish\u00ebm para flak\u00ebve Zjarri n\u00eb\u2026","rel":"","context":"In &quot;Blogu i Udh\u00ebtarit&quot;","block_context":{"text":"Blogu i Udh\u00ebtarit","link":"https:\/\/www.shqiperia.com\/blog\/category\/blogu-i-udhetarit\/"},"img":{"alt_text":"","src":"https:\/\/i0.wp.com\/www.shqiperia.com\/blog\/wp-content\/uploads\/2022\/03\/Shengjin.jpg?fit=768%2C422&ssl=1&resize=350%2C200","width":350,"height":200,"srcset":"https:\/\/i0.wp.com\/www.shqiperia.com\/blog\/wp-content\/uploads\/2022\/03\/Shengjin.jpg?fit=768%2C422&ssl=1&resize=350%2C200 1x, https:\/\/i0.wp.com\/www.shqiperia.com\/blog\/wp-content\/uploads\/2022\/03\/Shengjin.jpg?fit=768%2C422&ssl=1&resize=525%2C300 1.5x, https:\/\/i0.wp.com\/www.shqiperia.com\/blog\/wp-content\/uploads\/2022\/03\/Shengjin.jpg?fit=768%2C422&ssl=1&resize=700%2C400 2x"},"classes":[]},{"id":60213,"url":"https:\/\/www.shqiperia.com\/blog\/zogjte-e-ligatinave-me-te-medha-ne-shqiperi-te-kercenuar-nga-nxehtesia-dhe-njeriu\/","url_meta":{"origin":34079,"position":4},"title":"Zogjt\u00eb e ligatinave m\u00eb t\u00eb m\u00ebdha n\u00eb Shqip\u00ebri t\u00eb k\u00ebrc\u00ebnuar nga nxeht\u00ebsia dhe njeriu","author":"Kurt Farka","date":"July 28, 2022","format":false,"excerpt":"28 Korrik 2022 Parku Komb\u00ebtar Divjak\u00eb-Karavasta, ku ndodhet nj\u00eb nga ligatinat m\u00eb t\u00eb m\u00ebdha t\u00eb mbrojtura po vuan pasojat e ngrohjes s\u00eb klim\u00ebs, nd\u00ebrhyrjes njer\u00ebzore dhe peshkimit t\u00eb pakontrolluar. I vendosur n\u00eb bregun jugper\u00ebndimor t\u00eb detit Adriatik, ky territor i gjer\u00eb prej 222 kilometrash katror\u00eb dhe nj\u00eb biodiversitet t\u00eb madh\u2026","rel":"","context":"In &quot;Blogu i Udh\u00ebtarit&quot;","block_context":{"text":"Blogu i Udh\u00ebtarit","link":"https:\/\/www.shqiperia.com\/blog\/category\/blogu-i-udhetarit\/"},"img":{"alt_text":"","src":"https:\/\/i0.wp.com\/www.shqiperia.com\/blog\/wp-content\/uploads\/2022\/07\/Parku-i-Divjakes.jpg?fit=960%2C539&ssl=1&resize=350%2C200","width":350,"height":200,"srcset":"https:\/\/i0.wp.com\/www.shqiperia.com\/blog\/wp-content\/uploads\/2022\/07\/Parku-i-Divjakes.jpg?fit=960%2C539&ssl=1&resize=350%2C200 1x, https:\/\/i0.wp.com\/www.shqiperia.com\/blog\/wp-content\/uploads\/2022\/07\/Parku-i-Divjakes.jpg?fit=960%2C539&ssl=1&resize=525%2C300 1.5x, https:\/\/i0.wp.com\/www.shqiperia.com\/blog\/wp-content\/uploads\/2022\/07\/Parku-i-Divjakes.jpg?fit=960%2C539&ssl=1&resize=700%2C400 2x"},"classes":[]},{"id":79365,"url":"https:\/\/www.shqiperia.com\/blog\/ne-shqiperi-te-gjitha-zonat-e-mbrojtura-jane-ne-rrezik-me-ligjin-e-ri-nuk-do-ti-shpetojne-shkaterrimit-dhe-shitjes\/","url_meta":{"origin":34079,"position":5},"title":"N\u00eb Shqip\u00ebri, t\u00eb gjitha zonat e mbrojtura jan\u00eb n\u00eb rrezik. &#8211; Me ligjin e ri nuk do t\u2019i shp\u00ebtojn\u00eb shkat\u00ebrrimit dhe shitjes!","author":"Kurt Farka","date":"March 19, 2024","format":false,"excerpt":"19 Mars 2024 Sipas ekspert\u00ebve me ligjin e ri, nuk do t\u00eb ket\u00eb m\u00eb zona t\u00eb mbrojtura n\u00eb Shqip\u00ebri, p\u00ebrfshir\u00eb t\u00eb gjith\u00eb parqet komb\u00ebtare q\u00eb nuk do t\u2019i shp\u00ebtojn\u00eb shkat\u00ebrrimit dhe shitjes. Kur korrikun e vitit t\u00eb kaluar motrat Ivanka dhe Tiffany Trump vizituan Shqip\u00ebrin\u00eb me bashk\u00ebshort\u00ebt e tyre, n\u00eb\u2026","rel":"","context":"In &quot;Blogu i Udh\u00ebtarit&quot;","block_context":{"text":"Blogu i Udh\u00ebtarit","link":"https:\/\/www.shqiperia.com\/blog\/category\/blogu-i-udhetarit\/"},"img":{"alt_text":"","src":"https:\/\/i0.wp.com\/www.shqiperia.com\/blog\/wp-content\/uploads\/2024\/03\/Ligji-iri.jpg?fit=980%2C482&ssl=1&resize=350%2C200","width":350,"height":200,"srcset":"https:\/\/i0.wp.com\/www.shqiperia.com\/blog\/wp-content\/uploads\/2024\/03\/Ligji-iri.jpg?fit=980%2C482&ssl=1&resize=350%2C200 1x, https:\/\/i0.wp.com\/www.shqiperia.com\/blog\/wp-content\/uploads\/2024\/03\/Ligji-iri.jpg?fit=980%2C482&ssl=1&resize=525%2C300 1.5x, https:\/\/i0.wp.com\/www.shqiperia.com\/blog\/wp-content\/uploads\/2024\/03\/Ligji-iri.jpg?fit=980%2C482&ssl=1&resize=700%2C400 2x"},"classes":[]}],"_links":{"self":[{"href":"https:\/\/www.shqiperia.com\/blog\/wp-json\/wp\/v2\/posts\/34079","targetHints":{"allow":["GET"]}}],"collection":[{"href":"https:\/\/www.shqiperia.com\/blog\/wp-json\/wp\/v2\/posts"}],"about":[{"href":"https:\/\/www.shqiperia.com\/blog\/wp-json\/wp\/v2\/types\/post"}],"author":[{"embeddable":true,"href":"https:\/\/www.shqiperia.com\/blog\/wp-json\/wp\/v2\/users\/9"}],"replies":[{"embeddable":true,"href":"https:\/\/www.shqiperia.com\/blog\/wp-json\/wp\/v2\/comments?post=34079"}],"version-history":[{"count":1,"href":"https:\/\/www.shqiperia.com\/blog\/wp-json\/wp\/v2\/posts\/34079\/revisions"}],"predecessor-version":[{"id":34085,"href":"https:\/\/www.shqiperia.com\/blog\/wp-json\/wp\/v2\/posts\/34079\/revisions\/34085"}],"wp:featuredmedia":[{"embeddable":true,"href":"https:\/\/www.shqiperia.com\/blog\/wp-json\/wp\/v2\/media\/34080"}],"wp:attachment":[{"href":"https:\/\/www.shqiperia.com\/blog\/wp-json\/wp\/v2\/media?parent=34079"}],"wp:term":[{"taxonomy":"category","embeddable":true,"href":"https:\/\/www.shqiperia.com\/blog\/wp-json\/wp\/v2\/categories?post=34079"},{"taxonomy":"post_tag","embeddable":true,"href":"https:\/\/www.shqiperia.com\/blog\/wp-json\/wp\/v2\/tags?post=34079"}],"curies":[{"name":"wp","href":"https:\/\/api.w.org\/{rel}","templated":true}]}}