{"id":33779,"date":"2020-04-26T16:01:23","date_gmt":"2020-04-26T16:01:23","guid":{"rendered":"https:\/\/www.shqiperia.com\/blog\/?p=33779"},"modified":"2020-04-26T16:01:23","modified_gmt":"2020-04-26T16:01:23","slug":"del-ne-qarkullim-nje-foto-e-kufomes-se-diktatorit-kim-jong-shtohet-misteri","status":"publish","type":"post","link":"https:\/\/www.shqiperia.com\/blog\/del-ne-qarkullim-nje-foto-e-kufomes-se-diktatorit-kim-jong-shtohet-misteri\/","title":{"rendered":"Del n\u00eb qarkullim nj\u00eb foto e kufom\u00ebs s\u00eb diktatorit Kim Jong, shtohet misteri"},"content":{"rendered":"<p><img data-recalc-dims=\"1\" loading=\"lazy\" decoding=\"async\" data-attachment-id=\"33781\" data-permalink=\"https:\/\/www.shqiperia.com\/blog\/del-ne-qarkullim-nje-foto-e-kufomes-se-diktatorit-kim-jong-shtohet-misteri\/800-480-5ea5aa3d5cd56-2\/\" data-orig-file=\"https:\/\/i0.wp.com\/www.shqiperia.com\/blog\/wp-content\/uploads\/2020\/04\/800-480-5ea5aa3d5cd56-1.png?fit=800%2C449&amp;ssl=1\" data-orig-size=\"800,449\" data-comments-opened=\"1\" data-image-meta=\"{&quot;aperture&quot;:&quot;0&quot;,&quot;credit&quot;:&quot;&quot;,&quot;camera&quot;:&quot;&quot;,&quot;caption&quot;:&quot;&quot;,&quot;created_timestamp&quot;:&quot;0&quot;,&quot;copyright&quot;:&quot;&quot;,&quot;focal_length&quot;:&quot;0&quot;,&quot;iso&quot;:&quot;0&quot;,&quot;shutter_speed&quot;:&quot;0&quot;,&quot;title&quot;:&quot;&quot;,&quot;orientation&quot;:&quot;0&quot;}\" data-image-title=\"-800-480-5ea5aa3d5cd56\" data-image-description=\"\" data-image-caption=\"\" data-medium-file=\"https:\/\/i0.wp.com\/www.shqiperia.com\/blog\/wp-content\/uploads\/2020\/04\/800-480-5ea5aa3d5cd56-1.png?fit=300%2C168&amp;ssl=1\" data-large-file=\"https:\/\/i0.wp.com\/www.shqiperia.com\/blog\/wp-content\/uploads\/2020\/04\/800-480-5ea5aa3d5cd56-1.png?fit=800%2C449&amp;ssl=1\" class=\"alignnone  wp-image-33781\" alt=\"\" src=\"https:\/\/i0.wp.com\/www.shqiperia.com\/blog\/wp-content\/uploads\/2020\/04\/800-480-5ea5aa3d5cd56-1.png?resize=496%2C278&#038;ssl=1\" width=\"496\" height=\"278\" srcset=\"https:\/\/i0.wp.com\/www.shqiperia.com\/blog\/wp-content\/uploads\/2020\/04\/800-480-5ea5aa3d5cd56-1.png?resize=300%2C168&amp;ssl=1 300w, https:\/\/i0.wp.com\/www.shqiperia.com\/blog\/wp-content\/uploads\/2020\/04\/800-480-5ea5aa3d5cd56-1.png?resize=768%2C431&amp;ssl=1 768w, https:\/\/i0.wp.com\/www.shqiperia.com\/blog\/wp-content\/uploads\/2020\/04\/800-480-5ea5aa3d5cd56-1.png?resize=450%2C253&amp;ssl=1 450w, https:\/\/i0.wp.com\/www.shqiperia.com\/blog\/wp-content\/uploads\/2020\/04\/800-480-5ea5aa3d5cd56-1.png?resize=600%2C337&amp;ssl=1 600w, https:\/\/i0.wp.com\/www.shqiperia.com\/blog\/wp-content\/uploads\/2020\/04\/800-480-5ea5aa3d5cd56-1.png?resize=400%2C225&amp;ssl=1 400w, https:\/\/i0.wp.com\/www.shqiperia.com\/blog\/wp-content\/uploads\/2020\/04\/800-480-5ea5aa3d5cd56-1.png?w=800&amp;ssl=1 800w\" sizes=\"auto, (max-width: 496px) 100vw, 496px\" \/><\/p>\n<p>Del n\u00eb qarkullim nj\u00eb foto e kufom\u00ebs s\u00eb diktatorit Kim Jong, shtohet misteri<\/p>\n<p>26 PRILL 2020<\/p>\n<p>Nj\u00eb rrjet televiziv n\u00eb Hong Kong ka shp\u00ebrndar\u00eb nj\u00eb fotografi q\u00eb mund ta shihni posht\u00eb e cila nxjerr imazhin e diktatorit \u00a0\u00a0t\u00eb mbuluar nga nj\u00eb leck\u00eb e kuqe, syt\u00eb e tij t\u00eb mbyllur dhe mb\u00ebshtetur n\u00eb nj\u00eb jast\u00ebk. Me pak fjal\u00eb, i vdekur, i pajet\u00eb. Sa reale \u00ebsht\u00eb?<\/p>\n<p>Nj\u00eb foto q\u00eb vet\u00ebm sa p\u00ebrkeq\u00ebson misterin.<\/p>\n<p>Nj\u00eb ciak fotografik q\u00eb nuk gjen konfirmim zyrtar dhe \u00ebsht\u00eb shum\u00eb e paqart\u00eb p\u00ebr tu quajtur si e v\u00ebrtet\u00eb. Por sigurisht, u shp\u00ebrnda n\u00ebp\u00ebr bot\u00eb p\u00ebr disa minuta. N\u00eb fotografi duket kufoma e Kim Jong-un, diktatorit t\u00eb Kores\u00eb s\u00eb Veriut q\u00eb \u00ebsht\u00eb zhdukur me dit\u00eb t\u00eb t\u00ebra dhe q\u00eb sipas burimeve t\u00eb ndryshme ka vdekur pas nj\u00eb sulmi n\u00eb zem\u00ebr. Kaosi i plot\u00eb mbret\u00ebron mbi \u00e7\u00ebshtjen: ka nga ata q\u00eb pretendojn\u00eb se ai ka vdekur, disa n\u00eb gjendje vegjetative t\u00eb pakthyeshme dhe t\u00eb tjer\u00eb q\u00eb deklarojn\u00eb se tashm\u00eb \u00ebsht\u00eb rikuperuar.<\/p>\n<p>Nj\u00eb gj\u00eb \u00ebsht\u00eb e sigurt informacionet rreth Kim Jong jan\u00eb kaotike.<\/p>\n<p>Gazeta sot<\/p>\n","protected":false},"excerpt":{"rendered":"<p>Del n\u00eb qarkullim nj\u00eb foto e kufom\u00ebs s\u00eb diktatorit Kim Jong, shtohet misteri 26 PRILL 2020 Nj\u00eb rrjet televiziv n\u00eb Hong Kong ka shp\u00ebrndar\u00eb nj\u00eb fotografi q\u00eb mund ta shihni posht\u00eb e cila nxjerr imazhin e diktatorit \u00a0\u00a0t\u00eb mbuluar nga nj\u00eb leck\u00eb e kuqe, syt\u00eb e tij t\u00eb mbyllur dhe mb\u00ebshtetur n\u00eb nj\u00eb jast\u00ebk. Me [&hellip;]<\/p>\n","protected":false},"author":9,"featured_media":33780,"comment_status":"open","ping_status":"open","sticky":false,"template":"","format":"standard","meta":{"jetpack_post_was_ever_published":false,"_jetpack_newsletter_access":"","_jetpack_dont_email_post_to_subs":false,"_jetpack_newsletter_tier_id":0,"_jetpack_memberships_contains_paywalled_content":false,"_jetpack_memberships_contains_paid_content":false,"footnotes":"","jetpack_publicize_message":"","jetpack_publicize_feature_enabled":true,"jetpack_social_post_already_shared":true,"jetpack_social_options":{"image_generator_settings":{"template":"highway","default_image_id":0,"font":"","enabled":false},"version":2}},"categories":[27,1],"tags":[],"class_list":["post-33779","post","type-post","status-publish","format-standard","has-post-thumbnail","hentry","category-blogu-i-udhetarit","category-njoftime-shtypi"],"jetpack_publicize_connections":[],"jetpack_featured_media_url":"https:\/\/i0.wp.com\/www.shqiperia.com\/blog\/wp-content\/uploads\/2020\/04\/800-480-5ea5aa3d5cd56.png?fit=800%2C480&ssl=1","jetpack_sharing_enabled":true,"jetpack_shortlink":"https:\/\/wp.me\/p5Z6wp-8MP","jetpack-related-posts":[{"id":75678,"url":"https:\/\/www.shqiperia.com\/blog\/veprimet-e-ps-se-i-ka-zili-edhe-koreja-e-veriut-bardhi-i-shkruan-nikolles\/","url_meta":{"origin":33779,"position":0},"title":"Veprimet e PS-s\u00eb i ka zili edhe Koreja e Veriut. &#8211; Bardhi i shkruan Nikoll\u00ebs","author":"Kurt Farka","date":"November 20, 2023","format":false,"excerpt":"20 Nentor 2023 Prej muajsh Kuvendi i Shqip\u00ebris\u00eb nuk funksionon normalisht p\u00ebr shkak t\u00eb protest\u00ebs s\u00eb opozit\u00ebs p\u00ebr mohimin e t\u00eb drejtave kushtetuese t\u00eb saj, p\u00ebr ngritjen e Komisioneve Hetimore dhe p\u00ebr Reform\u00ebn Zgjedhore. Pas seanc\u00ebs s\u00eb sotme, Kryetari i Grupit Parlamentar t\u00eb PD i \u00ebsht\u00eb drejtuar me nj\u00eb shkres\u00eb\u2026","rel":"","context":"In &quot;Blogu i Udh\u00ebtarit&quot;","block_context":{"text":"Blogu i Udh\u00ebtarit","link":"https:\/\/www.shqiperia.com\/blog\/category\/blogu-i-udhetarit\/"},"img":{"alt_text":"","src":"https:\/\/i0.wp.com\/www.shqiperia.com\/blog\/wp-content\/uploads\/2023\/11\/640-0-dca3872dee0a2bcc23f220fd8757a59c.jpg?fit=640%2C336&ssl=1&resize=350%2C200","width":350,"height":200,"srcset":"https:\/\/i0.wp.com\/www.shqiperia.com\/blog\/wp-content\/uploads\/2023\/11\/640-0-dca3872dee0a2bcc23f220fd8757a59c.jpg?fit=640%2C336&ssl=1&resize=350%2C200 1x, https:\/\/i0.wp.com\/www.shqiperia.com\/blog\/wp-content\/uploads\/2023\/11\/640-0-dca3872dee0a2bcc23f220fd8757a59c.jpg?fit=640%2C336&ssl=1&resize=525%2C300 1.5x"},"classes":[]},{"id":9628,"url":"https:\/\/www.shqiperia.com\/blog\/thesari-i-diktatorit-kostumet-kravatat-pajisjet-e-zyres-makinat-ku-ruhen-sendet-personale-te-enver-hoxhes\/","url_meta":{"origin":33779,"position":1},"title":"\u2018Thesari\u2019 i Diktatorit\/ Kostumet, kravatat, pajisjet e zyr\u00ebs, makinat\u2026 ku ruhen sendet personale t\u00eb Enver Hoxh\u00ebs. (foto) &#8211;","author":"Kurt Farka","date":"July 12, 2018","format":false,"excerpt":"\u2018Thesari\u2019 i Diktatorit\/ Kostumet, kravatat, pajisjet e zyr\u00ebs, makinat\u2026 ku ruhen sendet personale t\u00eb Enver Hoxh\u00ebs. - Jan\u00eb qindra sende e artikuj t\u00eb ish-diktatorit Enver Hoxha, t\u00eb cilat prej m\u00ebse 3 vitesh jan\u00eb l\u00ebn\u00eb n\u00eb m\u00ebshir\u00eb t\u00eb fatit, n\u00eb nj\u00eb dhom\u00eb t\u00eb vog\u00ebl e t\u00eb err\u00ebt n\u00eb studiot e \u201cAlbafilm\u201d,\u2026","rel":"","context":"In &quot;Blogu i Udh\u00ebtarit&quot;","block_context":{"text":"Blogu i Udh\u00ebtarit","link":"https:\/\/www.shqiperia.com\/blog\/category\/blogu-i-udhetarit\/"},"img":{"alt_text":"","src":"https:\/\/i0.wp.com\/www.shqiperia.com\/blog\/wp-content\/uploads\/2018\/07\/Relke-te-Enverit-10.png?fit=533%2C324&ssl=1&resize=350%2C200","width":350,"height":200,"srcset":"https:\/\/i0.wp.com\/www.shqiperia.com\/blog\/wp-content\/uploads\/2018\/07\/Relke-te-Enverit-10.png?fit=533%2C324&ssl=1&resize=350%2C200 1x, https:\/\/i0.wp.com\/www.shqiperia.com\/blog\/wp-content\/uploads\/2018\/07\/Relke-te-Enverit-10.png?fit=533%2C324&ssl=1&resize=525%2C300 1.5x"},"classes":[]},{"id":13973,"url":"https:\/\/www.shqiperia.com\/blog\/ismail-kadare-sunduesit-shpirterore-dhe-ata-tirane\/","url_meta":{"origin":33779,"position":2},"title":"Ismail Kadare: &#8211; Sunduesit shpirt\u00ebror\u00eb dhe ata tiran\u00eb. &#8211;","author":"Kurt Farka","date":"November 22, 2018","format":false,"excerpt":"Ismail Kadare: - Sunduesit shpirt\u00ebror\u00eb dhe ata tiran\u00eb. - Nga: Fatmira Nikolli. \u2013 Radh\u00ebt e gjata, e lexuesit q\u00eb shtyhen para stend\u00ebs s\u00eb Onufrit p\u00ebr t\u00eb marr\u00eb nj\u00eb autograf, e fshehin Ismail dhe Helena Kadaren\u00eb. T\u00eb ulur n\u00eb tryez\u00ebn e sht\u00ebpis\u00eb botuese, p\u00ebr t\u00eb pritur publikun, ata duket se jan\u00eb\u2026","rel":"","context":"In &quot;Blogu i Udh\u00ebtarit&quot;","block_context":{"text":"Blogu i Udh\u00ebtarit","link":"https:\/\/www.shqiperia.com\/blog\/category\/blogu-i-udhetarit\/"},"img":{"alt_text":"","src":"https:\/\/i0.wp.com\/www.shqiperia.com\/blog\/wp-content\/uploads\/2018\/11\/1Ismail-Kadare-2.jpg?resize=350%2C200","width":350,"height":200,"srcset":"https:\/\/i0.wp.com\/www.shqiperia.com\/blog\/wp-content\/uploads\/2018\/11\/1Ismail-Kadare-2.jpg?resize=350%2C200 1x, https:\/\/i0.wp.com\/www.shqiperia.com\/blog\/wp-content\/uploads\/2018\/11\/1Ismail-Kadare-2.jpg?resize=525%2C300 1.5x"},"classes":[]},{"id":17075,"url":"https:\/\/www.shqiperia.com\/blog\/dash-shehi-flet-troc-para-diktatorit-jemi-zero-na-ve-30-goca-me-kufje-ne-vesh-ti-dhe-po-na-qeverise\/","url_meta":{"origin":33779,"position":3},"title":"Dash Shehi flet tro\u00e7: &#8211; Para diktatorit jemi zero, na v\u00eb 30 goca me kufje n\u00eb vesh ti dhe po na qeverise. &#8211;","author":"Kurt Farka","date":"February 7, 2019","format":false,"excerpt":"Dash Shehi flet tro\u00e7: - Para diktatorit jemi zero, na v\u00eb 30 goca me kufje n\u00eb vesh ti dhe po na qeverise. - 7 shkurt 2019. \u00a0 Kreu i LZHK, Dash Shehi, si shum\u00ebher\u00eb edhe sot ka folur shkoqur nga foltorja e Kuvendit, ku ka th\u00ebn\u00eb hapur se protesta k\u00ebt\u00eb\u2026","rel":"","context":"In &quot;Kultura&quot;","block_context":{"text":"Kultura","link":"https:\/\/www.shqiperia.com\/blog\/category\/kultura\/"},"img":{"alt_text":"","src":"https:\/\/i0.wp.com\/www.shqiperia.com\/blog\/wp-content\/uploads\/2019\/02\/dash-shehi.jpg?fit=862%2C496&ssl=1&resize=350%2C200","width":350,"height":200,"srcset":"https:\/\/i0.wp.com\/www.shqiperia.com\/blog\/wp-content\/uploads\/2019\/02\/dash-shehi.jpg?fit=862%2C496&ssl=1&resize=350%2C200 1x, https:\/\/i0.wp.com\/www.shqiperia.com\/blog\/wp-content\/uploads\/2019\/02\/dash-shehi.jpg?fit=862%2C496&ssl=1&resize=525%2C300 1.5x, https:\/\/i0.wp.com\/www.shqiperia.com\/blog\/wp-content\/uploads\/2019\/02\/dash-shehi.jpg?fit=862%2C496&ssl=1&resize=700%2C400 2x"},"classes":[]},{"id":54626,"url":"https:\/\/www.shqiperia.com\/blog\/presidenti-zelensky-nip-heroit-te-ushtrise-se-kuqe-kundra-hitlerit-vete-personalitet-kundra-diktatorit-putin\/","url_meta":{"origin":33779,"position":4},"title":"Presidenti Zelensky nip \u00a0heroit te \u201cUshtrise se Kuqe\u201d kundra Hitlerit, vete Personalitet kundra Diktatorit Putin \u2026","author":"Kurt Farka","date":"February 26, 2022","format":false,"excerpt":"Presidenti Zelensky nip \u00a0heroit te \u201cUshtrise se Kuqe\u201d kundra Hitlerit, vete Personalitet kundra Diktatorit Putin \u2026 26 Shkurt 2022 Disa dit\u00eb p\u00ebrpara se Volodymyr Zelensky t\u00eb merrte detyr\u00ebn si Presidenti i Ukrain\u00ebs, ai udh\u00ebtoi drejt qytetit t\u00eb tij t\u00eb lindjes, Kryvyi Rih. Atje ai vizitoi varrezat dhe vendosi nj\u00eb lule\u2026","rel":"","context":"In &quot;Blogu i Udh\u00ebtarit&quot;","block_context":{"text":"Blogu i Udh\u00ebtarit","link":"https:\/\/www.shqiperia.com\/blog\/category\/blogu-i-udhetarit\/"},"img":{"alt_text":"","src":"https:\/\/i0.wp.com\/www.shqiperia.com\/blog\/wp-content\/uploads\/2022\/02\/Presidenti-Volodymyr-Zelensky-tek-Varri-i-Gjyshit-2.jpg?fit=833%2C479&ssl=1&resize=350%2C200","width":350,"height":200,"srcset":"https:\/\/i0.wp.com\/www.shqiperia.com\/blog\/wp-content\/uploads\/2022\/02\/Presidenti-Volodymyr-Zelensky-tek-Varri-i-Gjyshit-2.jpg?fit=833%2C479&ssl=1&resize=350%2C200 1x, https:\/\/i0.wp.com\/www.shqiperia.com\/blog\/wp-content\/uploads\/2022\/02\/Presidenti-Volodymyr-Zelensky-tek-Varri-i-Gjyshit-2.jpg?fit=833%2C479&ssl=1&resize=525%2C300 1.5x, https:\/\/i0.wp.com\/www.shqiperia.com\/blog\/wp-content\/uploads\/2022\/02\/Presidenti-Volodymyr-Zelensky-tek-Varri-i-Gjyshit-2.jpg?fit=833%2C479&ssl=1&resize=700%2C400 2x"},"classes":[]},{"id":95907,"url":"https:\/\/www.shqiperia.com\/blog\/del-ne-ankand-rezidenca-verore-e-diktatorit-fashist-benito-musolini-ne-itali\/","url_meta":{"origin":33779,"position":5},"title":"Del n\u00eb ankand rezidenca verore e diktatorit fashist Benito Musolini n\u00eb Itali","author":"Kurt Farka","date":"December 23, 2025","format":false,"excerpt":"23 Dhjetor 2025 Dita e sotme ishte afati i fundit p\u00ebr dor\u00ebzimin e ofertave p\u00ebr ankandin e Vil\u00ebs Musolini, n\u00eb vendpushimin bregdetar t\u00eb Riccione n\u00eb bregdetin Adriatik t\u00eb Italis\u00eb. Vila ishte rezidenca verore e ish-diktatorit fashist Benito Musolini (1883-1945). Bashkia ka miratuar zyrtarisht dor\u00ebzimin e nj\u00eb oferte p\u00ebr nd\u00ebrtes\u00ebn historike,\u2026","rel":"","context":"In &quot;Blogu i Udh\u00ebtarit&quot;","block_context":{"text":"Blogu i Udh\u00ebtarit","link":"https:\/\/www.shqiperia.com\/blog\/category\/blogu-i-udhetarit\/"},"img":{"alt_text":"","src":"https:\/\/i0.wp.com\/www.shqiperia.com\/blog\/wp-content\/uploads\/2025\/12\/Vila-verore-e-Benito-Musolinit.jpg?fit=640%2C361&ssl=1&resize=350%2C200","width":350,"height":200,"srcset":"https:\/\/i0.wp.com\/www.shqiperia.com\/blog\/wp-content\/uploads\/2025\/12\/Vila-verore-e-Benito-Musolinit.jpg?fit=640%2C361&ssl=1&resize=350%2C200 1x, https:\/\/i0.wp.com\/www.shqiperia.com\/blog\/wp-content\/uploads\/2025\/12\/Vila-verore-e-Benito-Musolinit.jpg?fit=640%2C361&ssl=1&resize=525%2C300 1.5x"},"classes":[]}],"_links":{"self":[{"href":"https:\/\/www.shqiperia.com\/blog\/wp-json\/wp\/v2\/posts\/33779","targetHints":{"allow":["GET"]}}],"collection":[{"href":"https:\/\/www.shqiperia.com\/blog\/wp-json\/wp\/v2\/posts"}],"about":[{"href":"https:\/\/www.shqiperia.com\/blog\/wp-json\/wp\/v2\/types\/post"}],"author":[{"embeddable":true,"href":"https:\/\/www.shqiperia.com\/blog\/wp-json\/wp\/v2\/users\/9"}],"replies":[{"embeddable":true,"href":"https:\/\/www.shqiperia.com\/blog\/wp-json\/wp\/v2\/comments?post=33779"}],"version-history":[{"count":1,"href":"https:\/\/www.shqiperia.com\/blog\/wp-json\/wp\/v2\/posts\/33779\/revisions"}],"predecessor-version":[{"id":33782,"href":"https:\/\/www.shqiperia.com\/blog\/wp-json\/wp\/v2\/posts\/33779\/revisions\/33782"}],"wp:featuredmedia":[{"embeddable":true,"href":"https:\/\/www.shqiperia.com\/blog\/wp-json\/wp\/v2\/media\/33780"}],"wp:attachment":[{"href":"https:\/\/www.shqiperia.com\/blog\/wp-json\/wp\/v2\/media?parent=33779"}],"wp:term":[{"taxonomy":"category","embeddable":true,"href":"https:\/\/www.shqiperia.com\/blog\/wp-json\/wp\/v2\/categories?post=33779"},{"taxonomy":"post_tag","embeddable":true,"href":"https:\/\/www.shqiperia.com\/blog\/wp-json\/wp\/v2\/tags?post=33779"}],"curies":[{"name":"wp","href":"https:\/\/api.w.org\/{rel}","templated":true}]}}