{"id":33773,"date":"2020-04-26T10:26:55","date_gmt":"2020-04-26T10:26:55","guid":{"rendered":"https:\/\/www.shqiperia.com\/blog\/?p=33773"},"modified":"2020-04-26T10:27:07","modified_gmt":"2020-04-26T10:27:07","slug":"kishe-ne-rehove-kolonje","status":"publish","type":"post","link":"https:\/\/www.shqiperia.com\/blog\/kishe-ne-rehove-kolonje\/","title":{"rendered":"Kishe ne Rehove, Kolonje."},"content":{"rendered":"<p><img data-recalc-dims=\"1\" loading=\"lazy\" decoding=\"async\" data-attachment-id=\"33775\" data-permalink=\"https:\/\/www.shqiperia.com\/blog\/kishe-ne-rehove-kolonje\/kisha-e-shen-mehillit-rehove-kolonje-2\/\" data-orig-file=\"https:\/\/i0.wp.com\/www.shqiperia.com\/blog\/wp-content\/uploads\/2020\/04\/Kisha-e-Shen-Mehillit-Rehove-Kolonje-1.jpg?fit=960%2C633&amp;ssl=1\" data-orig-size=\"960,633\" data-comments-opened=\"1\" data-image-meta=\"{&quot;aperture&quot;:&quot;0&quot;,&quot;credit&quot;:&quot;&quot;,&quot;camera&quot;:&quot;&quot;,&quot;caption&quot;:&quot;&quot;,&quot;created_timestamp&quot;:&quot;0&quot;,&quot;copyright&quot;:&quot;&quot;,&quot;focal_length&quot;:&quot;0&quot;,&quot;iso&quot;:&quot;0&quot;,&quot;shutter_speed&quot;:&quot;0&quot;,&quot;title&quot;:&quot;&quot;,&quot;orientation&quot;:&quot;0&quot;}\" data-image-title=\"Kisha e Shen Mehillit Rehove Kolonje\" data-image-description=\"\" data-image-caption=\"\" data-medium-file=\"https:\/\/i0.wp.com\/www.shqiperia.com\/blog\/wp-content\/uploads\/2020\/04\/Kisha-e-Shen-Mehillit-Rehove-Kolonje-1.jpg?fit=300%2C198&amp;ssl=1\" data-large-file=\"https:\/\/i0.wp.com\/www.shqiperia.com\/blog\/wp-content\/uploads\/2020\/04\/Kisha-e-Shen-Mehillit-Rehove-Kolonje-1.jpg?fit=960%2C633&amp;ssl=1\" class=\"alignnone  wp-image-33775\" alt=\"\" src=\"https:\/\/i0.wp.com\/www.shqiperia.com\/blog\/wp-content\/uploads\/2020\/04\/Kisha-e-Shen-Mehillit-Rehove-Kolonje-1.jpg?resize=458%2C302&#038;ssl=1\" width=\"458\" height=\"302\" srcset=\"https:\/\/i0.wp.com\/www.shqiperia.com\/blog\/wp-content\/uploads\/2020\/04\/Kisha-e-Shen-Mehillit-Rehove-Kolonje-1.jpg?resize=300%2C198&amp;ssl=1 300w, https:\/\/i0.wp.com\/www.shqiperia.com\/blog\/wp-content\/uploads\/2020\/04\/Kisha-e-Shen-Mehillit-Rehove-Kolonje-1.jpg?resize=768%2C506&amp;ssl=1 768w, https:\/\/i0.wp.com\/www.shqiperia.com\/blog\/wp-content\/uploads\/2020\/04\/Kisha-e-Shen-Mehillit-Rehove-Kolonje-1.jpg?resize=450%2C297&amp;ssl=1 450w, https:\/\/i0.wp.com\/www.shqiperia.com\/blog\/wp-content\/uploads\/2020\/04\/Kisha-e-Shen-Mehillit-Rehove-Kolonje-1.jpg?resize=600%2C396&amp;ssl=1 600w, https:\/\/i0.wp.com\/www.shqiperia.com\/blog\/wp-content\/uploads\/2020\/04\/Kisha-e-Shen-Mehillit-Rehove-Kolonje-1.jpg?resize=400%2C264&amp;ssl=1 400w, https:\/\/i0.wp.com\/www.shqiperia.com\/blog\/wp-content\/uploads\/2020\/04\/Kisha-e-Shen-Mehillit-Rehove-Kolonje-1.jpg?w=960&amp;ssl=1 960w\" sizes=\"auto, (max-width: 458px) 100vw, 458px\" \/><\/p>\n<p><span> Kisha e Shen Mehillit, Rehove, Kolonje.<\/span><\/p>\n<div id=\"attachment_33776\" style=\"width: 740px\" class=\"wp-caption alignnone\"><img data-recalc-dims=\"1\" loading=\"lazy\" decoding=\"async\" aria-describedby=\"caption-attachment-33776\" data-attachment-id=\"33776\" data-permalink=\"https:\/\/www.shqiperia.com\/blog\/kishe-ne-rehove-kolonje\/kisha-e-shen-mehillit-rehove-kolonje-3\/\" data-orig-file=\"https:\/\/i0.wp.com\/www.shqiperia.com\/blog\/wp-content\/uploads\/2020\/04\/Kisha-e-Shen-Mehillit-Rehove-Kolonje-2.jpg?fit=960%2C633&amp;ssl=1\" data-orig-size=\"960,633\" data-comments-opened=\"1\" data-image-meta=\"{&quot;aperture&quot;:&quot;0&quot;,&quot;credit&quot;:&quot;&quot;,&quot;camera&quot;:&quot;&quot;,&quot;caption&quot;:&quot;&quot;,&quot;created_timestamp&quot;:&quot;0&quot;,&quot;copyright&quot;:&quot;&quot;,&quot;focal_length&quot;:&quot;0&quot;,&quot;iso&quot;:&quot;0&quot;,&quot;shutter_speed&quot;:&quot;0&quot;,&quot;title&quot;:&quot;&quot;,&quot;orientation&quot;:&quot;0&quot;}\" data-image-title=\"Kisha e Shen Mehillit Rehove Kolonje\" data-image-description=\"\" data-image-caption=\"&lt;p&gt;Kisha e Shen Mehillit Rehove Kolonje&lt;\/p&gt;\n\" data-medium-file=\"https:\/\/i0.wp.com\/www.shqiperia.com\/blog\/wp-content\/uploads\/2020\/04\/Kisha-e-Shen-Mehillit-Rehove-Kolonje-2.jpg?fit=300%2C198&amp;ssl=1\" data-large-file=\"https:\/\/i0.wp.com\/www.shqiperia.com\/blog\/wp-content\/uploads\/2020\/04\/Kisha-e-Shen-Mehillit-Rehove-Kolonje-2.jpg?fit=960%2C633&amp;ssl=1\" class=\" wp-image-33776\" alt=\"\" src=\"https:\/\/i0.wp.com\/www.shqiperia.com\/blog\/wp-content\/uploads\/2020\/04\/Kisha-e-Shen-Mehillit-Rehove-Kolonje-2.jpg?resize=730%2C482&#038;ssl=1\" width=\"730\" height=\"482\" srcset=\"https:\/\/i0.wp.com\/www.shqiperia.com\/blog\/wp-content\/uploads\/2020\/04\/Kisha-e-Shen-Mehillit-Rehove-Kolonje-2.jpg?resize=300%2C198&amp;ssl=1 300w, https:\/\/i0.wp.com\/www.shqiperia.com\/blog\/wp-content\/uploads\/2020\/04\/Kisha-e-Shen-Mehillit-Rehove-Kolonje-2.jpg?resize=768%2C506&amp;ssl=1 768w, https:\/\/i0.wp.com\/www.shqiperia.com\/blog\/wp-content\/uploads\/2020\/04\/Kisha-e-Shen-Mehillit-Rehove-Kolonje-2.jpg?resize=450%2C297&amp;ssl=1 450w, https:\/\/i0.wp.com\/www.shqiperia.com\/blog\/wp-content\/uploads\/2020\/04\/Kisha-e-Shen-Mehillit-Rehove-Kolonje-2.jpg?resize=600%2C396&amp;ssl=1 600w, https:\/\/i0.wp.com\/www.shqiperia.com\/blog\/wp-content\/uploads\/2020\/04\/Kisha-e-Shen-Mehillit-Rehove-Kolonje-2.jpg?resize=400%2C264&amp;ssl=1 400w, https:\/\/i0.wp.com\/www.shqiperia.com\/blog\/wp-content\/uploads\/2020\/04\/Kisha-e-Shen-Mehillit-Rehove-Kolonje-2.jpg?w=960&amp;ssl=1 960w\" sizes=\"auto, (max-width: 730px) 100vw, 730px\" \/><p id=\"caption-attachment-33776\" class=\"wp-caption-text\">Kisha e Shen Mehillit Rehove Kolonje<\/p><\/div>\n<p><span>Foto Jaho Brahaj.<\/span><\/p>\n","protected":false},"excerpt":{"rendered":"<p>Kisha e Shen Mehillit, Rehove, Kolonje. Foto Jaho Brahaj.<\/p>\n","protected":false},"author":9,"featured_media":33774,"comment_status":"open","ping_status":"open","sticky":false,"template":"","format":"standard","meta":{"jetpack_post_was_ever_published":false,"_jetpack_newsletter_access":"","_jetpack_dont_email_post_to_subs":false,"_jetpack_newsletter_tier_id":0,"_jetpack_memberships_contains_paywalled_content":false,"_jetpack_memberships_contains_paid_content":false,"footnotes":"","jetpack_publicize_message":"","jetpack_publicize_feature_enabled":true,"jetpack_social_post_already_shared":true,"jetpack_social_options":{"image_generator_settings":{"template":"highway","default_image_id":0,"font":"","enabled":false},"version":2}},"categories":[85,10,86],"tags":[],"class_list":["post-33773","post","type-post","status-publish","format-standard","has-post-thumbnail","hentry","category-histori","category-kultura","category-trashegimi-kulturore"],"jetpack_publicize_connections":[],"jetpack_featured_media_url":"https:\/\/i0.wp.com\/www.shqiperia.com\/blog\/wp-content\/uploads\/2020\/04\/Kisha-e-Shen-Mehillit-Rehove-Kolonje.jpg?fit=960%2C633&ssl=1","jetpack_sharing_enabled":true,"jetpack_shortlink":"https:\/\/wp.me\/p5Z6wp-8MJ","jetpack-related-posts":[{"id":27811,"url":"https:\/\/www.shqiperia.com\/blog\/gdhendje-ne-gur-rehove-kolonje\/","url_meta":{"origin":33773,"position":0},"title":"Gdhendje ne Gur &#8211; Rehove, Kolonje.","author":"Kurt Farka","date":"November 6, 2019","format":false,"excerpt":"Gdhendje ne Gur - Rehove, Kolonje. Foto: Jaho Brahaj","rel":"","context":"In &quot;Histori&quot;","block_context":{"text":"Histori","link":"https:\/\/www.shqiperia.com\/blog\/category\/histori\/"},"img":{"alt_text":"","src":"https:\/\/i0.wp.com\/www.shqiperia.com\/blog\/wp-content\/uploads\/2019\/11\/Gdhendje-guri-ne-Rehove.jpg?fit=899%2C474&ssl=1&resize=350%2C200","width":350,"height":200,"srcset":"https:\/\/i0.wp.com\/www.shqiperia.com\/blog\/wp-content\/uploads\/2019\/11\/Gdhendje-guri-ne-Rehove.jpg?fit=899%2C474&ssl=1&resize=350%2C200 1x, https:\/\/i0.wp.com\/www.shqiperia.com\/blog\/wp-content\/uploads\/2019\/11\/Gdhendje-guri-ne-Rehove.jpg?fit=899%2C474&ssl=1&resize=525%2C300 1.5x, https:\/\/i0.wp.com\/www.shqiperia.com\/blog\/wp-content\/uploads\/2019\/11\/Gdhendje-guri-ne-Rehove.jpg?fit=899%2C474&ssl=1&resize=700%2C400 2x"},"classes":[]},{"id":10835,"url":"https:\/\/www.shqiperia.com\/blog\/kisha-e-shen-millit-mehillit-vithkuq-korce\/","url_meta":{"origin":33773,"position":1},"title":"Kisha e Sh\u00ebn Millit (M\u00ebhillit) Vithkuq, Kor\u00e7\u00eb. &#8211;","author":"Kurt Farka","date":"August 20, 2018","format":false,"excerpt":"Kisha e Sh\u00ebn Millit (M\u00ebhillit) Vithkuq, Kor\u00e7\u00eb. - Kisha e Sh\u00ebn Mehillit (Vithkuq) \u00ebsht\u00eb monument i trash\u00ebgimis\u00eb kulturore n\u00eb Vithkuq, rrethi i Kor\u00e7\u00ebsKisha \u00ebsht\u00eb m\u00eb e madhja e Vithkuqit. Ajo filloi t\u00eb nd\u00ebrtohet n\u00eb vitin 1682 me shpenzimet e t\u00eb krishter\u00ebve q\u00eb jetonin n\u00eb Vithkuq, me kontributin e prift Stavrit,\u2026","rel":"","context":"In &quot;Histori&quot;","block_context":{"text":"Histori","link":"https:\/\/www.shqiperia.com\/blog\/category\/histori\/"},"img":{"alt_text":"","src":"https:\/\/i0.wp.com\/www.shqiperia.com\/blog\/wp-content\/uploads\/2018\/08\/kisha-shen-mehillit-vithkuq.jpg?fit=960%2C453&ssl=1&resize=350%2C200","width":350,"height":200,"srcset":"https:\/\/i0.wp.com\/www.shqiperia.com\/blog\/wp-content\/uploads\/2018\/08\/kisha-shen-mehillit-vithkuq.jpg?fit=960%2C453&ssl=1&resize=350%2C200 1x, https:\/\/i0.wp.com\/www.shqiperia.com\/blog\/wp-content\/uploads\/2018\/08\/kisha-shen-mehillit-vithkuq.jpg?fit=960%2C453&ssl=1&resize=525%2C300 1.5x, https:\/\/i0.wp.com\/www.shqiperia.com\/blog\/wp-content\/uploads\/2018\/08\/kisha-shen-mehillit-vithkuq.jpg?fit=960%2C453&ssl=1&resize=700%2C400 2x"},"classes":[]},{"id":8410,"url":"https:\/\/www.shqiperia.com\/blog\/demtohet-kambanorja-e-kishes-se-shen-kollit-ne-kolonje-rrezikon-shembjen\/","url_meta":{"origin":33773,"position":2},"title":"D\u00ebmtohet kambanorja e kish\u00ebs s\u00eb Sh\u00ebn Kollit n\u00eb Kolonj\u00eb, rrezikon shembjen. &#8211;","author":"Kurt Farka","date":"June 5, 2018","format":false,"excerpt":"D\u00ebmtohet kambanorja e kish\u00ebs s\u00eb Sh\u00ebn Kollit n\u00eb Kolonj\u00eb, rrezikon shembjen. - Kambanorja e kish\u00ebs s\u00eb Sh\u00ebn Kollit n\u00eb fshatin Vodic\u00eb n\u00eb Bashkin\u00eb e Kolonj\u00ebs rrezikon shembjen p\u00ebr shkak t\u00eb d\u00ebmtimeve dhe \u00e7arjeve q\u00eb ka p\u00ebsuar struktura e saj. Kisha e Sh\u00ebn Kollit n\u00eb Vodic\u00eb sipas banor\u00ebve daton q\u00eb n\u00eb\u2026","rel":"","context":"In &quot;Kultura&quot;","block_context":{"text":"Kultura","link":"https:\/\/www.shqiperia.com\/blog\/category\/kultura\/"},"img":{"alt_text":"","src":"https:\/\/i0.wp.com\/www.shqiperia.com\/blog\/wp-content\/uploads\/2018\/06\/1-kisha-e-shen-Kollit-Vodice.jpg?fit=418%2C217&ssl=1&resize=350%2C200","width":350,"height":200},"classes":[]},{"id":12534,"url":"https:\/\/www.shqiperia.com\/blog\/turizmi-fetar-ne-shqiperi-mes-artit-historise-dhe-besimit\/","url_meta":{"origin":33773,"position":3},"title":"Turizmi fetar n\u00eb Shqip\u00ebri: Mes artit, historis\u00eb dhe besimit. &#8211;","author":"Kurt Farka","date":"October 11, 2018","format":false,"excerpt":"Turizmi fetar n\u00eb Shqip\u00ebri: Mes artit, historis\u00eb dhe besimit. - Nga: Zylyftar Hoxha. - Si n\u00eb t\u00eb gjith\u00eb bot\u00ebn, edhe n\u00eb Shqip\u00ebri, objektet e kultit kan\u00eb ngjallur interes t\u00eb ve\u00e7ant\u00eb, sepse q\u00ebndrojn\u00eb mes artit nga ana arkitekturore, historis\u00eb p\u00ebr nga koha dhe besimit n\u00eb aspektin shpirt\u00ebror. Shqip\u00ebria, ndoshta \u00ebsht\u00eb vendi\u2026","rel":"","context":"In &quot;Blogu i Udh\u00ebtarit&quot;","block_context":{"text":"Blogu i Udh\u00ebtarit","link":"https:\/\/www.shqiperia.com\/blog\/category\/blogu-i-udhetarit\/"},"img":{"alt_text":"","src":"https:\/\/i0.wp.com\/www.shqiperia.com\/blog\/wp-content\/uploads\/2018\/10\/1-kisha.jpg?fit=982%2C546&ssl=1&resize=350%2C200","width":350,"height":200,"srcset":"https:\/\/i0.wp.com\/www.shqiperia.com\/blog\/wp-content\/uploads\/2018\/10\/1-kisha.jpg?fit=982%2C546&ssl=1&resize=350%2C200 1x, https:\/\/i0.wp.com\/www.shqiperia.com\/blog\/wp-content\/uploads\/2018\/10\/1-kisha.jpg?fit=982%2C546&ssl=1&resize=525%2C300 1.5x, https:\/\/i0.wp.com\/www.shqiperia.com\/blog\/wp-content\/uploads\/2018\/10\/1-kisha.jpg?fit=982%2C546&ssl=1&resize=700%2C400 2x"},"classes":[]},{"id":31725,"url":"https:\/\/www.shqiperia.com\/blog\/kisha-400-vjecare-ne-kolonje-e-degraduar-per-monumentin-i-kategorise-se-pare-asnje-investim\/","url_meta":{"origin":33773,"position":4},"title":"Kisha 400-vje\u00e7are n\u00eb Kolonj\u00eb, e degraduar! P\u00ebr monumentin i kategoris\u00eb s\u00eb par\u00eb, asnj\u00eb investim","author":"Kurt Farka","date":"February 23, 2020","format":false,"excerpt":"Kisha 400-vje\u00e7are n\u00eb Kolonj\u00eb, e degraduar! P\u00ebr monumentin i kategoris\u00eb s\u00eb par\u00eb, asnj\u00eb investim Kisha 400 vje\u00e7are e Barmashit n\u00eb rrethin e Kolonj\u00ebs, e shpallur si monument kulture i kategoris\u00eb s\u00eb par\u00eb rrezikon q\u00eb t\u00eb zhduket. Objekti i nd\u00ebrtuar n\u00eb vitin 1610 me nj\u00eb stil t\u00eb ve\u00e7ant\u00eb arkitekturor, sot ka\u2026","rel":"","context":"In &quot;Histori&quot;","block_context":{"text":"Histori","link":"https:\/\/www.shqiperia.com\/blog\/category\/histori\/"},"img":{"alt_text":"","src":"https:\/\/i0.wp.com\/www.shqiperia.com\/blog\/wp-content\/uploads\/2020\/02\/12514009_949098958541703_6202740155112532534_o.jpg?fit=960%2C720&ssl=1&resize=350%2C200","width":350,"height":200,"srcset":"https:\/\/i0.wp.com\/www.shqiperia.com\/blog\/wp-content\/uploads\/2020\/02\/12514009_949098958541703_6202740155112532534_o.jpg?fit=960%2C720&ssl=1&resize=350%2C200 1x, https:\/\/i0.wp.com\/www.shqiperia.com\/blog\/wp-content\/uploads\/2020\/02\/12514009_949098958541703_6202740155112532534_o.jpg?fit=960%2C720&ssl=1&resize=525%2C300 1.5x, https:\/\/i0.wp.com\/www.shqiperia.com\/blog\/wp-content\/uploads\/2020\/02\/12514009_949098958541703_6202740155112532534_o.jpg?fit=960%2C720&ssl=1&resize=700%2C400 2x"},"classes":[]},{"id":3195,"url":"https:\/\/www.shqiperia.com\/blog\/selia-ipeshkevnore-e-sapes-ne-shekuj\/","url_meta":{"origin":33773,"position":5},"title":"Selia Ipeshk\u00ebvnore e Sap\u00ebs n\u00eb shekuj","author":"Kurt Farka","date":"February 15, 2018","format":false,"excerpt":"Sapa u zgjodh t\u00eb b\u00ebhej ipeshkvi p\u00ebr arsye se ishte nj\u00eb qytet i r\u00ebnd\u00ebsish\u00ebm i atyre koh\u00ebrave. N\u00eb koh\u00eb t\u00eb Hahnit, d.m.th. n\u00eb vitet 1860, qytetit i Sap\u00ebs lokalizohej n\u00eb rr\u00ebz\u00eb t\u00eb Malit t\u00eb Sh\u00ebn M\u00ebhillit dhe n\u00eb nj\u00eb p\u00ebrshkrim t\u00eb vitit 1685 thuhet se lokalizohej p\u00ebrbri malit t\u00eb Sh\u00ebn\u2026","rel":"","context":"In &quot;Blogu i Udh\u00ebtarit&quot;","block_context":{"text":"Blogu i Udh\u00ebtarit","link":"https:\/\/www.shqiperia.com\/blog\/category\/blogu-i-udhetarit\/"},"img":{"alt_text":"","src":"https:\/\/i0.wp.com\/www.shqiperia.com\/blog\/wp-content\/uploads\/2018\/02\/27867208_1746172045404593_6007960311289565779_n.jpg?fit=388%2C301&ssl=1&resize=350%2C200","width":350,"height":200},"classes":[]}],"_links":{"self":[{"href":"https:\/\/www.shqiperia.com\/blog\/wp-json\/wp\/v2\/posts\/33773","targetHints":{"allow":["GET"]}}],"collection":[{"href":"https:\/\/www.shqiperia.com\/blog\/wp-json\/wp\/v2\/posts"}],"about":[{"href":"https:\/\/www.shqiperia.com\/blog\/wp-json\/wp\/v2\/types\/post"}],"author":[{"embeddable":true,"href":"https:\/\/www.shqiperia.com\/blog\/wp-json\/wp\/v2\/users\/9"}],"replies":[{"embeddable":true,"href":"https:\/\/www.shqiperia.com\/blog\/wp-json\/wp\/v2\/comments?post=33773"}],"version-history":[{"count":2,"href":"https:\/\/www.shqiperia.com\/blog\/wp-json\/wp\/v2\/posts\/33773\/revisions"}],"predecessor-version":[{"id":33778,"href":"https:\/\/www.shqiperia.com\/blog\/wp-json\/wp\/v2\/posts\/33773\/revisions\/33778"}],"wp:featuredmedia":[{"embeddable":true,"href":"https:\/\/www.shqiperia.com\/blog\/wp-json\/wp\/v2\/media\/33774"}],"wp:attachment":[{"href":"https:\/\/www.shqiperia.com\/blog\/wp-json\/wp\/v2\/media?parent=33773"}],"wp:term":[{"taxonomy":"category","embeddable":true,"href":"https:\/\/www.shqiperia.com\/blog\/wp-json\/wp\/v2\/categories?post=33773"},{"taxonomy":"post_tag","embeddable":true,"href":"https:\/\/www.shqiperia.com\/blog\/wp-json\/wp\/v2\/tags?post=33773"}],"curies":[{"name":"wp","href":"https:\/\/api.w.org\/{rel}","templated":true}]}}