{"id":33770,"date":"2020-04-26T10:05:31","date_gmt":"2020-04-26T10:05:31","guid":{"rendered":"https:\/\/www.shqiperia.com\/blog\/?p=33770"},"modified":"2020-04-26T10:05:31","modified_gmt":"2020-04-26T10:05:31","slug":"zoti-kryeminister-erresira-nuk-e-ul-numrin-e-te-uriturve-vetem-sa-shton-numrin-e-te-zemeruarve","status":"publish","type":"post","link":"https:\/\/www.shqiperia.com\/blog\/zoti-kryeminister-erresira-nuk-e-ul-numrin-e-te-uriturve-vetem-sa-shton-numrin-e-te-zemeruarve\/","title":{"rendered":"Zoti kryeminist\u00ebr err\u00ebsira nuk e ul numrin e t\u00eb uriturve, vet\u00ebm sa shton numrin e t\u00eb zem\u00ebruarve"},"content":{"rendered":"<p><img data-recalc-dims=\"1\" loading=\"lazy\" decoding=\"async\" data-attachment-id=\"33771\" data-permalink=\"https:\/\/www.shqiperia.com\/blog\/zoti-kryeminister-erresira-nuk-e-ul-numrin-e-te-uriturve-vetem-sa-shton-numrin-e-te-zemeruarve\/andi-bejtja-3\/\" data-orig-file=\"https:\/\/i0.wp.com\/www.shqiperia.com\/blog\/wp-content\/uploads\/2020\/04\/Andi-Bejtja.jpg?fit=800%2C470&amp;ssl=1\" data-orig-size=\"800,470\" data-comments-opened=\"1\" data-image-meta=\"{&quot;aperture&quot;:&quot;0&quot;,&quot;credit&quot;:&quot;&quot;,&quot;camera&quot;:&quot;&quot;,&quot;caption&quot;:&quot;&quot;,&quot;created_timestamp&quot;:&quot;0&quot;,&quot;copyright&quot;:&quot;&quot;,&quot;focal_length&quot;:&quot;0&quot;,&quot;iso&quot;:&quot;0&quot;,&quot;shutter_speed&quot;:&quot;0&quot;,&quot;title&quot;:&quot;&quot;,&quot;orientation&quot;:&quot;0&quot;}\" data-image-title=\"Andi Bejtja\" data-image-description=\"\" data-image-caption=\"\" data-medium-file=\"https:\/\/i0.wp.com\/www.shqiperia.com\/blog\/wp-content\/uploads\/2020\/04\/Andi-Bejtja.jpg?fit=300%2C176&amp;ssl=1\" data-large-file=\"https:\/\/i0.wp.com\/www.shqiperia.com\/blog\/wp-content\/uploads\/2020\/04\/Andi-Bejtja.jpg?fit=800%2C470&amp;ssl=1\" class=\"alignnone  wp-image-33771\" alt=\"\" src=\"https:\/\/i0.wp.com\/www.shqiperia.com\/blog\/wp-content\/uploads\/2020\/04\/Andi-Bejtja.jpg?resize=481%2C282&#038;ssl=1\" width=\"481\" height=\"282\" srcset=\"https:\/\/i0.wp.com\/www.shqiperia.com\/blog\/wp-content\/uploads\/2020\/04\/Andi-Bejtja.jpg?resize=300%2C176&amp;ssl=1 300w, https:\/\/i0.wp.com\/www.shqiperia.com\/blog\/wp-content\/uploads\/2020\/04\/Andi-Bejtja.jpg?resize=768%2C451&amp;ssl=1 768w, https:\/\/i0.wp.com\/www.shqiperia.com\/blog\/wp-content\/uploads\/2020\/04\/Andi-Bejtja.jpg?resize=450%2C264&amp;ssl=1 450w, https:\/\/i0.wp.com\/www.shqiperia.com\/blog\/wp-content\/uploads\/2020\/04\/Andi-Bejtja.jpg?resize=600%2C353&amp;ssl=1 600w, https:\/\/i0.wp.com\/www.shqiperia.com\/blog\/wp-content\/uploads\/2020\/04\/Andi-Bejtja.jpg?resize=400%2C235&amp;ssl=1 400w, https:\/\/i0.wp.com\/www.shqiperia.com\/blog\/wp-content\/uploads\/2020\/04\/Andi-Bejtja.jpg?w=800&amp;ssl=1 800w\" sizes=\"auto, (max-width: 481px) 100vw, 481px\" \/><\/p>\n<p>Zoti kryeminist\u00ebr err\u00ebsira nuk e ul numrin e t\u00eb uriturve, vet\u00ebm sa shton numrin e t\u00eb zem\u00ebruarve<\/p>\n<p>26 PRILL 2020<\/p>\n<p>Nga Andi Bejtja<\/p>\n<p>N\u00eb shekuj, fatkeq\u00ebsit\u00eb natyrore, pandemit\u00eb, kan\u00eb qen\u00eb, jan\u00eb e do t\u00eb mbeten koh\u00eb t\u00eb arta p\u00ebr diktator\u00ebt, autokrat\u00ebt: se mos harroj dhe t\u00eb korruptuarit.<\/p>\n<p>Duke p\u00ebrdorur frik\u00ebn e arsyeshme t\u00eb njer\u00ebzve p\u00ebr pandemin\u00eb, diktator\u00ebt e autokrat\u00ebt n\u00eb t\u00eb gjith\u00eb globin po punojn\u00eb m\u00eb shpejt se shkenc\u00ebtar\u00ebt q\u00eb po mundohen t\u00eb gjejn\u00eb vaksin\u00ebn, p\u00ebr t\u00eb zgjeruar pushtetin e tyre me ligje t\u00eb posa\u00e7me antikushtetuese, q\u00eb mund t\u2019i mbajn\u00eb edhe pas pandemis\u00eb, si\u00e7 \u00ebsht\u00eb rast Orban n\u00eb Hungari, apo si edhe n\u00eb Serbi, ku Vu\u00e7i\u00e7 po me ligj t\u00eb posac\u00ebm \u00ebsht\u00eb personi i vet\u00ebm q\u00eb mund t\u00eb shpall\u00eb gjendjen e jasht\u00ebzakonshme (p\u00ebr t\u00eb mos shkuar n\u00eb qindra raste m\u00eb t\u00eb larg\u00ebta n\u00eb t\u00eb gjith\u00eb globin).<\/p>\n<p>N\u00eb fakt, k\u00ebta dy lider\u00eb ballkanik\u00eb, n\u00eb k\u00ebt\u00eb kontekst, m\u00eb duken m\u00eb t\u00eb ndersh\u00ebm se Rama, q\u00eb me opozit\u00ebn reale jasht\u00eb parlamentit dhe me nj\u00eb sistem t\u00eb paralizuar gjyq\u00ebsor, nuk ka nevoj\u00eb t\u00eb implementoj\u00eb shum\u00eb \u201cligje t\u00eb posa\u00e7me\u201d p\u00ebr t\u00eb justifikuar sjelljen e tij si i Gjith\u00ebpushtetsh\u00ebm.<\/p>\n<p>Teksa n\u00eb vendet e stabilizuara, me raport funksional t\u00eb mekanizmave \u201ccheck and balance\u201d, kjo frik\u00eb reduktohet, a mund t\u2019i imagjinoj\u00eb njeri rezultatet n\u00eb nj\u00eb vend si Shqip\u00ebria: pa sistem gjyq\u00ebsor, pa opozit\u00ebn n\u00eb Parlament, me shumic\u00ebn e mediave t\u00eb blera dhe me nj\u00eb person n\u00eb pushtet q\u00eb gjat\u00eb gjith\u00eb viteteve n\u00eb politik\u00eb dhe si kryetar partie dhe si kryetar Bashkie dhe si kryeminist\u00ebr, ka nj\u00eb raport komplet n\u00eb shp\u00ebrpjestim t\u00eb zhdrejt\u00eb me ligjin dhe burokracin\u00eb? (n\u00eb kuptimin e mir\u00eb t\u00eb fjal\u00ebs p\u00ebr k\u00ebt\u00eb t\u00eb fundit si term).<\/p>\n<p>N\u00eb k\u00ebt\u00eb kontekst, thirrjet p\u00ebr transparenc\u00eb duhet t\u00eb jen\u00eb ul\u00ebrit\u00ebse, t\u00eb kalojn\u00eb n\u00eb nivelin e protetest\u00ebs: nga ana e opozit\u00ebs, shoq\u00ebris\u00eb civile, medias, madje dhe mjek\u00ebve, sidomos atyre q\u00eb jan\u00eb n\u00eb vij\u00ebn e par\u00eb, si edhe t\u00eb Presidentit t\u00eb vendit, q\u00eb nuk ka pse e kosit bar\u00ebrat e k\u00ebqija me kos\u00eb kur ka pesticide.<\/p>\n<p>Por, kjo \u00ebsht\u00eb nj\u00ebra an\u00eb e medlajes. Medalja ka dhe nj\u00eb an\u00eb tjet\u00ebr. N\u00eb k\u00ebt\u00eb telenovel\u00eb pandemie disa autokrat\u00eb do forcohen e do b\u00ebh\u00ebn m\u00eb diktator\u00eb, por disa t\u00eb tjer\u00eb dhe do rr\u00ebzohen, sidomos n\u00eb vendet e varfra dhe m\u00eb pak t\u00eb zhvilluara ekonomikisht, ku si zakonisht llogaria apo fatura e luft\u00ebs vjen shum\u00eb m\u00eb shpejt se n\u00eb vendet e tjera.<\/p>\n<p>Rrjeta e propagand\u00ebs mund t\u00eb vazhdoj\u00eb t\u00eb jet\u00eb e fort\u00eb p\u00ebr sa koh\u00eb flitet p\u00ebr Covid-19, por sa t\u00eb filloj\u00eb seriali i ekonomis\u00eb, ajo do t\u00eb filloj\u00eb t\u00eb \u00e7ahet. Ndoshta \u00ebsht\u00eb nga her\u00ebt e para q\u00eb RamaPropaganda ka nj\u00eb afat skadence me dat\u00eb t\u00eb qart\u00eb, t\u00eb shkruar t\u00eb bardh\u00eb mbi t\u00eb zez\u00eb. Af\u00ebrmendsh n\u00eb Shqip\u00ebri do ket\u00eb m\u00eb shum\u00eb zem\u00ebrim, m\u00eb shum\u00eb uri se n\u00eb shum\u00eb vende t\u00eb tjera\u2026<\/p>\n<p>Mjafton t\u00eb sjell\u00ebsh nd\u00ebrmend nj\u00eb specifike q\u00eb gati nj\u00eb e treta e fuqis\u00eb pun\u00ebtore jan\u00eb pun\u00ebtor\u00eb sezonal\u00eb n\u00ebp\u00ebr Europ\u00eb dhe n\u00eb vendet fqinje dhe k\u00ebt\u00eb her\u00eb do ngelin p\u00ebr nj\u00eb koh\u00eb t\u00eb gjat\u00eb si miza n\u00eb got\u00eb\u2026 Dhe dihet, fatura rrjedhimisht do t\u2019i shkoj\u00eb vet\u00ebm nj\u00ebrit.<\/p>\n<p>Ka jo pak poltikan\u00eb q\u00eb e din\u00eb k\u00ebt\u00eb loj\u00eb, e luajn\u00eb n\u00eb heshtje, ose e kan\u00eb fare t\u00eb qart\u00eb q\u00eb kjo qeveri q\u00eb \u00ebsht\u00eb kthyer thjesht n\u00eb nj\u00eb bank\u00eb q\u00eb krediton klient\u00ebt e saj p\u00ebr koncesione, q\u00eb ka p\u00ebr t\u2019i paguar 140 milion\u00eb euro Beketit, nuk do jet\u00eb n\u00eb gjendje t\u00eb p\u00ebrballet dot me k\u00ebt\u00eb fatur\u00eb q\u00eb b\u00ebhet dhe m\u00eb e madhe dhe p\u00ebr shkak t\u00eb keqqeverisjes n\u00eb k\u00ebto 7 vite.<\/p>\n<p>St\u00ebrmundimi e propaganda p\u00ebr ta paraqitur paket\u00ebn\u00a0 ekonomike t\u00eb nj\u00ebjt\u00eb n\u00eb p\u00ebrqindje me vendet e tjera n\u00eb raport me GDP, kur n\u00eb t\u00eb v\u00ebrtet\u00eb \u00ebsht\u00eb e kund\u00ebrta, \u00ebsht\u00eb paketa m\u00eb e vog\u00ebl n\u00eb Europ\u00eb (shiko hart\u00ebn e botuar nga Fondi Monetar) do t\u00eb shuhet shum\u00eb shpejt, aq shpejt sa nuk na e merr mendja.<\/p>\n<p>Ata q\u00eb i g\u00ebnjen mendja se err\u00ebsira do t\u00eb ul\u00eb numrin e t\u00eb uriturve, e kan\u00eb gabim: err\u00ebsira vet\u00ebm do t\u00eb shtoj\u00eb numrin e t\u00eb zem\u00ebruarve, q\u00eb bashk\u00eb me sht\u00ebpin\u00eb e t\u00eb gjith\u00ebpushtetshmit, mund t\u00eb shkat\u00ebrrojn\u00eb dhe sht\u00ebpin\u00eb ton\u00eb t\u00eb p\u00ebrbashk\u00ebt, Shqip\u00ebrin\u00eb.<\/p>\n<p>Ndaj, Trasnparenca n\u00eb k\u00ebt\u00eb sfond nuk \u00ebsht\u00eb thjesht nj\u00eb detyrim ligjor p\u00ebr Kryeministrin dhe Qeverin\u00eb, por vaksina e vetme p\u00ebr t\u00eb mbajtur n\u00eb k\u00ebmb\u00eb Shqip\u00ebrin\u00eb.<br \/>\nUn\u00eb, mediatikisht dhe personalisht, do t\u00eb k\u00ebrkoj transparenc\u00eb dit\u00eb p\u00ebr dit\u00eb: le ta fillojm\u00eb t\u00eb dy sot kryeminist\u00ebr me dy gj\u00ebra t\u00eb vogla, leht\u00ebsisht t\u00eb realizueshme, jam i bindur dhe t\u00eb do ndjehesh m\u00eb i leht\u00ebsuar nga kjo pesh\u00eb e madhe q\u00eb t\u00eb ka r\u00ebn\u00eb k\u00ebto koh\u00eb\u2026.<\/p>\n<p>E para, mund t\u00eb na thuash kush \u00ebsht\u00eb kryetari i t\u00eb asht\u00ebqujtuarit Komitet i Ekspert\u00ebve me t\u00eb cil\u00ebt ke marr\u00eb vendimet p\u00ebr menaxhimin e pandemis\u00eb, dhe e dyt, q\u00eb po ta k\u00ebrkojn\u00eb t\u00eb gjith\u00eb dhe q\u00eb \u00ebsht\u00eb aq e leht\u00eb: publiko list\u00ebn e emrave t\u00eb atyre q\u00eb kan\u00eb p\u00ebrfituar ndihm\u00ebn ekonomike. Kaq p\u00ebr sot, dhe mos harro at\u00eb q\u00eb thash\u00eb m\u00eb par\u00eb: Err\u00ebsira nuk e ul dot numrin e t\u00eb uriturve, thjesht dhe vet\u00ebm shum\u00ebfishon numrin e t\u00eb z\u00ebm\u00ebruarve e kjo nuk \u00ebsht\u00eb mir\u00eb p\u00ebr asnj\u00eb nga ne.<\/p>\n<p>Gazeta Sot<\/p>\n","protected":false},"excerpt":{"rendered":"<p>Zoti kryeminist\u00ebr err\u00ebsira nuk e ul numrin e t\u00eb uriturve, vet\u00ebm sa shton numrin e t\u00eb zem\u00ebruarve 26 PRILL 2020 Nga Andi Bejtja N\u00eb shekuj, fatkeq\u00ebsit\u00eb natyrore, pandemit\u00eb, kan\u00eb qen\u00eb, jan\u00eb e do t\u00eb mbeten koh\u00eb t\u00eb arta p\u00ebr diktator\u00ebt, autokrat\u00ebt: se mos harroj dhe t\u00eb korruptuarit. Duke p\u00ebrdorur frik\u00ebn e arsyeshme t\u00eb njer\u00ebzve p\u00ebr [&hellip;]<\/p>\n","protected":false},"author":9,"featured_media":33771,"comment_status":"open","ping_status":"open","sticky":false,"template":"","format":"standard","meta":{"jetpack_post_was_ever_published":false,"_jetpack_newsletter_access":"","_jetpack_dont_email_post_to_subs":false,"_jetpack_newsletter_tier_id":0,"_jetpack_memberships_contains_paywalled_content":false,"_jetpack_memberships_contains_paid_content":false,"footnotes":"","jetpack_publicize_message":"","jetpack_publicize_feature_enabled":true,"jetpack_social_post_already_shared":true,"jetpack_social_options":{"image_generator_settings":{"template":"highway","default_image_id":0,"font":"","enabled":false},"version":2}},"categories":[27,35],"tags":[],"class_list":["post-33770","post","type-post","status-publish","format-standard","has-post-thumbnail","hentry","category-blogu-i-udhetarit","category-shoqerore"],"jetpack_publicize_connections":[],"jetpack_featured_media_url":"https:\/\/i0.wp.com\/www.shqiperia.com\/blog\/wp-content\/uploads\/2020\/04\/Andi-Bejtja.jpg?fit=800%2C470&ssl=1","jetpack_sharing_enabled":true,"jetpack_shortlink":"https:\/\/wp.me\/p5Z6wp-8MG","jetpack-related-posts":[{"id":88347,"url":"https:\/\/www.shqiperia.com\/blog\/sula-rasti-unik-ne-bote-qeveria-ul-numrin-e-popullsise-dhe-shton-ate-te-punonjesve-te-administrates\/","url_meta":{"origin":33770,"position":0},"title":"Sula: &#8211; Rasti unik n\u00eb bot\u00eb, qeveria ul numrin e popullsis\u00eb dhe shton at\u00eb t\u00eb punonj\u00ebsve t\u00eb administrat\u00ebs","author":"Kurt Farka","date":"January 13, 2025","format":false,"excerpt":"13 Janar 2025 Nd\u00ebrkoh\u00eb kur na ndajn\u00eb edhe 4 muaj nga zgjedhjet, qeveria ka shpallur edhe 1200 vende t\u00eb tjera t\u00eb lira p\u00ebr tu pun\u00ebsuar n\u00eb shtet. Sipas deputetit t\u00eb Partis\u00eb Demokratike, Dashnor Sula, Shqip\u00ebria \u00ebsht\u00eb vendi unik n\u00eb bot\u00eb, p\u00ebr arsye se nd\u00ebrkoh\u00eb q\u00eb numri i popullsis\u00eb bie, rritet\u2026","rel":"","context":"In &quot;Blogu i Udh\u00ebtarit&quot;","block_context":{"text":"Blogu i Udh\u00ebtarit","link":"https:\/\/www.shqiperia.com\/blog\/category\/blogu-i-udhetarit\/"},"img":{"alt_text":"","src":"https:\/\/i0.wp.com\/www.shqiperia.com\/blog\/wp-content\/uploads\/2025\/01\/728-412-332459523e1c33933ca3a2a4d6856340.jpg?fit=728%2C412&ssl=1&resize=350%2C200","width":350,"height":200,"srcset":"https:\/\/i0.wp.com\/www.shqiperia.com\/blog\/wp-content\/uploads\/2025\/01\/728-412-332459523e1c33933ca3a2a4d6856340.jpg?fit=728%2C412&ssl=1&resize=350%2C200 1x, https:\/\/i0.wp.com\/www.shqiperia.com\/blog\/wp-content\/uploads\/2025\/01\/728-412-332459523e1c33933ca3a2a4d6856340.jpg?fit=728%2C412&ssl=1&resize=525%2C300 1.5x, https:\/\/i0.wp.com\/www.shqiperia.com\/blog\/wp-content\/uploads\/2025\/01\/728-412-332459523e1c33933ca3a2a4d6856340.jpg?fit=728%2C412&ssl=1&resize=700%2C400 2x"},"classes":[]},{"id":75402,"url":"https:\/\/www.shqiperia.com\/blog\/ku-te-con-mushka-zoti-kryeminister\/","url_meta":{"origin":33770,"position":1},"title":"Ku t\u00eb \u00e7on mushka, zoti Kryeminist\u00ebr?","author":"Kurt Farka","date":"November 8, 2023","format":false,"excerpt":"8 Nentor 2023 Nga BEDRI ISLAMI Botuar n\u00eb DITA Nga t\u00eb gjitha gj\u00ebrat m\u00eb t\u00eb pabesueshme q\u00eb mund t\u00eb b\u00ebj\u00eb kryeministri i nj\u00eb vendi, aq m\u00eb tep\u00ebr i nj\u00eb shteti q\u00eb nuk \u00ebsht\u00eb as monarki dhe feud i nj\u00eb njeriu t\u00eb vet\u00ebm, m\u00eb e pabesueshmja, nj\u00ebkoh\u00ebsisht edhe m\u00eb antikomb\u00ebtare, \u00ebsht\u00eb\u2026","rel":"","context":"In &quot;Blogu i Udh\u00ebtarit&quot;","block_context":{"text":"Blogu i Udh\u00ebtarit","link":"https:\/\/www.shqiperia.com\/blog\/category\/blogu-i-udhetarit\/"},"img":{"alt_text":"","src":"https:\/\/i0.wp.com\/www.shqiperia.com\/blog\/wp-content\/uploads\/2023\/11\/196117386_3047299295493353_8837247964216065948_n.jpg?fit=640%2C405&ssl=1&resize=350%2C200","width":350,"height":200,"srcset":"https:\/\/i0.wp.com\/www.shqiperia.com\/blog\/wp-content\/uploads\/2023\/11\/196117386_3047299295493353_8837247964216065948_n.jpg?fit=640%2C405&ssl=1&resize=350%2C200 1x, https:\/\/i0.wp.com\/www.shqiperia.com\/blog\/wp-content\/uploads\/2023\/11\/196117386_3047299295493353_8837247964216065948_n.jpg?fit=640%2C405&ssl=1&resize=525%2C300 1.5x"},"classes":[]},{"id":34646,"url":"https:\/\/www.shqiperia.com\/blog\/zoti-kryeminister-mos-provoko-2-mars-tjeter-por-te-rrezikshem-kujdes-mos-e-hidh-popullin-ne-lufte\/","url_meta":{"origin":33770,"position":2},"title":"Zoti Kryeminist\u00ebr! Mos provoko \u201c2 mars\u201d tjet\u00ebr, por t\u00eb rreziksh\u00ebm. Kujdes mos e hidh popullin n\u00eb luft\u00eb!","author":"Kurt Farka","date":"May 14, 2020","format":false,"excerpt":"Zoti Kryeminist\u00ebr! Mos provoko \u201c2 mars\u201d tjet\u00ebr, por t\u00eb rreziksh\u00ebm. Kujdes mos e hidh popullin n\u00eb luft\u00eb! 13\/05\/2020 Kryeministrit Rama, me sa duket, duhet t\u2019i ket\u00eb b\u00ebr\u00eb keq koronavirusi, pasi si\u00e7 thon\u00eb mjek\u00ebt ai d\u00ebmton edhe trurin. Nuk kan\u00eb shpjegim tjet\u00ebr tjet\u00ebr veprimet e mbr\u00ebmshme t\u00eb tij, kur n\u00eb m\u00ebnyr\u00eb\u2026","rel":"","context":"In &quot;Blogu i Udh\u00ebtarit&quot;","block_context":{"text":"Blogu i Udh\u00ebtarit","link":"https:\/\/www.shqiperia.com\/blog\/category\/blogu-i-udhetarit\/"},"img":{"alt_text":"","src":"https:\/\/i0.wp.com\/www.shqiperia.com\/blog\/wp-content\/uploads\/2020\/05\/banoret-unaez-673x375-1.jpg?fit=673%2C375&ssl=1&resize=350%2C200","width":350,"height":200,"srcset":"https:\/\/i0.wp.com\/www.shqiperia.com\/blog\/wp-content\/uploads\/2020\/05\/banoret-unaez-673x375-1.jpg?fit=673%2C375&ssl=1&resize=350%2C200 1x, https:\/\/i0.wp.com\/www.shqiperia.com\/blog\/wp-content\/uploads\/2020\/05\/banoret-unaez-673x375-1.jpg?fit=673%2C375&ssl=1&resize=525%2C300 1.5x"},"classes":[]},{"id":78628,"url":"https:\/\/www.shqiperia.com\/blog\/isaac-newton-kishte-parashikuar-daten-e-fundit-te-botes-qe-ne-fakt-nuk-rezulton-shume-larg\/","url_meta":{"origin":33770,"position":3},"title":"Isaac Newton kishte parashikuar dat\u00ebn e \u2018fundit t\u00eb bot\u00ebs\u2019, q\u00eb n\u00eb fakt nuk rezulton shum\u00eb larg","author":"Kurt Farka","date":"February 25, 2024","format":false,"excerpt":"25 Shkurt 2024 Issac Newton raportohet se kishte b\u00ebr\u00eb nj\u00eb parashikim drith\u00ebrues p\u00ebr fundin e bot\u00ebs dhe nisjen e nj\u00eb epoke krejt ndryshe nga kjo q\u00eb po jetojm\u00eb, teksa bazuar dhe n\u00eb sinjale t\u00eb tjera, publiku po interesohet t\u00eb dij\u00eb se nuk \u00ebsht\u00eb shum\u00eb larg. Shkenc\u00ebtari i njohur q\u00eb ishte\u2026","rel":"","context":"In &quot;Blogu i Udh\u00ebtarit&quot;","block_context":{"text":"Blogu i Udh\u00ebtarit","link":"https:\/\/www.shqiperia.com\/blog\/category\/blogu-i-udhetarit\/"},"img":{"alt_text":"","src":"https:\/\/i0.wp.com\/www.shqiperia.com\/blog\/wp-content\/uploads\/2024\/02\/640-0-150ddad8c7343117079af9d17e203980-1.jpg?fit=636%2C364&ssl=1&resize=350%2C200","width":350,"height":200,"srcset":"https:\/\/i0.wp.com\/www.shqiperia.com\/blog\/wp-content\/uploads\/2024\/02\/640-0-150ddad8c7343117079af9d17e203980-1.jpg?fit=636%2C364&ssl=1&resize=350%2C200 1x, https:\/\/i0.wp.com\/www.shqiperia.com\/blog\/wp-content\/uploads\/2024\/02\/640-0-150ddad8c7343117079af9d17e203980-1.jpg?fit=636%2C364&ssl=1&resize=525%2C300 1.5x"},"classes":[]},{"id":53573,"url":"https:\/\/www.shqiperia.com\/blog\/afro-4-here-me-shume-se-sa-eshte-raportuar-the-economist-perpunon-te-dhenatte-pakten-12-mije-shqiptare-vdiqen-per-shkak-te-pandemise\/","url_meta":{"origin":33770,"position":4},"title":"\u201cAfro 4 her\u00eb m\u00eb shum\u00eb se sa \u00ebsht\u00eb raportuar\u201d, The Economist p\u00ebrpunon t\u00eb dh\u00ebnat: &#8211; T\u00eb pakt\u00ebn 12 mij\u00eb shqiptar\u00eb vdiq\u00ebn p\u00ebr shkak t\u00eb pandemis\u00eb","author":"Kurt Farka","date":"January 29, 2022","format":false,"excerpt":"\u201cAfro 4 her\u00eb m\u00eb shum\u00eb se sa \u00ebsht\u00eb raportuar\u201d, The Economist p\u00ebrpunon t\u00eb dh\u00ebnat:T\u00eb pakt\u00ebn 12 mij\u00eb shqiptar\u00eb vdiq\u00ebn p\u00ebr shkak t\u00eb pandemis\u00eb 12 Janar 2022 Prestigjiozja britanike \u201cThe Economist\u201d ka b\u00ebr\u00eb nj\u00eb raportim mjaft t\u00eb detajuar n\u00eb lidhje me numrin e v\u00ebrtet\u00eb t\u00eb vdekjeve t\u00eb shkaktuara nga pandemia, ndryshe\u2026","rel":"","context":"In &quot;Blogu i Udh\u00ebtarit&quot;","block_context":{"text":"Blogu i Udh\u00ebtarit","link":"https:\/\/www.shqiperia.com\/blog\/category\/blogu-i-udhetarit\/"},"img":{"alt_text":"","src":"https:\/\/i0.wp.com\/www.shqiperia.com\/blog\/wp-content\/uploads\/2022\/01\/22-640x361-1.jpg?fit=640%2C361&ssl=1&resize=350%2C200","width":350,"height":200,"srcset":"https:\/\/i0.wp.com\/www.shqiperia.com\/blog\/wp-content\/uploads\/2022\/01\/22-640x361-1.jpg?fit=640%2C361&ssl=1&resize=350%2C200 1x, https:\/\/i0.wp.com\/www.shqiperia.com\/blog\/wp-content\/uploads\/2022\/01\/22-640x361-1.jpg?fit=640%2C361&ssl=1&resize=525%2C300 1.5x"},"classes":[]},{"id":33658,"url":"https:\/\/www.shqiperia.com\/blog\/kunder-kujt-drejtohen-tanket-dhe-automatiket-pandemite-kohe-e-arte-per-autokratet\/","url_meta":{"origin":33770,"position":5},"title":"Kund\u00ebr kujt drejtohen tanket dhe automatik\u00ebt? Pandemit\u00eb \u2013 koh\u00eb e art\u00eb p\u00ebr autokrat\u00ebt","author":"Kurt Farka","date":"April 22, 2020","format":false,"excerpt":"Kund\u00ebr kujt drejtohen tanket dhe automatik\u00ebt? Pandemit\u00eb \u2013 koh\u00eb e art\u00eb p\u00ebr autokrat\u00ebt 21 Prill 2020 \u201cJo, kjo pandemi nuk \u00ebsht\u00eb luft\u00eb. Kombet nuk luftojn\u00eb kund\u00ebr kombeve dhe as ushtar\u00ebt kund\u00ebr ushtar\u00ebve. P\u00ebrkundrazi, \u00ebsht\u00eb nj\u00eb sprov\u00eb p\u00ebr njer\u00ebzimin.\u201d \u2013 u shpreh n\u00eb nj\u00eb fjalim koh\u00ebt e fundit presidenti gjerman, Frank-Walter\u2026","rel":"","context":"In &quot;Blogu i Udh\u00ebtarit&quot;","block_context":{"text":"Blogu i Udh\u00ebtarit","link":"https:\/\/www.shqiperia.com\/blog\/category\/blogu-i-udhetarit\/"},"img":{"alt_text":"","src":"https:\/\/i0.wp.com\/www.shqiperia.com\/blog\/wp-content\/uploads\/2020\/04\/Ushtria-kontrolli.jpg?fit=700%2C394&ssl=1&resize=350%2C200","width":350,"height":200,"srcset":"https:\/\/i0.wp.com\/www.shqiperia.com\/blog\/wp-content\/uploads\/2020\/04\/Ushtria-kontrolli.jpg?fit=700%2C394&ssl=1&resize=350%2C200 1x, https:\/\/i0.wp.com\/www.shqiperia.com\/blog\/wp-content\/uploads\/2020\/04\/Ushtria-kontrolli.jpg?fit=700%2C394&ssl=1&resize=525%2C300 1.5x, https:\/\/i0.wp.com\/www.shqiperia.com\/blog\/wp-content\/uploads\/2020\/04\/Ushtria-kontrolli.jpg?fit=700%2C394&ssl=1&resize=700%2C400 2x"},"classes":[]}],"_links":{"self":[{"href":"https:\/\/www.shqiperia.com\/blog\/wp-json\/wp\/v2\/posts\/33770","targetHints":{"allow":["GET"]}}],"collection":[{"href":"https:\/\/www.shqiperia.com\/blog\/wp-json\/wp\/v2\/posts"}],"about":[{"href":"https:\/\/www.shqiperia.com\/blog\/wp-json\/wp\/v2\/types\/post"}],"author":[{"embeddable":true,"href":"https:\/\/www.shqiperia.com\/blog\/wp-json\/wp\/v2\/users\/9"}],"replies":[{"embeddable":true,"href":"https:\/\/www.shqiperia.com\/blog\/wp-json\/wp\/v2\/comments?post=33770"}],"version-history":[{"count":1,"href":"https:\/\/www.shqiperia.com\/blog\/wp-json\/wp\/v2\/posts\/33770\/revisions"}],"predecessor-version":[{"id":33772,"href":"https:\/\/www.shqiperia.com\/blog\/wp-json\/wp\/v2\/posts\/33770\/revisions\/33772"}],"wp:featuredmedia":[{"embeddable":true,"href":"https:\/\/www.shqiperia.com\/blog\/wp-json\/wp\/v2\/media\/33771"}],"wp:attachment":[{"href":"https:\/\/www.shqiperia.com\/blog\/wp-json\/wp\/v2\/media?parent=33770"}],"wp:term":[{"taxonomy":"category","embeddable":true,"href":"https:\/\/www.shqiperia.com\/blog\/wp-json\/wp\/v2\/categories?post=33770"},{"taxonomy":"post_tag","embeddable":true,"href":"https:\/\/www.shqiperia.com\/blog\/wp-json\/wp\/v2\/tags?post=33770"}],"curies":[{"name":"wp","href":"https:\/\/api.w.org\/{rel}","templated":true}]}}