{"id":33767,"date":"2020-04-26T00:39:35","date_gmt":"2020-04-26T00:39:35","guid":{"rendered":"https:\/\/www.shqiperia.com\/blog\/?p=33767"},"modified":"2020-04-26T00:39:35","modified_gmt":"2020-04-26T00:39:35","slug":"cdo-kritike-e-doktorit-e-pakontestuar-nga-une-presidenti-meta-pas-shtyrjes-se-gjendjes-se-fatkeqesise-natyrore-qeveria-duhet-te","status":"publish","type":"post","link":"https:\/\/www.shqiperia.com\/blog\/cdo-kritike-e-doktorit-e-pakontestuar-nga-une-presidenti-meta-pas-shtyrjes-se-gjendjes-se-fatkeqesise-natyrore-qeveria-duhet-te\/","title":{"rendered":"\u201c\u00c7do kritik\u00eb e Doktorit, e pakontestuar nga un\u00eb\u201d, Presidenti Meta: Pas shtyrjes s\u00eb gjendjes s\u00eb fatkeq\u00ebsis\u00eb natyrore, Qeveria duhet t\u00eb\u2026"},"content":{"rendered":"<p><img data-recalc-dims=\"1\" loading=\"lazy\" decoding=\"async\" data-attachment-id=\"33768\" data-permalink=\"https:\/\/www.shqiperia.com\/blog\/cdo-kritike-e-doktorit-e-pakontestuar-nga-une-presidenti-meta-pas-shtyrjes-se-gjendjes-se-fatkeqesise-natyrore-qeveria-duhet-te\/6436783a-d425-46d4-9cd3-7c3832ec21c0\/\" data-orig-file=\"https:\/\/i0.wp.com\/www.shqiperia.com\/blog\/wp-content\/uploads\/2020\/04\/6436783a-d425-46d4-9cd3-7c3832ec21c0.jpg?fit=1280%2C673&amp;ssl=1\" data-orig-size=\"1280,673\" data-comments-opened=\"1\" data-image-meta=\"{&quot;aperture&quot;:&quot;0&quot;,&quot;credit&quot;:&quot;&quot;,&quot;camera&quot;:&quot;&quot;,&quot;caption&quot;:&quot;&quot;,&quot;created_timestamp&quot;:&quot;0&quot;,&quot;copyright&quot;:&quot;&quot;,&quot;focal_length&quot;:&quot;0&quot;,&quot;iso&quot;:&quot;0&quot;,&quot;shutter_speed&quot;:&quot;0&quot;,&quot;title&quot;:&quot;&quot;,&quot;orientation&quot;:&quot;0&quot;}\" data-image-title=\"6436783a-d425-46d4-9cd3-7c3832ec21c0\" data-image-description=\"\" data-image-caption=\"\" data-medium-file=\"https:\/\/i0.wp.com\/www.shqiperia.com\/blog\/wp-content\/uploads\/2020\/04\/6436783a-d425-46d4-9cd3-7c3832ec21c0.jpg?fit=300%2C158&amp;ssl=1\" data-large-file=\"https:\/\/i0.wp.com\/www.shqiperia.com\/blog\/wp-content\/uploads\/2020\/04\/6436783a-d425-46d4-9cd3-7c3832ec21c0.jpg?fit=1024%2C538&amp;ssl=1\" class=\"alignnone  wp-image-33768\" alt=\"\" src=\"https:\/\/i0.wp.com\/www.shqiperia.com\/blog\/wp-content\/uploads\/2020\/04\/6436783a-d425-46d4-9cd3-7c3832ec21c0.jpg?resize=471%2C248&#038;ssl=1\" width=\"471\" height=\"248\" srcset=\"https:\/\/i0.wp.com\/www.shqiperia.com\/blog\/wp-content\/uploads\/2020\/04\/6436783a-d425-46d4-9cd3-7c3832ec21c0.jpg?resize=300%2C158&amp;ssl=1 300w, https:\/\/i0.wp.com\/www.shqiperia.com\/blog\/wp-content\/uploads\/2020\/04\/6436783a-d425-46d4-9cd3-7c3832ec21c0.jpg?resize=1024%2C538&amp;ssl=1 1024w, https:\/\/i0.wp.com\/www.shqiperia.com\/blog\/wp-content\/uploads\/2020\/04\/6436783a-d425-46d4-9cd3-7c3832ec21c0.jpg?resize=768%2C404&amp;ssl=1 768w, https:\/\/i0.wp.com\/www.shqiperia.com\/blog\/wp-content\/uploads\/2020\/04\/6436783a-d425-46d4-9cd3-7c3832ec21c0.jpg?resize=450%2C237&amp;ssl=1 450w, https:\/\/i0.wp.com\/www.shqiperia.com\/blog\/wp-content\/uploads\/2020\/04\/6436783a-d425-46d4-9cd3-7c3832ec21c0.jpg?resize=600%2C315&amp;ssl=1 600w, https:\/\/i0.wp.com\/www.shqiperia.com\/blog\/wp-content\/uploads\/2020\/04\/6436783a-d425-46d4-9cd3-7c3832ec21c0.jpg?resize=400%2C210&amp;ssl=1 400w, https:\/\/i0.wp.com\/www.shqiperia.com\/blog\/wp-content\/uploads\/2020\/04\/6436783a-d425-46d4-9cd3-7c3832ec21c0.jpg?w=1280&amp;ssl=1 1280w\" sizes=\"auto, (max-width: 471px) 100vw, 471px\" \/><\/p>\n<p>\u201c\u00c7do kritik\u00eb e Doktorit, e pakontestuar nga un\u00eb\u201d, Presidenti Meta: Pas shtyrjes s\u00eb gjendjes s\u00eb fatkeq\u00ebsis\u00eb natyrore, Qeveria duhet t\u00eb\u2026<\/p>\n<p><em>\u00a025 prill 2020<\/em><\/p>\n<p><strong>Presidenti Ilir Meta komentoi reagimin e rezervuar t\u00eb ish kryeministrit Sali Berisha sa i takon ndryshimeve n\u00eb Kodin Penal.<\/strong><\/p>\n<p>\u201c\u00c7do kritik\u00eb e Doktorit \u00ebsht\u00eb e mir\u00ebpritur dhe e pakontestuar nga ana ime, \u00ebsht\u00eb e pranuar n\u00eb m\u00ebnyr\u00eb t\u00eb menj\u00ebhershme.\u201d -theksoi Meta n\u00eb intervist\u00ebn p\u00ebr emisionin \u201cKjo jav\u00eb\u201d.<\/p>\n<p>Sipas kreut t\u00eb shtetit, \u201cshtyrja e re 30 ditore e gjendjes s\u00eb fatkeqesis\u00eb natyrore do ishte shum\u00eb m\u00eb e logjikshme dhe m\u00eb e arsyeshme se gjat\u00eb saj do vler\u00ebsohej ecuria p\u00ebr t\u00eb ardhmen.<\/p>\n<p>\u201cN\u00eb k\u00ebt\u00eb drejtim me r\u00ebnd\u00ebsi t\u00eb nd\u00ebrtohet nj\u00eb rrug\u00eb m\u00eb e qart\u00eb drejt rikthimit n\u00eb normalitet e p\u00ebrshtatjes me k\u00ebt\u00eb situat\u00eb pasi \u00ebsht\u00eb e qart\u00eb se kjo do k\u00ebrkoj\u00eb koh\u00ebn e saj\u201d.<\/p>\n<p>Gazeta Panorama<\/p>\n","protected":false},"excerpt":{"rendered":"<p>\u201c\u00c7do kritik\u00eb e Doktorit, e pakontestuar nga un\u00eb\u201d, Presidenti Meta: Pas shtyrjes s\u00eb gjendjes s\u00eb fatkeq\u00ebsis\u00eb natyrore, Qeveria duhet t\u00eb\u2026 \u00a025 prill 2020 Presidenti Ilir Meta komentoi reagimin e rezervuar t\u00eb ish kryeministrit Sali Berisha sa i takon ndryshimeve n\u00eb Kodin Penal. \u201c\u00c7do kritik\u00eb e Doktorit \u00ebsht\u00eb e mir\u00ebpritur dhe e pakontestuar nga ana ime, [&hellip;]<\/p>\n","protected":false},"author":9,"featured_media":33768,"comment_status":"open","ping_status":"open","sticky":false,"template":"","format":"standard","meta":{"jetpack_post_was_ever_published":false,"_jetpack_newsletter_access":"","_jetpack_dont_email_post_to_subs":false,"_jetpack_newsletter_tier_id":0,"_jetpack_memberships_contains_paywalled_content":false,"_jetpack_memberships_contains_paid_content":false,"footnotes":"","jetpack_publicize_message":"","jetpack_publicize_feature_enabled":true,"jetpack_social_post_already_shared":true,"jetpack_social_options":{"image_generator_settings":{"template":"highway","default_image_id":0,"font":"","enabled":false},"version":2}},"categories":[1,14,35],"tags":[],"class_list":["post-33767","post","type-post","status-publish","format-standard","has-post-thumbnail","hentry","category-njoftime-shtypi","category-press-releases","category-shoqerore"],"jetpack_publicize_connections":[],"jetpack_featured_media_url":"https:\/\/i0.wp.com\/www.shqiperia.com\/blog\/wp-content\/uploads\/2020\/04\/6436783a-d425-46d4-9cd3-7c3832ec21c0.jpg?fit=1280%2C673&ssl=1","jetpack_sharing_enabled":true,"jetpack_shortlink":"https:\/\/wp.me\/p5Z6wp-8MD","jetpack-related-posts":[{"id":33111,"url":"https:\/\/www.shqiperia.com\/blog\/presidenti-i-republikes-ilir-meta-ka-reaguar-ndaj-situates-se-krijuar-ne-pikat-e-kalimit-kufitar-kapshtice-dhe-kakavije-pas-bllokimit-te-disa-shtetasve-shqiptar\/","url_meta":{"origin":33767,"position":0},"title":"Presidenti i Republik\u00ebs, Ilir Meta ka reaguar ndaj situat\u00ebs s\u00eb krijuar n\u00eb pikat e kalimit kufitar Kapshtic\u00eb dhe Kakavij\u00eb, pas bllokimit t\u00eb disa shtetasve shqiptar.","author":"Kurt Farka","date":"April 6, 2020","format":false,"excerpt":"Presidenti i Republik\u00ebs, Ilir Meta ka reaguar ndaj situat\u00ebs s\u00eb krijuar n\u00eb pikat e kalimit kufitar Kapshtic\u00eb dhe Kakavij\u00eb, pas bllokimit t\u00eb disa shtetasve shqiptar. N\u00eb nj\u00eb postim n\u00eb facebook, Presidenti apelon p\u00ebr zgjidhje t\u00eb menj\u00ebhershme t\u00eb situat\u00ebs dhe i b\u00ebn thirrje autoriteteve shqiptare q\u00eb t\u00eb zbatojn\u00eb detyrimet q\u00eb kan\u00eb\u2026","rel":"","context":"In &quot;Blogu i Udh\u00ebtarit&quot;","block_context":{"text":"Blogu i Udh\u00ebtarit","link":"https:\/\/www.shqiperia.com\/blog\/category\/blogu-i-udhetarit\/"},"img":{"alt_text":"","src":"https:\/\/i0.wp.com\/www.shqiperia.com\/blog\/wp-content\/uploads\/2020\/04\/ilir-meta.jpeg?fit=675%2C450&ssl=1&resize=350%2C200","width":350,"height":200,"srcset":"https:\/\/i0.wp.com\/www.shqiperia.com\/blog\/wp-content\/uploads\/2020\/04\/ilir-meta.jpeg?fit=675%2C450&ssl=1&resize=350%2C200 1x, https:\/\/i0.wp.com\/www.shqiperia.com\/blog\/wp-content\/uploads\/2020\/04\/ilir-meta.jpeg?fit=675%2C450&ssl=1&resize=525%2C300 1.5x"},"classes":[]},{"id":33594,"url":"https:\/\/www.shqiperia.com\/blog\/qeveria-propozon-shtyrjen-deri-me-23-qershor-te-gjendjes-emergjente\/","url_meta":{"origin":33767,"position":1},"title":"Qeveria propozon shtyrjen deri m\u00eb 23 qershor t\u00eb gjendjes emergjente","author":"Kurt Farka","date":"April 21, 2020","format":false,"excerpt":"Qeveria propozon shtyrjen deri m\u00eb 23 qershor t\u00eb gjendjes emergjente 20 prill 2020 Qeveria ka propozuar q\u00eb t\u00eb shtyhet gjendja e Fatkeq\u00ebsis\u00eb Natyrore deri m\u00eb 23 qershor. Propozimi u paralajm\u00ebrua nga kryeministri Edi Rama, n\u00eb nj\u00eb dalje p\u00ebr mediat, i cili pyetjes s\u00eb qytetarit, iu p\u00ebrgjigj: \u201cPatjet\u00ebr q\u00eb do t\u00eb\u2026","rel":"","context":"In &quot;Blogu i Udh\u00ebtarit&quot;","block_context":{"text":"Blogu i Udh\u00ebtarit","link":"https:\/\/www.shqiperia.com\/blog\/category\/blogu-i-udhetarit\/"},"img":{"alt_text":"","src":"https:\/\/i0.wp.com\/www.shqiperia.com\/blog\/wp-content\/uploads\/2020\/04\/1587395785_koronavirusitirane711712697091586068454-905x450-1.jpg?fit=905%2C450&ssl=1&resize=350%2C200","width":350,"height":200,"srcset":"https:\/\/i0.wp.com\/www.shqiperia.com\/blog\/wp-content\/uploads\/2020\/04\/1587395785_koronavirusitirane711712697091586068454-905x450-1.jpg?fit=905%2C450&ssl=1&resize=350%2C200 1x, https:\/\/i0.wp.com\/www.shqiperia.com\/blog\/wp-content\/uploads\/2020\/04\/1587395785_koronavirusitirane711712697091586068454-905x450-1.jpg?fit=905%2C450&ssl=1&resize=525%2C300 1.5x, https:\/\/i0.wp.com\/www.shqiperia.com\/blog\/wp-content\/uploads\/2020\/04\/1587395785_koronavirusitirane711712697091586068454-905x450-1.jpg?fit=905%2C450&ssl=1&resize=700%2C400 2x"},"classes":[]},{"id":32725,"url":"https:\/\/www.shqiperia.com\/blog\/shpallet-gjendja-e-fatkeqesise-natyrore-ne-shqiperi\/","url_meta":{"origin":33767,"position":2},"title":"Shpallet gjendja e Fatkeq\u00ebsis\u00eb Natyrore n\u00eb Shqip\u00ebri","author":"Kurt Farka","date":"March 25, 2020","format":false,"excerpt":"Shpallet gjendja e Fatkeq\u00ebsis\u00eb Natyrore n\u00eb Shqip\u00ebri MARS 2020 FacebookWQeveria ka vendosur t\u00eb shpall\u00eb gjendjen e fatkeq\u00ebsis\u00eb natyrore. N\u00eb vendimin e publikuar n\u00eb Fletoren Zyrtare, thuhet se gjendja e fatkeq\u00ebsis\u00eb natyrore shpallet n\u00eb t\u00eb gjith\u00eb vendin p\u00ebr shkak t\u00eb epidemis\u00eb s\u00eb shkaktuar nga COVID-19. VENDIMI I PLOTE NGA QEVERIA P\u00cbR\u2026","rel":"","context":"In &quot;Blogu i Udh\u00ebtarit&quot;","block_context":{"text":"Blogu i Udh\u00ebtarit","link":"https:\/\/www.shqiperia.com\/blog\/category\/blogu-i-udhetarit\/"},"img":{"alt_text":"","src":"https:\/\/i0.wp.com\/www.shqiperia.com\/blog\/wp-content\/uploads\/2020\/03\/1566901206_pitali.jpg?fit=780%2C440&ssl=1&resize=350%2C200","width":350,"height":200,"srcset":"https:\/\/i0.wp.com\/www.shqiperia.com\/blog\/wp-content\/uploads\/2020\/03\/1566901206_pitali.jpg?fit=780%2C440&ssl=1&resize=350%2C200 1x, https:\/\/i0.wp.com\/www.shqiperia.com\/blog\/wp-content\/uploads\/2020\/03\/1566901206_pitali.jpg?fit=780%2C440&ssl=1&resize=525%2C300 1.5x, https:\/\/i0.wp.com\/www.shqiperia.com\/blog\/wp-content\/uploads\/2020\/03\/1566901206_pitali.jpg?fit=780%2C440&ssl=1&resize=700%2C400 2x"},"classes":[]},{"id":28716,"url":"https:\/\/www.shqiperia.com\/blog\/nuk-do-te-demshperbleje-qytetaret-lsi-shperthen-ne-akuza-ndaj-kryeministrit-ja-pse-rama-nuk-po-e-shpall-gjendjen-e-fatkeqesise-natyrore-dokument\/","url_meta":{"origin":33767,"position":3},"title":"\u201cNuk do t\u00eb d\u00ebmshp\u00ebrblej\u00eb qytetar\u00ebt\u201d, LSI shp\u00ebrthen n\u00eb akuza ndaj kryeministrit: Ja pse Rama nuk po e shpall gjendjen e fatkeq\u00ebsis\u00eb natyrore! (DOKUMENT)","author":"Kurt Farka","date":"November 27, 2019","format":false,"excerpt":"\u201cNuk do t\u00eb d\u00ebmshp\u00ebrblej\u00eb qytetar\u00ebt\u201d, LSI shp\u00ebrthen n\u00eb akuza ndaj kryeministrit: Ja pse Rama nuk po e shpall gjendjen e fatkeq\u00ebsis\u00eb natyrore! (DOKUMENT) Postuar: 26\/11\/2019 - 23:17 Nd\u00ebrkoh\u00eb q\u00eb vendi \u00ebsht\u00eb n\u00eb nj\u00eb situat\u00eb t\u00eb r\u00ebnd\u00eb pas t\u00ebrmetit t\u00eb tmerrsh\u00ebm, LSI p\u00ebrpiqet ta shfryt\u00ebzoj\u00eb k\u00ebt\u00eb situat\u00eb p\u00ebr t\u00eb sulmuar kryeministrin\u2026","rel":"","context":"In &quot;Blogu i Udh\u00ebtarit&quot;","block_context":{"text":"Blogu i Udh\u00ebtarit","link":"https:\/\/www.shqiperia.com\/blog\/category\/blogu-i-udhetarit\/"},"img":{"alt_text":"","src":"https:\/\/i0.wp.com\/www.shqiperia.com\/blog\/wp-content\/uploads\/2019\/11\/77280956_2222557801377373_4758026553613352960_n-2.jpg?fit=644%2C286&ssl=1&resize=350%2C200","width":350,"height":200,"srcset":"https:\/\/i0.wp.com\/www.shqiperia.com\/blog\/wp-content\/uploads\/2019\/11\/77280956_2222557801377373_4758026553613352960_n-2.jpg?fit=644%2C286&ssl=1&resize=350%2C200 1x, https:\/\/i0.wp.com\/www.shqiperia.com\/blog\/wp-content\/uploads\/2019\/11\/77280956_2222557801377373_4758026553613352960_n-2.jpg?fit=644%2C286&ssl=1&resize=525%2C300 1.5x"},"classes":[]},{"id":28807,"url":"https:\/\/www.shqiperia.com\/blog\/ligji-i-ri-u-miratua-ne-korrik-sa-perfitojne-te-demtuarit-nga-gjendja-e-emergjences\/","url_meta":{"origin":33767,"position":4},"title":"Ligji i ri u miratua n\u00eb korrik\/ Sa p\u00ebrfitojn\u00eb t\u00eb d\u00ebmtuarit nga \u201cgjendja e emergjenc\u00ebs\u201d. &#8211;","author":"Kurt Farka","date":"November 29, 2019","format":false,"excerpt":"Ligji i ri u miratua n\u00eb korrik\/ Sa p\u00ebrfitojn\u00eb t\u00eb d\u00ebmtuarit nga \u201cgjendja e emergjenc\u00ebs\u201d. 28 nentor 2019 Na: ARDIT HOXHA. T\u00ebrmeti i fort\u00eb me magnitud\u00eb 6.4 ball\u00eb i shkall\u00ebs rihter, me epiqend\u00ebr Durr\u00ebsin, i cili tronditi gjith\u00eb Shqip\u00ebrin\u00eb n\u00eb or\u00ebn 3:50 t\u00eb m\u00ebngjesit t\u00eb djesh\u00ebm, ka rezultuar katastrofik dhe\u2026","rel":"","context":"In &quot;Blogu i Udh\u00ebtarit&quot;","block_context":{"text":"Blogu i Udh\u00ebtarit","link":"https:\/\/www.shqiperia.com\/blog\/category\/blogu-i-udhetarit\/"},"img":{"alt_text":"","src":"https:\/\/i0.wp.com\/www.shqiperia.com\/blog\/wp-content\/uploads\/2019\/11\/termet7-750x375-1-905x450.jpg?fit=905%2C450&ssl=1&resize=350%2C200","width":350,"height":200,"srcset":"https:\/\/i0.wp.com\/www.shqiperia.com\/blog\/wp-content\/uploads\/2019\/11\/termet7-750x375-1-905x450.jpg?fit=905%2C450&ssl=1&resize=350%2C200 1x, https:\/\/i0.wp.com\/www.shqiperia.com\/blog\/wp-content\/uploads\/2019\/11\/termet7-750x375-1-905x450.jpg?fit=905%2C450&ssl=1&resize=525%2C300 1.5x, https:\/\/i0.wp.com\/www.shqiperia.com\/blog\/wp-content\/uploads\/2019\/11\/termet7-750x375-1-905x450.jpg?fit=905%2C450&ssl=1&resize=700%2C400 2x"},"classes":[]},{"id":33814,"url":"https:\/\/www.shqiperia.com\/blog\/corbe-e-rames-qe-perziehet-nga-dako-bylykbashi-komenton-situaten-ne-bashkine-e-durresit\/","url_meta":{"origin":33767,"position":5},"title":"\u201c\u00c7orb\u00eb e Ram\u00ebs q\u00eb p\u00ebrziehet nga Dako\u201d\/ Bylykbashi komenton situat\u00ebn n\u00eb Bashkin\u00eb e Durr\u00ebsit","author":"Kurt Farka","date":"April 27, 2020","format":false,"excerpt":"\u201c\u00c7orb\u00eb e Ram\u00ebs q\u00eb p\u00ebrziehet nga Dako\u201d\/ Bylykbashi komenton situat\u00ebn n\u00eb Bashkin\u00eb e Durr\u00ebsit 23\/04\/20 mapo.al \u201cNj\u00eb \u00e7orb\u00eb t\u00eb gatuar nga Edi Rama, t\u00eb cil\u00ebn e p\u00ebrzien pas perdes Vangjush Dako\u201d. K\u00ebshtu e quan ish-deputeti demokrat n\u00eb Qarkun e Durr\u00ebsit, Oerd Bylykbashi, situat\u00ebn me kryebashkiak\u00ebt e komanduar q\u00eb japin dor\u00ebheqjen\u2026","rel":"","context":"In &quot;Blogu i Udh\u00ebtarit&quot;","block_context":{"text":"Blogu i Udh\u00ebtarit","link":"https:\/\/www.shqiperia.com\/blog\/category\/blogu-i-udhetarit\/"},"img":{"alt_text":"","src":"https:\/\/i0.wp.com\/www.shqiperia.com\/blog\/wp-content\/uploads\/2020\/04\/oerd-bylykbashi.jpg?fit=1110%2C740&ssl=1&resize=350%2C200","width":350,"height":200,"srcset":"https:\/\/i0.wp.com\/www.shqiperia.com\/blog\/wp-content\/uploads\/2020\/04\/oerd-bylykbashi.jpg?fit=1110%2C740&ssl=1&resize=350%2C200 1x, https:\/\/i0.wp.com\/www.shqiperia.com\/blog\/wp-content\/uploads\/2020\/04\/oerd-bylykbashi.jpg?fit=1110%2C740&ssl=1&resize=525%2C300 1.5x, https:\/\/i0.wp.com\/www.shqiperia.com\/blog\/wp-content\/uploads\/2020\/04\/oerd-bylykbashi.jpg?fit=1110%2C740&ssl=1&resize=700%2C400 2x, https:\/\/i0.wp.com\/www.shqiperia.com\/blog\/wp-content\/uploads\/2020\/04\/oerd-bylykbashi.jpg?fit=1110%2C740&ssl=1&resize=1050%2C600 3x"},"classes":[]}],"_links":{"self":[{"href":"https:\/\/www.shqiperia.com\/blog\/wp-json\/wp\/v2\/posts\/33767","targetHints":{"allow":["GET"]}}],"collection":[{"href":"https:\/\/www.shqiperia.com\/blog\/wp-json\/wp\/v2\/posts"}],"about":[{"href":"https:\/\/www.shqiperia.com\/blog\/wp-json\/wp\/v2\/types\/post"}],"author":[{"embeddable":true,"href":"https:\/\/www.shqiperia.com\/blog\/wp-json\/wp\/v2\/users\/9"}],"replies":[{"embeddable":true,"href":"https:\/\/www.shqiperia.com\/blog\/wp-json\/wp\/v2\/comments?post=33767"}],"version-history":[{"count":1,"href":"https:\/\/www.shqiperia.com\/blog\/wp-json\/wp\/v2\/posts\/33767\/revisions"}],"predecessor-version":[{"id":33769,"href":"https:\/\/www.shqiperia.com\/blog\/wp-json\/wp\/v2\/posts\/33767\/revisions\/33769"}],"wp:featuredmedia":[{"embeddable":true,"href":"https:\/\/www.shqiperia.com\/blog\/wp-json\/wp\/v2\/media\/33768"}],"wp:attachment":[{"href":"https:\/\/www.shqiperia.com\/blog\/wp-json\/wp\/v2\/media?parent=33767"}],"wp:term":[{"taxonomy":"category","embeddable":true,"href":"https:\/\/www.shqiperia.com\/blog\/wp-json\/wp\/v2\/categories?post=33767"},{"taxonomy":"post_tag","embeddable":true,"href":"https:\/\/www.shqiperia.com\/blog\/wp-json\/wp\/v2\/tags?post=33767"}],"curies":[{"name":"wp","href":"https:\/\/api.w.org\/{rel}","templated":true}]}}