{"id":33764,"date":"2020-04-26T00:35:19","date_gmt":"2020-04-26T00:35:19","guid":{"rendered":"https:\/\/www.shqiperia.com\/blog\/?p=33764"},"modified":"2020-04-26T00:35:19","modified_gmt":"2020-04-26T00:35:19","slug":"dokumenti-zbulohen-2-vkm-te-sekrete-te-qeverise-si-u-paguan-nga-fondi-i-kontigjences-kontratat-me-kompanite-e-huaja-qe-kurojne-imazhin","status":"publish","type":"post","link":"https:\/\/www.shqiperia.com\/blog\/dokumenti-zbulohen-2-vkm-te-sekrete-te-qeverise-si-u-paguan-nga-fondi-i-kontigjences-kontratat-me-kompanite-e-huaja-qe-kurojne-imazhin\/","title":{"rendered":"Dokumenti\/ Zbulohen 2 VKM-t\u00eb \u2018sekrete\u2019 t\u00eb Qeveris\u00eb, si u paguan nga Fondi i Kontigjenc\u00ebs kontratat me kompanit\u00eb e huaja q\u00eb kurojn\u00eb imazhin"},"content":{"rendered":"<p><img data-recalc-dims=\"1\" loading=\"lazy\" decoding=\"async\" data-attachment-id=\"33765\" data-permalink=\"https:\/\/www.shqiperia.com\/blog\/dokumenti-zbulohen-2-vkm-te-sekrete-te-qeverise-si-u-paguan-nga-fondi-i-kontigjences-kontratat-me-kompanite-e-huaja-qe-kurojne-imazhin\/qeveria-kompania-apco-vkm-sekrete\/\" data-orig-file=\"https:\/\/i0.wp.com\/www.shqiperia.com\/blog\/wp-content\/uploads\/2020\/04\/Qeveria-kompania-APCO-VKM-sekrete.jpg?fit=600%2C400&amp;ssl=1\" data-orig-size=\"600,400\" data-comments-opened=\"1\" data-image-meta=\"{&quot;aperture&quot;:&quot;0&quot;,&quot;credit&quot;:&quot;&quot;,&quot;camera&quot;:&quot;&quot;,&quot;caption&quot;:&quot;&quot;,&quot;created_timestamp&quot;:&quot;0&quot;,&quot;copyright&quot;:&quot;&quot;,&quot;focal_length&quot;:&quot;0&quot;,&quot;iso&quot;:&quot;0&quot;,&quot;shutter_speed&quot;:&quot;0&quot;,&quot;title&quot;:&quot;&quot;,&quot;orientation&quot;:&quot;0&quot;}\" data-image-title=\"Qeveria-kompania-APCO-VKM-sekrete\" data-image-description=\"\" data-image-caption=\"\" data-medium-file=\"https:\/\/i0.wp.com\/www.shqiperia.com\/blog\/wp-content\/uploads\/2020\/04\/Qeveria-kompania-APCO-VKM-sekrete.jpg?fit=300%2C200&amp;ssl=1\" data-large-file=\"https:\/\/i0.wp.com\/www.shqiperia.com\/blog\/wp-content\/uploads\/2020\/04\/Qeveria-kompania-APCO-VKM-sekrete.jpg?fit=600%2C400&amp;ssl=1\" class=\"alignnone  wp-image-33765\" alt=\"\" src=\"https:\/\/i0.wp.com\/www.shqiperia.com\/blog\/wp-content\/uploads\/2020\/04\/Qeveria-kompania-APCO-VKM-sekrete.jpg?resize=452%2C301&#038;ssl=1\" width=\"452\" height=\"301\" srcset=\"https:\/\/i0.wp.com\/www.shqiperia.com\/blog\/wp-content\/uploads\/2020\/04\/Qeveria-kompania-APCO-VKM-sekrete.jpg?resize=300%2C200&amp;ssl=1 300w, https:\/\/i0.wp.com\/www.shqiperia.com\/blog\/wp-content\/uploads\/2020\/04\/Qeveria-kompania-APCO-VKM-sekrete.jpg?resize=450%2C300&amp;ssl=1 450w, https:\/\/i0.wp.com\/www.shqiperia.com\/blog\/wp-content\/uploads\/2020\/04\/Qeveria-kompania-APCO-VKM-sekrete.jpg?resize=400%2C267&amp;ssl=1 400w, https:\/\/i0.wp.com\/www.shqiperia.com\/blog\/wp-content\/uploads\/2020\/04\/Qeveria-kompania-APCO-VKM-sekrete.jpg?w=600&amp;ssl=1 600w\" sizes=\"auto, (max-width: 452px) 100vw, 452px\" \/><\/p>\n<p>Dokumenti\/ Zbulohen 2 VKM-t\u00eb \u2018sekrete\u2019 t\u00eb Qeveris\u00eb, si u paguan nga Fondi i Kontigjenc\u00ebs kontratat me kompanit\u00eb e huaja q\u00eb kurojn\u00eb imazhin<\/p>\n<p><em>21 prill 2020<\/em><\/p>\n<p><strong>Kontrolli i Lart\u00eb i Shtetit gjat\u00eb nj\u00eb auditimi mbi financat publike, ka zbuluar dy VKM t\u00eb sigluara \u201csekret\u201d, t\u00eb cilat hedhin drit\u00eb mbi pagesat q\u00eb Qeveria Shqiptare ka kryer me parat\u00eb publike. \u00a0<\/strong><\/p>\n<p>Gjat\u00eb leximit t\u00eb raportit t\u00eb KLSH vihet re se aty flitet p\u00ebr dy VKM sekrete q\u00eb lidhen me dy kontrata t\u00eb larta q\u00eb kan\u00eb marr\u00eb para nga Fondi i Kontigjenc\u00ebs. Financat publike jan\u00eb p\u00ebrdorur n\u00eb m\u00ebnyr\u00eb sekrete p\u00ebr t\u00eb \u00e7uara para n\u00eb kompanin\u00eb Ukrainase \u201cAPCO Worldwide\u201d dhe nj\u00eb pages\u00eb tjet\u00ebr sekrete p\u00ebr konsulenc\u00eb nga kompania \u201cERNST &amp; YONUG\u201d.<\/p>\n<p>Sipas KLSH: \u201c<em>K\u00ebt\u00eb vit jan\u00eb p\u00ebrdorur 2 VKM (t\u00eb sigluara \u201csekret\u201d), n\u00eb shum\u00ebn 127.65 milion lek\u00eb, e konkretisht VKM nr.115, dat\u00eb 23.02.2018 p\u00ebr Ministrin\u00eb p\u00ebr Evrop\u00ebn dhe Pun\u00ebt e Jashtme, n\u00eb vler\u00eb 80.40 milion\u00eb lek\u00eb (<strong>720,000 Euro<\/strong>) \u201cP\u00ebr autorizimin e MPJ p\u00ebr lidhjen e kontrat\u00ebs nd\u00ebrmjet shtetit shqiptar dhe kompanis\u00eb \u201c<strong>APCO WORLDWIDE<\/strong>\u201d (k\u00ebshillimi &amp; promovimi) dhe VKM nr.308, dat\u00eb 23.05.2018 p\u00ebr Ministrin\u00eb Financave dhe Ekonomis\u00eb, n\u00eb vler\u00eb 47.25 milion\u00eb lek\u00eb (<strong>375,013 euro<\/strong>) \u201cP\u00ebr autorizimin e Ministris\u00eb s\u00eb Brendshme dhe MFE p\u00ebr lidhjen e kontrat\u00ebs me kompanin\u00eb \u201cERNST &amp; YOUNG\u201d, p\u00ebr t\u00eb ofruar konsulenc\u00eb n\u00eb zbatim t\u00eb planit t\u00eb veprimit \u201cP\u00ebr luft\u00ebn kund\u00ebr krimit ekonomiko-financiar dhe korrupsionit \u201cn\u00eb gjurm\u00ebt e paras\u00eb<\/em>\u201d.\u201d<\/p>\n<p>Si\u00e7 v\u00ebrehet qeveria ka akorduar 80.40 mln lek\u00eb p\u00ebr nj\u00eb kontrat\u00eb me firm\u00ebn \u201cAPCO WORLDWIDE\u201d, nje\u00a0<strong>kompani PR dhe promovimi<\/strong>\u00a0me lidhje t\u00eb forta dhe t\u00eb ngushta me eksponent\u00eb t\u00eb r\u00ebnd\u00ebsish\u00ebm politik\u00eb.<\/p>\n<p>Ajo \u00ebsht\u00eb p\u00ebrdorur nga Nursultan Nazarbajev (ish presidenti i Kazakistanit) dhe nga shum\u00eb kompani t\u00eb tjera p\u00ebr t\u00eb rregulluar imazhin e tyre dhe \u00e7\u00ebshtjet e tyre politike.<\/p>\n<p>Kompania ka si ekspert\u00eb t\u00eb jasht\u00ebm rreth 20 figura nga fusha politike ne SHBA, BE, Izrael dhe m\u00eb gjer\u00eb ku p\u00ebrfshihen ish ambasador\u00eb t\u00eb SHBA-s\u00eb, an\u00ebtar\u00eb t\u00eb k\u00ebshillave t\u00eb jasht\u00ebm dhe k\u00ebshtu me radh\u00eb.<\/p>\n<p><strong>Panorama.al<\/strong><\/p>\n","protected":false},"excerpt":{"rendered":"<p>Dokumenti\/ Zbulohen 2 VKM-t\u00eb \u2018sekrete\u2019 t\u00eb Qeveris\u00eb, si u paguan nga Fondi i Kontigjenc\u00ebs kontratat me kompanit\u00eb e huaja q\u00eb kurojn\u00eb imazhin 21 prill 2020 Kontrolli i Lart\u00eb i Shtetit gjat\u00eb nj\u00eb auditimi mbi financat publike, ka zbuluar dy VKM t\u00eb sigluara \u201csekret\u201d, t\u00eb cilat hedhin drit\u00eb mbi pagesat q\u00eb Qeveria Shqiptare ka kryer me [&hellip;]<\/p>\n","protected":false},"author":9,"featured_media":33765,"comment_status":"open","ping_status":"open","sticky":false,"template":"","format":"standard","meta":{"jetpack_post_was_ever_published":false,"_jetpack_newsletter_access":"","_jetpack_dont_email_post_to_subs":false,"_jetpack_newsletter_tier_id":0,"_jetpack_memberships_contains_paywalled_content":false,"_jetpack_memberships_contains_paid_content":false,"footnotes":"","jetpack_publicize_message":"","jetpack_publicize_feature_enabled":true,"jetpack_social_post_already_shared":true,"jetpack_social_options":{"image_generator_settings":{"template":"highway","default_image_id":0,"font":"","enabled":false},"version":2}},"categories":[27,1],"tags":[],"class_list":["post-33764","post","type-post","status-publish","format-standard","has-post-thumbnail","hentry","category-blogu-i-udhetarit","category-njoftime-shtypi"],"jetpack_publicize_connections":[],"jetpack_featured_media_url":"https:\/\/i0.wp.com\/www.shqiperia.com\/blog\/wp-content\/uploads\/2020\/04\/Qeveria-kompania-APCO-VKM-sekrete.jpg?fit=600%2C400&ssl=1","jetpack_sharing_enabled":true,"jetpack_shortlink":"https:\/\/wp.me\/p5Z6wp-8MA","jetpack-related-posts":[{"id":21594,"url":"https:\/\/www.shqiperia.com\/blog\/leket-e-shqiptareve-miliona-euro-shpenzime-qeveria-shton-ndjeshem-numrin-e-prokurimeve-publike-te-klasifikuara-sekret-shteteror\/","url_meta":{"origin":33764,"position":0},"title":"Leket e Shqiptareve &#8211; Miliona euro shpenzime, qeveria shton ndjesh\u00ebm numrin e prokurimeve publike t\u00eb klasifikuara \u201csekret shtet\u00ebror\u201d.","author":"Kurt Farka","date":"May 28, 2019","format":false,"excerpt":"Leket e Shqiptareve - Miliona euro shpenzime, qeveria shton ndjesh\u00ebm numrin e prokurimeve publike t\u00eb klasifikuara \u201csekret shtet\u00ebror\u201d. 27, maji 2019 \u00a0 N\u00eb dhjetor 2018, nj\u00eb pages\u00eb me vler\u00eb 187 milion\u00eb lek\u00eb u shfaq n\u00eb baz\u00ebn e t\u00eb dh\u00ebnave t\u00eb thesarit t\u00eb shtetit t\u00eb Ministris\u00eb s\u00eb Financave. Pagesa u krye\u2026","rel":"","context":"In &quot;Blogu i Udh\u00ebtarit&quot;","block_context":{"text":"Blogu i Udh\u00ebtarit","link":"https:\/\/www.shqiperia.com\/blog\/category\/blogu-i-udhetarit\/"},"img":{"alt_text":"","src":"https:\/\/i0.wp.com\/www.shqiperia.com\/blog\/wp-content\/uploads\/2019\/05\/Capture83.png?fit=616%2C298&ssl=1&resize=350%2C200","width":350,"height":200,"srcset":"https:\/\/i0.wp.com\/www.shqiperia.com\/blog\/wp-content\/uploads\/2019\/05\/Capture83.png?fit=616%2C298&ssl=1&resize=350%2C200 1x, https:\/\/i0.wp.com\/www.shqiperia.com\/blog\/wp-content\/uploads\/2019\/05\/Capture83.png?fit=616%2C298&ssl=1&resize=525%2C300 1.5x"},"classes":[]},{"id":25730,"url":"https:\/\/www.shqiperia.com\/blog\/kryeministri-nuk-figuron-te-kete-qene-prezent-kur-jane-votuar-ne-kuvend-dy-kontratat-koncesionare-ppp-orikum-dukat-dhe-milot-balldren-arsyeja-ato-jane-ne-kundershtim-me-ligjet\/","url_meta":{"origin":33764,"position":1},"title":"Kryeministri nuk figuron t\u00eb ket\u00eb qene prezent kur jane \u00a0votuar n\u00eb Kuvend dy kontratat koncesionare\/PPP: \u00a0Orikum \u2013 Dukat dhe Milot-Balldren. Arsyeja, ato jane ne kundershtim me Ligjet.","author":"Kurt Farka","date":"September 10, 2019","format":false,"excerpt":"Kryeministri nuk figuron t\u00eb ket\u00eb qene prezent kur jane \u00a0votuar n\u00eb Kuvend dy kontratat koncesionare\/PPP: \u00a0Orikum \u2013 Dukat dhe Milot-Balldren. Arsyeja, ato jane ne kundershtim me Ligjet. 10\/09\/2019 EKSKLUZIVE -\u00a0S\u00eb fundmi, n\u00eb korrik 2019, Kuvendi miratoi dy ligje p\u00ebr miratimin e kontratave kocesionare\/PPP. Ligjin nr. 51\/2019 p\u00ebr miratimin e kontrat\u00ebs\u2026","rel":"","context":"In &quot;Blogu i Udh\u00ebtarit&quot;","block_context":{"text":"Blogu i Udh\u00ebtarit","link":"https:\/\/www.shqiperia.com\/blog\/category\/blogu-i-udhetarit\/"},"img":{"alt_text":"","src":"https:\/\/i0.wp.com\/www.shqiperia.com\/blog\/wp-content\/uploads\/2019\/09\/Dora-e-shtrire-Edi-Rama-Copy-1.jpg?fit=831%2C478&ssl=1&resize=350%2C200","width":350,"height":200,"srcset":"https:\/\/i0.wp.com\/www.shqiperia.com\/blog\/wp-content\/uploads\/2019\/09\/Dora-e-shtrire-Edi-Rama-Copy-1.jpg?fit=831%2C478&ssl=1&resize=350%2C200 1x, https:\/\/i0.wp.com\/www.shqiperia.com\/blog\/wp-content\/uploads\/2019\/09\/Dora-e-shtrire-Edi-Rama-Copy-1.jpg?fit=831%2C478&ssl=1&resize=525%2C300 1.5x, https:\/\/i0.wp.com\/www.shqiperia.com\/blog\/wp-content\/uploads\/2019\/09\/Dora-e-shtrire-Edi-Rama-Copy-1.jpg?fit=831%2C478&ssl=1&resize=700%2C400 2x"},"classes":[]},{"id":53493,"url":"https:\/\/www.shqiperia.com\/blog\/ppp-te-ne-shendetesi-shqiptaret-paguajne-miliona-euro-per-sherbime-te-pakryera\/","url_meta":{"origin":33764,"position":2},"title":"PPP-t\u00eb n\u00eb Sh\u00ebndet\u00ebsi: &#8211; Shqiptar\u00ebt paguajn\u00eb miliona euro p\u00ebr sh\u00ebrbime t\u00eb pakryera","author":"Kurt Farka","date":"January 26, 2022","format":false,"excerpt":"PPP-t\u00eb n\u00eb Sh\u00ebndet\u00ebsi: - Shqiptar\u00ebt paguajn\u00eb miliona euro p\u00ebr sh\u00ebrbime t\u00eb pakryera - 25.01.22 Raportet e auditimit t\u00eb Kontrollit t\u00eb Lart\u00eb t\u00eb Shtetit dhe Fondit t\u00eb Sigurimit t\u00eb Detyruesh\u00ebm t\u00eb Kujdesit Sh\u00ebndet\u00ebsor zbulojn\u00eb se taksapaguesit shqiptar\u00eb paguan edhe gjat\u00eb pandemis\u00eb s\u00eb COVID-19 p\u00ebr sh\u00ebrbime q\u00eb nuk jan\u00eb ofruar nga kompanit\u00eb\u2026","rel":"","context":"In &quot;Blogu i Udh\u00ebtarit&quot;","block_context":{"text":"Blogu i Udh\u00ebtarit","link":"https:\/\/www.shqiperia.com\/blog\/category\/blogu-i-udhetarit\/"},"img":{"alt_text":"","src":"https:\/\/i0.wp.com\/www.shqiperia.com\/blog\/wp-content\/uploads\/2022\/01\/PPP-ne-shendetesi-750x433-1.jpg?fit=750%2C402&ssl=1&resize=350%2C200","width":350,"height":200,"srcset":"https:\/\/i0.wp.com\/www.shqiperia.com\/blog\/wp-content\/uploads\/2022\/01\/PPP-ne-shendetesi-750x433-1.jpg?fit=750%2C402&ssl=1&resize=350%2C200 1x, https:\/\/i0.wp.com\/www.shqiperia.com\/blog\/wp-content\/uploads\/2022\/01\/PPP-ne-shendetesi-750x433-1.jpg?fit=750%2C402&ssl=1&resize=525%2C300 1.5x, https:\/\/i0.wp.com\/www.shqiperia.com\/blog\/wp-content\/uploads\/2022\/01\/PPP-ne-shendetesi-750x433-1.jpg?fit=750%2C402&ssl=1&resize=700%2C400 2x"},"classes":[]},{"id":99593,"url":"https:\/\/www.shqiperia.com\/blog\/aferat-e-ard-veliut-shnderrojne-kayo-financues-te-jashteligjshem-te-bizneseve-anonime-ja-si-u-lidhen-kontrata-per\/","url_meta":{"origin":33764,"position":3},"title":"Aferat e Ard Veliut shnd\u00ebrrojn\u00eb KAYO financues t\u00eb jasht\u00ebligjsh\u00ebm t\u00eb bizneseve anonime, ja si u lidh\u00ebn kontrata p\u00ebr\u2026","author":"Kurt Farka","date":"April 20, 2026","format":false,"excerpt":"21 Prill 2026 Nga: Gazeta Sot Ekspertja e ekonomis\u00eb,\u00a0Brisida Shehaj ka ngritur akuza t\u00eb forta lidhur me kompanin\u00eb shtet\u00ebrore KAYO, t\u00eb drejtuar nga Ardi Veliu, duke pretenduar se jan\u00eb lidhur kontrata n\u00eb fush\u00ebn e mbrojtjes me kompani q\u00eb, sipas saj, nuk plot\u00ebsojn\u00eb kriteret financiare dhe teknologjike t\u00eb p\u00ebrcaktuara n\u00eb vendimet\u2026","rel":"","context":"In &quot;Blogu i Udh\u00ebtarit&quot;","block_context":{"text":"Blogu i Udh\u00ebtarit","link":"https:\/\/www.shqiperia.com\/blog\/category\/blogu-i-udhetarit\/"},"img":{"alt_text":"","src":"https:\/\/i0.wp.com\/www.shqiperia.com\/blog\/wp-content\/uploads\/2026\/04\/Ard-Veliu.jpg?fit=1080%2C697&ssl=1&resize=350%2C200","width":350,"height":200,"srcset":"https:\/\/i0.wp.com\/www.shqiperia.com\/blog\/wp-content\/uploads\/2026\/04\/Ard-Veliu.jpg?fit=1080%2C697&ssl=1&resize=350%2C200 1x, https:\/\/i0.wp.com\/www.shqiperia.com\/blog\/wp-content\/uploads\/2026\/04\/Ard-Veliu.jpg?fit=1080%2C697&ssl=1&resize=525%2C300 1.5x, https:\/\/i0.wp.com\/www.shqiperia.com\/blog\/wp-content\/uploads\/2026\/04\/Ard-Veliu.jpg?fit=1080%2C697&ssl=1&resize=700%2C400 2x, https:\/\/i0.wp.com\/www.shqiperia.com\/blog\/wp-content\/uploads\/2026\/04\/Ard-Veliu.jpg?fit=1080%2C697&ssl=1&resize=1050%2C600 3x"},"classes":[]},{"id":92444,"url":"https:\/\/www.shqiperia.com\/blog\/nisma-shqiperia-1-euro-si-u-arnua-ligji-6-here-ne-24-muaj-ekspertet-analizojne-dokumentin-mban-era-korrupsion-pse-rrine-larg-investitor\/","url_meta":{"origin":33764,"position":4},"title":"Nisma \u201cShqip\u00ebria 1 euro\u201d.  &#8211; Si u \u2018arnua\u2019 ligji 6 her\u00eb n\u00eb 24 muaj! Ekspert\u00ebt analizojn\u00eb dokumentin: &#8211; Mban \u2018era\u2019 korrupsion! &#8211; Pse rrin\u00eb larg investitor\u00ebt e huaj","author":"Kurt Farka","date":"May 9, 2025","format":false,"excerpt":"9 Maji 2025 EMISIONI VETTING NGA ARMAND KULLAU DHE VJOLANDA PECA Disa jav\u00eb para dat\u00ebs s\u00eb zgjedhjeve n\u00eb 17 prill 2025, Qeveria Shqiptare do t\u00eb miratonte vendimin num\u00ebr 226, q\u00eb do t\u2019i hapte rrug\u00ebn privatizimit t\u00eb bregdetit tek nd\u00ebrtuesit e komplekseve. Ky vendim q\u00eb ndryshon rregullat se si do t\u00eb\u2026","rel":"","context":"In &quot;Blogu i Udh\u00ebtarit&quot;","block_context":{"text":"Blogu i Udh\u00ebtarit","link":"https:\/\/www.shqiperia.com\/blog\/category\/blogu-i-udhetarit\/"},"img":{"alt_text":"","src":"https:\/\/i0.wp.com\/www.shqiperia.com\/blog\/wp-content\/uploads\/2025\/05\/vetting-13.jpeg?fit=1200%2C675&ssl=1&resize=350%2C200","width":350,"height":200,"srcset":"https:\/\/i0.wp.com\/www.shqiperia.com\/blog\/wp-content\/uploads\/2025\/05\/vetting-13.jpeg?fit=1200%2C675&ssl=1&resize=350%2C200 1x, https:\/\/i0.wp.com\/www.shqiperia.com\/blog\/wp-content\/uploads\/2025\/05\/vetting-13.jpeg?fit=1200%2C675&ssl=1&resize=525%2C300 1.5x, https:\/\/i0.wp.com\/www.shqiperia.com\/blog\/wp-content\/uploads\/2025\/05\/vetting-13.jpeg?fit=1200%2C675&ssl=1&resize=700%2C400 2x, https:\/\/i0.wp.com\/www.shqiperia.com\/blog\/wp-content\/uploads\/2025\/05\/vetting-13.jpeg?fit=1200%2C675&ssl=1&resize=1050%2C600 3x"},"classes":[]},{"id":52632,"url":"https:\/\/www.shqiperia.com\/blog\/tendera-sekret-prape-emri-ilir-beqaj-denoncimi-bombe-i-agron-shehajt-akshi-30-mln-euro-tendera-sekrete-per-sigurine-e-te-dhenave\/","url_meta":{"origin":33764,"position":5},"title":"Tendera Sekret, prape emri: Ilir Beqaj. &#8211; Denoncimi \u2018BOMB\u00cb\u2019 i Agron Shehajt: &#8211; AKSHI, 30 mln euro tendera sekret\u00eb p\u00ebr sigurin\u00eb e t\u00eb dh\u00ebnave.","author":"Kurt Farka","date":"December 23, 2021","format":false,"excerpt":"Tendera Sekret, prape emri: Ilir Beqaj. - Denoncimi \u2018BOMB\u00cb\u2019 i Agron Shehajt: - AKSHI, 30 mln euro tendera sekret\u00eb p\u00ebr sigurin\u00eb e t\u00eb dh\u00ebnave. 23 DHJETOR 2021 Deputeti Agron Shehaj ka denoncuar aferat e Agjensis\u00eb Komb\u00ebtare t\u00eb Shoq\u00ebris\u00eb s\u00eb Informacionit ose AKSHI, e cila sipas tij, ka zhvilluar tendera sekret\u00eb\u2026","rel":"","context":"In &quot;Blogu i Udh\u00ebtarit&quot;","block_context":{"text":"Blogu i Udh\u00ebtarit","link":"https:\/\/www.shqiperia.com\/blog\/category\/blogu-i-udhetarit\/"},"img":{"alt_text":"","src":"https:\/\/i0.wp.com\/www.shqiperia.com\/blog\/wp-content\/uploads\/2021\/12\/Agron-Shehaj.jpg?fit=896%2C504&ssl=1&resize=350%2C200","width":350,"height":200,"srcset":"https:\/\/i0.wp.com\/www.shqiperia.com\/blog\/wp-content\/uploads\/2021\/12\/Agron-Shehaj.jpg?fit=896%2C504&ssl=1&resize=350%2C200 1x, https:\/\/i0.wp.com\/www.shqiperia.com\/blog\/wp-content\/uploads\/2021\/12\/Agron-Shehaj.jpg?fit=896%2C504&ssl=1&resize=525%2C300 1.5x, https:\/\/i0.wp.com\/www.shqiperia.com\/blog\/wp-content\/uploads\/2021\/12\/Agron-Shehaj.jpg?fit=896%2C504&ssl=1&resize=700%2C400 2x"},"classes":[]}],"_links":{"self":[{"href":"https:\/\/www.shqiperia.com\/blog\/wp-json\/wp\/v2\/posts\/33764","targetHints":{"allow":["GET"]}}],"collection":[{"href":"https:\/\/www.shqiperia.com\/blog\/wp-json\/wp\/v2\/posts"}],"about":[{"href":"https:\/\/www.shqiperia.com\/blog\/wp-json\/wp\/v2\/types\/post"}],"author":[{"embeddable":true,"href":"https:\/\/www.shqiperia.com\/blog\/wp-json\/wp\/v2\/users\/9"}],"replies":[{"embeddable":true,"href":"https:\/\/www.shqiperia.com\/blog\/wp-json\/wp\/v2\/comments?post=33764"}],"version-history":[{"count":1,"href":"https:\/\/www.shqiperia.com\/blog\/wp-json\/wp\/v2\/posts\/33764\/revisions"}],"predecessor-version":[{"id":33766,"href":"https:\/\/www.shqiperia.com\/blog\/wp-json\/wp\/v2\/posts\/33764\/revisions\/33766"}],"wp:featuredmedia":[{"embeddable":true,"href":"https:\/\/www.shqiperia.com\/blog\/wp-json\/wp\/v2\/media\/33765"}],"wp:attachment":[{"href":"https:\/\/www.shqiperia.com\/blog\/wp-json\/wp\/v2\/media?parent=33764"}],"wp:term":[{"taxonomy":"category","embeddable":true,"href":"https:\/\/www.shqiperia.com\/blog\/wp-json\/wp\/v2\/categories?post=33764"},{"taxonomy":"post_tag","embeddable":true,"href":"https:\/\/www.shqiperia.com\/blog\/wp-json\/wp\/v2\/tags?post=33764"}],"curies":[{"name":"wp","href":"https:\/\/api.w.org\/{rel}","templated":true}]}}