{"id":33758,"date":"2020-04-25T23:44:35","date_gmt":"2020-04-25T23:44:35","guid":{"rendered":"https:\/\/www.shqiperia.com\/blog\/?p=33758"},"modified":"2020-04-25T23:44:35","modified_gmt":"2020-04-25T23:44:35","slug":"pasditja-me-shi-ja-moti-per-neser","status":"publish","type":"post","link":"https:\/\/www.shqiperia.com\/blog\/pasditja-me-shi-ja-moti-per-neser\/","title":{"rendered":"Pasditja me shi, ja moti p\u00ebr nes\u00ebr!"},"content":{"rendered":"<p><img data-recalc-dims=\"1\" loading=\"lazy\" decoding=\"async\" data-attachment-id=\"33759\" data-permalink=\"https:\/\/www.shqiperia.com\/blog\/pasditja-me-shi-ja-moti-per-neser\/640-0-5ea4a24ba1ec3\/\" data-orig-file=\"https:\/\/i0.wp.com\/www.shqiperia.com\/blog\/wp-content\/uploads\/2020\/04\/640-0-5ea4a24ba1ec3.jpg?fit=495%2C250&amp;ssl=1\" data-orig-size=\"495,250\" data-comments-opened=\"1\" data-image-meta=\"{&quot;aperture&quot;:&quot;0&quot;,&quot;credit&quot;:&quot;&quot;,&quot;camera&quot;:&quot;&quot;,&quot;caption&quot;:&quot;&quot;,&quot;created_timestamp&quot;:&quot;0&quot;,&quot;copyright&quot;:&quot;&quot;,&quot;focal_length&quot;:&quot;0&quot;,&quot;iso&quot;:&quot;0&quot;,&quot;shutter_speed&quot;:&quot;0&quot;,&quot;title&quot;:&quot;&quot;,&quot;orientation&quot;:&quot;0&quot;}\" data-image-title=\"-640-0-5ea4a24ba1ec3\" data-image-description=\"\" data-image-caption=\"\" data-medium-file=\"https:\/\/i0.wp.com\/www.shqiperia.com\/blog\/wp-content\/uploads\/2020\/04\/640-0-5ea4a24ba1ec3.jpg?fit=300%2C152&amp;ssl=1\" data-large-file=\"https:\/\/i0.wp.com\/www.shqiperia.com\/blog\/wp-content\/uploads\/2020\/04\/640-0-5ea4a24ba1ec3.jpg?fit=495%2C250&amp;ssl=1\" class=\"alignnone  wp-image-33759\" alt=\"\" src=\"https:\/\/i0.wp.com\/www.shqiperia.com\/blog\/wp-content\/uploads\/2020\/04\/640-0-5ea4a24ba1ec3.jpg?resize=486%2C246&#038;ssl=1\" width=\"486\" height=\"246\" srcset=\"https:\/\/i0.wp.com\/www.shqiperia.com\/blog\/wp-content\/uploads\/2020\/04\/640-0-5ea4a24ba1ec3.jpg?resize=300%2C152&amp;ssl=1 300w, https:\/\/i0.wp.com\/www.shqiperia.com\/blog\/wp-content\/uploads\/2020\/04\/640-0-5ea4a24ba1ec3.jpg?resize=450%2C227&amp;ssl=1 450w, https:\/\/i0.wp.com\/www.shqiperia.com\/blog\/wp-content\/uploads\/2020\/04\/640-0-5ea4a24ba1ec3.jpg?resize=400%2C202&amp;ssl=1 400w, https:\/\/i0.wp.com\/www.shqiperia.com\/blog\/wp-content\/uploads\/2020\/04\/640-0-5ea4a24ba1ec3.jpg?w=495&amp;ssl=1 495w\" sizes=\"auto, (max-width: 486px) 100vw, 486px\" \/><\/p>\n<p>Pasditja me shi, ja moti p\u00ebr nes\u00ebr!<\/p>\n<p>25 PRILL 2020<\/p>\n<p>Vendi yn\u00eb mbetet n\u00eb ndikimin e kthjellimeve dhe vran\u00ebsirave kalimtare gjat\u00eb paradites. Por, sipas Meteoalb or\u00ebt e pasdites shtojn\u00eb vran\u00ebsirat duke sjell reshje t\u00eb izoluara n\u00eb zonat Verilindore. Nd\u00ebrsa mbr\u00ebmja p\u00ebrmir\u00ebson s\u00ebrish motin n\u00eb k\u00ebto zona.<\/p>\n<p>Temperaturat e ajrit do t\u00eb vijojn\u00eb t\u00eb rriten n\u00eb m\u00ebngjes dhe n\u00eb mesdit\u00eb duke luhatur vlerat nga 4\u00b0C deri n\u00eb 25\u00b0C.<\/p>\n<p>Era do t\u00eb fryj\u00eb e lehte n\u00eb tok\u00eb dhe mesatare n\u00eb det me shpejt\u00ebsi 30 km\/h nga drejtimi Jugor duke krijuar dallg\u00ebzimi 3 ball\u00eb.<\/p>\n<p>Dritare.net<\/p>\n","protected":false},"excerpt":{"rendered":"<p>Pasditja me shi, ja moti p\u00ebr nes\u00ebr! 25 PRILL 2020 Vendi yn\u00eb mbetet n\u00eb ndikimin e kthjellimeve dhe vran\u00ebsirave kalimtare gjat\u00eb paradites. Por, sipas Meteoalb or\u00ebt e pasdites shtojn\u00eb vran\u00ebsirat duke sjell reshje t\u00eb izoluara n\u00eb zonat Verilindore. Nd\u00ebrsa mbr\u00ebmja p\u00ebrmir\u00ebson s\u00ebrish motin n\u00eb k\u00ebto zona. Temperaturat e ajrit do t\u00eb vijojn\u00eb t\u00eb rriten n\u00eb [&hellip;]<\/p>\n","protected":false},"author":9,"featured_media":33759,"comment_status":"open","ping_status":"open","sticky":false,"template":"","format":"standard","meta":{"jetpack_post_was_ever_published":false,"_jetpack_newsletter_access":"","_jetpack_dont_email_post_to_subs":false,"_jetpack_newsletter_tier_id":0,"_jetpack_memberships_contains_paywalled_content":false,"_jetpack_memberships_contains_paid_content":false,"footnotes":"","jetpack_publicize_message":"","jetpack_publicize_feature_enabled":true,"jetpack_social_post_already_shared":true,"jetpack_social_options":{"image_generator_settings":{"template":"highway","default_image_id":0,"font":"","enabled":false},"version":2}},"categories":[27],"tags":[],"class_list":["post-33758","post","type-post","status-publish","format-standard","has-post-thumbnail","hentry","category-blogu-i-udhetarit"],"jetpack_publicize_connections":[],"jetpack_featured_media_url":"https:\/\/i0.wp.com\/www.shqiperia.com\/blog\/wp-content\/uploads\/2020\/04\/640-0-5ea4a24ba1ec3.jpg?fit=495%2C250&ssl=1","jetpack_sharing_enabled":true,"jetpack_shortlink":"https:\/\/wp.me\/p5Z6wp-8Mu","jetpack-related-posts":[{"id":17291,"url":"https:\/\/www.shqiperia.com\/blog\/renie-drastike-te-temperaturave-ja-si-parashikohet-moti-neser\/","url_meta":{"origin":33758,"position":0},"title":"R\u00ebnie drastike t\u00eb temperaturave! Ja si parashikohet moti nes\u00ebr. &#8211;","author":"Kurt Farka","date":"February 12, 2019","format":false,"excerpt":"R\u00ebnie drastike t\u00eb temperaturave! Ja si parashikohet moti nes\u00ebr. - 12\/02\/2019 Kthjellime dhe vran\u00ebsira t\u00eb shpeshta do t\u00eb mbeten n\u00eb t\u00eb gjith\u00eb vendin, por m\u00eb t\u00eb dukshme n\u00eb ekstremin Verior dhe p\u00ebrgjat\u00eb kufirit Lindor ku priten reshje t\u00eb pakta d\u00ebbore. Pasditja dhe nata sjellin p\u00ebrmir\u00ebsim t\u00eb kushteve atmosferike ku moti\u2026","rel":"","context":"In &quot;Blogu i Udh\u00ebtarit&quot;","block_context":{"text":"Blogu i Udh\u00ebtarit","link":"https:\/\/www.shqiperia.com\/blog\/category\/blogu-i-udhetarit\/"},"img":{"alt_text":"","src":"https:\/\/i0.wp.com\/www.shqiperia.com\/blog\/wp-content\/uploads\/2019\/02\/fh_0.jpg?fit=1200%2C569&ssl=1&resize=350%2C200","width":350,"height":200,"srcset":"https:\/\/i0.wp.com\/www.shqiperia.com\/blog\/wp-content\/uploads\/2019\/02\/fh_0.jpg?fit=1200%2C569&ssl=1&resize=350%2C200 1x, https:\/\/i0.wp.com\/www.shqiperia.com\/blog\/wp-content\/uploads\/2019\/02\/fh_0.jpg?fit=1200%2C569&ssl=1&resize=525%2C300 1.5x, https:\/\/i0.wp.com\/www.shqiperia.com\/blog\/wp-content\/uploads\/2019\/02\/fh_0.jpg?fit=1200%2C569&ssl=1&resize=700%2C400 2x, https:\/\/i0.wp.com\/www.shqiperia.com\/blog\/wp-content\/uploads\/2019\/02\/fh_0.jpg?fit=1200%2C569&ssl=1&resize=1050%2C600 3x"},"classes":[]},{"id":39531,"url":"https:\/\/www.shqiperia.com\/blog\/moti-sot-vranesira-ne-mengjes-pasdite-nisin\/","url_meta":{"origin":33758,"position":1},"title":"Moti sot\/Vran\u00ebsira n\u00eb m\u00ebngjes, pasdite nisin&#8230;","author":"Kurt Farka","date":"October 11, 2020","format":false,"excerpt":"Moti sot\/Vran\u00ebsira n\u00eb m\u00ebngjes, pasdite nisin... 11 TETOR 2020 Pjesa e par\u00eb e dit\u00ebs n\u00eb vendin ton\u00eb do t\u00eb mbetet me kthjellime dhe vran\u00ebsira t\u00eb kalimtare, t\u00eb cilat m\u00eb t\u00eb dukshme do jen\u00eb n\u00eb zonat per\u00ebndimore. Sipas MeteoAlb, pasditja dhe kryesisht mbr\u00ebmja shtojn\u00eb vran\u00ebsirat n\u00eb zonat veriper\u00ebndimore ku priten dhe\u2026","rel":"","context":"In &quot;Blogu i Udh\u00ebtarit&quot;","block_context":{"text":"Blogu i Udh\u00ebtarit","link":"https:\/\/www.shqiperia.com\/blog\/category\/blogu-i-udhetarit\/"},"img":{"alt_text":"","src":"https:\/\/i0.wp.com\/www.shqiperia.com\/blog\/wp-content\/uploads\/2020\/10\/640-0-5f829cc2e4151.jpg?fit=640%2C383&ssl=1&resize=350%2C200","width":350,"height":200,"srcset":"https:\/\/i0.wp.com\/www.shqiperia.com\/blog\/wp-content\/uploads\/2020\/10\/640-0-5f829cc2e4151.jpg?fit=640%2C383&ssl=1&resize=350%2C200 1x, https:\/\/i0.wp.com\/www.shqiperia.com\/blog\/wp-content\/uploads\/2020\/10\/640-0-5f829cc2e4151.jpg?fit=640%2C383&ssl=1&resize=525%2C300 1.5x"},"classes":[]},{"id":40799,"url":"https:\/\/www.shqiperia.com\/blog\/nga-neser-ndryshon-moti-si-do-nise-e-premtja\/","url_meta":{"origin":33758,"position":2},"title":"Nga nes\u00ebr ndryshon moti, si do nis\u00eb e premtja","author":"Kurt Farka","date":"November 12, 2020","format":false,"excerpt":"Nga nes\u00ebr ndryshon moti, si do nis\u00eb e premtja 12 N\u00cbNTOR 2020 Dit\u00ebn e premte parashikohet q\u00eb n\u00eb t\u00eb gjith\u00eb vendin do t\u00eb ket\u00eb nj\u00eb ndryshim t\u00eb leht\u00eb t\u00eb kushteve meteorologjike. Sipas Sh\u00ebrbimit Meteorologjik Ushtarak, dita e nes\u00ebrme do t\u00eb nis\u00eb me mot me kthjellime dhe gradualisht n\u00eb veriper\u00ebndim e\u2026","rel":"","context":"In &quot;Press Releases&quot;","block_context":{"text":"Press Releases","link":"https:\/\/www.shqiperia.com\/blog\/category\/press-releases\/"},"img":{"alt_text":"","src":"https:\/\/i0.wp.com\/www.shqiperia.com\/blog\/wp-content\/uploads\/2020\/11\/640-0-5fad3d5e123ae.png?fit=640%2C361&ssl=1&resize=350%2C200","width":350,"height":200,"srcset":"https:\/\/i0.wp.com\/www.shqiperia.com\/blog\/wp-content\/uploads\/2020\/11\/640-0-5fad3d5e123ae.png?fit=640%2C361&ssl=1&resize=350%2C200 1x, https:\/\/i0.wp.com\/www.shqiperia.com\/blog\/wp-content\/uploads\/2020\/11\/640-0-5fad3d5e123ae.png?fit=640%2C361&ssl=1&resize=525%2C300 1.5x"},"classes":[]},{"id":46310,"url":"https:\/\/www.shqiperia.com\/blog\/parashikimi-i-motit-java-nis-me-diell-por-nga-neser-priten-ndryshime\/","url_meta":{"origin":33758,"position":3},"title":"Parashikimi i motit. Java nis me diell, por nga nes\u00ebr priten ndryshime","author":"Kurt Farka","date":"April 12, 2021","format":false,"excerpt":"Parashikimi i motit. Java nis me diell, por nga nes\u00ebr priten ndryshime 12 PRILL 2021 Java do t\u00eb nis\u00eb me mot t\u00eb q\u00ebndruesh\u00ebm me diell e vran\u00ebsira hera-her\u00ebs mesatare e lokalisht t\u00eb dendura. Mir\u00ebpo, nga nes\u00ebr priten reshje shiu. \u201cM\u00ebngjesi i s\u00eb mart\u00ebs na sjell reshje t\u00eb pakta dhe t\u00eb\u2026","rel":"","context":"In &quot;Blogu i Udh\u00ebtarit&quot;","block_context":{"text":"Blogu i Udh\u00ebtarit","link":"https:\/\/www.shqiperia.com\/blog\/category\/blogu-i-udhetarit\/"},"img":{"alt_text":"","src":"https:\/\/i0.wp.com\/www.shqiperia.com\/blog\/wp-content\/uploads\/2021\/04\/640-0-60740df41c0b7.jpg?fit=640%2C360&ssl=1&resize=350%2C200","width":350,"height":200,"srcset":"https:\/\/i0.wp.com\/www.shqiperia.com\/blog\/wp-content\/uploads\/2021\/04\/640-0-60740df41c0b7.jpg?fit=640%2C360&ssl=1&resize=350%2C200 1x, https:\/\/i0.wp.com\/www.shqiperia.com\/blog\/wp-content\/uploads\/2021\/04\/640-0-60740df41c0b7.jpg?fit=640%2C360&ssl=1&resize=525%2C300 1.5x"},"classes":[]},{"id":65139,"url":"https:\/\/www.shqiperia.com\/blog\/moti-merr-kthesen-e-madhe-neser-temperatura-nen-zero-dhe\/","url_meta":{"origin":33758,"position":4},"title":"Moti merr kthes\u00ebn e madhe nes\u00ebr, temperatura n\u00ebn zero dhe&#8230;","author":"Kurt Farka","date":"December 3, 2022","format":false,"excerpt":"3 Dhjetor 2022 Kushtet e paq\u00ebndrueshme atmosferike do t\u00eb dominojn\u00eb t\u00eb gjith\u00eb vendin ton\u00eb p\u00ebr gjat\u00eb gjith\u00eb 24 or\u00ebshit, duke sjell\u00eb n\u00eb territor vran\u00ebsira t\u00eb shumta t\u00eb cilat do t\u00eb gjenerojn\u00eb n\u00eb Shqip\u00ebri reshje shiu. Pritet q\u00eb n\u00eb zona t\u00eb izoluara reshje t\u00eb jen\u00eb me intensitet t\u00eb ul\u00ebt dhe mesatar,\u2026","rel":"","context":"In &quot;Blogu i Udh\u00ebtarit&quot;","block_context":{"text":"Blogu i Udh\u00ebtarit","link":"https:\/\/www.shqiperia.com\/blog\/category\/blogu-i-udhetarit\/"},"img":{"alt_text":"","src":"https:\/\/i0.wp.com\/www.shqiperia.com\/blog\/wp-content\/uploads\/2022\/12\/800-0-aa40129e0cc2ae8935b9eb44b0c31c66.gif?fit=800%2C600&ssl=1&resize=350%2C200","width":350,"height":200,"srcset":"https:\/\/i0.wp.com\/www.shqiperia.com\/blog\/wp-content\/uploads\/2022\/12\/800-0-aa40129e0cc2ae8935b9eb44b0c31c66.gif?fit=800%2C600&ssl=1&resize=350%2C200 1x, https:\/\/i0.wp.com\/www.shqiperia.com\/blog\/wp-content\/uploads\/2022\/12\/800-0-aa40129e0cc2ae8935b9eb44b0c31c66.gif?fit=800%2C600&ssl=1&resize=525%2C300 1.5x, https:\/\/i0.wp.com\/www.shqiperia.com\/blog\/wp-content\/uploads\/2022\/12\/800-0-aa40129e0cc2ae8935b9eb44b0c31c66.gif?fit=800%2C600&ssl=1&resize=700%2C400 2x"},"classes":[]},{"id":59240,"url":"https:\/\/www.shqiperia.com\/blog\/i-nxehti-afrikan-godet-vendin-tone-zonat-qe-pritet-te-perfshihen-nga-rrebeshet-e-shiut\/","url_meta":{"origin":33758,"position":5},"title":"I nxehti afrikan \u2018godet\u2019 vendin ton\u00eb. &#8211; Zonat q\u00eb pritet t\u00eb p\u00ebrfshihen nga rrebeshet e shiut","author":"Kurt Farka","date":"June 23, 2022","format":false,"excerpt":"23 Qershor 2022 Q\u00eb n\u00eb or\u00ebt e para t\u00eb m\u00ebngjesit, vendi yn\u00eb mbizot\u00ebrohet nga moti i kthjell\u00ebt dhe i nxeht\u00eb si pasoj\u00eb e masave ajrore me origjin\u00eb Afrikane. P\u00ebrjashtim b\u00ebjn\u00eb zonat\u00a0 malore t\u00eb cilat do t\u00eb ken\u00eb kthjellime dhe vran\u00ebsira t\u00eb shpeshta. Sipas MeteoAlb, parashikohet q\u00eb pasditja dhe n\u00eb vijim\u2026","rel":"","context":"In &quot;Blogu i Udh\u00ebtarit&quot;","block_context":{"text":"Blogu i Udh\u00ebtarit","link":"https:\/\/www.shqiperia.com\/blog\/category\/blogu-i-udhetarit\/"},"img":{"alt_text":"","src":"https:\/\/i0.wp.com\/www.shqiperia.com\/blog\/wp-content\/uploads\/2022\/06\/800-0-62b3fca240d3b.png?fit=800%2C462&ssl=1&resize=350%2C200","width":350,"height":200,"srcset":"https:\/\/i0.wp.com\/www.shqiperia.com\/blog\/wp-content\/uploads\/2022\/06\/800-0-62b3fca240d3b.png?fit=800%2C462&ssl=1&resize=350%2C200 1x, https:\/\/i0.wp.com\/www.shqiperia.com\/blog\/wp-content\/uploads\/2022\/06\/800-0-62b3fca240d3b.png?fit=800%2C462&ssl=1&resize=525%2C300 1.5x, https:\/\/i0.wp.com\/www.shqiperia.com\/blog\/wp-content\/uploads\/2022\/06\/800-0-62b3fca240d3b.png?fit=800%2C462&ssl=1&resize=700%2C400 2x"},"classes":[]}],"_links":{"self":[{"href":"https:\/\/www.shqiperia.com\/blog\/wp-json\/wp\/v2\/posts\/33758","targetHints":{"allow":["GET"]}}],"collection":[{"href":"https:\/\/www.shqiperia.com\/blog\/wp-json\/wp\/v2\/posts"}],"about":[{"href":"https:\/\/www.shqiperia.com\/blog\/wp-json\/wp\/v2\/types\/post"}],"author":[{"embeddable":true,"href":"https:\/\/www.shqiperia.com\/blog\/wp-json\/wp\/v2\/users\/9"}],"replies":[{"embeddable":true,"href":"https:\/\/www.shqiperia.com\/blog\/wp-json\/wp\/v2\/comments?post=33758"}],"version-history":[{"count":1,"href":"https:\/\/www.shqiperia.com\/blog\/wp-json\/wp\/v2\/posts\/33758\/revisions"}],"predecessor-version":[{"id":33760,"href":"https:\/\/www.shqiperia.com\/blog\/wp-json\/wp\/v2\/posts\/33758\/revisions\/33760"}],"wp:featuredmedia":[{"embeddable":true,"href":"https:\/\/www.shqiperia.com\/blog\/wp-json\/wp\/v2\/media\/33759"}],"wp:attachment":[{"href":"https:\/\/www.shqiperia.com\/blog\/wp-json\/wp\/v2\/media?parent=33758"}],"wp:term":[{"taxonomy":"category","embeddable":true,"href":"https:\/\/www.shqiperia.com\/blog\/wp-json\/wp\/v2\/categories?post=33758"},{"taxonomy":"post_tag","embeddable":true,"href":"https:\/\/www.shqiperia.com\/blog\/wp-json\/wp\/v2\/tags?post=33758"}],"curies":[{"name":"wp","href":"https:\/\/api.w.org\/{rel}","templated":true}]}}