{"id":33755,"date":"2020-04-25T19:52:01","date_gmt":"2020-04-25T19:52:01","guid":{"rendered":"https:\/\/www.shqiperia.com\/blog\/?p=33755"},"modified":"2020-04-25T19:52:01","modified_gmt":"2020-04-25T19:52:01","slug":"vdes-kim-jong-mediat-boterore-citojne-zyrtaret-kinez","status":"publish","type":"post","link":"https:\/\/www.shqiperia.com\/blog\/vdes-kim-jong-mediat-boterore-citojne-zyrtaret-kinez\/","title":{"rendered":"Vdes Kim Jong\/ Mediat boterore citojne zyrtaret kinez"},"content":{"rendered":"<p><img data-recalc-dims=\"1\" loading=\"lazy\" decoding=\"async\" data-attachment-id=\"33756\" data-permalink=\"https:\/\/www.shqiperia.com\/blog\/vdes-kim-jong-mediat-boterore-citojne-zyrtaret-kinez\/xvm9e1470ba-23bf-11e8-8a65-70e85706a163-770x433\/\" data-orig-file=\"https:\/\/i0.wp.com\/www.shqiperia.com\/blog\/wp-content\/uploads\/2020\/04\/XVM9e1470ba-23bf-11e8-8a65-70e85706a163-770x433-1.jpg?fit=770%2C410&amp;ssl=1\" data-orig-size=\"770,410\" data-comments-opened=\"1\" data-image-meta=\"{&quot;aperture&quot;:&quot;0&quot;,&quot;credit&quot;:&quot;&quot;,&quot;camera&quot;:&quot;&quot;,&quot;caption&quot;:&quot;&quot;,&quot;created_timestamp&quot;:&quot;0&quot;,&quot;copyright&quot;:&quot;&quot;,&quot;focal_length&quot;:&quot;0&quot;,&quot;iso&quot;:&quot;0&quot;,&quot;shutter_speed&quot;:&quot;0&quot;,&quot;title&quot;:&quot;&quot;,&quot;orientation&quot;:&quot;0&quot;}\" data-image-title=\"XVM9e1470ba-23bf-11e8-8a65-70e85706a163-770&#215;433\" data-image-description=\"\" data-image-caption=\"\" data-medium-file=\"https:\/\/i0.wp.com\/www.shqiperia.com\/blog\/wp-content\/uploads\/2020\/04\/XVM9e1470ba-23bf-11e8-8a65-70e85706a163-770x433-1.jpg?fit=300%2C160&amp;ssl=1\" data-large-file=\"https:\/\/i0.wp.com\/www.shqiperia.com\/blog\/wp-content\/uploads\/2020\/04\/XVM9e1470ba-23bf-11e8-8a65-70e85706a163-770x433-1.jpg?fit=770%2C410&amp;ssl=1\" class=\"alignnone  wp-image-33756\" alt=\"\" src=\"https:\/\/i0.wp.com\/www.shqiperia.com\/blog\/wp-content\/uploads\/2020\/04\/XVM9e1470ba-23bf-11e8-8a65-70e85706a163-770x433-1.jpg?resize=581%2C310&#038;ssl=1\" width=\"581\" height=\"310\" srcset=\"https:\/\/i0.wp.com\/www.shqiperia.com\/blog\/wp-content\/uploads\/2020\/04\/XVM9e1470ba-23bf-11e8-8a65-70e85706a163-770x433-1.jpg?resize=300%2C160&amp;ssl=1 300w, https:\/\/i0.wp.com\/www.shqiperia.com\/blog\/wp-content\/uploads\/2020\/04\/XVM9e1470ba-23bf-11e8-8a65-70e85706a163-770x433-1.jpg?resize=768%2C409&amp;ssl=1 768w, https:\/\/i0.wp.com\/www.shqiperia.com\/blog\/wp-content\/uploads\/2020\/04\/XVM9e1470ba-23bf-11e8-8a65-70e85706a163-770x433-1.jpg?resize=450%2C240&amp;ssl=1 450w, https:\/\/i0.wp.com\/www.shqiperia.com\/blog\/wp-content\/uploads\/2020\/04\/XVM9e1470ba-23bf-11e8-8a65-70e85706a163-770x433-1.jpg?resize=600%2C319&amp;ssl=1 600w, https:\/\/i0.wp.com\/www.shqiperia.com\/blog\/wp-content\/uploads\/2020\/04\/XVM9e1470ba-23bf-11e8-8a65-70e85706a163-770x433-1.jpg?resize=400%2C213&amp;ssl=1 400w, https:\/\/i0.wp.com\/www.shqiperia.com\/blog\/wp-content\/uploads\/2020\/04\/XVM9e1470ba-23bf-11e8-8a65-70e85706a163-770x433-1.jpg?w=770&amp;ssl=1 770w\" sizes=\"auto, (max-width: 581px) 100vw, 581px\" \/><\/p>\n<p><strong>Vdes Kim Jong\/ Mediat boterore citojne zyrtaret kinez<\/strong><\/p>\n<p>21:26 &#8211; 25.04.20<\/p>\n<p>Mediat boterore po \u201d ziejne\u201d nga lajmet qe Kim Jong ka vdekur.<\/p>\n<p>\u201cDaily Mail\u201d ka cituar zyrtaret e Hong Kongut duke bere me dije se lideri i Korese se Veriut ka nderruar jete pas nderhyrjes ne zemer qe pati ditet e fundit.<\/p>\n<p>Nderkaq zyrtare te tjere mane mohuar lajmin. Nderkaq motra e tij perflitet se mund te jete diktatorja e rradhes qe do ti zere vendin Jongut.<\/p>\n<p>Nga: Gazeta Shqiptare<\/p>\n","protected":false},"excerpt":{"rendered":"<p>Vdes Kim Jong\/ Mediat boterore citojne zyrtaret kinez 21:26 &#8211; 25.04.20 Mediat boterore po \u201d ziejne\u201d nga lajmet qe Kim Jong ka vdekur. \u201cDaily Mail\u201d ka cituar zyrtaret e Hong Kongut duke bere me dije se lideri i Korese se Veriut ka nderruar jete pas nderhyrjes ne zemer qe pati ditet e fundit. Nderkaq zyrtare [&hellip;]<\/p>\n","protected":false},"author":9,"featured_media":33756,"comment_status":"open","ping_status":"open","sticky":false,"template":"","format":"standard","meta":{"jetpack_post_was_ever_published":false,"_jetpack_newsletter_access":"","_jetpack_dont_email_post_to_subs":false,"_jetpack_newsletter_tier_id":0,"_jetpack_memberships_contains_paywalled_content":false,"_jetpack_memberships_contains_paid_content":false,"footnotes":"","jetpack_publicize_message":"","jetpack_publicize_feature_enabled":true,"jetpack_social_post_already_shared":true,"jetpack_social_options":{"image_generator_settings":{"template":"highway","default_image_id":0,"font":"","enabled":false},"version":2}},"categories":[27,35],"tags":[],"class_list":["post-33755","post","type-post","status-publish","format-standard","has-post-thumbnail","hentry","category-blogu-i-udhetarit","category-shoqerore"],"jetpack_publicize_connections":[],"jetpack_featured_media_url":"https:\/\/i0.wp.com\/www.shqiperia.com\/blog\/wp-content\/uploads\/2020\/04\/XVM9e1470ba-23bf-11e8-8a65-70e85706a163-770x433-1.jpg?fit=770%2C410&ssl=1","jetpack_sharing_enabled":true,"jetpack_shortlink":"https:\/\/wp.me\/p5Z6wp-8Mr","jetpack-related-posts":[{"id":56767,"url":"https:\/\/www.shqiperia.com\/blog\/cfare-po-ndodh-mediat-ruse-japin-alarmin-mund-te-quhet-me-siguri-lufta-e-trete-boterore-ka-filluar\/","url_meta":{"origin":33755,"position":0},"title":"Cfare po ndodh (!):  Mediat ruse japin ALARMIN: &#8211; \u201cMund t\u00eb quhet me siguri Lufta e Tret\u00eb Bot\u00ebrore ka filluar\u201d.","author":"Kurt Farka","date":"April 15, 2022","format":false,"excerpt":"Cfare po ndodh (!): Mediat ruse japin ALARMIN: - \u201cMund t\u00eb quhet me siguri Lufta e Tret\u00eb Bot\u00ebrore ka filluar\u201d. 15 PRILL 2022 Media shtet\u00ebrore ruse ka alarmuar qytetar\u00ebt e saj duke theksuar se Lufta e III Bot\u00ebrore sapo ka filluar. Lajmi p\u00ebr nisjen e luft\u00ebs bot\u00ebrore \u00ebsht\u00eb dh\u00ebn\u00eb n\u00eb\u2026","rel":"","context":"In &quot;Blogu i Udh\u00ebtarit&quot;","block_context":{"text":"Blogu i Udh\u00ebtarit","link":"https:\/\/www.shqiperia.com\/blog\/category\/blogu-i-udhetarit\/"},"img":{"alt_text":"","src":"https:\/\/i0.wp.com\/www.shqiperia.com\/blog\/wp-content\/uploads\/2022\/04\/Mediat-ruse-japin-ALARMIN-Mund-te-quhet-me-siguri-Lufta-e-Trete-Boterore..jpg?fit=800%2C462&ssl=1&resize=350%2C200","width":350,"height":200,"srcset":"https:\/\/i0.wp.com\/www.shqiperia.com\/blog\/wp-content\/uploads\/2022\/04\/Mediat-ruse-japin-ALARMIN-Mund-te-quhet-me-siguri-Lufta-e-Trete-Boterore..jpg?fit=800%2C462&ssl=1&resize=350%2C200 1x, https:\/\/i0.wp.com\/www.shqiperia.com\/blog\/wp-content\/uploads\/2022\/04\/Mediat-ruse-japin-ALARMIN-Mund-te-quhet-me-siguri-Lufta-e-Trete-Boterore..jpg?fit=800%2C462&ssl=1&resize=525%2C300 1.5x, https:\/\/i0.wp.com\/www.shqiperia.com\/blog\/wp-content\/uploads\/2022\/04\/Mediat-ruse-japin-ALARMIN-Mund-te-quhet-me-siguri-Lufta-e-Trete-Boterore..jpg?fit=800%2C462&ssl=1&resize=700%2C400 2x"},"classes":[]},{"id":34615,"url":"https:\/\/www.shqiperia.com\/blog\/zhduket-serish-kim-jong-un-ja-cfare-thote-inteligjenca-amerikane-debati-per-sozine-foto\/","url_meta":{"origin":33755,"position":1},"title":"\u00a0\u201cZhduket\u201d s\u00ebrish Kim Jong Un, ja \u00e7far\u00eb thot\u00eb inteligjenca amerikane. Debati p\u00ebr sozin\u00eb\/ \u00a0(FOTO)","author":"Kurt Farka","date":"May 14, 2020","format":false,"excerpt":"\u00a0\u201cZhduket\u201d s\u00ebrish Kim Jong Un, ja \u00e7far\u00eb thot\u00eb inteligjenca amerikane. Debati p\u00ebr sozin\u00eb\/ \u00a0(FOTO) 13 Maj 2020\u00a0 Zhduket dhe \u201cringjallet\u201d. K\u00ebshtu mund t\u00eb etiketohet Kim Jong Un, i cili prej 12 dit\u00ebsh nuk \u00ebsht\u00eb \u201cb\u00ebr\u00eb i gjall\u00eb\u201d pas daljes s\u00eb tij t\u00eb \u201cfundit\u201d n\u00eb publik m\u00eb 1 maj, n\u00eb inaugurimin\u2026","rel":"","context":"In &quot;Press Releases&quot;","block_context":{"text":"Press Releases","link":"https:\/\/www.shqiperia.com\/blog\/category\/press-releases\/"},"img":{"alt_text":"","src":"https:\/\/i0.wp.com\/www.shqiperia.com\/blog\/wp-content\/uploads\/2020\/05\/k5.jpg?fit=551%2C305&ssl=1&resize=350%2C200","width":350,"height":200,"srcset":"https:\/\/i0.wp.com\/www.shqiperia.com\/blog\/wp-content\/uploads\/2020\/05\/k5.jpg?fit=551%2C305&ssl=1&resize=350%2C200 1x, https:\/\/i0.wp.com\/www.shqiperia.com\/blog\/wp-content\/uploads\/2020\/05\/k5.jpg?fit=551%2C305&ssl=1&resize=525%2C300 1.5x"},"classes":[]},{"id":71894,"url":"https:\/\/www.shqiperia.com\/blog\/zyrtaret-britanike-jane-te-gjithe-objektive-atentatesh-nga-rusia-e-putinit\/","url_meta":{"origin":33755,"position":2},"title":"Zyrtar\u00ebt britanik\u00eb jane t\u00eb gjith\u00eb objektiv\u00eb atentatesh nga Rusia e Putinit","author":"Kurt Farka","date":"May 31, 2023","format":false,"excerpt":"31 Maji 2023 Dmitry Medvedev, ish-president ka thene per mediat - \u201cDuke qen\u00eb k\u00ebshtu, \u00e7do zyrtar publik britanik (civil ose ushtarak q\u00eb nxit luft\u00ebn) mund t\u00eb jet\u00eb nj\u00eb objektiv legjitim atentati.\u201d Krahu i djatht\u00eb i presidentit rus Vladimir Putin ka paralajm\u00ebruar sot se zyrtar\u00ebt qeveritar\u00eb britanik\u00eb jan\u00eb t\u00eb gjith\u00eb objektiv\u00eb\u2026","rel":"","context":"In &quot;Blogu i Udh\u00ebtarit&quot;","block_context":{"text":"Blogu i Udh\u00ebtarit","link":"https:\/\/www.shqiperia.com\/blog\/category\/blogu-i-udhetarit\/"},"img":{"alt_text":"","src":"https:\/\/i0.wp.com\/www.shqiperia.com\/blog\/wp-content\/uploads\/2023\/05\/800-0-cce343f9af451.jpg.png?fit=800%2C420&ssl=1&resize=350%2C200","width":350,"height":200,"srcset":"https:\/\/i0.wp.com\/www.shqiperia.com\/blog\/wp-content\/uploads\/2023\/05\/800-0-cce343f9af451.jpg.png?fit=800%2C420&ssl=1&resize=350%2C200 1x, https:\/\/i0.wp.com\/www.shqiperia.com\/blog\/wp-content\/uploads\/2023\/05\/800-0-cce343f9af451.jpg.png?fit=800%2C420&ssl=1&resize=525%2C300 1.5x, https:\/\/i0.wp.com\/www.shqiperia.com\/blog\/wp-content\/uploads\/2023\/05\/800-0-cce343f9af451.jpg.png?fit=800%2C420&ssl=1&resize=700%2C400 2x"},"classes":[]},{"id":60894,"url":"https:\/\/www.shqiperia.com\/blog\/lufta-e-trete-boterore-me-afer-se-kurre-situata-drejt-pershkallezimit-zbulohet-asi-nen-menge-i-tajvanit-qe-do-te-trondite-pekinin-ja-si-taipei-mund-te-sulmoje-kryeqytetin-kinez\/","url_meta":{"origin":33755,"position":3},"title":"Lufta e Tret\u00eb Bot\u00ebrore m\u00eb af\u00ebr se kurr\u00eb. &#8211; Situata drejt p\u00ebrshkall\u00ebzimit, zbulohet \u2018asi n\u00ebn m\u00ebng\u00eb\u2019 i Tajvanit q\u00eb do t\u00eb trondit\u00eb Pekinin, ja si Taipei mund t\u00eb sulmoj\u00eb kryeqytetin kinez","author":"Kurt Farka","date":"August 9, 2022","format":false,"excerpt":"Tensionet mes Tajvanit dhe Kin\u00ebs jan\u00eb kthyer n\u00eb nj\u00eb kryefjal\u00eb t\u00eb mediave bot\u00ebrore. Kina, e cila zot\u00ebron\u00a0nj\u00eb arsenal raketash moderne dhe t\u00eb sofistikuara po shqet\u00ebson seriozisht Shtetet e Bashkuara\u00a0dhe partner\u00ebt e k\u00ebsaj t\u00eb fundit. Pas nuk mbetet as Tajvani i cili sipas raportimeve nuk do q\u00ebndroj\u00eb duarkryq. Duke marr\u00eb n\u00eb\u2026","rel":"","context":"In &quot;Blogu i Udh\u00ebtarit&quot;","block_context":{"text":"Blogu i Udh\u00ebtarit","link":"https:\/\/www.shqiperia.com\/blog\/category\/blogu-i-udhetarit\/"},"img":{"alt_text":"","src":"https:\/\/i0.wp.com\/www.shqiperia.com\/blog\/wp-content\/uploads\/2022\/08\/800-0-62f214fb684c3.jpg?fit=800%2C450&ssl=1&resize=350%2C200","width":350,"height":200,"srcset":"https:\/\/i0.wp.com\/www.shqiperia.com\/blog\/wp-content\/uploads\/2022\/08\/800-0-62f214fb684c3.jpg?fit=800%2C450&ssl=1&resize=350%2C200 1x, https:\/\/i0.wp.com\/www.shqiperia.com\/blog\/wp-content\/uploads\/2022\/08\/800-0-62f214fb684c3.jpg?fit=800%2C450&ssl=1&resize=525%2C300 1.5x, https:\/\/i0.wp.com\/www.shqiperia.com\/blog\/wp-content\/uploads\/2022\/08\/800-0-62f214fb684c3.jpg?fit=800%2C450&ssl=1&resize=700%2C400 2x"},"classes":[]},{"id":19534,"url":"https:\/\/www.shqiperia.com\/blog\/perplasje-cakaj-dacic-ne-varshave-loje-fjalesh-nga-mungesa-e-pervojes-apo-e-qellimshme-shmangie-e-problemeve-thelbesore\/","url_meta":{"origin":33755,"position":4},"title":"P\u00ebrplasje Cakaj-Da\u00e7i\u00e7 n\u00eb Varshav\u00eb &#8211; Loje Fjalesh nga mungesa e Pervojes apo e qellimshme(!). Shmangie e problemeve thelbesore","author":"Kurt Farka","date":"April 12, 2019","format":false,"excerpt":"P\u00ebrplasje Cakaj-Da\u00e7i\u00e7 n\u00eb Varshav\u00eb - Loje Fjalesh nga mungesa e Pervojes apo e qellimshme(!). Shmangie e problemeve thelbesore. - \u00a012 prill 2019 Gjat\u00eb takimit t\u00eb Ministrave t\u00eb Jasht\u00ebm t\u00eb Ballkanit dhe BE-s\u00eb, Da\u00e7i\u00e7 ka mohuar shtet\u00ebsin\u00eb e Kosov\u00ebs dhe ka akuzuar at\u00eb p\u00ebr moszbatim t\u00eb marr\u00ebveshjeve t\u00eb Brukselit. Da\u00e7i\u00e7 e\u2026","rel":"","context":"In &quot;Blogu i Udh\u00ebtarit&quot;","block_context":{"text":"Blogu i Udh\u00ebtarit","link":"https:\/\/www.shqiperia.com\/blog\/category\/blogu-i-udhetarit\/"},"img":{"alt_text":"","src":"https:\/\/i0.wp.com\/www.shqiperia.com\/blog\/wp-content\/uploads\/2019\/04\/gent-cakaj-1-2.jpg?fit=552%2C307&ssl=1&resize=350%2C200","width":350,"height":200,"srcset":"https:\/\/i0.wp.com\/www.shqiperia.com\/blog\/wp-content\/uploads\/2019\/04\/gent-cakaj-1-2.jpg?fit=552%2C307&ssl=1&resize=350%2C200 1x, https:\/\/i0.wp.com\/www.shqiperia.com\/blog\/wp-content\/uploads\/2019\/04\/gent-cakaj-1-2.jpg?fit=552%2C307&ssl=1&resize=525%2C300 1.5x"},"classes":[]},{"id":73199,"url":"https:\/\/www.shqiperia.com\/blog\/po-germojne-butrintin-qe-te-sajojne-plazhe-per-turistin-e-deshtuar-masiv-qe-vjen-per-alkool-te-lire-ksamili-nje-fshat-betoni\/","url_meta":{"origin":33755,"position":5},"title":"Po g\u00ebrmojn\u00eb Butrintin q\u00eb t\u00eb sajojn\u00eb plazhe p\u00ebr turistin e d\u00ebshtuar masiv q\u00eb vjen p\u00ebr\u2026 alkool t\u00eb lir\u00eb\u201d! &#8211; Ksamili, nj\u00eb fshat betoni.","author":"Kurt Farka","date":"August 2, 2023","format":false,"excerpt":"2 Gusht 2023 Ksamili, nj\u00eb fshat betoni. Historiani dhe publicisti Auron Tare ka reaguar me nj\u00eb shkrim ndaj \u2018buj\u00ebs\u2019 s\u00eb krijuar nga mediat\u00a0 nd\u00ebrkomb\u00ebtare n\u00eb lidhje me turizmin n\u00eb vendin ton\u00eb. Tare, i cili m\u00eb her\u00ebt ka drejtuar Parkun Butrinti dhe Agjencin\u00eb e Bregdetit e sheh nga nj\u00eb tjet\u00ebr perspektiv\u00eb,\u2026","rel":"","context":"In &quot;Blogu i Udh\u00ebtarit&quot;","block_context":{"text":"Blogu i Udh\u00ebtarit","link":"https:\/\/www.shqiperia.com\/blog\/category\/blogu-i-udhetarit\/"},"img":{"alt_text":"","src":"https:\/\/i0.wp.com\/www.shqiperia.com\/blog\/wp-content\/uploads\/2023\/08\/IMG_9028.jpeg?fit=800%2C599&ssl=1&resize=350%2C200","width":350,"height":200,"srcset":"https:\/\/i0.wp.com\/www.shqiperia.com\/blog\/wp-content\/uploads\/2023\/08\/IMG_9028.jpeg?fit=800%2C599&ssl=1&resize=350%2C200 1x, https:\/\/i0.wp.com\/www.shqiperia.com\/blog\/wp-content\/uploads\/2023\/08\/IMG_9028.jpeg?fit=800%2C599&ssl=1&resize=525%2C300 1.5x, https:\/\/i0.wp.com\/www.shqiperia.com\/blog\/wp-content\/uploads\/2023\/08\/IMG_9028.jpeg?fit=800%2C599&ssl=1&resize=700%2C400 2x"},"classes":[]}],"_links":{"self":[{"href":"https:\/\/www.shqiperia.com\/blog\/wp-json\/wp\/v2\/posts\/33755","targetHints":{"allow":["GET"]}}],"collection":[{"href":"https:\/\/www.shqiperia.com\/blog\/wp-json\/wp\/v2\/posts"}],"about":[{"href":"https:\/\/www.shqiperia.com\/blog\/wp-json\/wp\/v2\/types\/post"}],"author":[{"embeddable":true,"href":"https:\/\/www.shqiperia.com\/blog\/wp-json\/wp\/v2\/users\/9"}],"replies":[{"embeddable":true,"href":"https:\/\/www.shqiperia.com\/blog\/wp-json\/wp\/v2\/comments?post=33755"}],"version-history":[{"count":1,"href":"https:\/\/www.shqiperia.com\/blog\/wp-json\/wp\/v2\/posts\/33755\/revisions"}],"predecessor-version":[{"id":33757,"href":"https:\/\/www.shqiperia.com\/blog\/wp-json\/wp\/v2\/posts\/33755\/revisions\/33757"}],"wp:featuredmedia":[{"embeddable":true,"href":"https:\/\/www.shqiperia.com\/blog\/wp-json\/wp\/v2\/media\/33756"}],"wp:attachment":[{"href":"https:\/\/www.shqiperia.com\/blog\/wp-json\/wp\/v2\/media?parent=33755"}],"wp:term":[{"taxonomy":"category","embeddable":true,"href":"https:\/\/www.shqiperia.com\/blog\/wp-json\/wp\/v2\/categories?post=33755"},{"taxonomy":"post_tag","embeddable":true,"href":"https:\/\/www.shqiperia.com\/blog\/wp-json\/wp\/v2\/tags?post=33755"}],"curies":[{"name":"wp","href":"https:\/\/api.w.org\/{rel}","templated":true}]}}