{"id":33752,"date":"2020-04-25T15:12:01","date_gmt":"2020-04-25T15:12:01","guid":{"rendered":"https:\/\/www.shqiperia.com\/blog\/?p=33752"},"modified":"2020-04-25T15:12:01","modified_gmt":"2020-04-25T15:12:01","slug":"pushime-falas-per-ata-qe-mposhtin-koronavirusin-biznesmeni-ben-premtimin-e-madh-per-te-sheruarit-duke-nisur-nga-1-qershori-mund-ti-prenotoni-ne-keto-vende","status":"publish","type":"post","link":"https:\/\/www.shqiperia.com\/blog\/pushime-falas-per-ata-qe-mposhtin-koronavirusin-biznesmeni-ben-premtimin-e-madh-per-te-sheruarit-duke-nisur-nga-1-qershori-mund-ti-prenotoni-ne-keto-vende\/","title":{"rendered":"\u2018Pushime falas p\u00ebr ata q\u00eb mposhtin koronavirusin\u2019, biznesmeni b\u00ebn premtimin e madh p\u00ebr t\u00eb sh\u00ebruarit: Duke nisur nga 1 qershori mund t\u2019i prenotoni n\u00eb k\u00ebto vende"},"content":{"rendered":"<p><img data-recalc-dims=\"1\" loading=\"lazy\" decoding=\"async\" data-attachment-id=\"33753\" data-permalink=\"https:\/\/www.shqiperia.com\/blog\/pushime-falas-per-ata-qe-mposhtin-koronavirusin-biznesmeni-ben-premtimin-e-madh-per-te-sheruarit-duke-nisur-nga-1-qershori-mund-ti-prenotoni-ne-keto-vende\/800-0-5ea42ade7893c\/\" data-orig-file=\"https:\/\/i0.wp.com\/www.shqiperia.com\/blog\/wp-content\/uploads\/2020\/04\/800-0-5ea42ade7893c.jpg?fit=800%2C475&amp;ssl=1\" data-orig-size=\"800,475\" data-comments-opened=\"1\" data-image-meta=\"{&quot;aperture&quot;:&quot;0&quot;,&quot;credit&quot;:&quot;&quot;,&quot;camera&quot;:&quot;&quot;,&quot;caption&quot;:&quot;&quot;,&quot;created_timestamp&quot;:&quot;0&quot;,&quot;copyright&quot;:&quot;&quot;,&quot;focal_length&quot;:&quot;0&quot;,&quot;iso&quot;:&quot;0&quot;,&quot;shutter_speed&quot;:&quot;0&quot;,&quot;title&quot;:&quot;&quot;,&quot;orientation&quot;:&quot;0&quot;}\" data-image-title=\"-800-0-5ea42ade7893c\" data-image-description=\"\" data-image-caption=\"\" data-medium-file=\"https:\/\/i0.wp.com\/www.shqiperia.com\/blog\/wp-content\/uploads\/2020\/04\/800-0-5ea42ade7893c.jpg?fit=300%2C178&amp;ssl=1\" data-large-file=\"https:\/\/i0.wp.com\/www.shqiperia.com\/blog\/wp-content\/uploads\/2020\/04\/800-0-5ea42ade7893c.jpg?fit=800%2C475&amp;ssl=1\" class=\"alignnone  wp-image-33753\" alt=\"\" src=\"https:\/\/i0.wp.com\/www.shqiperia.com\/blog\/wp-content\/uploads\/2020\/04\/800-0-5ea42ade7893c.jpg?resize=522%2C310&#038;ssl=1\" width=\"522\" height=\"310\" srcset=\"https:\/\/i0.wp.com\/www.shqiperia.com\/blog\/wp-content\/uploads\/2020\/04\/800-0-5ea42ade7893c.jpg?resize=300%2C178&amp;ssl=1 300w, https:\/\/i0.wp.com\/www.shqiperia.com\/blog\/wp-content\/uploads\/2020\/04\/800-0-5ea42ade7893c.jpg?resize=768%2C456&amp;ssl=1 768w, https:\/\/i0.wp.com\/www.shqiperia.com\/blog\/wp-content\/uploads\/2020\/04\/800-0-5ea42ade7893c.jpg?resize=450%2C267&amp;ssl=1 450w, https:\/\/i0.wp.com\/www.shqiperia.com\/blog\/wp-content\/uploads\/2020\/04\/800-0-5ea42ade7893c.jpg?resize=600%2C356&amp;ssl=1 600w, https:\/\/i0.wp.com\/www.shqiperia.com\/blog\/wp-content\/uploads\/2020\/04\/800-0-5ea42ade7893c.jpg?resize=400%2C238&amp;ssl=1 400w, https:\/\/i0.wp.com\/www.shqiperia.com\/blog\/wp-content\/uploads\/2020\/04\/800-0-5ea42ade7893c.jpg?w=800&amp;ssl=1 800w\" sizes=\"auto, (max-width: 522px) 100vw, 522px\" \/><\/p>\n<p>\u2018Pushime falas p\u00ebr ata q\u00eb mposhtin koronavirusin\u2019, biznesmeni b\u00ebn premtimin e madh p\u00ebr t\u00eb sh\u00ebruarit: Duke nisur nga 1 qershori mund t\u2019i prenotoni n\u00eb k\u00ebto vende<\/p>\n<p>25 PRILL 2020<\/p>\n<p>Nj\u00eb lajm i mir\u00eb vjen p\u00ebr t\u00eb gjith\u00eb ato q\u00eb mposhtin koronavirusin, nj\u00eb biznesmen italian nga Kalabria ka premtuar publikisht se do t\u00eb ofroj\u00eb pushime falas p\u00ebr k\u00ebt\u00eb kategori. Kjo nism\u00eb nga Matteo Cassiano parashikon pushime falas p\u00ebr gjith\u00eb ata q\u00eb kan\u00eb qen\u00eb n\u00eb terapi intensive dhe jan\u00eb sh\u00ebruar.<\/p>\n<p>Cassiano, biznesmen i cili merret me vler\u00ebsimin e pronave imobiliare dhe promovimin e territoreve italiane ka menduar gjithashtu edhe p\u00ebr mjek\u00ebt. P\u00ebr mjek\u00ebt dhe infermier\u00ebt q\u00eb p\u00ebr shkak t\u00eb virusit duan t\u00eb rrin\u00eb larg familjeve, ai ka v\u00ebn\u00eb n\u00eb dispozicion disa banesa.<\/p>\n<p>\u201cDuke nisur nga 1 qershori, kush ka mposhtur virusin mund t\u00eb prenotoj\u00eb pushimet n\u00eb Kalabri, Marina di Tortora, Praia a Mare t\u00eb San Nicola Arcella; n\u00eb Basilicata t\u00eb Maratea; n\u00eb Sardegna t\u00eb Porto Cervo, Arzachena; n\u00eb Toskan\u00eb, Forte dei Marmi dhe n\u00eb Lombardi, Lazio, Milano dhe Rom\u00eb, p\u00ebr gjith\u00eb ata q\u00eb synojn\u00eb turizmin kulturor\u201d, thuhet n\u00eb njoftimin e biznesmenit.<\/p>\n<p>Gazeta Sot<\/p>\n","protected":false},"excerpt":{"rendered":"<p>\u2018Pushime falas p\u00ebr ata q\u00eb mposhtin koronavirusin\u2019, biznesmeni b\u00ebn premtimin e madh p\u00ebr t\u00eb sh\u00ebruarit: Duke nisur nga 1 qershori mund t\u2019i prenotoni n\u00eb k\u00ebto vende 25 PRILL 2020 Nj\u00eb lajm i mir\u00eb vjen p\u00ebr t\u00eb gjith\u00eb ato q\u00eb mposhtin koronavirusin, nj\u00eb biznesmen italian nga Kalabria ka premtuar publikisht se do t\u00eb ofroj\u00eb pushime falas [&hellip;]<\/p>\n","protected":false},"author":9,"featured_media":33753,"comment_status":"open","ping_status":"open","sticky":false,"template":"","format":"standard","meta":{"jetpack_post_was_ever_published":false,"_jetpack_newsletter_access":"","_jetpack_dont_email_post_to_subs":false,"_jetpack_newsletter_tier_id":0,"_jetpack_memberships_contains_paywalled_content":false,"_jetpack_memberships_contains_paid_content":false,"footnotes":"","jetpack_publicize_message":"","jetpack_publicize_feature_enabled":true,"jetpack_social_post_already_shared":true,"jetpack_social_options":{"image_generator_settings":{"template":"highway","default_image_id":0,"font":"","enabled":false},"version":2}},"categories":[27,14],"tags":[],"class_list":["post-33752","post","type-post","status-publish","format-standard","has-post-thumbnail","hentry","category-blogu-i-udhetarit","category-press-releases"],"jetpack_publicize_connections":[],"jetpack_featured_media_url":"https:\/\/i0.wp.com\/www.shqiperia.com\/blog\/wp-content\/uploads\/2020\/04\/800-0-5ea42ade7893c.jpg?fit=800%2C475&ssl=1","jetpack_sharing_enabled":true,"jetpack_shortlink":"https:\/\/wp.me\/p5Z6wp-8Mo","jetpack-related-posts":[{"id":73223,"url":"https:\/\/www.shqiperia.com\/blog\/mitsotakis-nje-jave-pushime-falas-ne-rodos-per-turistet-e-larguar-per-shkak-te-zjarreve\/","url_meta":{"origin":33752,"position":0},"title":"Greqia: &#8211; Nj\u00eb jav\u00eb pushime falas n\u00eb Rodos p\u00ebr turist\u00ebt e larguar p\u00ebr shkak t\u00eb zjarreve","author":"Kurt Farka","date":"August 2, 2023","format":false,"excerpt":"1 Gusht 2023 Zjarret q\u00eb p\u00ebrfshir\u00ebn Rodos b\u00ebn\u00eb q\u00eb nj\u00eb num\u00ebr i madh turist\u00ebsh t\u00eb largoheshin duke nd\u00ebrprer\u00eb pushimet e tyre. Qeveria greke, n\u00eb bashk\u00ebpunim me autoritetet lokale k\u00ebt\u00eb t\u00eb m\u00ebrkur\u00eb ka vendosur q\u00eb t\u00eb ofroj\u00eb nj\u00eb jav\u00eb pushim falas n\u00eb Rodos pranver\u00ebn ose vjesht\u00ebn e ardhshme p\u00ebr t\u00eb gjith\u00eb\u2026","rel":"","context":"In &quot;Blogu i Udh\u00ebtarit&quot;","block_context":{"text":"Blogu i Udh\u00ebtarit","link":"https:\/\/www.shqiperia.com\/blog\/category\/blogu-i-udhetarit\/"},"img":{"alt_text":"","src":"https:\/\/i0.wp.com\/www.shqiperia.com\/blog\/wp-content\/uploads\/2023\/08\/Rhodes-Travel-Guide-Travel-S-Helper.jpg?fit=1200%2C750&ssl=1&resize=350%2C200","width":350,"height":200,"srcset":"https:\/\/i0.wp.com\/www.shqiperia.com\/blog\/wp-content\/uploads\/2023\/08\/Rhodes-Travel-Guide-Travel-S-Helper.jpg?fit=1200%2C750&ssl=1&resize=350%2C200 1x, https:\/\/i0.wp.com\/www.shqiperia.com\/blog\/wp-content\/uploads\/2023\/08\/Rhodes-Travel-Guide-Travel-S-Helper.jpg?fit=1200%2C750&ssl=1&resize=525%2C300 1.5x, https:\/\/i0.wp.com\/www.shqiperia.com\/blog\/wp-content\/uploads\/2023\/08\/Rhodes-Travel-Guide-Travel-S-Helper.jpg?fit=1200%2C750&ssl=1&resize=700%2C400 2x, https:\/\/i0.wp.com\/www.shqiperia.com\/blog\/wp-content\/uploads\/2023\/08\/Rhodes-Travel-Guide-Travel-S-Helper.jpg?fit=1200%2C750&ssl=1&resize=1050%2C600 3x"},"classes":[]},{"id":42448,"url":"https:\/\/www.shqiperia.com\/blog\/studiuesit-zbulojne-simptomen-e-pazakonte-qe-perndjek-ata-qe-kane-kaluar-koronavirusin\/","url_meta":{"origin":33752,"position":1},"title":"Studiuesit zbulojn\u00eb simptom\u00ebn e pazakont\u00eb q\u00eb &#8220;p\u00ebrndjek&#8221; ata q\u00eb kan\u00eb kaluar koronavirusin","author":"Kurt Farka","date":"December 29, 2020","format":false,"excerpt":"Studiuesit zbulojn\u00eb simptom\u00ebn e pazakont\u00eb q\u00eb \"p\u00ebrndjek\" ata q\u00eb kan\u00eb kaluar koronavirusin 29 DHJETOR 2020 Pacient\u00ebt q\u00eb kan\u00eb kaluar Covid, po ankohen se po ndiejn\u00eb aroma ndryshe nga ato normalet. N\u00eb nj\u00eb studim t\u00eb fundit, studiuesit shprehen se simptoma e pazakont\u00eb i b\u00ebn t\u00eb sh\u00ebruarit q\u00eb t\u00eb ndiejn\u00eb er\u00eb peshku\u2026","rel":"","context":"In &quot;Blogu i Udh\u00ebtarit&quot;","block_context":{"text":"Blogu i Udh\u00ebtarit","link":"https:\/\/www.shqiperia.com\/blog\/category\/blogu-i-udhetarit\/"},"img":{"alt_text":"","src":"https:\/\/i0.wp.com\/www.shqiperia.com\/blog\/wp-content\/uploads\/2020\/12\/800-0-5feb7ae41ecaa.jpg?fit=800%2C451&ssl=1&resize=350%2C200","width":350,"height":200,"srcset":"https:\/\/i0.wp.com\/www.shqiperia.com\/blog\/wp-content\/uploads\/2020\/12\/800-0-5feb7ae41ecaa.jpg?fit=800%2C451&ssl=1&resize=350%2C200 1x, https:\/\/i0.wp.com\/www.shqiperia.com\/blog\/wp-content\/uploads\/2020\/12\/800-0-5feb7ae41ecaa.jpg?fit=800%2C451&ssl=1&resize=525%2C300 1.5x, https:\/\/i0.wp.com\/www.shqiperia.com\/blog\/wp-content\/uploads\/2020\/12\/800-0-5feb7ae41ecaa.jpg?fit=800%2C451&ssl=1&resize=700%2C400 2x"},"classes":[]},{"id":90443,"url":"https:\/\/www.shqiperia.com\/blog\/ky-qytet-i-bukur-bregdetar-ne-sicili-po-ofron-pushime-per-vetem-1-euro-si-mund-te-fitoni-nje-vend\/","url_meta":{"origin":33752,"position":2},"title":"Ky qytet i bukur bregdetar n\u00eb Si\u00e7ili po ofron pushime p\u00ebr vet\u00ebm 1 euro: &#8211; Si mund t\u00eb fitoni nj\u00eb vend?","author":"Kurt Farka","date":"March 15, 2025","format":false,"excerpt":"15 Mars 2025 Siculiana, nj\u00eb qytet bregdetar n\u00eb Si\u00e7ili, ka nisur nj\u00eb iniciativ\u00eb unike p\u00ebr t\u00eb t\u00ebrhequr m\u00eb shum\u00eb turist\u00eb gjat\u00eb sezonit t\u00eb ul\u00ebt: nj\u00eb fundjav\u00eb pushimi p\u00ebr vet\u00ebm 1 euro. Kjo skem\u00eb, e organizuar nga Bordi i Turizmit t\u00eb qytetit, mbulon akomodimin, ushqimin dhe ekskursionet, duke e b\u00ebr\u00eb nj\u00eb\u2026","rel":"","context":"In &quot;Blogu i Udh\u00ebtarit&quot;","block_context":{"text":"Blogu i Udh\u00ebtarit","link":"https:\/\/www.shqiperia.com\/blog\/category\/blogu-i-udhetarit\/"},"img":{"alt_text":"","src":"https:\/\/i0.wp.com\/www.shqiperia.com\/blog\/wp-content\/uploads\/2025\/03\/auto_Screenshot_21741792648.jpg?fit=900%2C533&ssl=1&resize=350%2C200","width":350,"height":200,"srcset":"https:\/\/i0.wp.com\/www.shqiperia.com\/blog\/wp-content\/uploads\/2025\/03\/auto_Screenshot_21741792648.jpg?fit=900%2C533&ssl=1&resize=350%2C200 1x, https:\/\/i0.wp.com\/www.shqiperia.com\/blog\/wp-content\/uploads\/2025\/03\/auto_Screenshot_21741792648.jpg?fit=900%2C533&ssl=1&resize=525%2C300 1.5x, https:\/\/i0.wp.com\/www.shqiperia.com\/blog\/wp-content\/uploads\/2025\/03\/auto_Screenshot_21741792648.jpg?fit=900%2C533&ssl=1&resize=700%2C400 2x"},"classes":[]},{"id":37670,"url":"https:\/\/www.shqiperia.com\/blog\/kush-po-i-perze-shqiptaret-nga-vendi\/","url_meta":{"origin":33752,"position":3},"title":"Kush po i p\u00ebrze shqiptar\u00ebt nga vendi!","author":"Kurt Farka","date":"August 25, 2020","format":false,"excerpt":"Kush po i p\u00ebrze shqiptar\u00ebt nga vendi! 25 Gusht 2020 Nga Andi Bushati Nj\u00eb artikull alarmant i \u201cThe Economist\u201d p\u00ebr shpopullimin dhe plakjen e Shqip\u00ebris\u00eb, ka ndezur n\u00eb vend debatin m\u00eb meskin dhe sip\u00ebrfaq\u00ebsor q\u00eb mund t\u00eb imagjinohej. Kund\u00ebrshtar\u00ebt e Edi Ram\u00ebs, argumentojn\u00eb se ardhja e rilindjes n\u00eb pushtet ka\u2026","rel":"","context":"In &quot;Blogu i Udh\u00ebtarit&quot;","block_context":{"text":"Blogu i Udh\u00ebtarit","link":"https:\/\/www.shqiperia.com\/blog\/category\/blogu-i-udhetarit\/"},"img":{"alt_text":"","src":"https:\/\/i0.wp.com\/www.shqiperia.com\/blog\/wp-content\/uploads\/2020\/08\/800-0-5ec3e8225a5aa.jpg?fit=800%2C440&ssl=1&resize=350%2C200","width":350,"height":200,"srcset":"https:\/\/i0.wp.com\/www.shqiperia.com\/blog\/wp-content\/uploads\/2020\/08\/800-0-5ec3e8225a5aa.jpg?fit=800%2C440&ssl=1&resize=350%2C200 1x, https:\/\/i0.wp.com\/www.shqiperia.com\/blog\/wp-content\/uploads\/2020\/08\/800-0-5ec3e8225a5aa.jpg?fit=800%2C440&ssl=1&resize=525%2C300 1.5x, https:\/\/i0.wp.com\/www.shqiperia.com\/blog\/wp-content\/uploads\/2020\/08\/800-0-5ec3e8225a5aa.jpg?fit=800%2C440&ssl=1&resize=700%2C400 2x"},"classes":[]},{"id":45059,"url":"https:\/\/www.shqiperia.com\/blog\/vendi-i-pare-ne-evrope-qe-mposht-koronavirusin-vaksinohet-e-gjithe-popullsia\/","url_meta":{"origin":33752,"position":4},"title":"Vendi i par\u00eb n\u00eb Evrop\u00eb q\u00eb mposht koronavirusin, vaksinohet e gjith\u00eb popullsia","author":"Kurt Farka","date":"March 7, 2021","format":false,"excerpt":"Vendi i par\u00eb n\u00eb Evrop\u00eb q\u00eb mposht koronavirusin, vaksinohet e gjith\u00eb popullsia 7 MARS 2021 Nj\u00eb ishull grek \u00ebsht\u00eb b\u00ebr\u00eb vendi i par\u00eb n\u00eb Evrop\u00eb q\u00eb ka mposhtur koronavirusin. Kastellorizo, shtrihet n\u00eb detin e Egje, shum\u00eb af\u00ebr bregut turk dhe nuk ka asnj\u00eb rast me covid dhe duket se \u00ebsht\u00eb\u2026","rel":"","context":"In &quot;Blogu i Udh\u00ebtarit&quot;","block_context":{"text":"Blogu i Udh\u00ebtarit","link":"https:\/\/www.shqiperia.com\/blog\/category\/blogu-i-udhetarit\/"},"img":{"alt_text":"","src":"https:\/\/i0.wp.com\/www.shqiperia.com\/blog\/wp-content\/uploads\/2021\/03\/640-0-6044958a49143.jpg?fit=640%2C357&ssl=1&resize=350%2C200","width":350,"height":200,"srcset":"https:\/\/i0.wp.com\/www.shqiperia.com\/blog\/wp-content\/uploads\/2021\/03\/640-0-6044958a49143.jpg?fit=640%2C357&ssl=1&resize=350%2C200 1x, https:\/\/i0.wp.com\/www.shqiperia.com\/blog\/wp-content\/uploads\/2021\/03\/640-0-6044958a49143.jpg?fit=640%2C357&ssl=1&resize=525%2C300 1.5x"},"classes":[]},{"id":36759,"url":"https:\/\/www.shqiperia.com\/blog\/doni-te-shkoni-ne-plazh-por-keni-frike-nga-koronavirusi-ndiqni-keto-keshilla\/","url_meta":{"origin":33752,"position":5},"title":"Doni t\u00eb shkoni n\u00eb plazh por keni frik\u00eb nga koronavirusi? Ndiqni k\u00ebto k\u00ebshilla","author":"Kurt Farka","date":"August 1, 2020","format":false,"excerpt":"Doni t\u00eb shkoni n\u00eb plazh por keni frik\u00eb nga koronavirusi? Ndiqni k\u00ebto k\u00ebshilla 1 gusht \u00a02020 P\u00ebr t\u00eb gjith\u00eb asgj\u00eb nuk \u00ebsht\u00eb m\u00eb mir\u00eb se nj\u00eb dit\u00eb e ngroht\u00eb n\u00eb plazh. Pandemia k\u00ebt\u00eb vit na b\u00ebri q\u00eb t\u00eb kufizohemi dhe\u00a0 t\u00eb marrim masa drastike para se t\u00eb shkojm\u00eb t\u00eb pushojm\u00eb.\u2026","rel":"","context":"In &quot;Blogu i Udh\u00ebtarit&quot;","block_context":{"text":"Blogu i Udh\u00ebtarit","link":"https:\/\/www.shqiperia.com\/blog\/category\/blogu-i-udhetarit\/"},"img":{"alt_text":"","src":"https:\/\/i0.wp.com\/www.shqiperia.com\/blog\/wp-content\/uploads\/2020\/08\/Capture-1-905x450-1.png?fit=905%2C450&ssl=1&resize=350%2C200","width":350,"height":200,"srcset":"https:\/\/i0.wp.com\/www.shqiperia.com\/blog\/wp-content\/uploads\/2020\/08\/Capture-1-905x450-1.png?fit=905%2C450&ssl=1&resize=350%2C200 1x, https:\/\/i0.wp.com\/www.shqiperia.com\/blog\/wp-content\/uploads\/2020\/08\/Capture-1-905x450-1.png?fit=905%2C450&ssl=1&resize=525%2C300 1.5x, https:\/\/i0.wp.com\/www.shqiperia.com\/blog\/wp-content\/uploads\/2020\/08\/Capture-1-905x450-1.png?fit=905%2C450&ssl=1&resize=700%2C400 2x"},"classes":[]}],"_links":{"self":[{"href":"https:\/\/www.shqiperia.com\/blog\/wp-json\/wp\/v2\/posts\/33752","targetHints":{"allow":["GET"]}}],"collection":[{"href":"https:\/\/www.shqiperia.com\/blog\/wp-json\/wp\/v2\/posts"}],"about":[{"href":"https:\/\/www.shqiperia.com\/blog\/wp-json\/wp\/v2\/types\/post"}],"author":[{"embeddable":true,"href":"https:\/\/www.shqiperia.com\/blog\/wp-json\/wp\/v2\/users\/9"}],"replies":[{"embeddable":true,"href":"https:\/\/www.shqiperia.com\/blog\/wp-json\/wp\/v2\/comments?post=33752"}],"version-history":[{"count":1,"href":"https:\/\/www.shqiperia.com\/blog\/wp-json\/wp\/v2\/posts\/33752\/revisions"}],"predecessor-version":[{"id":33754,"href":"https:\/\/www.shqiperia.com\/blog\/wp-json\/wp\/v2\/posts\/33752\/revisions\/33754"}],"wp:featuredmedia":[{"embeddable":true,"href":"https:\/\/www.shqiperia.com\/blog\/wp-json\/wp\/v2\/media\/33753"}],"wp:attachment":[{"href":"https:\/\/www.shqiperia.com\/blog\/wp-json\/wp\/v2\/media?parent=33752"}],"wp:term":[{"taxonomy":"category","embeddable":true,"href":"https:\/\/www.shqiperia.com\/blog\/wp-json\/wp\/v2\/categories?post=33752"},{"taxonomy":"post_tag","embeddable":true,"href":"https:\/\/www.shqiperia.com\/blog\/wp-json\/wp\/v2\/tags?post=33752"}],"curies":[{"name":"wp","href":"https:\/\/api.w.org\/{rel}","templated":true}]}}