{"id":33749,"date":"2020-04-25T14:59:43","date_gmt":"2020-04-25T14:59:43","guid":{"rendered":"https:\/\/www.shqiperia.com\/blog\/?p=33749"},"modified":"2020-04-25T14:59:43","modified_gmt":"2020-04-25T14:59:43","slug":"vala-e-dyte-mund-te-jete-me-e-madhe-paralajmeron-tritan-kalo-virusi-eshte-ende-ne-lulezim-ja-cfare-duhet-te-kemi-kujdes-gjate-hapjes","status":"publish","type":"post","link":"https:\/\/www.shqiperia.com\/blog\/vala-e-dyte-mund-te-jete-me-e-madhe-paralajmeron-tritan-kalo-virusi-eshte-ende-ne-lulezim-ja-cfare-duhet-te-kemi-kujdes-gjate-hapjes\/","title":{"rendered":"\u201cVala e dyt\u00eb mund t\u00eb jet\u00eb m\u00eb e madhe\u201d, paralajm\u00ebron Tritan Kalo: Virusi \u00ebsht\u00eb ende n\u00eb \u201clul\u00ebzim\u201d, ja \u00e7far\u00eb duhet t\u00eb kemi kujdes gjat\u00eb hapjes"},"content":{"rendered":"<p><img data-recalc-dims=\"1\" loading=\"lazy\" decoding=\"async\" data-attachment-id=\"33750\" data-permalink=\"https:\/\/www.shqiperia.com\/blog\/vala-e-dyte-mund-te-jete-me-e-madhe-paralajmeron-tritan-kalo-virusi-eshte-ende-ne-lulezim-ja-cfare-duhet-te-kemi-kujdes-gjate-hapjes\/tritan-kalo-2\/\" data-orig-file=\"https:\/\/i0.wp.com\/www.shqiperia.com\/blog\/wp-content\/uploads\/2020\/04\/Tritan-Kalo.jpg?fit=640%2C386&amp;ssl=1\" data-orig-size=\"640,386\" data-comments-opened=\"1\" data-image-meta=\"{&quot;aperture&quot;:&quot;0&quot;,&quot;credit&quot;:&quot;&quot;,&quot;camera&quot;:&quot;&quot;,&quot;caption&quot;:&quot;&quot;,&quot;created_timestamp&quot;:&quot;0&quot;,&quot;copyright&quot;:&quot;&quot;,&quot;focal_length&quot;:&quot;0&quot;,&quot;iso&quot;:&quot;0&quot;,&quot;shutter_speed&quot;:&quot;0&quot;,&quot;title&quot;:&quot;&quot;,&quot;orientation&quot;:&quot;0&quot;}\" data-image-title=\"Tritan Kalo\" data-image-description=\"\" data-image-caption=\"\" data-medium-file=\"https:\/\/i0.wp.com\/www.shqiperia.com\/blog\/wp-content\/uploads\/2020\/04\/Tritan-Kalo.jpg?fit=300%2C181&amp;ssl=1\" data-large-file=\"https:\/\/i0.wp.com\/www.shqiperia.com\/blog\/wp-content\/uploads\/2020\/04\/Tritan-Kalo.jpg?fit=640%2C386&amp;ssl=1\" class=\"alignnone  wp-image-33750\" alt=\"\" src=\"https:\/\/i0.wp.com\/www.shqiperia.com\/blog\/wp-content\/uploads\/2020\/04\/Tritan-Kalo.jpg?resize=434%2C262&#038;ssl=1\" width=\"434\" height=\"262\" srcset=\"https:\/\/i0.wp.com\/www.shqiperia.com\/blog\/wp-content\/uploads\/2020\/04\/Tritan-Kalo.jpg?resize=300%2C181&amp;ssl=1 300w, https:\/\/i0.wp.com\/www.shqiperia.com\/blog\/wp-content\/uploads\/2020\/04\/Tritan-Kalo.jpg?resize=450%2C271&amp;ssl=1 450w, https:\/\/i0.wp.com\/www.shqiperia.com\/blog\/wp-content\/uploads\/2020\/04\/Tritan-Kalo.jpg?resize=600%2C362&amp;ssl=1 600w, https:\/\/i0.wp.com\/www.shqiperia.com\/blog\/wp-content\/uploads\/2020\/04\/Tritan-Kalo.jpg?resize=400%2C241&amp;ssl=1 400w, https:\/\/i0.wp.com\/www.shqiperia.com\/blog\/wp-content\/uploads\/2020\/04\/Tritan-Kalo.jpg?w=640&amp;ssl=1 640w\" sizes=\"auto, (max-width: 434px) 100vw, 434px\" \/><\/p>\n<p>\u201cVala e dyt\u00eb mund t\u00eb jet\u00eb m\u00eb e madhe\u201d, paralajm\u00ebron Tritan Kalo: Virusi \u00ebsht\u00eb ende n\u00eb \u201clul\u00ebzim\u201d, ja \u00e7far\u00eb duhet t\u00eb kemi kujdes gjat\u00eb hapjes<\/p>\n<p>23 APRIL 2020<\/p>\n<p>Mjeku i njohur infeksionist, Tritan Kalo, thot\u00eb se do t\u00eb ket\u00eb nj\u00eb val\u00eb t\u00eb dyt\u00eb t\u00eb koronavirusit, e cila do t\u00eb jet\u00eb m\u00eb e madhe, por e p\u00ebrballueshme nga strukturat spitalore, n\u00ebse zbatohen masat.<\/p>\n<p>Duke folur p\u00ebr leht\u00ebsimin e masave, mjeku Kalo theksoi se mund t\u00eb ket\u00eb hapje graduale t\u00eb jet\u00ebs, por duhet b\u00ebr\u00eb shum\u00eb kujdes, pasi sipas tij, s\u00ebmundja \u00ebsht\u00eb ende n\u00eb \u201clul\u00ebzim\u201d.<\/p>\n<p>\u201cNe jemi k\u00ebrrnac\u00eb, por edhe shum\u00eb me tefter p\u00ebr t\u00eb p\u00ebrdorur teste. Duhet b\u00ebr\u00eb hapje graduale, q\u00eb p\u00ebrplasja me t\u00eb infektuar t\u00eb jet\u00eb m\u00eb e vog\u00ebl, zhvillimi i rasteve t\u00eb jet\u00eb gradual dhe t\u00eb jet\u00eb n\u00ebn kontroll si numri i t\u00eb prekurve, si numri i atyre q\u00eb mund t\u00eb trajtohen n\u00eb spital. N\u00eb val\u00ebn e dyt\u00eb shpresojm\u00eb t\u00eb mos kap\u00ebrcehen strukturat e spitalit, por ama n\u00eb Kin\u00eb dhe Kore u mbyll\u00ebn menj\u00ebher\u00eb pas hapjes, sepse pati shtim t\u00eb rasteve. Infektimet e val\u00ebs s\u00eb dyt\u00eb mund t\u00eb jen\u00eb m\u00eb t\u00eb m\u00ebdha se t\u00eb val\u00ebs s\u00eb par\u00eb, por mund t\u00eb p\u00ebrballohen me strukturat spitalore, n\u00ebse kemi hapje graduale.<\/p>\n<p>Testet imunologjike nuk jan\u00eb ende t\u00eb standardizuara plot\u00ebsisht. Anglia porositi mbi 2 milion\u00eb teste dhe i hodhi t\u00eb gjitha n\u00eb kosh. Ky \u00ebsht\u00eb problemi dhe ka nisur q\u00eb dje nj\u00eb studim, n\u00ebse duhet t\u00eb shtrijm\u00eb testin n\u00eb popullat\u00eb p\u00ebr t\u00eb par\u00eb ku jemi. Akoma jemi n\u00eb nj\u00eb dilem\u00eb t\u00eb madhe, sepse edhe vet\u00eb s\u00ebmundja \u00ebsht\u00eb ende n\u00eb \u201clul\u00ebzim\u201d e sip\u00ebr dhe shum\u00eb element t\u00eb saj nuk jan\u00eb zbuluar ende plot\u00ebsisht.<\/p>\n<p>Kina mund t\u00eb ket\u00eb njohuri m\u00eb shum\u00eb se vendet e tjera lidhur me virusin. \u00cbsht\u00eb e vetmja pandemi n\u00eb bot\u00eb ku nuk kan\u00eb vajtur ekspert\u00eb t\u00eb OBSH n\u00eb vat\u00ebr p\u00ebr t\u00eb ndjekur m\u00ebnyr\u00ebn si menaxhohet\u201d, deklaroi mjeku infeksionist.<\/p>\n","protected":false},"excerpt":{"rendered":"<p>\u201cVala e dyt\u00eb mund t\u00eb jet\u00eb m\u00eb e madhe\u201d, paralajm\u00ebron Tritan Kalo: Virusi \u00ebsht\u00eb ende n\u00eb \u201clul\u00ebzim\u201d, ja \u00e7far\u00eb duhet t\u00eb kemi kujdes gjat\u00eb hapjes 23 APRIL 2020 Mjeku i njohur infeksionist, Tritan Kalo, thot\u00eb se do t\u00eb ket\u00eb nj\u00eb val\u00eb t\u00eb dyt\u00eb t\u00eb koronavirusit, e cila do t\u00eb jet\u00eb m\u00eb e madhe, por e [&hellip;]<\/p>\n","protected":false},"author":9,"featured_media":33750,"comment_status":"open","ping_status":"open","sticky":false,"template":"","format":"standard","meta":{"jetpack_post_was_ever_published":false,"_jetpack_newsletter_access":"","_jetpack_dont_email_post_to_subs":false,"_jetpack_newsletter_tier_id":0,"_jetpack_memberships_contains_paywalled_content":false,"_jetpack_memberships_contains_paid_content":false,"footnotes":"","jetpack_publicize_message":"","jetpack_publicize_feature_enabled":true,"jetpack_social_post_already_shared":true,"jetpack_social_options":{"image_generator_settings":{"template":"highway","default_image_id":0,"font":"","enabled":false},"version":2}},"categories":[27,35],"tags":[],"class_list":["post-33749","post","type-post","status-publish","format-standard","has-post-thumbnail","hentry","category-blogu-i-udhetarit","category-shoqerore"],"jetpack_publicize_connections":[],"jetpack_featured_media_url":"https:\/\/i0.wp.com\/www.shqiperia.com\/blog\/wp-content\/uploads\/2020\/04\/Tritan-Kalo.jpg?fit=640%2C386&ssl=1","jetpack_sharing_enabled":true,"jetpack_shortlink":"https:\/\/wp.me\/p5Z6wp-8Ml","jetpack-related-posts":[{"id":47646,"url":"https:\/\/www.shqiperia.com\/blog\/kemi-kaluar-fazen-kritike-te-pandemise-tritan-kalo-kemi-ende-udhe-per-te-bere-nuk-duhet-nenvleresuar-sepse-vera-shoqerohet-me\/","url_meta":{"origin":33749,"position":0},"title":"\u201cKemi kaluar faz\u00ebn kritike t\u00eb pandemis\u00eb\u201d- Tritan Kalo: Kemi ende udh\u00eb p\u00ebr t\u00eb b\u00ebr\u00eb. Nuk duhet n\u00ebnvler\u00ebsuar sepse vera shoq\u00ebrohet me\u2026","author":"Kurt Farka","date":"June 6, 2021","format":false,"excerpt":"\u201cKemi kaluar faz\u00ebn kritike t\u00eb pandemis\u00eb\u201d- Tritan Kalo: Kemi ende udh\u00eb p\u00ebr t\u00eb b\u00ebr\u00eb. Nuk duhet n\u00ebnvler\u00ebsuar sepse vera shoq\u00ebrohet me\u2026 6 qershor 2021 Mjeku infeksionist Tritan Kalo shprehet se tanim\u00eb krenarisht mund t\u00eb pohojm\u00eb se e kemi kaluar faz\u00ebn kritike t\u00eb k\u00ebsaj pandemie. Megjithat\u00eb mjeku i njohur thot\u00eb se\u2026","rel":"","context":"In &quot;Blogu i Udh\u00ebtarit&quot;","block_context":{"text":"Blogu i Udh\u00ebtarit","link":"https:\/\/www.shqiperia.com\/blog\/category\/blogu-i-udhetarit\/"},"img":{"alt_text":"","src":"https:\/\/i0.wp.com\/www.shqiperia.com\/blog\/wp-content\/uploads\/2021\/06\/tritan-kalo.png?fit=722%2C387&ssl=1&resize=350%2C200","width":350,"height":200,"srcset":"https:\/\/i0.wp.com\/www.shqiperia.com\/blog\/wp-content\/uploads\/2021\/06\/tritan-kalo.png?fit=722%2C387&ssl=1&resize=350%2C200 1x, https:\/\/i0.wp.com\/www.shqiperia.com\/blog\/wp-content\/uploads\/2021\/06\/tritan-kalo.png?fit=722%2C387&ssl=1&resize=525%2C300 1.5x, https:\/\/i0.wp.com\/www.shqiperia.com\/blog\/wp-content\/uploads\/2021\/06\/tritan-kalo.png?fit=722%2C387&ssl=1&resize=700%2C400 2x"},"classes":[]},{"id":51617,"url":"https:\/\/www.shqiperia.com\/blog\/u-be-jave-qe-ne-shqiperi-po-qarkullon-kjo-semundje-tritan-kalo-tregon-simptomat-dhe-si-perhapet-virusi-duar-kembe-goje\/","url_meta":{"origin":33749,"position":1},"title":"\u201cU b\u00eb jav\u00eb q\u00eb n\u00eb Shqip\u00ebri po qarkullon kjo s\u00ebmundje\u201d. Tritan Kalo tregon simptomat dhe si p\u00ebrhapet virusi \u201cDuar-K\u00ebmb\u00eb-Goj\u00eb&#8221;","author":"Kurt Farka","date":"November 23, 2021","format":false,"excerpt":"\u201cU b\u00eb jav\u00eb q\u00eb n\u00eb Shqip\u00ebri po qarkullon kjo s\u00ebmundje\u201d. Tritan Kalo tregon simptomat dhe si p\u00ebrhapet virusi \u201cDuar-K\u00ebmb\u00eb-Goj\u00eb\" 23 N\u00cbNTOR 2021 TIRAN\u00cb- Mjeku i njohur infeksionist Tritan Kalo ka b\u00ebr\u00eb me dije dit\u00ebn e sotme se n\u00eb vendin ton\u00eb \u00ebsht\u00eb duke qarkulluar nj\u00eb virus i njohur si\u00a0 \u201cDuar-K\u00ebmb\u00eb-Goj\u00eb (SDKG\/HFMD)\u201d.\u2026","rel":"","context":"In &quot;Njoftime Shtypi&quot;","block_context":{"text":"Njoftime Shtypi","link":"https:\/\/www.shqiperia.com\/blog\/category\/njoftime-shtypi\/"},"img":{"alt_text":"","src":"https:\/\/i0.wp.com\/www.shqiperia.com\/blog\/wp-content\/uploads\/2021\/11\/Tritan-Kalo.jpg?fit=517%2C295&ssl=1&resize=350%2C200","width":350,"height":200},"classes":[]},{"id":34583,"url":"https:\/\/www.shqiperia.com\/blog\/paralajmerimi-i-frikshem-i-ish-ministrit-te-shendetesise-solis-ne-tetor-forca-goditese-e-virusit-do-te-jete-me-e-madhe\/","url_meta":{"origin":33749,"position":2},"title":"Paralajm\u00ebrimi i friksh\u00ebm i ish-ministrit t\u00eb Sh\u00ebndet\u00ebsis\u00eb, Solis: N\u00eb tetor forca godit\u00ebse e virusit do t\u00eb jet\u00eb m\u00eb e madhe","author":"Kurt Farka","date":"May 13, 2020","format":false,"excerpt":"Paralajm\u00ebrimi i friksh\u00ebm i ish-ministrit t\u00eb Sh\u00ebndet\u00ebsis\u00eb, Solis: N\u00eb tetor forca godit\u00ebse e virusit do t\u00eb jet\u00eb m\u00eb e madhe 12 maji 2020 Ish-ministri i Sh\u00ebndet\u00ebsis\u00eb Leonard Solis\u00a0thot\u00eb\u00a0se Shqip\u00ebria e ka fituar nj\u00eb betej\u00eb e pandemin\u00eb e koronavirusit dhe se kjo situat\u00eb sipas tij thuajse kaloi pa u ndjer\u00eb. Por,\u2026","rel":"","context":"In &quot;Blogu i Udh\u00ebtarit&quot;","block_context":{"text":"Blogu i Udh\u00ebtarit","link":"https:\/\/www.shqiperia.com\/blog\/category\/blogu-i-udhetarit\/"},"img":{"alt_text":"","src":"https:\/\/i0.wp.com\/www.shqiperia.com\/blog\/wp-content\/uploads\/2020\/05\/Covid-QSUT-536x400-433x300-1.jpg?fit=433%2C300&ssl=1&resize=350%2C200","width":350,"height":200},"classes":[]},{"id":45121,"url":"https:\/\/www.shqiperia.com\/blog\/nje-dite-pas-listave-shperthen-tritan-kalo-ps-e-mavijosur-nga-ethet-e-parave-te-korrupsionit-u-kthye-ne-parti-te-interesave-te-pasunareve\/","url_meta":{"origin":33749,"position":3},"title":"Nj\u00eb dit\u00eb pas listave\/ \u201cShp\u00ebrthen\u201d Tritan Kalo: PS e mavijosur nga ethet e parave t\u00eb korrupsionit. &#8211; U kthye n\u00eb parti t\u00eb interesave t\u00eb pasunar\u00ebve","author":"Kurt Farka","date":"March 9, 2021","format":false,"excerpt":"Nj\u00eb dit\u00eb pas listave\/ \u201cShp\u00ebrthen\u201d Tritan Kalo: PS e mavijosur nga ethet e parave t\u00eb korrupsionit. U kthye n\u00eb parti t\u00eb interesave t\u00eb pasunar\u00ebve 9 mars 2021 Mjeku i njohur Tritan Kalo ka b\u00ebr\u00eb nj\u00eb tjet\u00ebr deklarat\u00eb t\u00eb ashp\u00ebr n\u00eb drejtim t\u00eb Partis\u00eb Socialiste, q\u00eb sipas tij pas ardhjes n\u00eb\u2026","rel":"","context":"In &quot;Blogu i Udh\u00ebtarit&quot;","block_context":{"text":"Blogu i Udh\u00ebtarit","link":"https:\/\/www.shqiperia.com\/blog\/category\/blogu-i-udhetarit\/"},"img":{"alt_text":"","src":"https:\/\/i0.wp.com\/www.shqiperia.com\/blog\/wp-content\/uploads\/2021\/03\/vsss.jpg?fit=600%2C297&ssl=1&resize=350%2C200","width":350,"height":200,"srcset":"https:\/\/i0.wp.com\/www.shqiperia.com\/blog\/wp-content\/uploads\/2021\/03\/vsss.jpg?fit=600%2C297&ssl=1&resize=350%2C200 1x, https:\/\/i0.wp.com\/www.shqiperia.com\/blog\/wp-content\/uploads\/2021\/03\/vsss.jpg?fit=600%2C297&ssl=1&resize=525%2C300 1.5x"},"classes":[]},{"id":52812,"url":"https:\/\/www.shqiperia.com\/blog\/gripi-i-syrit-po-perhapet-profesor-kalo-shpjegon-nga-cfare-shkaktohet-dhe-poston-pamjet-beni-kujdes-ne-asnje-rast-vetemjekim\/","url_meta":{"origin":33749,"position":4},"title":"\u201cGripi i syrit\u201d po p\u00ebrhapet. Profesor Kalo shpjegon nga \u00e7far\u00eb shkaktohet dhe poston pamjet: &#8211; B\u00ebni kujdes, n\u00eb asnj\u00eb rast vet\u00ebmjekim!","author":"Kurt Farka","date":"December 31, 2021","format":false,"excerpt":"\u201cGripi i syrit\u201d po p\u00ebrhapet. Profesor Kalo shpjegon nga \u00e7far\u00eb shkaktohet dhe poston pamjet: - B\u00ebni kujdes, n\u00eb asnj\u00eb rast vet\u00ebmjekim! 30 Dhjetor 2021 FOTO: \u201cGripi i syrit\u201d po p\u00ebrhapet, profesor Kalo shpjegon nga \u00e7far\u00eb shkaktohet dhe poston pamjet: \u201cB\u00ebni kujdes, n\u00eb asnj\u00eb rast vet\u00ebmjekim\u201d! Mjeku i njohur, profesor Tritan\u2026","rel":"","context":"In &quot;Blogu i Udh\u00ebtarit&quot;","block_context":{"text":"Blogu i Udh\u00ebtarit","link":"https:\/\/www.shqiperia.com\/blog\/category\/blogu-i-udhetarit\/"},"img":{"alt_text":"","src":"https:\/\/i0.wp.com\/www.shqiperia.com\/blog\/wp-content\/uploads\/2021\/12\/maxresdefault-1-1-905x450-1.jpg?fit=905%2C450&ssl=1&resize=350%2C200","width":350,"height":200,"srcset":"https:\/\/i0.wp.com\/www.shqiperia.com\/blog\/wp-content\/uploads\/2021\/12\/maxresdefault-1-1-905x450-1.jpg?fit=905%2C450&ssl=1&resize=350%2C200 1x, https:\/\/i0.wp.com\/www.shqiperia.com\/blog\/wp-content\/uploads\/2021\/12\/maxresdefault-1-1-905x450-1.jpg?fit=905%2C450&ssl=1&resize=525%2C300 1.5x, https:\/\/i0.wp.com\/www.shqiperia.com\/blog\/wp-content\/uploads\/2021\/12\/maxresdefault-1-1-905x450-1.jpg?fit=905%2C450&ssl=1&resize=700%2C400 2x"},"classes":[]},{"id":34554,"url":"https:\/\/www.shqiperia.com\/blog\/imunologu-zbulon-kur-pritet-vala-e-dyte-e-covid-19-ne-shqiperi\/","url_meta":{"origin":33749,"position":5},"title":"Imunologu zbulon kur pritet vala e dyt\u00eb e Covid-19 n\u00eb Shqip\u00ebri","author":"Kurt Farka","date":"May 12, 2020","format":false,"excerpt":"Imunologu zbulon kur pritet vala e dyt\u00eb e Covid-19 n\u00eb Shqip\u00ebri 11 Maj 2020 Imunologu Genc Sul\u00e7ebe, n\u00eb nj\u00eb lidhje direkte me \u201cDita jon\u00eb\u201d n\u00eb A2, u shpreh se \u00ebsht\u00eb normale q\u00eb viruse t\u00eb tilla si koronavirusi i ri t\u00eb ken\u00eb nj\u00eb val\u00eb t\u00eb dyt\u00eb. N\u00eb lidhje me val\u00ebn e\u2026","rel":"","context":"In &quot;Blogu i Udh\u00ebtarit&quot;","block_context":{"text":"Blogu i Udh\u00ebtarit","link":"https:\/\/www.shqiperia.com\/blog\/category\/blogu-i-udhetarit\/"},"img":{"alt_text":"","src":"https:\/\/i0.wp.com\/www.shqiperia.com\/blog\/wp-content\/uploads\/2020\/05\/1580817610_koronavirusi.jpg?fit=780%2C440&ssl=1&resize=350%2C200","width":350,"height":200,"srcset":"https:\/\/i0.wp.com\/www.shqiperia.com\/blog\/wp-content\/uploads\/2020\/05\/1580817610_koronavirusi.jpg?fit=780%2C440&ssl=1&resize=350%2C200 1x, https:\/\/i0.wp.com\/www.shqiperia.com\/blog\/wp-content\/uploads\/2020\/05\/1580817610_koronavirusi.jpg?fit=780%2C440&ssl=1&resize=525%2C300 1.5x, https:\/\/i0.wp.com\/www.shqiperia.com\/blog\/wp-content\/uploads\/2020\/05\/1580817610_koronavirusi.jpg?fit=780%2C440&ssl=1&resize=700%2C400 2x"},"classes":[]}],"_links":{"self":[{"href":"https:\/\/www.shqiperia.com\/blog\/wp-json\/wp\/v2\/posts\/33749","targetHints":{"allow":["GET"]}}],"collection":[{"href":"https:\/\/www.shqiperia.com\/blog\/wp-json\/wp\/v2\/posts"}],"about":[{"href":"https:\/\/www.shqiperia.com\/blog\/wp-json\/wp\/v2\/types\/post"}],"author":[{"embeddable":true,"href":"https:\/\/www.shqiperia.com\/blog\/wp-json\/wp\/v2\/users\/9"}],"replies":[{"embeddable":true,"href":"https:\/\/www.shqiperia.com\/blog\/wp-json\/wp\/v2\/comments?post=33749"}],"version-history":[{"count":1,"href":"https:\/\/www.shqiperia.com\/blog\/wp-json\/wp\/v2\/posts\/33749\/revisions"}],"predecessor-version":[{"id":33751,"href":"https:\/\/www.shqiperia.com\/blog\/wp-json\/wp\/v2\/posts\/33749\/revisions\/33751"}],"wp:featuredmedia":[{"embeddable":true,"href":"https:\/\/www.shqiperia.com\/blog\/wp-json\/wp\/v2\/media\/33750"}],"wp:attachment":[{"href":"https:\/\/www.shqiperia.com\/blog\/wp-json\/wp\/v2\/media?parent=33749"}],"wp:term":[{"taxonomy":"category","embeddable":true,"href":"https:\/\/www.shqiperia.com\/blog\/wp-json\/wp\/v2\/categories?post=33749"},{"taxonomy":"post_tag","embeddable":true,"href":"https:\/\/www.shqiperia.com\/blog\/wp-json\/wp\/v2\/tags?post=33749"}],"curies":[{"name":"wp","href":"https:\/\/api.w.org\/{rel}","templated":true}]}}