{"id":33746,"date":"2020-04-25T10:32:56","date_gmt":"2020-04-25T10:32:56","guid":{"rendered":"https:\/\/www.shqiperia.com\/blog\/?p=33746"},"modified":"2020-04-25T10:32:56","modified_gmt":"2020-04-25T10:32:56","slug":"ndodh-edhe-keshtu-rama-rri-ka-bereqet-2","status":"publish","type":"post","link":"https:\/\/www.shqiperia.com\/blog\/ndodh-edhe-keshtu-rama-rri-ka-bereqet-2\/","title":{"rendered":"Ndodh edhe keshtu. \u2013 \u201cRama rri, ka bereqet!\u201d"},"content":{"rendered":"<p><img data-recalc-dims=\"1\" loading=\"lazy\" decoding=\"async\" data-attachment-id=\"33747\" data-permalink=\"https:\/\/www.shqiperia.com\/blog\/ndodh-edhe-keshtu-rama-rri-ka-bereqet-2\/montafr-905x450-1\/\" data-orig-file=\"https:\/\/i0.wp.com\/www.shqiperia.com\/blog\/wp-content\/uploads\/2020\/04\/montafr-905x450-1.jpeg?fit=768%2C382&amp;ssl=1\" data-orig-size=\"768,382\" data-comments-opened=\"1\" data-image-meta=\"{&quot;aperture&quot;:&quot;0&quot;,&quot;credit&quot;:&quot;&quot;,&quot;camera&quot;:&quot;&quot;,&quot;caption&quot;:&quot;&quot;,&quot;created_timestamp&quot;:&quot;0&quot;,&quot;copyright&quot;:&quot;&quot;,&quot;focal_length&quot;:&quot;0&quot;,&quot;iso&quot;:&quot;0&quot;,&quot;shutter_speed&quot;:&quot;0&quot;,&quot;title&quot;:&quot;&quot;,&quot;orientation&quot;:&quot;0&quot;}\" data-image-title=\"montafr-905&#215;450-1\" data-image-description=\"\" data-image-caption=\"\" data-medium-file=\"https:\/\/i0.wp.com\/www.shqiperia.com\/blog\/wp-content\/uploads\/2020\/04\/montafr-905x450-1.jpeg?fit=300%2C149&amp;ssl=1\" data-large-file=\"https:\/\/i0.wp.com\/www.shqiperia.com\/blog\/wp-content\/uploads\/2020\/04\/montafr-905x450-1.jpeg?fit=768%2C382&amp;ssl=1\" class=\"alignnone  wp-image-33747\" alt=\"\" src=\"https:\/\/i0.wp.com\/www.shqiperia.com\/blog\/wp-content\/uploads\/2020\/04\/montafr-905x450-1.jpeg?resize=683%2C339&#038;ssl=1\" width=\"683\" height=\"339\" srcset=\"https:\/\/i0.wp.com\/www.shqiperia.com\/blog\/wp-content\/uploads\/2020\/04\/montafr-905x450-1.jpeg?resize=300%2C149&amp;ssl=1 300w, https:\/\/i0.wp.com\/www.shqiperia.com\/blog\/wp-content\/uploads\/2020\/04\/montafr-905x450-1.jpeg?resize=450%2C224&amp;ssl=1 450w, https:\/\/i0.wp.com\/www.shqiperia.com\/blog\/wp-content\/uploads\/2020\/04\/montafr-905x450-1.jpeg?resize=600%2C298&amp;ssl=1 600w, https:\/\/i0.wp.com\/www.shqiperia.com\/blog\/wp-content\/uploads\/2020\/04\/montafr-905x450-1.jpeg?resize=400%2C199&amp;ssl=1 400w, https:\/\/i0.wp.com\/www.shqiperia.com\/blog\/wp-content\/uploads\/2020\/04\/montafr-905x450-1.jpeg?w=768&amp;ssl=1 768w\" sizes=\"auto, (max-width: 683px) 100vw, 683px\" \/><\/p>\n<p><span>Ndodh edhe keshtu. \u2013 \u201cRama rri, ka bereqet!\u201d<\/span><br \/>\n<span>Ndodh edhe keshtu. \u2013 \u201cRama rri, ka bereqet!\u201d Qeveria shqiptare d\u00ebnohet dhe humbet gjyqin me biznesmenin italian Francesco Becchetti, p\u00ebr nj\u00eb shum\u00eb q\u00eb n\u00eb totalin e saj arrin n\u00eb 140 milion\u00eb euro. \u00cbsht\u00eb nj\u00eb lajm trondit\u00ebs p\u00ebr \u00e7do shqiptar, p\u00ebr &#8230;<\/span><\/p>\n<p><img data-recalc-dims=\"1\" loading=\"lazy\" decoding=\"async\" data-attachment-id=\"33747\" data-permalink=\"https:\/\/www.shqiperia.com\/blog\/ndodh-edhe-keshtu-rama-rri-ka-bereqet-2\/montafr-905x450-1\/\" data-orig-file=\"https:\/\/i0.wp.com\/www.shqiperia.com\/blog\/wp-content\/uploads\/2020\/04\/montafr-905x450-1.jpeg?fit=768%2C382&amp;ssl=1\" data-orig-size=\"768,382\" data-comments-opened=\"1\" data-image-meta=\"{&quot;aperture&quot;:&quot;0&quot;,&quot;credit&quot;:&quot;&quot;,&quot;camera&quot;:&quot;&quot;,&quot;caption&quot;:&quot;&quot;,&quot;created_timestamp&quot;:&quot;0&quot;,&quot;copyright&quot;:&quot;&quot;,&quot;focal_length&quot;:&quot;0&quot;,&quot;iso&quot;:&quot;0&quot;,&quot;shutter_speed&quot;:&quot;0&quot;,&quot;title&quot;:&quot;&quot;,&quot;orientation&quot;:&quot;0&quot;}\" data-image-title=\"montafr-905&#215;450-1\" data-image-description=\"\" data-image-caption=\"\" data-medium-file=\"https:\/\/i0.wp.com\/www.shqiperia.com\/blog\/wp-content\/uploads\/2020\/04\/montafr-905x450-1.jpeg?fit=300%2C149&amp;ssl=1\" data-large-file=\"https:\/\/i0.wp.com\/www.shqiperia.com\/blog\/wp-content\/uploads\/2020\/04\/montafr-905x450-1.jpeg?fit=768%2C382&amp;ssl=1\" class=\"alignnone  wp-image-33747\" alt=\"\" src=\"https:\/\/i0.wp.com\/www.shqiperia.com\/blog\/wp-content\/uploads\/2020\/04\/montafr-905x450-1.jpeg?resize=721%2C358&#038;ssl=1\" width=\"721\" height=\"358\" srcset=\"https:\/\/i0.wp.com\/www.shqiperia.com\/blog\/wp-content\/uploads\/2020\/04\/montafr-905x450-1.jpeg?resize=300%2C149&amp;ssl=1 300w, https:\/\/i0.wp.com\/www.shqiperia.com\/blog\/wp-content\/uploads\/2020\/04\/montafr-905x450-1.jpeg?resize=450%2C224&amp;ssl=1 450w, https:\/\/i0.wp.com\/www.shqiperia.com\/blog\/wp-content\/uploads\/2020\/04\/montafr-905x450-1.jpeg?resize=600%2C298&amp;ssl=1 600w, https:\/\/i0.wp.com\/www.shqiperia.com\/blog\/wp-content\/uploads\/2020\/04\/montafr-905x450-1.jpeg?resize=400%2C199&amp;ssl=1 400w, https:\/\/i0.wp.com\/www.shqiperia.com\/blog\/wp-content\/uploads\/2020\/04\/montafr-905x450-1.jpeg?w=768&amp;ssl=1 768w\" sizes=\"auto, (max-width: 721px) 100vw, 721px\" \/><\/p>\n","protected":false},"excerpt":{"rendered":"<p>Ndodh edhe keshtu. \u2013 \u201cRama rri, ka bereqet!\u201d Ndodh edhe keshtu. \u2013 \u201cRama rri, ka bereqet!\u201d Qeveria shqiptare d\u00ebnohet dhe humbet gjyqin me biznesmenin italian Francesco Becchetti, p\u00ebr nj\u00eb shum\u00eb q\u00eb n\u00eb totalin e saj arrin n\u00eb 140 milion\u00eb euro. \u00cbsht\u00eb nj\u00eb lajm trondit\u00ebs p\u00ebr \u00e7do shqiptar, p\u00ebr &#8230;<\/p>\n","protected":false},"author":9,"featured_media":33747,"comment_status":"open","ping_status":"open","sticky":false,"template":"","format":"standard","meta":{"jetpack_post_was_ever_published":false,"_jetpack_newsletter_access":"","_jetpack_dont_email_post_to_subs":false,"_jetpack_newsletter_tier_id":0,"_jetpack_memberships_contains_paywalled_content":false,"_jetpack_memberships_contains_paid_content":false,"footnotes":"","jetpack_publicize_message":"","jetpack_publicize_feature_enabled":true,"jetpack_social_post_already_shared":true,"jetpack_social_options":{"image_generator_settings":{"template":"highway","default_image_id":0,"font":"","enabled":false},"version":2}},"categories":[27,35],"tags":[],"class_list":["post-33746","post","type-post","status-publish","format-standard","has-post-thumbnail","hentry","category-blogu-i-udhetarit","category-shoqerore"],"jetpack_publicize_connections":[],"jetpack_featured_media_url":"https:\/\/i0.wp.com\/www.shqiperia.com\/blog\/wp-content\/uploads\/2020\/04\/montafr-905x450-1.jpeg?fit=768%2C382&ssl=1","jetpack_sharing_enabled":true,"jetpack_shortlink":"https:\/\/wp.me\/p5Z6wp-8Mi","jetpack-related-posts":[{"id":25945,"url":"https:\/\/www.shqiperia.com\/blog\/ndodh-edhe-keshtu-rama-rri-ka-bereqet\/","url_meta":{"origin":33746,"position":0},"title":"Ndodhe edhe keshtu. &#8211; Rama rri, ka bereqet!","author":"Kurt Farka","date":"September 15, 2019","format":false,"excerpt":"Ndodh edhe keshtu. - \"Rama rri, ka bereqet!\" Qeveria shqiptare d\u00ebnohet dhe humbet gjyqin me biznesmenin italian Francesco Becchetti, p\u00ebr nj\u00eb shum\u00eb q\u00eb n\u00eb totalin e saj arrin n\u00eb 140 milion\u00eb euro. \u00cbsht\u00eb nj\u00eb lajm trondit\u00ebs p\u00ebr \u00e7do shqiptar, p\u00ebr financat e brishta t\u00eb shtetit shqiptar dhe prov\u00eb e nj\u00eb\u2026","rel":"","context":"In &quot;Blogu i Udh\u00ebtarit&quot;","block_context":{"text":"Blogu i Udh\u00ebtarit","link":"https:\/\/www.shqiperia.com\/blog\/category\/blogu-i-udhetarit\/"},"img":{"alt_text":"","src":"https:\/\/i0.wp.com\/www.shqiperia.com\/blog\/wp-content\/uploads\/2019\/09\/montafr-905x450.jpeg?fit=905%2C450&ssl=1&resize=350%2C200","width":350,"height":200,"srcset":"https:\/\/i0.wp.com\/www.shqiperia.com\/blog\/wp-content\/uploads\/2019\/09\/montafr-905x450.jpeg?fit=905%2C450&ssl=1&resize=350%2C200 1x, https:\/\/i0.wp.com\/www.shqiperia.com\/blog\/wp-content\/uploads\/2019\/09\/montafr-905x450.jpeg?fit=905%2C450&ssl=1&resize=525%2C300 1.5x, https:\/\/i0.wp.com\/www.shqiperia.com\/blog\/wp-content\/uploads\/2019\/09\/montafr-905x450.jpeg?fit=905%2C450&ssl=1&resize=700%2C400 2x"},"classes":[]},{"id":24082,"url":"https:\/\/www.shqiperia.com\/blog\/ka-edhe-keshtu-rama-rri-ka-bereqet\/","url_meta":{"origin":33746,"position":1},"title":"Ka edhe Keshtu. &#8211; Rama Rri, Ka bereqet.","author":"Kurt Farka","date":"July 31, 2019","format":false,"excerpt":"Ka edhe Keshtu. - Rama Rri, Ka bereqet.","rel":"","context":"In &quot;Blogu i Udh\u00ebtarit&quot;","block_context":{"text":"Blogu i Udh\u00ebtarit","link":"https:\/\/www.shqiperia.com\/blog\/category\/blogu-i-udhetarit\/"},"img":{"alt_text":"","src":"https:\/\/i0.wp.com\/www.shqiperia.com\/blog\/wp-content\/uploads\/2019\/07\/montafr-905x450.jpeg?fit=905%2C450&ssl=1&resize=350%2C200","width":350,"height":200,"srcset":"https:\/\/i0.wp.com\/www.shqiperia.com\/blog\/wp-content\/uploads\/2019\/07\/montafr-905x450.jpeg?fit=905%2C450&ssl=1&resize=350%2C200 1x, https:\/\/i0.wp.com\/www.shqiperia.com\/blog\/wp-content\/uploads\/2019\/07\/montafr-905x450.jpeg?fit=905%2C450&ssl=1&resize=525%2C300 1.5x, https:\/\/i0.wp.com\/www.shqiperia.com\/blog\/wp-content\/uploads\/2019\/07\/montafr-905x450.jpeg?fit=905%2C450&ssl=1&resize=700%2C400 2x"},"classes":[]},{"id":24215,"url":"https:\/\/www.shqiperia.com\/blog\/ndodhe-edhe-keshtu-becheti-rama-rri-ka-bereqet\/","url_meta":{"origin":33746,"position":2},"title":"Ndodhe edhe keshtu. Becheti, &#8211; Rama Rri. Ka Bereqet.","author":"Kurt Farka","date":"August 3, 2019","format":false,"excerpt":"Ndodhe edhe keshtu. Becheti, - Rama Rri. Ka Bereqet.","rel":"","context":"In &quot;Blogu i Udh\u00ebtarit&quot;","block_context":{"text":"Blogu i Udh\u00ebtarit","link":"https:\/\/www.shqiperia.com\/blog\/category\/blogu-i-udhetarit\/"},"img":{"alt_text":"","src":"https:\/\/i0.wp.com\/www.shqiperia.com\/blog\/wp-content\/uploads\/2019\/08\/montafr-905x450.jpeg?fit=905%2C450&ssl=1&resize=350%2C200","width":350,"height":200,"srcset":"https:\/\/i0.wp.com\/www.shqiperia.com\/blog\/wp-content\/uploads\/2019\/08\/montafr-905x450.jpeg?fit=905%2C450&ssl=1&resize=350%2C200 1x, https:\/\/i0.wp.com\/www.shqiperia.com\/blog\/wp-content\/uploads\/2019\/08\/montafr-905x450.jpeg?fit=905%2C450&ssl=1&resize=525%2C300 1.5x, https:\/\/i0.wp.com\/www.shqiperia.com\/blog\/wp-content\/uploads\/2019\/08\/montafr-905x450.jpeg?fit=905%2C450&ssl=1&resize=700%2C400 2x"},"classes":[]},{"id":41396,"url":"https:\/\/www.shqiperia.com\/blog\/kendi-i-fotografise-ndodh-edhe-keshtu\/","url_meta":{"origin":33746,"position":3},"title":"Kendi i Fotografise: Ndodh edhe Keshtu &#8230;","author":"Kurt Farka","date":"November 30, 2020","format":false,"excerpt":"Rama Rri. Ka bereqet!","rel":"","context":"In &quot;Blogu i Udh\u00ebtarit&quot;","block_context":{"text":"Blogu i Udh\u00ebtarit","link":"https:\/\/www.shqiperia.com\/blog\/category\/blogu-i-udhetarit\/"},"img":{"alt_text":"","src":"https:\/\/i0.wp.com\/www.shqiperia.com\/blog\/wp-content\/uploads\/2020\/11\/97994874_2727663004123652_4799742192274898944_n.jpg?fit=905%2C450&ssl=1&resize=350%2C200","width":350,"height":200,"srcset":"https:\/\/i0.wp.com\/www.shqiperia.com\/blog\/wp-content\/uploads\/2020\/11\/97994874_2727663004123652_4799742192274898944_n.jpg?fit=905%2C450&ssl=1&resize=350%2C200 1x, https:\/\/i0.wp.com\/www.shqiperia.com\/blog\/wp-content\/uploads\/2020\/11\/97994874_2727663004123652_4799742192274898944_n.jpg?fit=905%2C450&ssl=1&resize=525%2C300 1.5x, https:\/\/i0.wp.com\/www.shqiperia.com\/blog\/wp-content\/uploads\/2020\/11\/97994874_2727663004123652_4799742192274898944_n.jpg?fit=905%2C450&ssl=1&resize=700%2C400 2x"},"classes":[]},{"id":43701,"url":"https:\/\/www.shqiperia.com\/blog\/thirrjet-rama-ik-kryeministri-ben-komentin-epik-dhe-i-befason-te-gjithe-por-jo-te-gjithe-thone\/","url_meta":{"origin":33746,"position":4},"title":"Thirrjet \u2018Rama ik\u2019, kryeministri b\u00ebn komentin EPIK dhe i befason t\u00eb gjith\u00eb. &#8211; Por jo te gjithe thone \u2026","author":"Kurt Farka","date":"February 2, 2021","format":false,"excerpt":"Thirrjet \u2018Rama ik\u2019, kryeministri b\u00ebn komentin EPIK dhe i befason t\u00eb gjith\u00eb. - Por jo te gjithe thone \u2026 2 SHKURT 2021 Kreu i qeveris\u00eb Edi Rama i ka kthyer p\u00ebrgjigje nj\u00eb qytetari, i cili i ka kujtuar thirrjet \u201cRama ik\u201d nga disa f\u00ebmij\u00eb. Kreu i Qeveris\u00eb e ka marr\u00eb\u2026","rel":"","context":"In &quot;Blogu i Udh\u00ebtarit&quot;","block_context":{"text":"Blogu i Udh\u00ebtarit","link":"https:\/\/www.shqiperia.com\/blog\/category\/blogu-i-udhetarit\/"},"img":{"alt_text":"","src":"https:\/\/i0.wp.com\/www.shqiperia.com\/blog\/wp-content\/uploads\/2021\/02\/Rama-Rri-Ka-BEREQET.jpg?fit=905%2C450&ssl=1&resize=350%2C200","width":350,"height":200,"srcset":"https:\/\/i0.wp.com\/www.shqiperia.com\/blog\/wp-content\/uploads\/2021\/02\/Rama-Rri-Ka-BEREQET.jpg?fit=905%2C450&ssl=1&resize=350%2C200 1x, https:\/\/i0.wp.com\/www.shqiperia.com\/blog\/wp-content\/uploads\/2021\/02\/Rama-Rri-Ka-BEREQET.jpg?fit=905%2C450&ssl=1&resize=525%2C300 1.5x, https:\/\/i0.wp.com\/www.shqiperia.com\/blog\/wp-content\/uploads\/2021\/02\/Rama-Rri-Ka-BEREQET.jpg?fit=905%2C450&ssl=1&resize=700%2C400 2x"},"classes":[]},{"id":89266,"url":"https:\/\/www.shqiperia.com\/blog\/kendi-i-fotografise-6\/","url_meta":{"origin":33746,"position":5},"title":"Kendi i Fotografise.","author":"Kurt Farka","date":"February 8, 2025","format":false,"excerpt":"8 Shkurt 2025 \"Rama rri ka Bereqet\".","rel":"","context":"In &quot;Press Releases&quot;","block_context":{"text":"Press Releases","link":"https:\/\/www.shqiperia.com\/blog\/category\/press-releases\/"},"img":{"alt_text":"","src":"https:\/\/i0.wp.com\/www.shqiperia.com\/blog\/wp-content\/uploads\/2025\/02\/97994874_2727663004123652_.jpg.webp?fit=905%2C450&ssl=1&resize=350%2C200","width":350,"height":200,"srcset":"https:\/\/i0.wp.com\/www.shqiperia.com\/blog\/wp-content\/uploads\/2025\/02\/97994874_2727663004123652_.jpg.webp?fit=905%2C450&ssl=1&resize=350%2C200 1x, https:\/\/i0.wp.com\/www.shqiperia.com\/blog\/wp-content\/uploads\/2025\/02\/97994874_2727663004123652_.jpg.webp?fit=905%2C450&ssl=1&resize=525%2C300 1.5x, https:\/\/i0.wp.com\/www.shqiperia.com\/blog\/wp-content\/uploads\/2025\/02\/97994874_2727663004123652_.jpg.webp?fit=905%2C450&ssl=1&resize=700%2C400 2x"},"classes":[]}],"_links":{"self":[{"href":"https:\/\/www.shqiperia.com\/blog\/wp-json\/wp\/v2\/posts\/33746","targetHints":{"allow":["GET"]}}],"collection":[{"href":"https:\/\/www.shqiperia.com\/blog\/wp-json\/wp\/v2\/posts"}],"about":[{"href":"https:\/\/www.shqiperia.com\/blog\/wp-json\/wp\/v2\/types\/post"}],"author":[{"embeddable":true,"href":"https:\/\/www.shqiperia.com\/blog\/wp-json\/wp\/v2\/users\/9"}],"replies":[{"embeddable":true,"href":"https:\/\/www.shqiperia.com\/blog\/wp-json\/wp\/v2\/comments?post=33746"}],"version-history":[{"count":1,"href":"https:\/\/www.shqiperia.com\/blog\/wp-json\/wp\/v2\/posts\/33746\/revisions"}],"predecessor-version":[{"id":33748,"href":"https:\/\/www.shqiperia.com\/blog\/wp-json\/wp\/v2\/posts\/33746\/revisions\/33748"}],"wp:featuredmedia":[{"embeddable":true,"href":"https:\/\/www.shqiperia.com\/blog\/wp-json\/wp\/v2\/media\/33747"}],"wp:attachment":[{"href":"https:\/\/www.shqiperia.com\/blog\/wp-json\/wp\/v2\/media?parent=33746"}],"wp:term":[{"taxonomy":"category","embeddable":true,"href":"https:\/\/www.shqiperia.com\/blog\/wp-json\/wp\/v2\/categories?post=33746"},{"taxonomy":"post_tag","embeddable":true,"href":"https:\/\/www.shqiperia.com\/blog\/wp-json\/wp\/v2\/tags?post=33746"}],"curies":[{"name":"wp","href":"https:\/\/api.w.org\/{rel}","templated":true}]}}