{"id":33741,"date":"2020-04-25T10:20:04","date_gmt":"2020-04-25T10:20:04","guid":{"rendered":"https:\/\/www.shqiperia.com\/blog\/?p=33741"},"modified":"2020-04-25T10:20:04","modified_gmt":"2020-04-25T10:20:04","slug":"zbulohen-7-shtete-qe-nuk-kane-asnje-rast-me-koronavirus-ja-arsyet-pse-ka-ndodhur","status":"publish","type":"post","link":"https:\/\/www.shqiperia.com\/blog\/zbulohen-7-shtete-qe-nuk-kane-asnje-rast-me-koronavirus-ja-arsyet-pse-ka-ndodhur\/","title":{"rendered":"Zbulohen 7 shtete q\u00eb nuk kan\u00eb asnj\u00eb rast me koronavirus, ja arsyet pse ka ndodhur"},"content":{"rendered":"<p><img data-recalc-dims=\"1\" loading=\"lazy\" decoding=\"async\" data-attachment-id=\"33742\" data-permalink=\"https:\/\/www.shqiperia.com\/blog\/zbulohen-7-shtete-qe-nuk-kane-asnje-rast-me-koronavirus-ja-arsyet-pse-ka-ndodhur\/ze9oxed6-1024x652\/\" data-orig-file=\"https:\/\/i0.wp.com\/www.shqiperia.com\/blog\/wp-content\/uploads\/2020\/04\/ze9Oxed6-1024x652-1.jpg?fit=1024%2C652&amp;ssl=1\" data-orig-size=\"1024,652\" data-comments-opened=\"1\" data-image-meta=\"{&quot;aperture&quot;:&quot;0&quot;,&quot;credit&quot;:&quot;&quot;,&quot;camera&quot;:&quot;&quot;,&quot;caption&quot;:&quot;&quot;,&quot;created_timestamp&quot;:&quot;0&quot;,&quot;copyright&quot;:&quot;&quot;,&quot;focal_length&quot;:&quot;0&quot;,&quot;iso&quot;:&quot;0&quot;,&quot;shutter_speed&quot;:&quot;0&quot;,&quot;title&quot;:&quot;&quot;,&quot;orientation&quot;:&quot;0&quot;}\" data-image-title=\"ze9Oxed6-1024&#215;652\" data-image-description=\"\" data-image-caption=\"\" data-medium-file=\"https:\/\/i0.wp.com\/www.shqiperia.com\/blog\/wp-content\/uploads\/2020\/04\/ze9Oxed6-1024x652-1.jpg?fit=300%2C191&amp;ssl=1\" data-large-file=\"https:\/\/i0.wp.com\/www.shqiperia.com\/blog\/wp-content\/uploads\/2020\/04\/ze9Oxed6-1024x652-1.jpg?fit=1024%2C652&amp;ssl=1\" class=\"alignnone  wp-image-33742\" alt=\"\" src=\"https:\/\/i0.wp.com\/www.shqiperia.com\/blog\/wp-content\/uploads\/2020\/04\/ze9Oxed6-1024x652-1.jpg?resize=440%2C280&#038;ssl=1\" width=\"440\" height=\"280\" srcset=\"https:\/\/i0.wp.com\/www.shqiperia.com\/blog\/wp-content\/uploads\/2020\/04\/ze9Oxed6-1024x652-1.jpg?resize=300%2C191&amp;ssl=1 300w, https:\/\/i0.wp.com\/www.shqiperia.com\/blog\/wp-content\/uploads\/2020\/04\/ze9Oxed6-1024x652-1.jpg?resize=768%2C489&amp;ssl=1 768w, https:\/\/i0.wp.com\/www.shqiperia.com\/blog\/wp-content\/uploads\/2020\/04\/ze9Oxed6-1024x652-1.jpg?resize=450%2C287&amp;ssl=1 450w, https:\/\/i0.wp.com\/www.shqiperia.com\/blog\/wp-content\/uploads\/2020\/04\/ze9Oxed6-1024x652-1.jpg?resize=600%2C382&amp;ssl=1 600w, https:\/\/i0.wp.com\/www.shqiperia.com\/blog\/wp-content\/uploads\/2020\/04\/ze9Oxed6-1024x652-1.jpg?resize=400%2C255&amp;ssl=1 400w, https:\/\/i0.wp.com\/www.shqiperia.com\/blog\/wp-content\/uploads\/2020\/04\/ze9Oxed6-1024x652-1.jpg?w=1024&amp;ssl=1 1024w\" sizes=\"auto, (max-width: 440px) 100vw, 440px\" \/><\/p>\n<p><strong>Zbulohen 7 shtete q\u00eb nuk kan\u00eb asnj\u00eb rast me koronavirus, ja arsyet pse ka ndodhur <\/strong><\/p>\n<p><strong>24 Prill 2020 <\/strong><\/p>\n<p>Sipas t\u00eb dh\u00ebnave nga Instituti John Hopkins, nj\u00eb nga institucionet m\u00eb t\u00eb respektuara p\u00ebr sa i p\u00ebrket t\u00eb dh\u00ebnave mbi pandemin\u00eb, shtat\u00eb jan\u00eb shtetet n\u00eb bot\u00eb ku raportohet se nuk ka gjurm\u00eb t\u00eb COVID-19.<\/p>\n<p>Deri m\u00eb sot shtetet q\u00eb nuk kan\u00eb asnj\u00eb rast t\u00eb konfirmuar me coronavirus jan\u00eb: Turkmenistani, Taxhikistani, Koreja e Veriut, Lesotho, Komoros, Ishujt Solomon dhe Vanuatu.<\/p>\n<p>Megjithat\u00eb, ekspert\u00ebt paralajm\u00ebrojn\u00eb se kjo mund t\u00eb jet\u00eb p\u00ebr shkak t\u00eb nj\u00eb s\u00ebr\u00eb faktor\u00ebsh t\u00eb ndrysh\u00ebm, nga mungesa e testimeve p\u00ebr shkak t\u00eb infrastrukturave t\u00eb dob\u00ebta mjek\u00ebsore, mungesa e l\u00ebvizjes s\u00eb qytetar\u00ebve si rrjedhoj\u00eb e sistemeve totalitare si dhe manipulimi i shifrave t\u00eb raportuara n\u00eb media.<\/p>\n<p>Euronews Albania zbulon disa prej arsyeve dhe masave q\u00eb kan\u00eb nd\u00ebrmarr\u00eb k\u00ebto shtete p\u00ebr t\u2019i shp\u00ebtuar pandemis\u00eb q\u00eb ka pushtuar globin.<\/p>\n<p><strong>Turkmenistani<\/strong><\/p>\n<p>Turkmenistani, nj\u00eb shtet n\u00eb Azin\u00eb Qendrore me nj\u00eb popullsi prej afro 5.8 milion\u00eb banor\u00ebsh, \u00ebsht\u00eb nj\u00eb nd\u00ebr shtetet q\u00eb deri m\u00eb sot raporton se nuk ka pasur as viktima e as persona t\u00eb infektuar nga coronavirusi i ri, COVID-19.<\/p>\n<p>Nj\u00eb nga masat e para shtr\u00ebnguese t\u00eb marra nga qeveria vendase ishte mbyllja absolute e kufijve t\u00eb vendit dhe pezullimi i t\u00eb gjith\u00eb udh\u00ebtimeve nd\u00ebrkomb\u00ebtare.<\/p>\n<p>Megjithat\u00eb, s\u00eb fundmi dyshimet jan\u00eb shtuar pasi qeveria njoftoi p\u00ebr disa masa t\u00eb reja kufizuese si l\u00ebvizja nd\u00ebrqytet\u00ebse vet\u00ebm p\u00ebrmes autorizimit.<\/p>\n<p><strong>Taxhikistani<\/strong><\/p>\n<p>Me nj\u00eb popullsi prej afro 9 milion\u00eb banor\u00ebsh, shteti q\u00eb ndan nj\u00eb kufi me Kin\u00ebn nuk ka asnj\u00eb rast t\u00eb konfirmuar me COVID-19 deri m\u00eb sot. Q\u00eb n\u00eb fillimet e pandemis\u00eb, qeveria dha urdh\u00ebr p\u00ebr mbylljen e kufirit me Kin\u00ebn dhe p\u00ebr izolimin e p\u00ebr nj\u00eb periudh\u00eb 2 javore t\u00eb shtetasve q\u00eb mb\u00ebrrinin n\u00eb vend.<\/p>\n<p>Presidenti Emomali Rahmon \u00ebsht\u00eb shprehur se shteti do arrij\u00eb ta shmang\u00eb pandemin\u00eb teksa \u00ebsht\u00eb shprehur se \u201ctradita e higjien\u00ebs\u201d s\u00eb vendasve ishte nj\u00eb nd\u00ebr shkaqet p\u00ebrse nuk ka gurm\u00eb t\u00eb coronavirus n\u00eb vend.<\/p>\n<p>S\u00eb fundmi, USAID dhe OBSH kan\u00eb dhuruar pajisje mbrojt\u00ebse p\u00ebr Taxhikistanin me k\u00ebrkes\u00eb t\u00eb Ministris\u00eb s\u00eb Sh\u00ebndet\u00ebsis\u00eb si nj\u00eb mas\u00eb parandaluese dhe p\u00ebr t\u00eb luftuar virusin n\u00ebse mb\u00ebrrin n\u00eb vend.<\/p>\n<p><strong>Koreja e Veriut<\/strong><\/p>\n<p>Nj\u00eb nd\u00ebr arsyet kryesore p\u00ebrse ekspert\u00ebt mendojn\u00eb se virusi nuk ka mb\u00ebrritur n\u00eb Koren\u00eb e Veriut \u00ebsht\u00eb pik\u00ebrisht izolimi absolut p\u00ebr shkak t\u00eb regjimit totalitarian.<\/p>\n<p>Shteti mbylli menj\u00ebher\u00eb kufijt\u00eb, pezulloi udh\u00ebtimet me tren dhe ato nd\u00ebrkomb\u00ebtare si dhe urdh\u00ebroi mbylljen e shkollave dhe anulimin e t\u00eb gjitha aktiviteteve festive.<\/p>\n<p>Ekspert\u00ebt pohojn\u00eb se p\u00ebr shkak t\u00eb kontrollit t\u00eb plot\u00eb t\u00eb shteti mbi mediat, \u00ebsht\u00eb e v\u00ebshtir\u00eb t\u00eb m\u00ebsohet n\u00ebse COVID-19 ka mb\u00ebrritur apo jo n\u00eb Koren\u00eb e Veriut.<\/p>\n<p>Nd\u00ebrkoh\u00eb, autoritetet e Penianit kan\u00eb pohuar se gjendja \u00ebsht\u00eb n\u00ebn kontroll, por i kan\u00eb b\u00ebr\u00eb thirrje qytetar\u00ebve q\u00eb t\u2019i binden plot\u00ebsisht udh\u00ebzimeve t\u00eb autoriteteve sh\u00ebndet\u00ebsore vendase.<\/p>\n<p><strong>Lesotho<\/strong><\/p>\n<p>Lesotho \u00ebsht\u00eb nj\u00eb mbret\u00ebri autonome n\u00eb malet e Afrik\u00ebs s\u00eb Jugut me nj\u00eb popullsi prej rreth 2 milion\u00eb banor\u00ebsh dhe gjithashtu shteti i dyt\u00eb n\u00eb kontinentin afrikan q\u00eb nuk ka asnj\u00eb rast t\u00eb raportuar p\u00ebr COVID-19. Megjithat\u00eb, qeveria ka marr\u00eb nj\u00eb s\u00ebr\u00eb masash p\u00ebr t\u00eb parandaluar p\u00ebrhapjen e virusit.<\/p>\n<p>Kufijt\u00eb e shtetit do t\u00eb q\u00ebndrojn\u00eb\u00a0 t\u00eb mbyllur deri n\u00eb 5 maj. L\u00ebvizja e qytetar\u00ebve \u00ebsht\u00eb rrept\u00ebsisht\u00eb e ndaluar p\u00ebrve\u00e7 nevojave esenciale, nd\u00ebrsa t\u00eb gjith\u00eb fluturimet jan\u00eb pezulluar. P\u00ebrpara mbylljes s\u00eb plot\u00eb t\u00eb kufijve, autoritetet vendore k\u00ebrkuan q\u00eb t\u00eb gjith\u00eb qytetar\u00ebt q\u00eb mb\u00ebrrinin t\u00eb testoheshin p\u00ebr simptoma t\u00eb COVID-19.<\/p>\n<p>T\u00eb gjitha grumbullimet publike jan\u00eb t\u00eb ndaluara, p\u00ebrve\u00e7 ceremonive funerale ku mund t\u00eb jen\u00eb t\u00eb pranish\u00ebm 50 persona.<\/p>\n<p><strong>Komoros<\/strong><\/p>\n<p>Arkipelagu vullkanik Komoros, n\u00eb brigjet lindore t\u00eb Afrik\u00ebs e me nj\u00eb popullsi prej 850 mij\u00eb banor\u00ebsh, \u00ebsht\u00eb shteti tjet\u00ebr n\u00eb kontinentin afrikan pas asnj\u00eb rast t\u00eb konfirmuar me COVID-19. M\u00eb 23 mars, n\u00eb vend u ndaluan t\u00eb gjitha llojet e aktiviteteve q\u00eb sjellin grumbullim t\u00eb qytetar\u00ebve si dhe anuloi fluturimet nd\u00ebrkomb\u00ebtare. Sipas disa mjek\u00ebve vendas, nj\u00eb nd\u00ebr arsyet p\u00ebrse Komoros i ka shp\u00ebtuar virusit \u00ebsht\u00eb p\u00ebr shkak t\u00eb vaksinimit t\u00eb qytetar\u00ebve kund\u00ebr s\u00eb malaries.<\/p>\n<p>S\u00eb fundmi, FMN-ja ka miratuar nj\u00eb fond prej 12 milion\u00eb dollar\u00ebsh p\u00ebr t\u00eb ndihmuar vendin, i cili ishte ende duke u rim\u00ebk\u00ebmbur nga cikloni Keneth, i cili goditi vendin rreth nj\u00eb vit m\u00eb par\u00eb.<\/p>\n<p><strong>Ishujt Solomon<\/strong><\/p>\n<p>N\u00eb 25 mars, guvernatori i Ishujve Solomon\u00a0 Sir David Vunagi shpalli gjendjen e emergjenc\u00ebs. Duke marr\u00eb shkak nga gjendja e kufizuar e pajisjeve sh\u00ebndet\u00ebsore dhe barr\u00ebn e r\u00ebnd\u00eb q\u00eb do binte mbi sistemin sh\u00ebndet\u00ebsor n\u00eb vend, guvernatori nxitoi t\u00eb merrte masa parandaluese p\u00ebr p\u00ebrhapjen e virusit si kontrolle t\u00eb rrepta p\u00ebr udh\u00ebtar\u00ebt q\u00eb vinin kryesisht nga vendet e prekura, pezullimin e t\u00eb gjitha fluturimeve si dhe mbylljen e shkollave.<\/p>\n<p><strong>Vanuatu<\/strong><\/p>\n<p>Vanuatu \u00ebsht\u00eb nj\u00eb ishull i Paq\u00ebsorit me nj\u00eb popullsi prej rreth 270 mij\u00eb banor\u00ebsh. P\u00ebrpara se qeveria t\u00eb k\u00ebrkonte pezullimin e fluturimeve nd\u00ebrkomb\u00ebtare, rreth 60 qytetar\u00eb q\u00eb mb\u00ebrrit\u00ebn n\u00eb ishull u vendos\u00ebn menj\u00ebher\u00eb n\u00eb karantin\u00eb p\u00ebr nj\u00eb periudh\u00eb 14 ditore.<\/p>\n<p>T\u00eb gjitha ndihmat humanitare q\u00eb hyjn\u00eb n\u00eb territorin e ishullit i n\u00ebnshtrohen nj\u00eb periudhe izolimi dhe dezinfektimi prej tre dit\u00ebsh pasi autoritetet vendase jan\u00eb shprehur se \u201c\u00e7\u00ebshtja do t\u00eb trajtohet n\u00eb m\u00ebnyr\u00eb lokale\u201d. Gjithashtu t\u00eb gjitha bizneseve jo esenciale jan\u00eb mbyllur dhe \u00ebsht\u00eb ndaluar rrept\u00ebsisht\u00eb grumbullimi i m\u00eb shum\u00eb se 5 personave.<\/p>\n<p><img data-recalc-dims=\"1\" loading=\"lazy\" decoding=\"async\" data-attachment-id=\"33743\" data-permalink=\"https:\/\/www.shqiperia.com\/blog\/zbulohen-7-shtete-qe-nuk-kane-asnje-rast-me-koronavirus-ja-arsyet-pse-ka-ndodhur\/ze9oxed6-1024x652-2\/\" data-orig-file=\"https:\/\/i0.wp.com\/www.shqiperia.com\/blog\/wp-content\/uploads\/2020\/04\/ze9Oxed6-1024x652-2.jpg?fit=1024%2C652&amp;ssl=1\" data-orig-size=\"1024,652\" data-comments-opened=\"1\" data-image-meta=\"{&quot;aperture&quot;:&quot;0&quot;,&quot;credit&quot;:&quot;&quot;,&quot;camera&quot;:&quot;&quot;,&quot;caption&quot;:&quot;&quot;,&quot;created_timestamp&quot;:&quot;0&quot;,&quot;copyright&quot;:&quot;&quot;,&quot;focal_length&quot;:&quot;0&quot;,&quot;iso&quot;:&quot;0&quot;,&quot;shutter_speed&quot;:&quot;0&quot;,&quot;title&quot;:&quot;&quot;,&quot;orientation&quot;:&quot;0&quot;}\" data-image-title=\"ze9Oxed6-1024&#215;652\" data-image-description=\"\" data-image-caption=\"\" data-medium-file=\"https:\/\/i0.wp.com\/www.shqiperia.com\/blog\/wp-content\/uploads\/2020\/04\/ze9Oxed6-1024x652-2.jpg?fit=300%2C191&amp;ssl=1\" data-large-file=\"https:\/\/i0.wp.com\/www.shqiperia.com\/blog\/wp-content\/uploads\/2020\/04\/ze9Oxed6-1024x652-2.jpg?fit=1024%2C652&amp;ssl=1\" class=\"alignnone  wp-image-33743\" alt=\"\" src=\"https:\/\/i0.wp.com\/www.shqiperia.com\/blog\/wp-content\/uploads\/2020\/04\/ze9Oxed6-1024x652-2.jpg?resize=716%2C456&#038;ssl=1\" width=\"716\" height=\"456\" srcset=\"https:\/\/i0.wp.com\/www.shqiperia.com\/blog\/wp-content\/uploads\/2020\/04\/ze9Oxed6-1024x652-2.jpg?resize=300%2C191&amp;ssl=1 300w, https:\/\/i0.wp.com\/www.shqiperia.com\/blog\/wp-content\/uploads\/2020\/04\/ze9Oxed6-1024x652-2.jpg?resize=768%2C489&amp;ssl=1 768w, https:\/\/i0.wp.com\/www.shqiperia.com\/blog\/wp-content\/uploads\/2020\/04\/ze9Oxed6-1024x652-2.jpg?resize=450%2C287&amp;ssl=1 450w, https:\/\/i0.wp.com\/www.shqiperia.com\/blog\/wp-content\/uploads\/2020\/04\/ze9Oxed6-1024x652-2.jpg?resize=600%2C382&amp;ssl=1 600w, https:\/\/i0.wp.com\/www.shqiperia.com\/blog\/wp-content\/uploads\/2020\/04\/ze9Oxed6-1024x652-2.jpg?resize=400%2C255&amp;ssl=1 400w, https:\/\/i0.wp.com\/www.shqiperia.com\/blog\/wp-content\/uploads\/2020\/04\/ze9Oxed6-1024x652-2.jpg?w=1024&amp;ssl=1 1024w\" sizes=\"auto, (max-width: 716px) 100vw, 716px\" \/><\/p>\n","protected":false},"excerpt":{"rendered":"<p>Zbulohen 7 shtete q\u00eb nuk kan\u00eb asnj\u00eb rast me koronavirus, ja arsyet pse ka ndodhur 24 Prill 2020 Sipas t\u00eb dh\u00ebnave nga Instituti John Hopkins, nj\u00eb nga institucionet m\u00eb t\u00eb respektuara p\u00ebr sa i p\u00ebrket t\u00eb dh\u00ebnave mbi pandemin\u00eb, shtat\u00eb jan\u00eb shtetet n\u00eb bot\u00eb ku raportohet se nuk ka gjurm\u00eb t\u00eb COVID-19. Deri m\u00eb sot [&hellip;]<\/p>\n","protected":false},"author":9,"featured_media":33742,"comment_status":"open","ping_status":"open","sticky":false,"template":"","format":"standard","meta":{"jetpack_post_was_ever_published":false,"_jetpack_newsletter_access":"","_jetpack_dont_email_post_to_subs":false,"_jetpack_newsletter_tier_id":0,"_jetpack_memberships_contains_paywalled_content":false,"_jetpack_memberships_contains_paid_content":false,"footnotes":"","jetpack_publicize_message":"","jetpack_publicize_feature_enabled":true,"jetpack_social_post_already_shared":true,"jetpack_social_options":{"image_generator_settings":{"template":"highway","default_image_id":0,"font":"","enabled":false},"version":2}},"categories":[27,14,35],"tags":[],"class_list":["post-33741","post","type-post","status-publish","format-standard","has-post-thumbnail","hentry","category-blogu-i-udhetarit","category-press-releases","category-shoqerore"],"jetpack_publicize_connections":[],"jetpack_featured_media_url":"https:\/\/i0.wp.com\/www.shqiperia.com\/blog\/wp-content\/uploads\/2020\/04\/ze9Oxed6-1024x652-1.jpg?fit=1024%2C652&ssl=1","jetpack_sharing_enabled":true,"jetpack_shortlink":"https:\/\/wp.me\/p5Z6wp-8Md","jetpack-related-posts":[{"id":36263,"url":"https:\/\/www.shqiperia.com\/blog\/koronavirusi-ka-gjunjezuar-boten-por-njihuni-me-12-shtetet-qe-nuk-jane-prekur-fare\/","url_meta":{"origin":33741,"position":0},"title":"Koronavirusi ka gjunj\u00ebzuar bot\u00ebn, por njihuni me 12 shtetet q\u00eb nuk jan\u00eb prekur fare","author":"Kurt Farka","date":"July 12, 2020","format":false,"excerpt":"Koronavirusi ka gjunj\u00ebzuar bot\u00ebn, por njihuni me 12 shtetet q\u00eb nuk jan\u00eb prekur fare 12 KORRIK 2020 Ka disa shtete n\u00eb t\u00eb cilat koronavirusi nuk ka arritur t\u00eb dep\u00ebrtoj\u00eb ende q\u00eb prej fillimit t\u00eb pandemis\u00eb. Rreth 188 shtete kan\u00eb raportuar q\u00eb kan\u00eb raste me CoViD-19 dhe shumica prej tyre tashm\u00eb\u2026","rel":"","context":"In &quot;Press Releases&quot;","block_context":{"text":"Press Releases","link":"https:\/\/www.shqiperia.com\/blog\/category\/press-releases\/"},"img":{"alt_text":"","src":"https:\/\/i0.wp.com\/www.shqiperia.com\/blog\/wp-content\/uploads\/2020\/07\/640-0-5f0b3df439474.jpg?fit=592%2C358&ssl=1&resize=350%2C200","width":350,"height":200,"srcset":"https:\/\/i0.wp.com\/www.shqiperia.com\/blog\/wp-content\/uploads\/2020\/07\/640-0-5f0b3df439474.jpg?fit=592%2C358&ssl=1&resize=350%2C200 1x, https:\/\/i0.wp.com\/www.shqiperia.com\/blog\/wp-content\/uploads\/2020\/07\/640-0-5f0b3df439474.jpg?fit=592%2C358&ssl=1&resize=525%2C300 1.5x"},"classes":[]},{"id":88920,"url":"https:\/\/www.shqiperia.com\/blog\/kqz-shpjegon-arsyet-e-refuzimeve\/","url_meta":{"origin":33741,"position":1},"title":"KQZ shpjegon arsyet e refuzimeve","author":"Kurt Farka","date":"February 2, 2025","format":false,"excerpt":"2 Shkurt 2025 Zgjedh\u00ebsja n\u00eb k\u00ebt\u00eb rast ka kryer aplikimin e saj nga Italia. Ka vendosur adres\u00ebn e saj, qytetin dhe rajonin ku jeton por \u00ebsht\u00eb ai rasti tipik, paraqesin kart\u00ebn e tyre nga pjesa e parme por qytetari duhet te paraqes\u00eb pjes\u00ebn e pasme Ky \u00ebsht\u00eb nj\u00eb nga shum\u00eb\u2026","rel":"","context":"In &quot;Blogu i Udh\u00ebtarit&quot;","block_context":{"text":"Blogu i Udh\u00ebtarit","link":"https:\/\/www.shqiperia.com\/blog\/category\/blogu-i-udhetarit\/"},"img":{"alt_text":"","src":"https:\/\/i0.wp.com\/www.shqiperia.com\/blog\/wp-content\/uploads\/2025\/02\/CEC_2.jpg?fit=1170%2C658&ssl=1&resize=350%2C200","width":350,"height":200,"srcset":"https:\/\/i0.wp.com\/www.shqiperia.com\/blog\/wp-content\/uploads\/2025\/02\/CEC_2.jpg?fit=1170%2C658&ssl=1&resize=350%2C200 1x, https:\/\/i0.wp.com\/www.shqiperia.com\/blog\/wp-content\/uploads\/2025\/02\/CEC_2.jpg?fit=1170%2C658&ssl=1&resize=525%2C300 1.5x, https:\/\/i0.wp.com\/www.shqiperia.com\/blog\/wp-content\/uploads\/2025\/02\/CEC_2.jpg?fit=1170%2C658&ssl=1&resize=700%2C400 2x, https:\/\/i0.wp.com\/www.shqiperia.com\/blog\/wp-content\/uploads\/2025\/02\/CEC_2.jpg?fit=1170%2C658&ssl=1&resize=1050%2C600 3x"},"classes":[]},{"id":8535,"url":"https:\/\/www.shqiperia.com\/blog\/pse-edi-rama-po-merr-ish-luftetaret-e-isis-ne-tirane\/","url_meta":{"origin":33741,"position":2},"title":"Pse Edi Rama po merr ish-luft\u00ebtar\u00ebt e ISIS n\u00eb Tiran\u00eb? &#8211;","author":"Kurt Farka","date":"June 7, 2018","format":false,"excerpt":"Pse Edi Rama po merr ish-luft\u00ebtar\u00ebt e ISIS n\u00eb Tiran\u00eb? E pse t\u00eb mos e lavd\u00ebrojn\u00eb kryeministrin Rama, shtetet e Rajonit dhe n\u00eb BE?! I largojn\u00eb nga vetja ish-terrorist\u00ebt dhe na i rrasin ne si Shqip\u00ebri. Nga Qamil Xhani \u2013 Qeveria shqiptare ka planifikuar nd\u00ebrtimin e nj\u00eb qendre rajonale p\u00ebr\u2026","rel":"","context":"In &quot;Blogu i Udh\u00ebtarit&quot;","block_context":{"text":"Blogu i Udh\u00ebtarit","link":"https:\/\/www.shqiperia.com\/blog\/category\/blogu-i-udhetarit\/"},"img":{"alt_text":"","src":"https:\/\/i0.wp.com\/www.shqiperia.com\/blog\/wp-content\/uploads\/2018\/06\/Islamic-State-front-cover-696x385.jpg?fit=696%2C385&ssl=1&resize=350%2C200","width":350,"height":200,"srcset":"https:\/\/i0.wp.com\/www.shqiperia.com\/blog\/wp-content\/uploads\/2018\/06\/Islamic-State-front-cover-696x385.jpg?fit=696%2C385&ssl=1&resize=350%2C200 1x, https:\/\/i0.wp.com\/www.shqiperia.com\/blog\/wp-content\/uploads\/2018\/06\/Islamic-State-front-cover-696x385.jpg?fit=696%2C385&ssl=1&resize=525%2C300 1.5x"},"classes":[]},{"id":62484,"url":"https:\/\/www.shqiperia.com\/blog\/ndalimi-i-publikimit-te-te-dhenave-te-hakuara-deputeti-i-pd-prokuroria-smund-ti-mbylle-gojen-mediave\/","url_meta":{"origin":33741,"position":3},"title":"Ndalimi i publikimit t\u00eb t\u00eb dh\u00ebnave t\u00eb hakuara\/ Deputeti i PD: &#8211; Prokuroria s\u2019mund t\u2019i mbyll\u00eb goj\u00ebn mediave","author":"Kurt Farka","date":"September 19, 2022","format":false,"excerpt":"19 Shtator 2022 Deputeti i PD, Tritan Shehu thot\u00eb se Policia dhe Prokuroria nuk mund t\u2019i mbyll\u00eb goj\u00ebn medias. Reagimi i Shehut vjen pas vendimit t\u00eb fundit, ku Prokuroria ka vendosur q\u00eb asnj\u00eb e dh\u00ebn\u00eb e botuar nga autor\u00ebt e sulmit kibernetik t\u00eb mos publikohet nga media. Sipas deputetit demokrat\u2026","rel":"","context":"In &quot;Blogu i Udh\u00ebtarit&quot;","block_context":{"text":"Blogu i Udh\u00ebtarit","link":"https:\/\/www.shqiperia.com\/blog\/category\/blogu-i-udhetarit\/"},"img":{"alt_text":"","src":"https:\/\/i0.wp.com\/www.shqiperia.com\/blog\/wp-content\/uploads\/2022\/09\/tritan-shehu1.jpg?fit=740%2C446&ssl=1&resize=350%2C200","width":350,"height":200,"srcset":"https:\/\/i0.wp.com\/www.shqiperia.com\/blog\/wp-content\/uploads\/2022\/09\/tritan-shehu1.jpg?fit=740%2C446&ssl=1&resize=350%2C200 1x, https:\/\/i0.wp.com\/www.shqiperia.com\/blog\/wp-content\/uploads\/2022\/09\/tritan-shehu1.jpg?fit=740%2C446&ssl=1&resize=525%2C300 1.5x, https:\/\/i0.wp.com\/www.shqiperia.com\/blog\/wp-content\/uploads\/2022\/09\/tritan-shehu1.jpg?fit=740%2C446&ssl=1&resize=700%2C400 2x"},"classes":[]},{"id":52629,"url":"https:\/\/www.shqiperia.com\/blog\/serish-fajin-e-ka-saliu-rama-tenton-te-minimizoje-skandalin-me-databazen-e-pagave-nuk-jemi-as-te-paret-as-te-fundit\/","url_meta":{"origin":33741,"position":4},"title":"&#8220;S\u00ebrish: \u00a0Fajin e ka Saliu\u201d. &#8211; \u00a0Rama tenton t\u00eb minimizoj\u00eb skandalin me databaz\u00ebn e pagave: Nuk jemi as t\u00eb par\u00ebt as t\u00eb fundit","author":"Kurt Farka","date":"December 23, 2021","format":false,"excerpt":"\"S\u00ebrish: \u00a0Fajin e ka Saliu\u201d. - \u00a0Rama tenton t\u00eb minimizoj\u00eb skandalin me databaz\u00ebn e pagave: Nuk jemi as t\u00eb par\u00ebt as t\u00eb fundit Nga OraNews 23 Dhjetor 2021 Pas ndjes\u00ebs p\u00ebr nxjerrjen n\u00eb Pazar t\u00eb t\u00eb dh\u00ebnave personale dhe pagave t\u00eb 637 mij\u00eb shqiptar\u00ebve Kryeministri Edi Rama u p\u00ebrpoq ta\u2026","rel":"","context":"In &quot;Blogu i Udh\u00ebtarit&quot;","block_context":{"text":"Blogu i Udh\u00ebtarit","link":"https:\/\/www.shqiperia.com\/blog\/category\/blogu-i-udhetarit\/"},"img":{"alt_text":"","src":"https:\/\/i0.wp.com\/www.shqiperia.com\/blog\/wp-content\/uploads\/2021\/12\/640-0-rama-1640260545-300x182.jpg?resize=350%2C200&ssl=1","width":350,"height":200,"srcset":"https:\/\/i0.wp.com\/www.shqiperia.com\/blog\/wp-content\/uploads\/2021\/12\/640-0-rama-1640260545-300x182.jpg?resize=350%2C200&ssl=1 1x, https:\/\/i0.wp.com\/www.shqiperia.com\/blog\/wp-content\/uploads\/2021\/12\/640-0-rama-1640260545-300x182.jpg?resize=525%2C300&ssl=1 1.5x"},"classes":[]},{"id":92084,"url":"https:\/\/www.shqiperia.com\/blog\/vota-e-diaspores-mundet-te-percaktoje-formimin-e-qeverise-jo-si-vullnet-i-lire-i-qytetareve-por-si-rezultat-i-ndikimit-dhe-mekanizmave-nga-shtete-te-tjera\/","url_meta":{"origin":33741,"position":5},"title":"Vota e diaspor\u00ebs mundet te p\u00ebrcaktoje formimin e qeveris\u00eb. &#8211; Jo si vullnet i lir\u00eb i qytetar\u00ebve, por si rezultat i ndikimit dhe mekanizmave nga shtete t\u00eb tjera","author":"Kurt Farka","date":"May 1, 2025","format":false,"excerpt":"1 Maji 2015 Vota e diaspor\u00ebs u pa vet\u00ebm n\u00eb kontekstin politik dhe nuk u hartuan strategji afatgjata, duke vler\u00ebsuar edhe rreziqet ndaj t\u00eb cilave ekspozohet vendi yn\u00eb. Financimi apo dhurimi i parave p\u00ebr fushat\u00ebn elektorale nuk \u00ebsht\u00eb i rregulluar me ligj. T\u00eb dh\u00ebnat nuk deklarohen n\u00eb asnj\u00eb regjist\u00ebr dhe,\u2026","rel":"","context":"In &quot;Blogu i Udh\u00ebtarit&quot;","block_context":{"text":"Blogu i Udh\u00ebtarit","link":"https:\/\/www.shqiperia.com\/blog\/category\/blogu-i-udhetarit\/"},"img":{"alt_text":"","src":"https:\/\/i0.wp.com\/www.shqiperia.com\/blog\/wp-content\/uploads\/2025\/05\/640-0-a0ad01c184c7f72a198ddc95c41704b5.png?fit=640%2C398&ssl=1&resize=350%2C200","width":350,"height":200,"srcset":"https:\/\/i0.wp.com\/www.shqiperia.com\/blog\/wp-content\/uploads\/2025\/05\/640-0-a0ad01c184c7f72a198ddc95c41704b5.png?fit=640%2C398&ssl=1&resize=350%2C200 1x, https:\/\/i0.wp.com\/www.shqiperia.com\/blog\/wp-content\/uploads\/2025\/05\/640-0-a0ad01c184c7f72a198ddc95c41704b5.png?fit=640%2C398&ssl=1&resize=525%2C300 1.5x"},"classes":[]}],"_links":{"self":[{"href":"https:\/\/www.shqiperia.com\/blog\/wp-json\/wp\/v2\/posts\/33741","targetHints":{"allow":["GET"]}}],"collection":[{"href":"https:\/\/www.shqiperia.com\/blog\/wp-json\/wp\/v2\/posts"}],"about":[{"href":"https:\/\/www.shqiperia.com\/blog\/wp-json\/wp\/v2\/types\/post"}],"author":[{"embeddable":true,"href":"https:\/\/www.shqiperia.com\/blog\/wp-json\/wp\/v2\/users\/9"}],"replies":[{"embeddable":true,"href":"https:\/\/www.shqiperia.com\/blog\/wp-json\/wp\/v2\/comments?post=33741"}],"version-history":[{"count":1,"href":"https:\/\/www.shqiperia.com\/blog\/wp-json\/wp\/v2\/posts\/33741\/revisions"}],"predecessor-version":[{"id":33744,"href":"https:\/\/www.shqiperia.com\/blog\/wp-json\/wp\/v2\/posts\/33741\/revisions\/33744"}],"wp:featuredmedia":[{"embeddable":true,"href":"https:\/\/www.shqiperia.com\/blog\/wp-json\/wp\/v2\/media\/33742"}],"wp:attachment":[{"href":"https:\/\/www.shqiperia.com\/blog\/wp-json\/wp\/v2\/media?parent=33741"}],"wp:term":[{"taxonomy":"category","embeddable":true,"href":"https:\/\/www.shqiperia.com\/blog\/wp-json\/wp\/v2\/categories?post=33741"},{"taxonomy":"post_tag","embeddable":true,"href":"https:\/\/www.shqiperia.com\/blog\/wp-json\/wp\/v2\/tags?post=33741"}],"curies":[{"name":"wp","href":"https:\/\/api.w.org\/{rel}","templated":true}]}}