{"id":33712,"date":"2020-04-24T10:14:38","date_gmt":"2020-04-24T10:14:38","guid":{"rendered":"https:\/\/www.shqiperia.com\/blog\/?p=33712"},"modified":"2020-04-24T10:14:38","modified_gmt":"2020-04-24T10:14:38","slug":"zbardhen-detajet-kush-eshte-i-burgosuri-tek-313-ta-i-infektuar-me-covid-19","status":"publish","type":"post","link":"https:\/\/www.shqiperia.com\/blog\/zbardhen-detajet-kush-eshte-i-burgosuri-tek-313-ta-i-infektuar-me-covid-19\/","title":{"rendered":"Zbardhen detajet kush \u00ebsht\u00eb i burgosuri tek \u201c313-ta\u201d i infektuar me COVID-19"},"content":{"rendered":"<p><img data-recalc-dims=\"1\" loading=\"lazy\" decoding=\"async\" data-attachment-id=\"33713\" data-permalink=\"https:\/\/www.shqiperia.com\/blog\/zbardhen-detajet-kush-eshte-i-burgosuri-tek-313-ta-i-infektuar-me-covid-19\/640-0-5e9efece312e4\/\" data-orig-file=\"https:\/\/i0.wp.com\/www.shqiperia.com\/blog\/wp-content\/uploads\/2020\/04\/640-0-5e9efece312e4.jpeg?fit=640%2C426&amp;ssl=1\" data-orig-size=\"640,426\" data-comments-opened=\"1\" data-image-meta=\"{&quot;aperture&quot;:&quot;0&quot;,&quot;credit&quot;:&quot;&quot;,&quot;camera&quot;:&quot;&quot;,&quot;caption&quot;:&quot;&quot;,&quot;created_timestamp&quot;:&quot;0&quot;,&quot;copyright&quot;:&quot;&quot;,&quot;focal_length&quot;:&quot;0&quot;,&quot;iso&quot;:&quot;0&quot;,&quot;shutter_speed&quot;:&quot;0&quot;,&quot;title&quot;:&quot;&quot;,&quot;orientation&quot;:&quot;0&quot;}\" data-image-title=\"-640-0-5e9efece312e4\" data-image-description=\"\" data-image-caption=\"\" data-medium-file=\"https:\/\/i0.wp.com\/www.shqiperia.com\/blog\/wp-content\/uploads\/2020\/04\/640-0-5e9efece312e4.jpeg?fit=300%2C200&amp;ssl=1\" data-large-file=\"https:\/\/i0.wp.com\/www.shqiperia.com\/blog\/wp-content\/uploads\/2020\/04\/640-0-5e9efece312e4.jpeg?fit=640%2C426&amp;ssl=1\" class=\"alignnone  wp-image-33713\" alt=\"\" src=\"https:\/\/i0.wp.com\/www.shqiperia.com\/blog\/wp-content\/uploads\/2020\/04\/640-0-5e9efece312e4.jpeg?resize=546%2C364&#038;ssl=1\" width=\"546\" height=\"364\" srcset=\"https:\/\/i0.wp.com\/www.shqiperia.com\/blog\/wp-content\/uploads\/2020\/04\/640-0-5e9efece312e4.jpeg?resize=300%2C200&amp;ssl=1 300w, https:\/\/i0.wp.com\/www.shqiperia.com\/blog\/wp-content\/uploads\/2020\/04\/640-0-5e9efece312e4.jpeg?resize=600%2C399&amp;ssl=1 600w, https:\/\/i0.wp.com\/www.shqiperia.com\/blog\/wp-content\/uploads\/2020\/04\/640-0-5e9efece312e4.jpeg?resize=450%2C300&amp;ssl=1 450w, https:\/\/i0.wp.com\/www.shqiperia.com\/blog\/wp-content\/uploads\/2020\/04\/640-0-5e9efece312e4.jpeg?resize=400%2C266&amp;ssl=1 400w, https:\/\/i0.wp.com\/www.shqiperia.com\/blog\/wp-content\/uploads\/2020\/04\/640-0-5e9efece312e4.jpeg?w=640&amp;ssl=1 640w\" sizes=\"auto, (max-width: 546px) 100vw, 546px\" \/><\/p>\n<p>Zbardhen detajet kush \u00ebsht\u00eb i burgosuri tek \u201c313-ta\u201d i infektuar me COVID-19<\/p>\n<p>21 PRILL 2020<\/p>\n<p>Nj\u00eb i burgosur, i cili ndodhet n\u00eb burgun \u2018313\u2019 n\u00eb Tiran\u00eb rezulton i infektuar me COVID-19. M\u00ebsohet se i burgosuri \u00ebsht\u00eb shtetas italian, i cili \u00ebsht\u00eb arrestuar p\u00ebr trafik droge n\u00eb vitin 2018 gjat\u00eb nj\u00eb operacioni t\u00eb forcave RENEA.<\/p>\n<p>Ende nuk dihet gjendja e tij sh\u00ebndet\u00ebsore, nd\u00ebrkoh\u00eb q\u00eb ende lajmi nuk konfirmuar zyrtarisht nga Drejtoria e P\u00ebrgjithshme e Burgjeve.<\/p>\n<p>M\u00eb her\u00ebt n\u00eb k\u00ebt\u00eb burg ka rezultuar i infektuar edhe nj\u00eb punonj\u00ebs, por sipas Drejtoris\u00eb s\u00eb Burgjeve ai nuk ka pasur kontakte me persona t\u00eb tjer\u00eb. Nd\u00ebrsa pak dit\u00eb m\u00eb par\u00eb u testuan edhe t\u00eb burgosur t\u00eb tjer\u00eb, t\u00eb cil\u00ebt dyshonnin se ishin t\u00eb infektuar, mes tyre edhe\u00a0\u2018Ni\u00e7ja\u2019 i Shijakut.<\/p>\n<p>Ministria e Sh\u00ebndet\u00ebsis\u00eb njoftoi dit\u00ebn e sotme se numri total i t\u00eb infektuarve n\u00eb vendin ton\u00eb ka shkuar n\u00eb 609, nd\u00ebrkoh\u00eb kan\u00eb humbur jet\u00ebn 26 persona. Nd\u00ebrsa, betej\u00ebn me COVID-19\u00a0 e kan\u00eb fituar 345 qytetar\u00eb. Harta \u00ebsht\u00eb zgjeruar n\u00eb Kruj\u00eb,\u00a0 ku kan\u00eb rezultuar pozitiv\u00eb 17 persona dhe n\u00eb Kurbin ku kemi 8 raste t\u00eb reja. Gjat\u00eb 24 or\u00ebve t\u00eb fundit nuk \u00ebsht\u00eb sh\u00ebnuar asnj\u00eb rast i ri n\u00eb Tiran\u00eb dhe Shkod\u00ebr. Aktualisht n\u00eb spitalet COVID po marrin mjekim 32 pacient\u00eb.<\/p>\n","protected":false},"excerpt":{"rendered":"<p>Zbardhen detajet kush \u00ebsht\u00eb i burgosuri tek \u201c313-ta\u201d i infektuar me COVID-19 21 PRILL 2020 Nj\u00eb i burgosur, i cili ndodhet n\u00eb burgun \u2018313\u2019 n\u00eb Tiran\u00eb rezulton i infektuar me COVID-19. M\u00ebsohet se i burgosuri \u00ebsht\u00eb shtetas italian, i cili \u00ebsht\u00eb arrestuar p\u00ebr trafik droge n\u00eb vitin 2018 gjat\u00eb nj\u00eb operacioni t\u00eb forcave RENEA. Ende [&hellip;]<\/p>\n","protected":false},"author":9,"featured_media":33713,"comment_status":"open","ping_status":"open","sticky":false,"template":"","format":"standard","meta":{"jetpack_post_was_ever_published":false,"_jetpack_newsletter_access":"","_jetpack_dont_email_post_to_subs":false,"_jetpack_newsletter_tier_id":0,"_jetpack_memberships_contains_paywalled_content":false,"_jetpack_memberships_contains_paid_content":false,"footnotes":"","jetpack_publicize_message":"","jetpack_publicize_feature_enabled":true,"jetpack_social_post_already_shared":true,"jetpack_social_options":{"image_generator_settings":{"template":"highway","default_image_id":0,"font":"","enabled":false},"version":2}},"categories":[27,1,35],"tags":[],"class_list":["post-33712","post","type-post","status-publish","format-standard","has-post-thumbnail","hentry","category-blogu-i-udhetarit","category-njoftime-shtypi","category-shoqerore"],"jetpack_publicize_connections":[],"jetpack_featured_media_url":"https:\/\/i0.wp.com\/www.shqiperia.com\/blog\/wp-content\/uploads\/2020\/04\/640-0-5e9efece312e4.jpeg?fit=640%2C426&ssl=1","jetpack_sharing_enabled":true,"jetpack_shortlink":"https:\/\/wp.me\/p5Z6wp-8LK","jetpack-related-posts":[{"id":105247,"url":"https:\/\/www.shqiperia.com\/blog\/alarm-ne-aeroportin-e-frankfurtit-gjashte-punonjes-infektohen-nga-malaria-nje-prej-tyre-humb-jeten\/","url_meta":{"origin":33712,"position":0},"title":"Alarm n\u00eb aeroportin e Frankfurtit\/ Gjasht\u00eb punonj\u00ebs infektohen nga malaria, nj\u00eb prej tyre humb jet\u00ebn","author":"Kurt Farka","date":"August 26, 2026","format":false,"excerpt":"26 Gusht 2026 Gjasht\u00eb punonj\u00ebs t\u00eb aeroportit t\u00eb Frankfurtit n\u00eb Gjermani jan\u00eb prekur nga malaria, nd\u00ebrsa nj\u00eb prej tyre ka nd\u00ebrruar jet\u00eb. Rastet jan\u00eb konfirmuar nga kompania q\u00eb menaxhon aeroportin, Fraport, si dhe nga Instituti Robert Koch. N\u00eb mes t\u00eb korrikut ishin raportuar kat\u00ebr raste, por numri i p\u00ebrgjithsh\u00ebm i\u2026","rel":"","context":"In &quot;Blogu i Udh\u00ebtarit&quot;","block_context":{"text":"Blogu i Udh\u00ebtarit","link":"https:\/\/www.shqiperia.com\/blog\/category\/blogu-i-udhetarit\/"},"img":{"alt_text":"","src":"https:\/\/i0.wp.com\/www.shqiperia.com\/blog\/wp-content\/uploads\/2026\/08\/aeroport-6a8ebd4f67536.png?fit=932%2C531&ssl=1&resize=350%2C200","width":350,"height":200,"srcset":"https:\/\/i0.wp.com\/www.shqiperia.com\/blog\/wp-content\/uploads\/2026\/08\/aeroport-6a8ebd4f67536.png?fit=932%2C531&ssl=1&resize=350%2C200 1x, https:\/\/i0.wp.com\/www.shqiperia.com\/blog\/wp-content\/uploads\/2026\/08\/aeroport-6a8ebd4f67536.png?fit=932%2C531&ssl=1&resize=525%2C300 1.5x, https:\/\/i0.wp.com\/www.shqiperia.com\/blog\/wp-content\/uploads\/2026\/08\/aeroport-6a8ebd4f67536.png?fit=932%2C531&ssl=1&resize=700%2C400 2x"},"classes":[]},{"id":104785,"url":"https:\/\/www.shqiperia.com\/blog\/semundja-e-lopes-se-cmendur-rikthehet-ne-skoci-konfirmohet-rasti-i-bse-ne-nje-ferme\/","url_meta":{"origin":33712,"position":1},"title":"\u201cS\u00ebmundja e lop\u00ebs s\u00eb \u00e7mendur\u201d rikthehet n\u00eb Skoci, konfirmohet rasti i BSE n\u00eb nj\u00eb ferm\u00eb","author":"Kurt Farka","date":"August 20, 2026","format":false,"excerpt":"20 Gusht 2026 Nj\u00eb rast i encefalopatis\u00eb sfungjerore t\u00eb gjedhit (BSE), e njohur gjer\u00ebsisht si \u201cs\u00ebmundja e lop\u00ebs s\u00eb \u00e7mendur\u201d, \u00ebsht\u00eb konfirmuar n\u00eb nj\u00eb ferm\u00eb n\u00eb Dumfries dhe Galloway, n\u00eb Skoci. Autoritetet skoceze kan\u00eb marr\u00eb masa parandaluese p\u00ebr kufizimin e l\u00ebvizjes s\u00eb kafsh\u00ebs s\u00eb prekur, si dhe t\u00eb kafsh\u00ebve t\u00eb\u2026","rel":"","context":"In &quot;Blogu i Udh\u00ebtarit&quot;","block_context":{"text":"Blogu i Udh\u00ebtarit","link":"https:\/\/www.shqiperia.com\/blog\/category\/blogu-i-udhetarit\/"},"img":{"alt_text":"","src":"https:\/\/i0.wp.com\/www.shqiperia.com\/blog\/wp-content\/uploads\/2026\/08\/agelades-xroma.jpg?fit=1200%2C674&ssl=1&resize=350%2C200","width":350,"height":200,"srcset":"https:\/\/i0.wp.com\/www.shqiperia.com\/blog\/wp-content\/uploads\/2026\/08\/agelades-xroma.jpg?fit=1200%2C674&ssl=1&resize=350%2C200 1x, https:\/\/i0.wp.com\/www.shqiperia.com\/blog\/wp-content\/uploads\/2026\/08\/agelades-xroma.jpg?fit=1200%2C674&ssl=1&resize=525%2C300 1.5x, https:\/\/i0.wp.com\/www.shqiperia.com\/blog\/wp-content\/uploads\/2026\/08\/agelades-xroma.jpg?fit=1200%2C674&ssl=1&resize=700%2C400 2x, https:\/\/i0.wp.com\/www.shqiperia.com\/blog\/wp-content\/uploads\/2026\/08\/agelades-xroma.jpg?fit=1200%2C674&ssl=1&resize=1050%2C600 3x"},"classes":[]},{"id":100098,"url":"https:\/\/www.shqiperia.com\/blog\/tritan-kalo-hantaviruset-jane-prezente-edhe-ne-shqiperi-nuk-ka-vend-per-panik\/","url_meta":{"origin":33712,"position":2},"title":"Tritan Kalo: &#8211; Hantaviruset jan\u00eb prezente edhe n\u00eb Shqip\u00ebri, nuk ka vend p\u00ebr panik","author":"Kurt Farka","date":"May 10, 2026","format":false,"excerpt":"11 Maji 2026 Mjeku i mir\u00ebnjohur Tritan Kalo u pyet nga DITA lidhur me shqet\u00ebsimet p\u00ebr hantaviruset, duke sqaruar se k\u00ebto infeksione jan\u00eb t\u00eb njohura prej koh\u00ebsh dhe jan\u00eb t\u00eb pranishme edhe n\u00eb Shqip\u00ebri, kryesisht p\u00ebr shkak t\u00eb kontakteve t\u00eb njer\u00ebzve me minjt\u00eb e arave. Sipas dr.Kalos, situata duhet marr\u00eb\u2026","rel":"","context":"In &quot;Blogu i Udh\u00ebtarit&quot;","block_context":{"text":"Blogu i Udh\u00ebtarit","link":"https:\/\/www.shqiperia.com\/blog\/category\/blogu-i-udhetarit\/"},"img":{"alt_text":"","src":"https:\/\/i0.wp.com\/www.shqiperia.com\/blog\/wp-content\/uploads\/2026\/05\/tritan-kalo.jpg?fit=640%2C360&ssl=1&resize=350%2C200","width":350,"height":200,"srcset":"https:\/\/i0.wp.com\/www.shqiperia.com\/blog\/wp-content\/uploads\/2026\/05\/tritan-kalo.jpg?fit=640%2C360&ssl=1&resize=350%2C200 1x, https:\/\/i0.wp.com\/www.shqiperia.com\/blog\/wp-content\/uploads\/2026\/05\/tritan-kalo.jpg?fit=640%2C360&ssl=1&resize=525%2C300 1.5x"},"classes":[]},{"id":101845,"url":"https:\/\/www.shqiperia.com\/blog\/dordolecet-e-propagandes\/","url_meta":{"origin":33712,"position":3},"title":"Dordolec\u00ebt e Propagand\u00ebs","author":"Kurt Farka","date":"June 26, 2026","format":false,"excerpt":"26 Qershor 2026 N\u00eb vend t\u00eb reflektimit, jan\u00eb ndezur motor\u00ebt e nj\u00eb ofensive absurde p\u00ebr t\u00eb bindur nj\u00eb popull t\u00eb t\u00ebr\u00eb se problemet e tij jan\u00eb imagjinare. Sipas kryeministrit, njer\u00ebzit nuk dalin n\u00eb protest\u00eb nga revolta, pabarazia, padrejt\u00ebsia, korrupsioni, varf\u00ebria apo d\u00ebshp\u00ebrimi, por sepse jan\u00eb \u201cmanipuluar\u201d nga algoritmi dhe forcat\u2026","rel":"","context":"In &quot;Blogu i Udh\u00ebtarit&quot;","block_context":{"text":"Blogu i Udh\u00ebtarit","link":"https:\/\/www.shqiperia.com\/blog\/category\/blogu-i-udhetarit\/"},"img":{"alt_text":"","src":"https:\/\/i0.wp.com\/www.shqiperia.com\/blog\/wp-content\/uploads\/2026\/06\/Screenshot_20260626_020339_Gallery.jpg?fit=720%2C493&ssl=1&resize=350%2C200","width":350,"height":200,"srcset":"https:\/\/i0.wp.com\/www.shqiperia.com\/blog\/wp-content\/uploads\/2026\/06\/Screenshot_20260626_020339_Gallery.jpg?fit=720%2C493&ssl=1&resize=350%2C200 1x, https:\/\/i0.wp.com\/www.shqiperia.com\/blog\/wp-content\/uploads\/2026\/06\/Screenshot_20260626_020339_Gallery.jpg?fit=720%2C493&ssl=1&resize=525%2C300 1.5x, https:\/\/i0.wp.com\/www.shqiperia.com\/blog\/wp-content\/uploads\/2026\/06\/Screenshot_20260626_020339_Gallery.jpg?fit=720%2C493&ssl=1&resize=700%2C400 2x"},"classes":[]},{"id":103313,"url":"https:\/\/www.shqiperia.com\/blog\/kabareja-rilindase-e-idiotesise-se-zyrtarizuar\/","url_meta":{"origin":33712,"position":4},"title":"Kabareja rilindase e idiot\u00ebsis\u00eb s\u00eb zyrtarizuar","author":"Kurt Farka","date":"July 28, 2026","format":false,"excerpt":"Nga Ilir Dako ... Kryeministri shqiptar, sikur t\u00eb ishte duke lexuar kuponat e lotaris\u00eb komb\u00ebtare. \u201cLigji 2000, ligji 1701, ligji 1501, ligji 3501, ligji 2055, ligji 1755\u2026\u201d Ziqinisaracakerrizimi \u00ebsht\u00eb b\u00ebr\u00eb diagnoza e re e politik\u00ebs shqiptare, nj\u00eb epidemi q\u00eb ka kapluar jo vet\u00ebm tuf\u00ebn e deputet\u00ebve, por edhe vet\u00eb kryerilindasin\u2026","rel":"","context":"In &quot;Histori&quot;","block_context":{"text":"Histori","link":"https:\/\/www.shqiperia.com\/blog\/category\/histori\/"},"img":{"alt_text":"","src":"https:\/\/i0.wp.com\/www.shqiperia.com\/blog\/wp-content\/uploads\/2026\/07\/bd9433a8-f2b6-452e-b4a8-7d65d13c603e-Copy.jpg?fit=820%2C601&ssl=1&resize=350%2C200","width":350,"height":200,"srcset":"https:\/\/i0.wp.com\/www.shqiperia.com\/blog\/wp-content\/uploads\/2026\/07\/bd9433a8-f2b6-452e-b4a8-7d65d13c603e-Copy.jpg?fit=820%2C601&ssl=1&resize=350%2C200 1x, https:\/\/i0.wp.com\/www.shqiperia.com\/blog\/wp-content\/uploads\/2026\/07\/bd9433a8-f2b6-452e-b4a8-7d65d13c603e-Copy.jpg?fit=820%2C601&ssl=1&resize=525%2C300 1.5x, https:\/\/i0.wp.com\/www.shqiperia.com\/blog\/wp-content\/uploads\/2026\/07\/bd9433a8-f2b6-452e-b4a8-7d65d13c603e-Copy.jpg?fit=820%2C601&ssl=1&resize=700%2C400 2x"},"classes":[]},{"id":100647,"url":"https:\/\/www.shqiperia.com\/blog\/alarm-ne-evrope-pas-rastit-te-ri-ne-spanje-cfare-po-ndodh-me-hantavirusin-dhe-a-jemi-perballe-nje-tjeter-pandemie\/","url_meta":{"origin":33712,"position":5},"title":"Alarm n\u00eb Evrop\u00eb pas rastit t\u00eb ri n\u00eb Spanj\u00eb, \u00e7far\u00eb po ndodh me hantavirusin dhe a jemi p\u00ebrball\u00eb nj\u00eb tjet\u00ebr pandemie\u2026","author":"Kurt Farka","date":"May 26, 2026","format":false,"excerpt":"26 Maji 2026 Frika nga nj\u00eb tjet\u00ebr pandemi globale shp\u00ebrtheu k\u00ebt\u00eb muaj pasi anija turistike MV Hondius u b\u00eb qendra e nj\u00eb shp\u00ebrthimi vdekjeprur\u00ebs t\u00eb hantavirus. Ministria e Sh\u00ebndet\u00ebsis\u00eb n\u00eb Spanj\u00eb ka konfirmuar dje nj\u00eb rast t\u00eb ri pozitiv t\u00eb hantavirusit midis shtetasve spanjoll\u00eb q\u00eb ndodhen n\u00eb karantin\u00eb n\u00eb Spitalin\u2026","rel":"","context":"In &quot;Njoftime Shtypi&quot;","block_context":{"text":"Njoftime Shtypi","link":"https:\/\/www.shqiperia.com\/blog\/category\/njoftime-shtypi\/"},"img":{"alt_text":"","src":"https:\/\/i0.wp.com\/www.shqiperia.com\/blog\/wp-content\/uploads\/2026\/05\/99j-1.jpg?fit=811%2C515&ssl=1&resize=350%2C200","width":350,"height":200,"srcset":"https:\/\/i0.wp.com\/www.shqiperia.com\/blog\/wp-content\/uploads\/2026\/05\/99j-1.jpg?fit=811%2C515&ssl=1&resize=350%2C200 1x, https:\/\/i0.wp.com\/www.shqiperia.com\/blog\/wp-content\/uploads\/2026\/05\/99j-1.jpg?fit=811%2C515&ssl=1&resize=525%2C300 1.5x, https:\/\/i0.wp.com\/www.shqiperia.com\/blog\/wp-content\/uploads\/2026\/05\/99j-1.jpg?fit=811%2C515&ssl=1&resize=700%2C400 2x"},"classes":[]}],"_links":{"self":[{"href":"https:\/\/www.shqiperia.com\/blog\/wp-json\/wp\/v2\/posts\/33712","targetHints":{"allow":["GET"]}}],"collection":[{"href":"https:\/\/www.shqiperia.com\/blog\/wp-json\/wp\/v2\/posts"}],"about":[{"href":"https:\/\/www.shqiperia.com\/blog\/wp-json\/wp\/v2\/types\/post"}],"author":[{"embeddable":true,"href":"https:\/\/www.shqiperia.com\/blog\/wp-json\/wp\/v2\/users\/9"}],"replies":[{"embeddable":true,"href":"https:\/\/www.shqiperia.com\/blog\/wp-json\/wp\/v2\/comments?post=33712"}],"version-history":[{"count":1,"href":"https:\/\/www.shqiperia.com\/blog\/wp-json\/wp\/v2\/posts\/33712\/revisions"}],"predecessor-version":[{"id":33714,"href":"https:\/\/www.shqiperia.com\/blog\/wp-json\/wp\/v2\/posts\/33712\/revisions\/33714"}],"wp:featuredmedia":[{"embeddable":true,"href":"https:\/\/www.shqiperia.com\/blog\/wp-json\/wp\/v2\/media\/33713"}],"wp:attachment":[{"href":"https:\/\/www.shqiperia.com\/blog\/wp-json\/wp\/v2\/media?parent=33712"}],"wp:term":[{"taxonomy":"category","embeddable":true,"href":"https:\/\/www.shqiperia.com\/blog\/wp-json\/wp\/v2\/categories?post=33712"},{"taxonomy":"post_tag","embeddable":true,"href":"https:\/\/www.shqiperia.com\/blog\/wp-json\/wp\/v2\/tags?post=33712"}],"curies":[{"name":"wp","href":"https:\/\/api.w.org\/{rel}","templated":true}]}}