{"id":33575,"date":"2020-04-20T00:46:11","date_gmt":"2020-04-20T00:46:11","guid":{"rendered":"https:\/\/www.shqiperia.com\/blog\/?p=33575"},"modified":"2020-04-20T00:46:11","modified_gmt":"2020-04-20T00:46:11","slug":"papa-francesku-pas-virusit-do-goditemi-nga-nje-virus-me-i-keq","status":"publish","type":"post","link":"https:\/\/www.shqiperia.com\/blog\/papa-francesku-pas-virusit-do-goditemi-nga-nje-virus-me-i-keq\/","title":{"rendered":"Papa Fran\u00e7esku: &#8211; Pas virusit, do goditemi nga nj\u00eb virus m\u00eb i keq"},"content":{"rendered":"<p><img data-recalc-dims=\"1\" loading=\"lazy\" decoding=\"async\" data-attachment-id=\"33576\" data-permalink=\"https:\/\/www.shqiperia.com\/blog\/papa-francesku-pas-virusit-do-goditemi-nga-nje-virus-me-i-keq\/7-28-905x450\/\" data-orig-file=\"https:\/\/i0.wp.com\/www.shqiperia.com\/blog\/wp-content\/uploads\/2020\/04\/7-28-905x450-1.jpg?fit=905%2C450&amp;ssl=1\" data-orig-size=\"905,450\" data-comments-opened=\"1\" data-image-meta=\"{&quot;aperture&quot;:&quot;0&quot;,&quot;credit&quot;:&quot;&quot;,&quot;camera&quot;:&quot;&quot;,&quot;caption&quot;:&quot;&quot;,&quot;created_timestamp&quot;:&quot;0&quot;,&quot;copyright&quot;:&quot;&quot;,&quot;focal_length&quot;:&quot;0&quot;,&quot;iso&quot;:&quot;0&quot;,&quot;shutter_speed&quot;:&quot;0&quot;,&quot;title&quot;:&quot;&quot;,&quot;orientation&quot;:&quot;0&quot;}\" data-image-title=\"7-28-905&#215;450\" data-image-description=\"\" data-image-caption=\"\" data-medium-file=\"https:\/\/i0.wp.com\/www.shqiperia.com\/blog\/wp-content\/uploads\/2020\/04\/7-28-905x450-1.jpg?fit=300%2C149&amp;ssl=1\" data-large-file=\"https:\/\/i0.wp.com\/www.shqiperia.com\/blog\/wp-content\/uploads\/2020\/04\/7-28-905x450-1.jpg?fit=905%2C450&amp;ssl=1\" class=\"alignnone  wp-image-33576\" alt=\"\" src=\"https:\/\/i0.wp.com\/www.shqiperia.com\/blog\/wp-content\/uploads\/2020\/04\/7-28-905x450-1.jpg?resize=556%2C276&#038;ssl=1\" width=\"556\" height=\"276\" srcset=\"https:\/\/i0.wp.com\/www.shqiperia.com\/blog\/wp-content\/uploads\/2020\/04\/7-28-905x450-1.jpg?resize=300%2C149&amp;ssl=1 300w, https:\/\/i0.wp.com\/www.shqiperia.com\/blog\/wp-content\/uploads\/2020\/04\/7-28-905x450-1.jpg?resize=768%2C382&amp;ssl=1 768w, https:\/\/i0.wp.com\/www.shqiperia.com\/blog\/wp-content\/uploads\/2020\/04\/7-28-905x450-1.jpg?resize=450%2C224&amp;ssl=1 450w, https:\/\/i0.wp.com\/www.shqiperia.com\/blog\/wp-content\/uploads\/2020\/04\/7-28-905x450-1.jpg?resize=600%2C298&amp;ssl=1 600w, https:\/\/i0.wp.com\/www.shqiperia.com\/blog\/wp-content\/uploads\/2020\/04\/7-28-905x450-1.jpg?resize=400%2C199&amp;ssl=1 400w, https:\/\/i0.wp.com\/www.shqiperia.com\/blog\/wp-content\/uploads\/2020\/04\/7-28-905x450-1.jpg?w=905&amp;ssl=1 905w\" sizes=\"auto, (max-width: 556px) 100vw, 556px\" \/><\/p>\n<p><strong>Papa Fran\u00e7esku: &#8211; Pas virusit, do goditemi nga nj\u00eb virus m\u00eb i keq<\/strong><\/p>\n<p>19 prill \u00a02020<\/p>\n<p>Papa Fran\u00e7esku tha se nj\u00eb virus edhe m\u00eb i keq mund t\u00eb prek popullin n\u00eb t\u00eb gjith\u00eb bot\u00ebn, pasi Covid-19 t\u00eb p\u00ebrfundoj\u00eb. Ai tha se l\u00ebvizja pa solidaritet global ose duke p\u00ebrjashtuar sektor\u00ebt e shoq\u00ebris\u00eb nga rim\u00ebk\u00ebmbja do t\u00eb rezultoj\u00eb n\u00eb nj\u00eb virus edhe m\u00eb t\u00eb keq.<\/p>\n<p><em>\u201cTani, nd\u00ebrsa ne mezi presim nj\u00eb sh\u00ebrim t\u00eb ngadalt\u00eb dhe t\u00eb ashp\u00ebr nga pandemia, ekziston rreziku q\u00eb t\u00eb harrojm\u00eb ata q\u00eb kan\u00eb mbetur. Rreziku \u00ebsht\u00eb q\u00eb ne mund t\u00eb goditemi nga nj\u00eb virus edhe m\u00eb i keq, ai i indiferenc\u00ebs\u201d, tha Papa Fran\u00e7esku.<\/em><\/p>\n<p>Ai tha se rim\u00ebk\u00ebmbja nuk mund t\u00eb l\u00ebr\u00eb ask\u00ebnd pas dhe se tani \u00ebsht\u00eb koha p\u00ebr t\u00eb sh\u00ebruar padrejt\u00ebsit\u00eb n\u00eb t\u00eb gjith\u00eb bot\u00ebn, sepse ajo minon sh\u00ebndetin e gjith\u00eb familjes njer\u00ebzore.<\/p>\n<p><strong>e.k. \/ dita<\/strong><\/p>\n","protected":false},"excerpt":{"rendered":"<p>Papa Fran\u00e7esku: &#8211; Pas virusit, do goditemi nga nj\u00eb virus m\u00eb i keq 19 prill \u00a02020 Papa Fran\u00e7esku tha se nj\u00eb virus edhe m\u00eb i keq mund t\u00eb prek popullin n\u00eb t\u00eb gjith\u00eb bot\u00ebn, pasi Covid-19 t\u00eb p\u00ebrfundoj\u00eb. Ai tha se l\u00ebvizja pa solidaritet global ose duke p\u00ebrjashtuar sektor\u00ebt e shoq\u00ebris\u00eb nga rim\u00ebk\u00ebmbja do t\u00eb [&hellip;]<\/p>\n","protected":false},"author":9,"featured_media":33576,"comment_status":"open","ping_status":"open","sticky":false,"template":"","format":"standard","meta":{"jetpack_post_was_ever_published":false,"_jetpack_newsletter_access":"","_jetpack_dont_email_post_to_subs":false,"_jetpack_newsletter_tier_id":0,"_jetpack_memberships_contains_paywalled_content":false,"_jetpack_memberships_contains_paid_content":false,"footnotes":"","jetpack_publicize_message":"","jetpack_publicize_feature_enabled":true,"jetpack_social_post_already_shared":true,"jetpack_social_options":{"image_generator_settings":{"template":"highway","default_image_id":0,"font":"","enabled":false},"version":2}},"categories":[27,1,35],"tags":[],"class_list":["post-33575","post","type-post","status-publish","format-standard","has-post-thumbnail","hentry","category-blogu-i-udhetarit","category-njoftime-shtypi","category-shoqerore"],"jetpack_publicize_connections":[],"jetpack_featured_media_url":"https:\/\/i0.wp.com\/www.shqiperia.com\/blog\/wp-content\/uploads\/2020\/04\/7-28-905x450-1.jpg?fit=905%2C450&ssl=1","jetpack_sharing_enabled":true,"jetpack_shortlink":"https:\/\/wp.me\/p5Z6wp-8Jx","jetpack-related-posts":[{"id":57105,"url":"https:\/\/www.shqiperia.com\/blog\/papa-francesku-i-ashper-me-rusine-anulon-takimin-me-patriarkun-ortodoks-rus\/","url_meta":{"origin":33575,"position":0},"title":"Papa Fran\u00e7esku i ashp\u00ebr me Rusin\u00eb, anulon takimin me patriarkun ortodoks rus","author":"Kurt Farka","date":"April 23, 2022","format":false,"excerpt":"Papa Fran\u00e7esku i ashp\u00ebr me Rusin\u00eb, anulon takimin me patriarkun ortodoks rus 22 PRILL 2022 Papa Fran\u00e7esku ka th\u00ebn\u00eb se ka hequr dor\u00eb nga planet p\u00ebr t\u2019u takuar n\u00eb qershor me Patriarkun Ortodoks rus Kirill, nj\u00eb aleat i presidentit rus Vladimir Putin i cili ka mb\u00ebshtetur luft\u00ebn e Mosk\u00ebs n\u00eb\u2026","rel":"","context":"In &quot;Blogu i Udh\u00ebtarit&quot;","block_context":{"text":"Blogu i Udh\u00ebtarit","link":"https:\/\/www.shqiperia.com\/blog\/category\/blogu-i-udhetarit\/"},"img":{"alt_text":"","src":"https:\/\/i0.wp.com\/www.shqiperia.com\/blog\/wp-content\/uploads\/2022\/04\/800-0-62630cc386aa9.jpg?fit=800%2C402&ssl=1&resize=350%2C200","width":350,"height":200,"srcset":"https:\/\/i0.wp.com\/www.shqiperia.com\/blog\/wp-content\/uploads\/2022\/04\/800-0-62630cc386aa9.jpg?fit=800%2C402&ssl=1&resize=350%2C200 1x, https:\/\/i0.wp.com\/www.shqiperia.com\/blog\/wp-content\/uploads\/2022\/04\/800-0-62630cc386aa9.jpg?fit=800%2C402&ssl=1&resize=525%2C300 1.5x, https:\/\/i0.wp.com\/www.shqiperia.com\/blog\/wp-content\/uploads\/2022\/04\/800-0-62630cc386aa9.jpg?fit=800%2C402&ssl=1&resize=700%2C400 2x"},"classes":[]},{"id":70580,"url":"https:\/\/www.shqiperia.com\/blog\/eshte-nje-pasuri-papa-francesku-ne-nje-dokumentar-me-te-rinjte-sksi-nje-nga-gjerat-me-te-bukura-te-dhena-nga-zoti\/","url_meta":{"origin":33575,"position":1},"title":"&#8220;\u00cbsht\u00eb nj\u00eb pasuri&#8221;. &#8211; Papa Fran\u00e7esku n\u00eb nj\u00eb dokumentar me t\u00eb rinjt\u00eb: S*ksi, nj\u00eb nga gj\u00ebrat m\u00eb t\u00eb bukura t\u00eb dh\u00ebna nga Zoti","author":"Kurt Farka","date":"April 6, 2023","format":false,"excerpt":"6 Prill 2023 Nga Gazeta Sot Papa Fran\u00e7esku pasi q\u00ebndroi disa dit\u00eb n\u00eb spital \u00ebsht\u00eb kthyer dhe ka b\u00ebr\u00eb nj\u00eb deklarat\u00eb q\u00eb ka b\u00ebr\u00eb xhiron e rrjetit. N\u00eb nj\u00eb bashk\u00ebbisedim me t\u00eb rinjt\u00eb pjes\u00eb e nj\u00eb dokumentari I cili quhet \u201cThe Pope Ans\u00ebers \u201d q\u00ebpritet t\u00eb transmetohet n\u00eb Disney+ ati\u2026","rel":"","context":"In &quot;Blogu i Udh\u00ebtarit&quot;","block_context":{"text":"Blogu i Udh\u00ebtarit","link":"https:\/\/www.shqiperia.com\/blog\/category\/blogu-i-udhetarit\/"},"img":{"alt_text":"","src":"https:\/\/i0.wp.com\/www.shqiperia.com\/blog\/wp-content\/uploads\/2023\/04\/papa-Francesku.jpg?fit=1200%2C820&ssl=1&resize=350%2C200","width":350,"height":200,"srcset":"https:\/\/i0.wp.com\/www.shqiperia.com\/blog\/wp-content\/uploads\/2023\/04\/papa-Francesku.jpg?fit=1200%2C820&ssl=1&resize=350%2C200 1x, https:\/\/i0.wp.com\/www.shqiperia.com\/blog\/wp-content\/uploads\/2023\/04\/papa-Francesku.jpg?fit=1200%2C820&ssl=1&resize=525%2C300 1.5x, https:\/\/i0.wp.com\/www.shqiperia.com\/blog\/wp-content\/uploads\/2023\/04\/papa-Francesku.jpg?fit=1200%2C820&ssl=1&resize=700%2C400 2x, https:\/\/i0.wp.com\/www.shqiperia.com\/blog\/wp-content\/uploads\/2023\/04\/papa-Francesku.jpg?fit=1200%2C820&ssl=1&resize=1050%2C600 3x"},"classes":[]},{"id":79149,"url":"https:\/\/www.shqiperia.com\/blog\/papa-nxit-ukrainen-te-kete-guxim-per-negociata-kievi-reagon-ashper\/","url_meta":{"origin":33575,"position":2},"title":"Papa nxit Ukrain\u00ebn t\u00eb ket\u00eb guxim p\u00ebr negociata, Kievi reagon ashp\u00ebr","author":"Kurt Farka","date":"March 12, 2024","format":false,"excerpt":"12 Mars 2024 Presidenti i Ukrain\u00ebs Volodymyr Zelenskyy hodhi posht\u00eb thirrjet e Papa Fran\u00e7eksut p\u00ebr bisedime me Rusin\u00eb, nd\u00ebrkoh\u00eb q\u00eb ministri i jasht\u00ebm i Ukrain\u00ebs tha se vendi i tij kurr\u00eb nuk do t\u00eb kapitulloj\u00eb. \u201cKur lig\u00ebsia ruse filloi k\u00ebt\u00eb luft\u00eb m\u00eb 24 shkurt, t\u00eb gjith\u00eb ukrainasit u ngrit\u00ebn p\u00ebr\u2026","rel":"","context":"In &quot;Blogu i Udh\u00ebtarit&quot;","block_context":{"text":"Blogu i Udh\u00ebtarit","link":"https:\/\/www.shqiperia.com\/blog\/category\/blogu-i-udhetarit\/"},"img":{"alt_text":"","src":"https:\/\/i0.wp.com\/www.shqiperia.com\/blog\/wp-content\/uploads\/2024\/03\/7986086_10221722_zelensky_papa.jpg?fit=1200%2C658&ssl=1&resize=350%2C200","width":350,"height":200,"srcset":"https:\/\/i0.wp.com\/www.shqiperia.com\/blog\/wp-content\/uploads\/2024\/03\/7986086_10221722_zelensky_papa.jpg?fit=1200%2C658&ssl=1&resize=350%2C200 1x, https:\/\/i0.wp.com\/www.shqiperia.com\/blog\/wp-content\/uploads\/2024\/03\/7986086_10221722_zelensky_papa.jpg?fit=1200%2C658&ssl=1&resize=525%2C300 1.5x, https:\/\/i0.wp.com\/www.shqiperia.com\/blog\/wp-content\/uploads\/2024\/03\/7986086_10221722_zelensky_papa.jpg?fit=1200%2C658&ssl=1&resize=700%2C400 2x, https:\/\/i0.wp.com\/www.shqiperia.com\/blog\/wp-content\/uploads\/2024\/03\/7986086_10221722_zelensky_papa.jpg?fit=1200%2C658&ssl=1&resize=1050%2C600 3x"},"classes":[]},{"id":59071,"url":"https:\/\/www.shqiperia.com\/blog\/interviste-e-papa-francesku-ai-denoi-egersine-dhe-mizorine-e-trupave-ruse\/","url_meta":{"origin":33575,"position":3},"title":"Intervist\u00eb e Papa Fran\u00e7esku, Ai d\u00ebnoi \u201ceg\u00ebrsin\u00eb dhe mizorin\u00eb e trupave ruse\u201d","author":"Kurt Farka","date":"June 14, 2022","format":false,"excerpt":"14 Qershor 2022 Papa Fran\u00e7esku ka deklaruar se pushtimi i Ukrain\u00ebs nga Rusia \u2018ndoshta ka qen\u00eb i provokuar\u2019 teksa iu referua nj\u00eb bisede n\u00eb prag t\u00eb luft\u00ebs, n\u00eb t\u00eb cil\u00ebn u paralajm\u00ebrua se NATO kishte arritur n\u00eb dyert e Mosk\u00ebs.\u00a0 N\u00eb nj\u00eb intervist\u00eb p\u00ebr revist\u00ebn jezuite La Civilt\u00e0 Cattolica, t\u00eb\u2026","rel":"","context":"In &quot;Blogu i Udh\u00ebtarit&quot;","block_context":{"text":"Blogu i Udh\u00ebtarit","link":"https:\/\/www.shqiperia.com\/blog\/category\/blogu-i-udhetarit\/"},"img":{"alt_text":"","src":"https:\/\/i0.wp.com\/www.shqiperia.com\/blog\/wp-content\/uploads\/2022\/06\/Papa-Francesku.jpg?fit=500%2C297&ssl=1&resize=350%2C200","width":350,"height":200},"classes":[]},{"id":60303,"url":"https:\/\/www.shqiperia.com\/blog\/ajo-dere-ende-nuk-eshte-hapur-per-mua-papa-francesku-flet-per-mundesine-e-dhenies-se-doreheqjes-pas-problemeve-me-gjurin-seshte-tabu-e-as-katastrofe\/","url_meta":{"origin":33575,"position":4},"title":"\u201cAjo der\u00eb ende nuk \u00ebsht\u00eb hapur p\u00ebr mua\u201d- Papa Fran\u00e7esku flet p\u00ebr mund\u00ebsin\u00eb e dh\u00ebnies s\u00eb dor\u00ebheqjes pas problemeve me gjurin: S\u2019\u00ebsht\u00eb tabu e as katastrof\u00eb","author":"Kurt Farka","date":"July 30, 2022","format":false,"excerpt":"30 Korrik 2022 Papa Fran\u00e7esku \u00ebsht\u00eb shprehur se koha kur ai mund t\u00eb marr\u00eb n\u00eb konsiderat\u00eb dor\u00ebheqjen mund t\u00eb vij\u00eb shpejt. Ai do ta b\u00ebnte k\u00ebt\u00eb n\u00ebse mendon se sh\u00ebndeti i tij\u00a0\u201cnuk do t\u00eb mund t\u00eb sh\u00ebrbente ashtu si\u00e7 duhet\u201d. Papa b\u00ebri komentet gjat\u00eb nj\u00eb udh\u00ebtimi n\u00eb Kanaba. Papa 85-vje\u00e7ar\u2026","rel":"","context":"In &quot;Blogu i Udh\u00ebtarit&quot;","block_context":{"text":"Blogu i Udh\u00ebtarit","link":"https:\/\/www.shqiperia.com\/blog\/category\/blogu-i-udhetarit\/"},"img":{"alt_text":"","src":"https:\/\/i0.wp.com\/www.shqiperia.com\/blog\/wp-content\/uploads\/2022\/07\/papa1-500x281-1.jpg?fit=500%2C281&ssl=1&resize=350%2C200","width":350,"height":200},"classes":[]},{"id":87529,"url":"https:\/\/www.shqiperia.com\/blog\/autobiografia-e-papa-franceskut-si-me-shpetuan-sherbimet-sekrete-britanike-nga-dy-sulmet-vdekjeprurese-ne-2021\/","url_meta":{"origin":33575,"position":5},"title":"Autobiografia e Papa Franceskut: &#8211; Si m\u00eb shp\u00ebtuan sh\u00ebrbimet sekrete britanike nga dy sulmet vdekjeprur\u00ebse n\u00eb 2021","author":"Kurt Farka","date":"December 17, 2024","format":false,"excerpt":"17 Dhjetor 2024 Papa Fran\u00e7esku ka th\u00ebn\u00eb se ai i shp\u00ebtoi nj\u00eb sulmi t\u00eb dyfisht\u00eb vras\u00ebs gjat\u00eb nj\u00eb vizite n\u00eb Irak tre vjet m\u00eb par\u00eb, por plani i atentatit u pengua nga inteligjenca britanike dhe policia irakiane. Fran\u00e7esku e b\u00ebri zbulimin n\u00eb autobiografin\u00eb e tij me titullin \u201cShpresa\u201d, pjes\u00eb t\u00eb\u2026","rel":"","context":"In &quot;Blogu i Udh\u00ebtarit&quot;","block_context":{"text":"Blogu i Udh\u00ebtarit","link":"https:\/\/www.shqiperia.com\/blog\/category\/blogu-i-udhetarit\/"},"img":{"alt_text":"","src":"https:\/\/i0.wp.com\/www.shqiperia.com\/blog\/wp-content\/uploads\/2024\/12\/Capture-166.jpg?fit=623%2C366&ssl=1&resize=350%2C200","width":350,"height":200,"srcset":"https:\/\/i0.wp.com\/www.shqiperia.com\/blog\/wp-content\/uploads\/2024\/12\/Capture-166.jpg?fit=623%2C366&ssl=1&resize=350%2C200 1x, https:\/\/i0.wp.com\/www.shqiperia.com\/blog\/wp-content\/uploads\/2024\/12\/Capture-166.jpg?fit=623%2C366&ssl=1&resize=525%2C300 1.5x"},"classes":[]}],"_links":{"self":[{"href":"https:\/\/www.shqiperia.com\/blog\/wp-json\/wp\/v2\/posts\/33575","targetHints":{"allow":["GET"]}}],"collection":[{"href":"https:\/\/www.shqiperia.com\/blog\/wp-json\/wp\/v2\/posts"}],"about":[{"href":"https:\/\/www.shqiperia.com\/blog\/wp-json\/wp\/v2\/types\/post"}],"author":[{"embeddable":true,"href":"https:\/\/www.shqiperia.com\/blog\/wp-json\/wp\/v2\/users\/9"}],"replies":[{"embeddable":true,"href":"https:\/\/www.shqiperia.com\/blog\/wp-json\/wp\/v2\/comments?post=33575"}],"version-history":[{"count":1,"href":"https:\/\/www.shqiperia.com\/blog\/wp-json\/wp\/v2\/posts\/33575\/revisions"}],"predecessor-version":[{"id":33577,"href":"https:\/\/www.shqiperia.com\/blog\/wp-json\/wp\/v2\/posts\/33575\/revisions\/33577"}],"wp:featuredmedia":[{"embeddable":true,"href":"https:\/\/www.shqiperia.com\/blog\/wp-json\/wp\/v2\/media\/33576"}],"wp:attachment":[{"href":"https:\/\/www.shqiperia.com\/blog\/wp-json\/wp\/v2\/media?parent=33575"}],"wp:term":[{"taxonomy":"category","embeddable":true,"href":"https:\/\/www.shqiperia.com\/blog\/wp-json\/wp\/v2\/categories?post=33575"},{"taxonomy":"post_tag","embeddable":true,"href":"https:\/\/www.shqiperia.com\/blog\/wp-json\/wp\/v2\/tags?post=33575"}],"curies":[{"name":"wp","href":"https:\/\/api.w.org\/{rel}","templated":true}]}}