{"id":33571,"date":"2020-04-20T00:19:34","date_gmt":"2020-04-20T00:19:34","guid":{"rendered":"https:\/\/www.shqiperia.com\/blog\/?p=33571"},"modified":"2020-04-20T00:20:10","modified_gmt":"2020-04-20T00:20:10","slug":"cpo-u-ndodh-kompanive-qe-po-kerkojne-kuren-ndaj-koronavirusit-fbi-e-shqetesuar-kemi-pare-qe","status":"publish","type":"post","link":"https:\/\/www.shqiperia.com\/blog\/cpo-u-ndodh-kompanive-qe-po-kerkojne-kuren-ndaj-koronavirusit-fbi-e-shqetesuar-kemi-pare-qe\/","title":{"rendered":"\u00c7\u2019po u ndodh kompanive q\u00eb po k\u00ebrkojn\u00eb kur\u00ebn ndaj koronavirusit? FBI e shqet\u00ebsuar: Kemi par\u00eb q\u00eb\u2026"},"content":{"rendered":"<p><img data-recalc-dims=\"1\" loading=\"lazy\" decoding=\"async\" data-attachment-id=\"33572\" data-permalink=\"https:\/\/www.shqiperia.com\/blog\/cpo-u-ndodh-kompanive-qe-po-kerkojne-kuren-ndaj-koronavirusit-fbi-e-shqetesuar-kemi-pare-qe\/f048df30-ab6f-46fc-a253-e59bff5e172c_cx0_cy2_cw0_w1023_r1_s\/\" data-orig-file=\"https:\/\/i0.wp.com\/www.shqiperia.com\/blog\/wp-content\/uploads\/2020\/04\/F048DF30-AB6F-46FC-A253-E59BFF5E172C_cx0_cy2_cw0_w1023_r1_s.jpg?fit=1023%2C575&amp;ssl=1\" data-orig-size=\"1023,575\" data-comments-opened=\"1\" data-image-meta=\"{&quot;aperture&quot;:&quot;0&quot;,&quot;credit&quot;:&quot;&quot;,&quot;camera&quot;:&quot;&quot;,&quot;caption&quot;:&quot;&quot;,&quot;created_timestamp&quot;:&quot;0&quot;,&quot;copyright&quot;:&quot;&quot;,&quot;focal_length&quot;:&quot;0&quot;,&quot;iso&quot;:&quot;0&quot;,&quot;shutter_speed&quot;:&quot;0&quot;,&quot;title&quot;:&quot;&quot;,&quot;orientation&quot;:&quot;0&quot;}\" data-image-title=\"F048DF30-AB6F-46FC-A253-E59BFF5E172C_cx0_cy2_cw0_w1023_r1_s\" data-image-description=\"\" data-image-caption=\"\" data-medium-file=\"https:\/\/i0.wp.com\/www.shqiperia.com\/blog\/wp-content\/uploads\/2020\/04\/F048DF30-AB6F-46FC-A253-E59BFF5E172C_cx0_cy2_cw0_w1023_r1_s.jpg?fit=300%2C169&amp;ssl=1\" data-large-file=\"https:\/\/i0.wp.com\/www.shqiperia.com\/blog\/wp-content\/uploads\/2020\/04\/F048DF30-AB6F-46FC-A253-E59BFF5E172C_cx0_cy2_cw0_w1023_r1_s.jpg?fit=1023%2C575&amp;ssl=1\" class=\"alignnone wp-image-33572\" alt=\"\" src=\"https:\/\/i0.wp.com\/www.shqiperia.com\/blog\/wp-content\/uploads\/2020\/04\/F048DF30-AB6F-46FC-A253-E59BFF5E172C_cx0_cy2_cw0_w1023_r1_s.jpg?resize=547%2C308&#038;ssl=1\" width=\"547\" height=\"308\" srcset=\"https:\/\/i0.wp.com\/www.shqiperia.com\/blog\/wp-content\/uploads\/2020\/04\/F048DF30-AB6F-46FC-A253-E59BFF5E172C_cx0_cy2_cw0_w1023_r1_s.jpg?resize=300%2C169&amp;ssl=1 300w, https:\/\/i0.wp.com\/www.shqiperia.com\/blog\/wp-content\/uploads\/2020\/04\/F048DF30-AB6F-46FC-A253-E59BFF5E172C_cx0_cy2_cw0_w1023_r1_s.jpg?resize=768%2C432&amp;ssl=1 768w, https:\/\/i0.wp.com\/www.shqiperia.com\/blog\/wp-content\/uploads\/2020\/04\/F048DF30-AB6F-46FC-A253-E59BFF5E172C_cx0_cy2_cw0_w1023_r1_s.jpg?resize=450%2C253&amp;ssl=1 450w, https:\/\/i0.wp.com\/www.shqiperia.com\/blog\/wp-content\/uploads\/2020\/04\/F048DF30-AB6F-46FC-A253-E59BFF5E172C_cx0_cy2_cw0_w1023_r1_s.jpg?resize=600%2C337&amp;ssl=1 600w, https:\/\/i0.wp.com\/www.shqiperia.com\/blog\/wp-content\/uploads\/2020\/04\/F048DF30-AB6F-46FC-A253-E59BFF5E172C_cx0_cy2_cw0_w1023_r1_s.jpg?resize=400%2C225&amp;ssl=1 400w, https:\/\/i0.wp.com\/www.shqiperia.com\/blog\/wp-content\/uploads\/2020\/04\/F048DF30-AB6F-46FC-A253-E59BFF5E172C_cx0_cy2_cw0_w1023_r1_s.jpg?w=1023&amp;ssl=1 1023w\" sizes=\"auto, (max-width: 547px) 100vw, 547px\" \/><\/p>\n<p>\u00c7\u2019po u ndodh kompanive q\u00eb po k\u00ebrkojn\u00eb kur\u00ebn ndaj koronavirusit? FBI e shqet\u00ebsuar: Kemi par\u00eb q\u00eb\u2026<\/p>\n<p><em>17 prill 2020<\/em><\/p>\n<p><strong>Nj\u00eb zyrtare e lart\u00eb e FBI-s\u00eb p\u00ebr sigurin\u00eb kibernetike tha t\u00eb enjten se hakera t\u00eb qeverive t\u00eb huaja kan\u00eb nd\u00ebrhyr\u00eb n\u00eb rrjetet e kompanive q\u00eb kryejn\u00eb k\u00ebrkime p\u00ebr kura t\u00eb mundshme p\u00ebr COVID-19, s\u00ebmundjen e frym\u00ebmarrjes nganj\u00ebher\u00eb fatale q\u00eb shkakton koronavirusi.<\/strong><\/p>\n<p>Zv.Ndihm\u00ebs Drejtorja e FBI-s\u00eb Tonya Ugoretz u tha pjes\u00ebmarr\u00ebsve n\u00eb nj\u00eb panel n\u00eb internet t\u00eb organizuar nga Instituti Aspen se FBI-ja koh\u00ebt e fundit kishte par\u00eb hakera t\u00eb mb\u00ebshtetur nga shtete t\u00eb huaja q\u00eb gjurmonin p\u00ebrreth nj\u00eb seri institucionesh t\u00eb kujdesit sh\u00ebndet\u00ebsor dhe institucionesh k\u00ebrkimore.<\/p>\n<p><em>\u201cNe sigurisht kemi par\u00eb veprimtari zbulimi dhe nj\u00eb num\u00ebr nd\u00ebrhyrjesh n\u00eb disa nga k\u00ebto institucione, ve\u00e7an\u00ebrisht ato q\u00eb e kan\u00eb identifikuar publikisht veten se jan\u00eb duke b\u00ebr\u00eb pun\u00eb k\u00ebrkimore p\u00ebr COVID-in<\/em>\u201c, tha ajo.<\/p>\n<p>Zonja Ugoretz tha se \u00ebsht\u00eb e kuptueshme q\u00eb institucionet q\u00eb punojn\u00eb p\u00ebr kura premtuese ose nj\u00eb vaksin\u00eb t\u00eb mundshme t\u00eb lajm\u00ebrojn\u00eb publikisht p\u00ebr pun\u00ebn e tyre. Sidoqoft\u00eb, tha ajo, \u201c<em>ana e trisht\u00eb \u00ebsht\u00eb se kjo i b\u00ebn ata nj\u00eb objektiv p\u00ebr shtetet e tjera q\u00eb jan\u00eb t\u00eb interesuara t\u00eb grumbullojn\u00eb detaje t\u00eb sakta rreth asaj q\u00eb po b\u00ebhet dhe ndoshta edhe t\u00eb vjedhin t\u00eb dh\u00ebnat e pron\u00ebsis\u00eb intelektuale nga k\u00ebto institucione<\/em>\u201c.<\/p>\n<p>Zonja Ugoretz tha se hakerat e mb\u00ebshtetur nga shteti shpesh e kan\u00eb patur n\u00eb sh\u00ebnjest\u00ebr industrin\u00eb bio-farmaceutike, por tha se \u201csigurisht q\u00eb kjo \u00ebsht\u00eb shtuar gjat\u00eb k\u00ebsaj krize\u201d. Ajo nuk i p\u00ebrmendi vendet konkrete.<\/p>\n<p>Zonja Ugoretz gjithashtu nuk identifikoi kompanit\u00eb e v\u00ebna n\u00eb objektiv t\u00eb sulmeve. FBI-ja nuk iu p\u00ebrgjigj nj\u00eb emai-il ku k\u00ebrkoheshin komente t\u00eb m\u00ebtejshme.<\/p>\n<p>\/VOA<\/p>\n","protected":false},"excerpt":{"rendered":"<p>\u00c7\u2019po u ndodh kompanive q\u00eb po k\u00ebrkojn\u00eb kur\u00ebn ndaj koronavirusit? FBI e shqet\u00ebsuar: Kemi par\u00eb q\u00eb\u2026 17 prill 2020 Nj\u00eb zyrtare e lart\u00eb e FBI-s\u00eb p\u00ebr sigurin\u00eb kibernetike tha t\u00eb enjten se hakera t\u00eb qeverive t\u00eb huaja kan\u00eb nd\u00ebrhyr\u00eb n\u00eb rrjetet e kompanive q\u00eb kryejn\u00eb k\u00ebrkime p\u00ebr kura t\u00eb mundshme p\u00ebr COVID-19, s\u00ebmundjen e frym\u00ebmarrjes [&hellip;]<\/p>\n","protected":false},"author":9,"featured_media":33572,"comment_status":"open","ping_status":"open","sticky":false,"template":"","format":"standard","meta":{"jetpack_post_was_ever_published":false,"_jetpack_newsletter_access":"","_jetpack_dont_email_post_to_subs":false,"_jetpack_newsletter_tier_id":0,"_jetpack_memberships_contains_paywalled_content":false,"_jetpack_memberships_contains_paid_content":false,"footnotes":"","jetpack_publicize_message":"","jetpack_publicize_feature_enabled":true,"jetpack_social_post_already_shared":true,"jetpack_social_options":{"image_generator_settings":{"template":"highway","default_image_id":0,"font":"","enabled":false},"version":2}},"categories":[27,35],"tags":[],"class_list":["post-33571","post","type-post","status-publish","format-standard","has-post-thumbnail","hentry","category-blogu-i-udhetarit","category-shoqerore"],"jetpack_publicize_connections":[],"jetpack_featured_media_url":"https:\/\/i0.wp.com\/www.shqiperia.com\/blog\/wp-content\/uploads\/2020\/04\/F048DF30-AB6F-46FC-A253-E59BFF5E172C_cx0_cy2_cw0_w1023_r1_s.jpg?fit=1023%2C575&ssl=1","jetpack_sharing_enabled":true,"jetpack_shortlink":"https:\/\/wp.me\/p5Z6wp-8Jt","jetpack-related-posts":[{"id":50051,"url":"https:\/\/www.shqiperia.com\/blog\/rritet-frikshem-terrorizmi-i-brendshem-ne-shba-drejtori-i-fbi-kjo-ceshtje-ka-shperthyer\/","url_meta":{"origin":33571,"position":0},"title":"Rritet \u2018friksh\u00ebm\u2019 terrorizmi i brendsh\u00ebm n\u00eb SHBA, drejtori i FBI: &#8211; Kjo \u00e7\u00ebshtje ka shp\u00ebrthyer!","author":"Kurt Farka","date":"September 22, 2021","format":false,"excerpt":"Rritet \u2018friksh\u00ebm\u2019 terrorizmi i brendsh\u00ebm n\u00eb SHBA, drejtori i FBI: - Kjo \u00e7\u00ebshtje ka shp\u00ebrthyer! 22 Shtator 2021 Agjencit\u00eb amerikane t\u00eb siguris\u00eb komb\u00ebtare dhe t\u00eb zbatimit t\u00eb ligjit po luftojn\u00eb me at\u00eb q\u00eb ata e p\u00ebrshkruajn\u00eb si nj\u00eb \u201crritje dometh\u00ebn\u00ebse\u201d t\u00eb k\u00ebrc\u00ebnimit nga terrorist\u00ebt vendas, shum\u00eb prej t\u00eb cil\u00ebve po\u2026","rel":"","context":"In &quot;Blogu i Udh\u00ebtarit&quot;","block_context":{"text":"Blogu i Udh\u00ebtarit","link":"https:\/\/www.shqiperia.com\/blog\/category\/blogu-i-udhetarit\/"},"img":{"alt_text":"","src":"https:\/\/i0.wp.com\/www.shqiperia.com\/blog\/wp-content\/uploads\/2021\/09\/Christopher-Wray-drejtor-i-FBI-se.jpg?fit=770%2C446&ssl=1&resize=350%2C200","width":350,"height":200,"srcset":"https:\/\/i0.wp.com\/www.shqiperia.com\/blog\/wp-content\/uploads\/2021\/09\/Christopher-Wray-drejtor-i-FBI-se.jpg?fit=770%2C446&ssl=1&resize=350%2C200 1x, https:\/\/i0.wp.com\/www.shqiperia.com\/blog\/wp-content\/uploads\/2021\/09\/Christopher-Wray-drejtor-i-FBI-se.jpg?fit=770%2C446&ssl=1&resize=525%2C300 1.5x, https:\/\/i0.wp.com\/www.shqiperia.com\/blog\/wp-content\/uploads\/2021\/09\/Christopher-Wray-drejtor-i-FBI-se.jpg?fit=770%2C446&ssl=1&resize=700%2C400 2x"},"classes":[]},{"id":67131,"url":"https:\/\/www.shqiperia.com\/blog\/ish-oficeri-i-njohur-i-cia-nxjerr-prapaskenat-e-forta-nga-dosja-mcgonigal-ish-agjenti-i-fbi-u-pagua-nga-qeveria-shqiptare-mori-225-mije-dollare-ryshfet-ja-cfare-fshehu-dhe-detajet\/","url_meta":{"origin":33571,"position":1},"title":"Ish-oficeri i njohur i CIA nxjerr prapaskenat e forta nga dosja \u201cMcGonigal\u201d: Ish-agjenti i FBI u pagua nga qeveria shqiptare, mori 225 mij\u00eb dollar\u00eb ryshfet, ja \u00e7far\u00eb fshehu dhe detajet q\u00eb mund ta fundosin","author":"Kurt Farka","date":"February 1, 2023","format":false,"excerpt":"1 Shkurt 2023 \u201cCharles McGonigal u b\u00eb nj\u00eb nga zyrtar\u00ebt m\u00eb t\u00eb lart\u00eb t\u00eb FBI-s\u00eb q\u00eb u vendos n\u00ebn akuz\u00eb pasi pretendohet se ka p\u00ebrfituar shuma t\u00eb m\u00ebdha parash nga nj\u00eb oligark rus dhe nga qeveria shqiptare\u201d. K\u00ebshtu deklaroi ish-oficeri i njohur i CIA, Kevin Carroll n\u00eb nj\u00eb intervist\u00eb me\u2026","rel":"","context":"In &quot;Blogu i Udh\u00ebtarit&quot;","block_context":{"text":"Blogu i Udh\u00ebtarit","link":"https:\/\/www.shqiperia.com\/blog\/category\/blogu-i-udhetarit\/"},"img":{"alt_text":"","src":"https:\/\/i0.wp.com\/www.shqiperia.com\/blog\/wp-content\/uploads\/2023\/02\/800-0-63da6715cbf09.png?fit=800%2C400&ssl=1&resize=350%2C200","width":350,"height":200,"srcset":"https:\/\/i0.wp.com\/www.shqiperia.com\/blog\/wp-content\/uploads\/2023\/02\/800-0-63da6715cbf09.png?fit=800%2C400&ssl=1&resize=350%2C200 1x, https:\/\/i0.wp.com\/www.shqiperia.com\/blog\/wp-content\/uploads\/2023\/02\/800-0-63da6715cbf09.png?fit=800%2C400&ssl=1&resize=525%2C300 1.5x, https:\/\/i0.wp.com\/www.shqiperia.com\/blog\/wp-content\/uploads\/2023\/02\/800-0-63da6715cbf09.png?fit=800%2C400&ssl=1&resize=700%2C400 2x"},"classes":[]},{"id":66808,"url":"https:\/\/www.shqiperia.com\/blog\/ceshtja-e-mcgonigal-gazetari-robert-papa-zbulon-informacione-qe-mund-te-fundosin-kryeministrin-rama\/","url_meta":{"origin":33571,"position":2},"title":"\u00c7\u00ebshtja e \u201cMcGonigal\u201d, gazetari Robert Papa zbulon informacione q\u00eb mund t\u00eb fundosin kryeministrin Rama","author":"Kurt Farka","date":"January 26, 2023","format":false,"excerpt":"26 Janar 2023 Papa tha se emri i Ram\u00ebs p\u00ebrmendet 6 her\u00eb n\u00eb aktakuz\u00eb dhe kryeministri shqiptar s\u2019i shp\u00ebton dot k\u00ebsaj historie. Ai u shpreh se Blinken do t\u00eb duhej ta shpallte \u201cnon grata\u201d ndon\u00ebse vendime t\u00eb tilla nuk merren p\u00ebr kryeministra n\u00eb detyr\u00eb. Papa tha se cenohet edhe politika\u2026","rel":"","context":"In &quot;Blogu i Udh\u00ebtarit&quot;","block_context":{"text":"Blogu i Udh\u00ebtarit","link":"https:\/\/www.shqiperia.com\/blog\/category\/blogu-i-udhetarit\/"},"img":{"alt_text":"","src":"https:\/\/i0.wp.com\/www.shqiperia.com\/blog\/wp-content\/uploads\/2023\/01\/Edi-Rama.jpg?fit=920%2C597&ssl=1&resize=350%2C200","width":350,"height":200,"srcset":"https:\/\/i0.wp.com\/www.shqiperia.com\/blog\/wp-content\/uploads\/2023\/01\/Edi-Rama.jpg?fit=920%2C597&ssl=1&resize=350%2C200 1x, https:\/\/i0.wp.com\/www.shqiperia.com\/blog\/wp-content\/uploads\/2023\/01\/Edi-Rama.jpg?fit=920%2C597&ssl=1&resize=525%2C300 1.5x, https:\/\/i0.wp.com\/www.shqiperia.com\/blog\/wp-content\/uploads\/2023\/01\/Edi-Rama.jpg?fit=920%2C597&ssl=1&resize=700%2C400 2x"},"classes":[]},{"id":66741,"url":"https:\/\/www.shqiperia.com\/blog\/ceshtja-mcgonigal-rama-korrupton-ambasadore-e-punonjes-te-fbi-mund-te-shpallet-non-grata-nga-shba-nese-prokuroria-duhet-te-hetoje\/","url_meta":{"origin":33571,"position":3},"title":"\u00c7\u00ebshtja McGonigal\/  &#8211; Rama korrupton ambasador\u00eb e punonj\u00ebs t\u00eb FBI.  &#8211; Mund t\u00eb shpallet non grata nga SHBA n\u00ebse\u2026 &#8211; \u201cProkuroria duhet t\u00eb hetoj\u00eb\u201d.","author":"Kurt Farka","date":"January 25, 2023","format":false,"excerpt":"25 Janar 2023 Analisti Fatos Lubonja, i ftuar n\u00eb rubrik\u00ebn \u201cOpinion\u201d n\u00eb News24, ka komentuar akuzat ndaj ish zyrtarit t\u00eb lart\u00eb t\u00eb FBI Charles McGonigal dhe lidhjen e tij m\u00eb kryeministrin Rama dhe Shqip\u00ebrin\u00eb. Lubonja theksoi se kryeministri Rama Prokuroria shqiptare duhet t\u00eb hetoj\u00eb n\u00eb lidhje me ngjarjen dhe p\u00ebr\u2026","rel":"","context":"In &quot;Blogu i Udh\u00ebtarit&quot;","block_context":{"text":"Blogu i Udh\u00ebtarit","link":"https:\/\/www.shqiperia.com\/blog\/category\/blogu-i-udhetarit\/"},"img":{"alt_text":"","src":"https:\/\/i0.wp.com\/www.shqiperia.com\/blog\/wp-content\/uploads\/2023\/01\/fatos-lubonja.jpg?fit=1006%2C562&ssl=1&resize=350%2C200","width":350,"height":200,"srcset":"https:\/\/i0.wp.com\/www.shqiperia.com\/blog\/wp-content\/uploads\/2023\/01\/fatos-lubonja.jpg?fit=1006%2C562&ssl=1&resize=350%2C200 1x, https:\/\/i0.wp.com\/www.shqiperia.com\/blog\/wp-content\/uploads\/2023\/01\/fatos-lubonja.jpg?fit=1006%2C562&ssl=1&resize=525%2C300 1.5x, https:\/\/i0.wp.com\/www.shqiperia.com\/blog\/wp-content\/uploads\/2023\/01\/fatos-lubonja.jpg?fit=1006%2C562&ssl=1&resize=700%2C400 2x"},"classes":[]},{"id":61675,"url":"https:\/\/www.shqiperia.com\/blog\/entitetet-e-huaja-nderdimensionale-po-vizitojne-njerezimin-konfirmon-fbi\/","url_meta":{"origin":33571,"position":4},"title":"Entitetet e huaja nd\u00ebrdimensionale po vizitojn\u00eb njer\u00ebzimin, konfirmon FBI","author":"Kurt Farka","date":"September 1, 2022","format":false,"excerpt":"1 Shtator 2022 Me kalimin e viteve gjithnj\u00eb e m\u00eb shum\u00eb skedar\u00eb UFO dhe tregime t\u00eb takimeve me alien\u00ebt publikohen dhe detajet po na vijn\u00eb me shpejt\u00ebsi. Nga zvarranik\u00ebt tek grit\u00eb, nordik\u00ebt, gjigant\u00ebt humanoid\u00eb, alien\u00ebt e Mantis dhe m\u00eb shum\u00eb, na b\u00ebn t\u00eb kuptojm\u00eb se ekziston nj\u00eb sasi e madhe\u2026","rel":"","context":"In &quot;Blogu i Udh\u00ebtarit&quot;","block_context":{"text":"Blogu i Udh\u00ebtarit","link":"https:\/\/www.shqiperia.com\/blog\/category\/blogu-i-udhetarit\/"},"img":{"alt_text":"","src":"https:\/\/i0.wp.com\/www.shqiperia.com\/blog\/wp-content\/uploads\/2022\/09\/640-0-fbi-aliens-540x337-857.jpg?fit=640%2C351&ssl=1&resize=350%2C200","width":350,"height":200,"srcset":"https:\/\/i0.wp.com\/www.shqiperia.com\/blog\/wp-content\/uploads\/2022\/09\/640-0-fbi-aliens-540x337-857.jpg?fit=640%2C351&ssl=1&resize=350%2C200 1x, https:\/\/i0.wp.com\/www.shqiperia.com\/blog\/wp-content\/uploads\/2022\/09\/640-0-fbi-aliens-540x337-857.jpg?fit=640%2C351&ssl=1&resize=525%2C300 1.5x"},"classes":[]},{"id":93526,"url":"https:\/\/www.shqiperia.com\/blog\/departamenti-i-drejtesise-ne-shba-zbardh-dosjen-hetimore-ndaj-ish-zyrtarit-te-larte-te-fbi-se-mcgonigal-demtoi-qellimisht-nje-ceshtje-te-rendesishme-penale-dy-takime-me-kryeministrin-shqiptar\/","url_meta":{"origin":33571,"position":5},"title":"Departamenti i Drejt\u00ebsis\u00eb n\u00eb SHBA zbardh dosjen hetimore ndaj ish-zyrtarit t\u00eb lart\u00eb t\u00eb FBI-s\u00eb, McGonigal: &#8211; D\u00ebmtoi q\u00ebllimisht nj\u00eb \u00e7\u00ebshtje t\u00eb r\u00ebnd\u00ebsishme penale! Dy takime me kryeministrin shqiptar","author":"Kurt Farka","date":"September 5, 2025","format":false,"excerpt":"5 Shtator 2025 Departamenti i Drejt\u00ebsis\u00eb i Shteteve t\u00eb Bashkuara ka publikuar dosjen me hetimet ndaj ish-agjentit t\u00eb FBI-s\u00eb, Charles McGonigal. McGonigal \u00ebsht\u00eb nj\u00eb nga ish-zyrtar\u00ebt m\u00eb t\u00eb lart\u00eb t\u00eb FBI-s\u00eb mbi t\u00eb cilin r\u00ebndojn\u00eb dy akuza, mes t\u00eb tjerash, p\u00ebr udh\u00ebtime me shpenzime t\u00eb paguara n\u00eb Tiran\u00eb ku \u00ebsht\u00eb\u2026","rel":"","context":"In &quot;Blogu i Udh\u00ebtarit&quot;","block_context":{"text":"Blogu i Udh\u00ebtarit","link":"https:\/\/www.shqiperia.com\/blog\/category\/blogu-i-udhetarit\/"},"img":{"alt_text":"","src":"https:\/\/i0.wp.com\/www.shqiperia.com\/blog\/wp-content\/uploads\/2025\/09\/640-0-63d43391138f5.png?fit=640%2C383&ssl=1&resize=350%2C200","width":350,"height":200,"srcset":"https:\/\/i0.wp.com\/www.shqiperia.com\/blog\/wp-content\/uploads\/2025\/09\/640-0-63d43391138f5.png?fit=640%2C383&ssl=1&resize=350%2C200 1x, https:\/\/i0.wp.com\/www.shqiperia.com\/blog\/wp-content\/uploads\/2025\/09\/640-0-63d43391138f5.png?fit=640%2C383&ssl=1&resize=525%2C300 1.5x"},"classes":[]}],"_links":{"self":[{"href":"https:\/\/www.shqiperia.com\/blog\/wp-json\/wp\/v2\/posts\/33571","targetHints":{"allow":["GET"]}}],"collection":[{"href":"https:\/\/www.shqiperia.com\/blog\/wp-json\/wp\/v2\/posts"}],"about":[{"href":"https:\/\/www.shqiperia.com\/blog\/wp-json\/wp\/v2\/types\/post"}],"author":[{"embeddable":true,"href":"https:\/\/www.shqiperia.com\/blog\/wp-json\/wp\/v2\/users\/9"}],"replies":[{"embeddable":true,"href":"https:\/\/www.shqiperia.com\/blog\/wp-json\/wp\/v2\/comments?post=33571"}],"version-history":[{"count":2,"href":"https:\/\/www.shqiperia.com\/blog\/wp-json\/wp\/v2\/posts\/33571\/revisions"}],"predecessor-version":[{"id":33574,"href":"https:\/\/www.shqiperia.com\/blog\/wp-json\/wp\/v2\/posts\/33571\/revisions\/33574"}],"wp:featuredmedia":[{"embeddable":true,"href":"https:\/\/www.shqiperia.com\/blog\/wp-json\/wp\/v2\/media\/33572"}],"wp:attachment":[{"href":"https:\/\/www.shqiperia.com\/blog\/wp-json\/wp\/v2\/media?parent=33571"}],"wp:term":[{"taxonomy":"category","embeddable":true,"href":"https:\/\/www.shqiperia.com\/blog\/wp-json\/wp\/v2\/categories?post=33571"},{"taxonomy":"post_tag","embeddable":true,"href":"https:\/\/www.shqiperia.com\/blog\/wp-json\/wp\/v2\/tags?post=33571"}],"curies":[{"name":"wp","href":"https:\/\/api.w.org\/{rel}","templated":true}]}}