{"id":33568,"date":"2020-04-19T17:45:41","date_gmt":"2020-04-19T17:45:41","guid":{"rendered":"https:\/\/www.shqiperia.com\/blog\/?p=33568"},"modified":"2020-04-19T17:45:41","modified_gmt":"2020-04-19T17:45:41","slug":"studimi-francez-ja-ne-cilen-temperature-riprodhohet-koronavirusi-zhduket-ne-90-grade-por","status":"publish","type":"post","link":"https:\/\/www.shqiperia.com\/blog\/studimi-francez-ja-ne-cilen-temperature-riprodhohet-koronavirusi-zhduket-ne-90-grade-por\/","title":{"rendered":"\u201dStudimi francez: Ja n\u00eb cil\u00ebn temperatur\u00eb riprodhohet koronavirusi\u201d.  \u00a0\u201cZhduket n\u00eb 90 grad\u00eb por \u2026\u201d"},"content":{"rendered":"<p><img data-recalc-dims=\"1\" loading=\"lazy\" decoding=\"async\" data-attachment-id=\"33569\" data-permalink=\"https:\/\/www.shqiperia.com\/blog\/studimi-francez-ja-ne-cilen-temperature-riprodhohet-koronavirusi-zhduket-ne-90-grade-por\/kroon-750x375\/\" data-orig-file=\"https:\/\/i0.wp.com\/www.shqiperia.com\/blog\/wp-content\/uploads\/2020\/04\/kroon-750x375-1.jpg?fit=750%2C375&amp;ssl=1\" data-orig-size=\"750,375\" data-comments-opened=\"1\" data-image-meta=\"{&quot;aperture&quot;:&quot;0&quot;,&quot;credit&quot;:&quot;&quot;,&quot;camera&quot;:&quot;&quot;,&quot;caption&quot;:&quot;&quot;,&quot;created_timestamp&quot;:&quot;0&quot;,&quot;copyright&quot;:&quot;&quot;,&quot;focal_length&quot;:&quot;0&quot;,&quot;iso&quot;:&quot;0&quot;,&quot;shutter_speed&quot;:&quot;0&quot;,&quot;title&quot;:&quot;&quot;,&quot;orientation&quot;:&quot;0&quot;}\" data-image-title=\"kroon-750&#215;375\" data-image-description=\"\" data-image-caption=\"\" data-medium-file=\"https:\/\/i0.wp.com\/www.shqiperia.com\/blog\/wp-content\/uploads\/2020\/04\/kroon-750x375-1.jpg?fit=300%2C150&amp;ssl=1\" data-large-file=\"https:\/\/i0.wp.com\/www.shqiperia.com\/blog\/wp-content\/uploads\/2020\/04\/kroon-750x375-1.jpg?fit=750%2C375&amp;ssl=1\" class=\"alignnone  wp-image-33569\" alt=\"\" src=\"https:\/\/i0.wp.com\/www.shqiperia.com\/blog\/wp-content\/uploads\/2020\/04\/kroon-750x375-1.jpg?resize=472%2C236&#038;ssl=1\" width=\"472\" height=\"236\" srcset=\"https:\/\/i0.wp.com\/www.shqiperia.com\/blog\/wp-content\/uploads\/2020\/04\/kroon-750x375-1.jpg?resize=300%2C150&amp;ssl=1 300w, https:\/\/i0.wp.com\/www.shqiperia.com\/blog\/wp-content\/uploads\/2020\/04\/kroon-750x375-1.jpg?resize=450%2C225&amp;ssl=1 450w, https:\/\/i0.wp.com\/www.shqiperia.com\/blog\/wp-content\/uploads\/2020\/04\/kroon-750x375-1.jpg?resize=600%2C300&amp;ssl=1 600w, https:\/\/i0.wp.com\/www.shqiperia.com\/blog\/wp-content\/uploads\/2020\/04\/kroon-750x375-1.jpg?resize=400%2C200&amp;ssl=1 400w, https:\/\/i0.wp.com\/www.shqiperia.com\/blog\/wp-content\/uploads\/2020\/04\/kroon-750x375-1.jpg?w=750&amp;ssl=1 750w\" sizes=\"auto, (max-width: 472px) 100vw, 472px\" \/><\/p>\n<p><strong>\u201dStudimi francez: Ja n\u00eb cil\u00ebn temperatur\u00eb riprodhohet koronavirusi\u201d.<\/strong><\/p>\n<p><strong>\u00a0\u201cZhduket n\u00eb 90 grad\u00eb por \u2026\u201d<\/strong><\/p>\n<p><strong>19 Prill 2020\u00a0<\/strong><\/p>\n<p><em>\u201cCovid-19 humb funksionin totalisht vet\u00ebm mbi 90 grad\u00eb, nd\u00ebrsa n\u00eb nj\u00eb temperatur\u00eb m\u00eb t\u00eb ul\u00ebt mund t\u00eb vazhdoj\u00eb q\u00eb t\u00eb riprodhohet\u201d.<\/em><\/p>\n<p>\u00cbsht\u00eb kjo ajo q\u00eb pretendon nj\u00eb studim shkencor i kryer nga Universiteti francez i Aix-Marsiglia, ku u ekzaminua disa mostra t\u00eb koronavirusit, me t\u00eb cilat u infektuan qelizat e nj\u00eb majmuni.<\/p>\n<p>Rezultoi se disa qeliza t\u00eb infektuara u shuan n\u00eb 60 grad\u00eb, nd\u00ebrsa pjesa tjet\u00ebr ishin akoma n\u00eb gjendje q\u00eb t\u00eb riprodhoheshin.<\/p>\n<p>P\u00ebr t\u00eb vrar\u00eb t\u00eb gjitha llojet e virusit, temperatura u rrit me 30 grad\u00eb t\u00eb tjera.<\/p>\n<p>Sipas studimit t\u00eb kryer nga Universiteti i Aix-Marseille, koronavirusi mund t\u00eb zgjas\u00eb deri n\u00eb dy dit\u00eb n\u00eb rroba dhe vet\u00ebm larja n\u00eb 92 grad\u00eb p\u00ebr 15 minuta \u00ebsht\u00eb n\u00eb gjendje t\u00eb vras\u00eb plot\u00ebsisht virusin.<\/p>\n<p><strong>\u00a9Copyright Gazeta SHQIP<\/strong><\/p>\n","protected":false},"excerpt":{"rendered":"<p>\u201dStudimi francez: Ja n\u00eb cil\u00ebn temperatur\u00eb riprodhohet koronavirusi\u201d. \u00a0\u201cZhduket n\u00eb 90 grad\u00eb por \u2026\u201d 19 Prill 2020\u00a0 \u201cCovid-19 humb funksionin totalisht vet\u00ebm mbi 90 grad\u00eb, nd\u00ebrsa n\u00eb nj\u00eb temperatur\u00eb m\u00eb t\u00eb ul\u00ebt mund t\u00eb vazhdoj\u00eb q\u00eb t\u00eb riprodhohet\u201d. \u00cbsht\u00eb kjo ajo q\u00eb pretendon nj\u00eb studim shkencor i kryer nga Universiteti francez i Aix-Marsiglia, ku u [&hellip;]<\/p>\n","protected":false},"author":9,"featured_media":33569,"comment_status":"open","ping_status":"open","sticky":false,"template":"","format":"standard","meta":{"jetpack_post_was_ever_published":false,"_jetpack_newsletter_access":"","_jetpack_dont_email_post_to_subs":false,"_jetpack_newsletter_tier_id":0,"_jetpack_memberships_contains_paywalled_content":false,"_jetpack_memberships_contains_paid_content":false,"footnotes":"","jetpack_publicize_message":"","jetpack_publicize_feature_enabled":true,"jetpack_social_post_already_shared":true,"jetpack_social_options":{"image_generator_settings":{"template":"highway","default_image_id":0,"font":"","enabled":false},"version":2}},"categories":[27,35],"tags":[],"class_list":["post-33568","post","type-post","status-publish","format-standard","has-post-thumbnail","hentry","category-blogu-i-udhetarit","category-shoqerore"],"jetpack_publicize_connections":[],"jetpack_featured_media_url":"https:\/\/i0.wp.com\/www.shqiperia.com\/blog\/wp-content\/uploads\/2020\/04\/kroon-750x375-1.jpg?fit=750%2C375&ssl=1","jetpack_sharing_enabled":true,"jetpack_shortlink":"https:\/\/wp.me\/p5Z6wp-8Jq","jetpack-related-posts":[{"id":34557,"url":"https:\/\/www.shqiperia.com\/blog\/studim-me-i-fundit-ja-sa-vite-me-heret-do-vdesin-njerezit-qe-u-infektuan-me-koronavirus\/","url_meta":{"origin":33568,"position":0},"title":"Studim m\u00eb i fundit: &#8211; Ja sa vite m\u00eb her\u00ebt do vdesin njer\u00ebzit q\u00eb u infektuan me koronavirus","author":"Kurt Farka","date":"May 12, 2020","format":false,"excerpt":"Studim m\u00eb i fundit: - Ja sa vite m\u00eb her\u00ebt do vdesin njer\u00ebzit q\u00eb u infektuan me koronavirus 11 MAJ 2020 Sipas nj\u00eb studimi t\u00eb b\u00ebr\u00eb nga Universiteti i Glasgow, edhe pse numri i t\u00eb infektuarve nga koronavirusi nuk duhet n\u00ebnvler\u00ebsuar, fokusi gjithashtu duhet t\u00eb jet\u00eb edhe tek pasojat q\u00eb\u2026","rel":"","context":"In &quot;Blogu i Udh\u00ebtarit&quot;","block_context":{"text":"Blogu i Udh\u00ebtarit","link":"https:\/\/www.shqiperia.com\/blog\/category\/blogu-i-udhetarit\/"},"img":{"alt_text":"","src":"https:\/\/i0.wp.com\/www.shqiperia.com\/blog\/wp-content\/uploads\/2020\/05\/800-0-5eb94d4d387cb.jpg?fit=800%2C412&ssl=1&resize=350%2C200","width":350,"height":200,"srcset":"https:\/\/i0.wp.com\/www.shqiperia.com\/blog\/wp-content\/uploads\/2020\/05\/800-0-5eb94d4d387cb.jpg?fit=800%2C412&ssl=1&resize=350%2C200 1x, https:\/\/i0.wp.com\/www.shqiperia.com\/blog\/wp-content\/uploads\/2020\/05\/800-0-5eb94d4d387cb.jpg?fit=800%2C412&ssl=1&resize=525%2C300 1.5x, https:\/\/i0.wp.com\/www.shqiperia.com\/blog\/wp-content\/uploads\/2020\/05\/800-0-5eb94d4d387cb.jpg?fit=800%2C412&ssl=1&resize=700%2C400 2x"},"classes":[]},{"id":33691,"url":"https:\/\/www.shqiperia.com\/blog\/lajm-i-mire-per-duhanpiresit-studimi-francez-virusi-nuk-e-ka-qejf-nikotinen\/","url_meta":{"origin":33568,"position":1},"title":"Lajm i mir\u00eb p\u00ebr duhanpir\u00ebsit, studimi francez: Virusi nuk e ka qejf nikotin\u00ebn","author":"Kurt Farka","date":"April 23, 2020","format":false,"excerpt":"Lajm i mir\u00eb p\u00ebr duhanpir\u00ebsit, studimi francez: Virusi nuk e ka qejf nikotin\u00ebn - 23\/04\/20 mapo.al Nj\u00eb studim i nj\u00eb institucioni prestigjioz mbi koronavirusin po krijon debate pafund n\u00eb Franc\u00eb.\u00a0Sipas studimit t\u00eb nj\u00eb ekipi shkencor, ku b\u00ebjn\u00eb pjes\u00eb emra t\u00eb njohur si epidemiologia Florence Tubach dhe neurobiologu Jean-Pierre Changeaux, pacient\u00ebt\u2026","rel":"","context":"In &quot;Blogu i Udh\u00ebtarit&quot;","block_context":{"text":"Blogu i Udh\u00ebtarit","link":"https:\/\/www.shqiperia.com\/blog\/category\/blogu-i-udhetarit\/"},"img":{"alt_text":"","src":"https:\/\/i0.wp.com\/www.shqiperia.com\/blog\/wp-content\/uploads\/2020\/04\/duhanpiresit.jpg?fit=863%2C485&ssl=1&resize=350%2C200","width":350,"height":200,"srcset":"https:\/\/i0.wp.com\/www.shqiperia.com\/blog\/wp-content\/uploads\/2020\/04\/duhanpiresit.jpg?fit=863%2C485&ssl=1&resize=350%2C200 1x, https:\/\/i0.wp.com\/www.shqiperia.com\/blog\/wp-content\/uploads\/2020\/04\/duhanpiresit.jpg?fit=863%2C485&ssl=1&resize=525%2C300 1.5x, https:\/\/i0.wp.com\/www.shqiperia.com\/blog\/wp-content\/uploads\/2020\/04\/duhanpiresit.jpg?fit=863%2C485&ssl=1&resize=700%2C400 2x"},"classes":[]},{"id":32601,"url":"https:\/\/www.shqiperia.com\/blog\/virologu-francez-tregon-ilacin-i-surprizon-te-gjithe-e-di-si-mund-te-sherohesh-nga-koronavirusi-18-mars-2020\/","url_meta":{"origin":33568,"position":2},"title":"Virologu francez tregon ila\u00e7in, i surprizon t\u00eb gjith\u00eb: E di si mund t\u00eb sh\u00ebrohesh nga koronavirusi  18 MARS 2020","author":"Kurt Farka","date":"March 21, 2020","format":false,"excerpt":"Virologu francez tregon ila\u00e7in, i surprizon t\u00eb gjith\u00eb: E di si mund t\u00eb sh\u00ebrohesh nga koronavirusi 18 MARS 2020 Mjeku Didier Raoult, drejtor i Institutit Mesdhetar p\u00ebr Infeksionet n\u00eb Marsej\u00eb, publikoi p\u00ebr mediat vendase rezultatet e testit t\u00eb tij klinik, lidhur me trajtimin e koronavirusit me clorochina. Ai ka deklaruar\u2026","rel":"","context":"In &quot;Blogu i Udh\u00ebtarit&quot;","block_context":{"text":"Blogu i Udh\u00ebtarit","link":"https:\/\/www.shqiperia.com\/blog\/category\/blogu-i-udhetarit\/"},"img":{"alt_text":"","src":"https:\/\/i0.wp.com\/www.shqiperia.com\/blog\/wp-content\/uploads\/2020\/03\/800-0-5e71e79d2f16d.jpg?fit=800%2C450&ssl=1&resize=350%2C200","width":350,"height":200,"srcset":"https:\/\/i0.wp.com\/www.shqiperia.com\/blog\/wp-content\/uploads\/2020\/03\/800-0-5e71e79d2f16d.jpg?fit=800%2C450&ssl=1&resize=350%2C200 1x, https:\/\/i0.wp.com\/www.shqiperia.com\/blog\/wp-content\/uploads\/2020\/03\/800-0-5e71e79d2f16d.jpg?fit=800%2C450&ssl=1&resize=525%2C300 1.5x, https:\/\/i0.wp.com\/www.shqiperia.com\/blog\/wp-content\/uploads\/2020\/03\/800-0-5e71e79d2f16d.jpg?fit=800%2C450&ssl=1&resize=700%2C400 2x"},"classes":[]},{"id":33482,"url":"https:\/\/www.shqiperia.com\/blog\/ky-virus-i-ri-nuk-shkaterrohet-me-mot-te-ngrohte-sa-duhet-te-jete-temperatura-ku-smbijeton\/","url_meta":{"origin":33568,"position":3},"title":"Ky virus i ri nuk shkat\u00ebrrohet me mot t\u00eb ngroht\u00eb, sa duhet t\u00eb jet\u00eb temperatura ku s\u2019mbijeton","author":"Kurt Farka","date":"April 16, 2020","format":false,"excerpt":"Ky virus i ri nuk shkat\u00ebrrohet me mot t\u00eb ngroht\u00eb, sa duhet t\u00eb jet\u00eb temperatura ku s\u2019mbijeton 15 prill \u00a02020 Disa shkenc\u00ebtar\u00eb francez\u00eb kan\u00eb hedhur posht\u00eb hipotez\u00ebn se me ngrohjen e temperaturave virusi do t\u00eb zhduket. Ata kan\u00eb zbuluar se ky virus i ri k\u00ebrkon temperatura vluese p\u00ebr ta shkat\u00ebrruar,\u2026","rel":"","context":"In &quot;Blogu i Udh\u00ebtarit&quot;","block_context":{"text":"Blogu i Udh\u00ebtarit","link":"https:\/\/www.shqiperia.com\/blog\/category\/blogu-i-udhetarit\/"},"img":{"alt_text":"","src":"https:\/\/i0.wp.com\/www.shqiperia.com\/blog\/wp-content\/uploads\/2020\/04\/640-0-5e971a4072c05-905x450-1.jpg?fit=905%2C450&ssl=1&resize=350%2C200","width":350,"height":200,"srcset":"https:\/\/i0.wp.com\/www.shqiperia.com\/blog\/wp-content\/uploads\/2020\/04\/640-0-5e971a4072c05-905x450-1.jpg?fit=905%2C450&ssl=1&resize=350%2C200 1x, https:\/\/i0.wp.com\/www.shqiperia.com\/blog\/wp-content\/uploads\/2020\/04\/640-0-5e971a4072c05-905x450-1.jpg?fit=905%2C450&ssl=1&resize=525%2C300 1.5x, https:\/\/i0.wp.com\/www.shqiperia.com\/blog\/wp-content\/uploads\/2020\/04\/640-0-5e971a4072c05-905x450-1.jpg?fit=905%2C450&ssl=1&resize=700%2C400 2x"},"classes":[]},{"id":40219,"url":"https:\/\/www.shqiperia.com\/blog\/te-infektuarit-plaken-10-vjet-para-kohe-studimi-shqetesues-koronavirusi-godet-fort-edhe\/","url_meta":{"origin":33568,"position":4},"title":"\u201cT\u00eb infektuarit plaken 10 vjet para kohe\u201d. &#8211; Studimi shqet\u00ebsues, koronavirusi godet fort edhe&#8230;","author":"Kurt Farka","date":"October 29, 2020","format":false,"excerpt":"\u201cT\u00eb infektuarit plaken 10 vjet para kohe\u201d. - Studimi shqet\u00ebsues, koronavirusi godet fort edhe... 29 TETOR 2020 Q\u00eb nga fillimi i pandemis\u00eb s\u00eb koronavirusit, shkenc\u00ebtar\u00ebt u kan\u00eb treguar njer\u00ebzve se si virusi ndikon n\u00eb trup dhe \u00e7far\u00eb do t\u00eb p\u00ebrjetonin njer\u00ebzit pas kontraktimit t\u00eb SARS-CoV-2. Por nj\u00eb studim i fundit\u2026","rel":"","context":"In &quot;Blogu i Udh\u00ebtarit&quot;","block_context":{"text":"Blogu i Udh\u00ebtarit","link":"https:\/\/www.shqiperia.com\/blog\/category\/blogu-i-udhetarit\/"},"img":{"alt_text":"","src":"https:\/\/i0.wp.com\/www.shqiperia.com\/blog\/wp-content\/uploads\/2020\/10\/640-0-5f9a663a21807.jpg?fit=640%2C360&ssl=1&resize=350%2C200","width":350,"height":200,"srcset":"https:\/\/i0.wp.com\/www.shqiperia.com\/blog\/wp-content\/uploads\/2020\/10\/640-0-5f9a663a21807.jpg?fit=640%2C360&ssl=1&resize=350%2C200 1x, https:\/\/i0.wp.com\/www.shqiperia.com\/blog\/wp-content\/uploads\/2020\/10\/640-0-5f9a663a21807.jpg?fit=640%2C360&ssl=1&resize=525%2C300 1.5x"},"classes":[]},{"id":40782,"url":"https:\/\/www.shqiperia.com\/blog\/covid-19-i-afte-te-shkaktoje-probleme-edhe-tek-ata-qe-nuk-kane-pasur-me-pare-studimi-me-i-fundit-me-ultratinguj-zbardh-detaje-tronditese-ja-si-e-demton-zemren-koronavirusi-dhe-sa-perqind-preken-r\/","url_meta":{"origin":33568,"position":5},"title":"Covid-19, i aft\u00eb t\u00eb shkaktoj\u00eb probleme edhe tek ata q\u00eb nuk kan\u00eb pasur m\u00eb par\u00eb! Studimi m\u00eb i fundit me ultratinguj zbardh detaje trondit\u00ebse: &#8211; Ja si e d\u00ebmton zemr\u00ebn koronavirusi dhe sa p\u00ebrqind preken r\u00ebnd\u00eb","author":"Kurt Farka","date":"November 12, 2020","format":false,"excerpt":"Covid-19, i aft\u00eb t\u00eb shkaktoj\u00eb probleme edhe tek ata q\u00eb nuk kan\u00eb pasur m\u00eb par\u00eb! Studimi m\u00eb i fundit me ultratinguj zbardh detaje trondit\u00ebse: - Ja si e d\u00ebmton zemr\u00ebn koronavirusi dhe sa p\u00ebrqind preken r\u00ebnd\u00eb 12 N\u00cbNTOR 2020 Ne kemi m\u00ebsuar mjaftuesh\u00ebm mbi Covid-19, p\u00ebr t\u00eb ditur se deri\u2026","rel":"","context":"In &quot;Blogu i Udh\u00ebtarit&quot;","block_context":{"text":"Blogu i Udh\u00ebtarit","link":"https:\/\/www.shqiperia.com\/blog\/category\/blogu-i-udhetarit\/"},"img":{"alt_text":"","src":"https:\/\/i0.wp.com\/www.shqiperia.com\/blog\/wp-content\/uploads\/2020\/11\/800-0-330727666564ddf806af19471b8d617b.jpg?fit=800%2C401&ssl=1&resize=350%2C200","width":350,"height":200,"srcset":"https:\/\/i0.wp.com\/www.shqiperia.com\/blog\/wp-content\/uploads\/2020\/11\/800-0-330727666564ddf806af19471b8d617b.jpg?fit=800%2C401&ssl=1&resize=350%2C200 1x, https:\/\/i0.wp.com\/www.shqiperia.com\/blog\/wp-content\/uploads\/2020\/11\/800-0-330727666564ddf806af19471b8d617b.jpg?fit=800%2C401&ssl=1&resize=525%2C300 1.5x, https:\/\/i0.wp.com\/www.shqiperia.com\/blog\/wp-content\/uploads\/2020\/11\/800-0-330727666564ddf806af19471b8d617b.jpg?fit=800%2C401&ssl=1&resize=700%2C400 2x"},"classes":[]}],"_links":{"self":[{"href":"https:\/\/www.shqiperia.com\/blog\/wp-json\/wp\/v2\/posts\/33568","targetHints":{"allow":["GET"]}}],"collection":[{"href":"https:\/\/www.shqiperia.com\/blog\/wp-json\/wp\/v2\/posts"}],"about":[{"href":"https:\/\/www.shqiperia.com\/blog\/wp-json\/wp\/v2\/types\/post"}],"author":[{"embeddable":true,"href":"https:\/\/www.shqiperia.com\/blog\/wp-json\/wp\/v2\/users\/9"}],"replies":[{"embeddable":true,"href":"https:\/\/www.shqiperia.com\/blog\/wp-json\/wp\/v2\/comments?post=33568"}],"version-history":[{"count":1,"href":"https:\/\/www.shqiperia.com\/blog\/wp-json\/wp\/v2\/posts\/33568\/revisions"}],"predecessor-version":[{"id":33570,"href":"https:\/\/www.shqiperia.com\/blog\/wp-json\/wp\/v2\/posts\/33568\/revisions\/33570"}],"wp:featuredmedia":[{"embeddable":true,"href":"https:\/\/www.shqiperia.com\/blog\/wp-json\/wp\/v2\/media\/33569"}],"wp:attachment":[{"href":"https:\/\/www.shqiperia.com\/blog\/wp-json\/wp\/v2\/media?parent=33568"}],"wp:term":[{"taxonomy":"category","embeddable":true,"href":"https:\/\/www.shqiperia.com\/blog\/wp-json\/wp\/v2\/categories?post=33568"},{"taxonomy":"post_tag","embeddable":true,"href":"https:\/\/www.shqiperia.com\/blog\/wp-json\/wp\/v2\/tags?post=33568"}],"curies":[{"name":"wp","href":"https:\/\/api.w.org\/{rel}","templated":true}]}}