{"id":33565,"date":"2020-04-19T14:07:29","date_gmt":"2020-04-19T14:07:29","guid":{"rendered":"https:\/\/www.shqiperia.com\/blog\/?p=33565"},"modified":"2020-04-19T14:07:29","modified_gmt":"2020-04-19T14:07:29","slug":"po-keta-personazhet-qe-shkojne-sa-ne-dhermi-e-ne-jale-ku-aplikojne-qytetari-i-ben-kerkesen-e-vecante-kryeministri-rama-i-jep-pergjigjen-e-papritur-nese-e-ke-pe","status":"publish","type":"post","link":"https:\/\/www.shqiperia.com\/blog\/po-keta-personazhet-qe-shkojne-sa-ne-dhermi-e-ne-jale-ku-aplikojne-qytetari-i-ben-kerkesen-e-vecante-kryeministri-rama-i-jep-pergjigjen-e-papritur-nese-e-ke-pe\/","title":{"rendered":"\u201cPo k\u00ebta \u2018personazhet\u2019 q\u00eb shkojn\u00eb sa n\u00eb Dh\u00ebrmi e n\u00eb Jal\u00eb, ku aplikojn\u00eb?\u201d, qytetari i b\u00ebn k\u00ebrkes\u00ebn e ve\u00e7ant\u00eb, kryeministri Rama i jep p\u00ebrgjigjen e papritur: N\u00ebse e ke p\u00ebr Fevziun&#8230;"},"content":{"rendered":"<p><img data-recalc-dims=\"1\" loading=\"lazy\" decoding=\"async\" data-attachment-id=\"33566\" data-permalink=\"https:\/\/www.shqiperia.com\/blog\/po-keta-personazhet-qe-shkojne-sa-ne-dhermi-e-ne-jale-ku-aplikojne-qytetari-i-ben-kerkesen-e-vecante-kryeministri-rama-i-jep-pergjigjen-e-papritur-nese-e-ke-pe\/640-0-5e9bf9704eed4\/\" data-orig-file=\"https:\/\/i0.wp.com\/www.shqiperia.com\/blog\/wp-content\/uploads\/2020\/04\/640-0-5e9bf9704eed4.jpg?fit=640%2C352&amp;ssl=1\" data-orig-size=\"640,352\" data-comments-opened=\"1\" data-image-meta=\"{&quot;aperture&quot;:&quot;0&quot;,&quot;credit&quot;:&quot;&quot;,&quot;camera&quot;:&quot;&quot;,&quot;caption&quot;:&quot;&quot;,&quot;created_timestamp&quot;:&quot;0&quot;,&quot;copyright&quot;:&quot;&quot;,&quot;focal_length&quot;:&quot;0&quot;,&quot;iso&quot;:&quot;0&quot;,&quot;shutter_speed&quot;:&quot;0&quot;,&quot;title&quot;:&quot;&quot;,&quot;orientation&quot;:&quot;0&quot;}\" data-image-title=\"-640-0-5e9bf9704eed4\" data-image-description=\"\" data-image-caption=\"\" data-medium-file=\"https:\/\/i0.wp.com\/www.shqiperia.com\/blog\/wp-content\/uploads\/2020\/04\/640-0-5e9bf9704eed4.jpg?fit=300%2C165&amp;ssl=1\" data-large-file=\"https:\/\/i0.wp.com\/www.shqiperia.com\/blog\/wp-content\/uploads\/2020\/04\/640-0-5e9bf9704eed4.jpg?fit=640%2C352&amp;ssl=1\" class=\"alignnone  wp-image-33566\" alt=\"\" src=\"https:\/\/i0.wp.com\/www.shqiperia.com\/blog\/wp-content\/uploads\/2020\/04\/640-0-5e9bf9704eed4.jpg?resize=565%2C311&#038;ssl=1\" width=\"565\" height=\"311\" srcset=\"https:\/\/i0.wp.com\/www.shqiperia.com\/blog\/wp-content\/uploads\/2020\/04\/640-0-5e9bf9704eed4.jpg?resize=300%2C165&amp;ssl=1 300w, https:\/\/i0.wp.com\/www.shqiperia.com\/blog\/wp-content\/uploads\/2020\/04\/640-0-5e9bf9704eed4.jpg?resize=450%2C248&amp;ssl=1 450w, https:\/\/i0.wp.com\/www.shqiperia.com\/blog\/wp-content\/uploads\/2020\/04\/640-0-5e9bf9704eed4.jpg?resize=600%2C330&amp;ssl=1 600w, https:\/\/i0.wp.com\/www.shqiperia.com\/blog\/wp-content\/uploads\/2020\/04\/640-0-5e9bf9704eed4.jpg?resize=400%2C220&amp;ssl=1 400w, https:\/\/i0.wp.com\/www.shqiperia.com\/blog\/wp-content\/uploads\/2020\/04\/640-0-5e9bf9704eed4.jpg?w=640&amp;ssl=1 640w\" sizes=\"auto, (max-width: 565px) 100vw, 565px\" \/><\/p>\n<p>\u201cPo k\u00ebta \u2018personazhet\u2019 q\u00eb shkojn\u00eb sa n\u00eb Dh\u00ebrmi e n\u00eb Jal\u00eb, ku aplikojn\u00eb?\u201d, qytetari i b\u00ebn k\u00ebrkes\u00ebn e ve\u00e7ant\u00eb, kryeministri Rama i jep p\u00ebrgjigjen e papritur: N\u00ebse e ke p\u00ebr Fevziun&#8230;<\/p>\n<p>19 PRILL 2020<\/p>\n<p>Kryeministri Edi Rama publikoi mbr\u00ebmjen e djeshme udh\u00ebzimet e reja p\u00ebr l\u00ebvizjen e qytetar\u00ebve me makina e tyre private. Pik\u00ebrisht n\u00eb k\u00ebt\u00eb status t\u00eb kryeministrit Rama n\u00eb rrjetet sociale nuk munguan as komentet pikante.<\/p>\n<p>Nj\u00eb qyetatar, i cili i thot\u00eb Ram\u00ebs se ku mund t\u00eb aplikohet p\u00ebr leje p\u00ebr n\u00eb plazhet e Dh\u00ebrmiut apo t\u00eb Jal\u00ebs, nd\u00ebrsa i kujton se shum\u00eb personazhe publik\u00eb n\u00eb k\u00ebt\u00eb dit\u00eb izolimi shkojn\u00eb sa n\u00eb nj\u00eb plazh n\u00eb tjetrin.<\/p>\n<p>\u201cPo keta \u201cpersonazhe\u201d qe shkojn sa ne Dhermi e sa ne Jale?! Ku kane aplikuar?! Se spo e gjej gjekundi ne e-albania\u201d, shkruan qytetari n\u00eb koment.<\/p>\n<p>Nuk ka vonuar edhe p\u00ebrgjigja e kryeministrit Rama i cili shkruan. \u201c\u2026nuk e di per cilat personazhe e ke llafin, po nese flet per Blendi Fevziun ai si gazetar e ka kete dreq fati ne kete situate\u201d, i shkruan Rama qytetarit.<\/p>\n<p>Gazeta Sot<\/p>\n","protected":false},"excerpt":{"rendered":"<p>\u201cPo k\u00ebta \u2018personazhet\u2019 q\u00eb shkojn\u00eb sa n\u00eb Dh\u00ebrmi e n\u00eb Jal\u00eb, ku aplikojn\u00eb?\u201d, qytetari i b\u00ebn k\u00ebrkes\u00ebn e ve\u00e7ant\u00eb, kryeministri Rama i jep p\u00ebrgjigjen e papritur: N\u00ebse e ke p\u00ebr Fevziun&#8230; 19 PRILL 2020 Kryeministri Edi Rama publikoi mbr\u00ebmjen e djeshme udh\u00ebzimet e reja p\u00ebr l\u00ebvizjen e qytetar\u00ebve me makina e tyre private. Pik\u00ebrisht n\u00eb [&hellip;]<\/p>\n","protected":false},"author":9,"featured_media":33566,"comment_status":"open","ping_status":"open","sticky":false,"template":"","format":"standard","meta":{"jetpack_post_was_ever_published":false,"_jetpack_newsletter_access":"","_jetpack_dont_email_post_to_subs":false,"_jetpack_newsletter_tier_id":0,"_jetpack_memberships_contains_paywalled_content":false,"_jetpack_memberships_contains_paid_content":false,"footnotes":"","jetpack_publicize_message":"","jetpack_publicize_feature_enabled":true,"jetpack_social_post_already_shared":true,"jetpack_social_options":{"image_generator_settings":{"template":"highway","default_image_id":0,"font":"","enabled":false},"version":2}},"categories":[27,10,35],"tags":[],"class_list":["post-33565","post","type-post","status-publish","format-standard","has-post-thumbnail","hentry","category-blogu-i-udhetarit","category-kultura","category-shoqerore"],"jetpack_publicize_connections":[],"jetpack_featured_media_url":"https:\/\/i0.wp.com\/www.shqiperia.com\/blog\/wp-content\/uploads\/2020\/04\/640-0-5e9bf9704eed4.jpg?fit=640%2C352&ssl=1","jetpack_sharing_enabled":true,"jetpack_shortlink":"https:\/\/wp.me\/p5Z6wp-8Jn","jetpack-related-posts":[{"id":46836,"url":"https:\/\/www.shqiperia.com\/blog\/nuk-marr-urdhra-nga-nje-votues-i-pd-se-rama-perplaset-me-blendi-fevziun-moderatori-nuk-ia-perton-me-pergjigjen-cte-duhet-ty-per-ke-votoj-une\/","url_meta":{"origin":33565,"position":0},"title":"\u201cNuk marr urdhra nga nj\u00eb votues i PD-s\u00eb\u201d. &#8211; Rama p\u00ebrplaset me Blendi Fevziun, moderatori nuk ia p\u00ebrton me p\u00ebrgjigjen: \u00c7\u2019t\u00eb duhet ty p\u00ebr k\u00eb votoj un\u00eb","author":"Kurt Farka","date":"April 22, 2021","format":false,"excerpt":"\u201cNuk marr urdhra nga nj\u00eb votues i PD-s\u00eb\u201d. - Rama p\u00ebrplaset me Blendi Fevziun, moderatori nuk ia p\u00ebrton me p\u00ebrgjigjen: \u00c7\u2019t\u00eb duhet ty p\u00ebr k\u00eb votoj un\u00eb 22 PRILL 2021 Kryeministri Edi Rama ka replikuar me moderatorin Blendi Fevziu n\u00eb studion e Opinion. Pjes\u00eb nga biseda n\u00eb studio: Blendi Fevziu:\u2026","rel":"","context":"In &quot;Politika&quot;","block_context":{"text":"Politika","link":"https:\/\/www.shqiperia.com\/blog\/category\/politika\/"},"img":{"alt_text":"","src":"https:\/\/i0.wp.com\/www.shqiperia.com\/blog\/wp-content\/uploads\/2021\/04\/Edi-Rama-4.jpg?fit=416%2C276&ssl=1&resize=350%2C200","width":350,"height":200},"classes":[]},{"id":49577,"url":"https:\/\/www.shqiperia.com\/blog\/kabineti-qeveritar-roland-bejko-ben-reagimin-e-papritur-spak-te-nderhyje-dhe-7-prej-tyre-ti-prese-koken-neser-ky-eshte-nderi-qe-kryeministri-i-ka-bere-opozites\/","url_meta":{"origin":33565,"position":1},"title":"Kabineti qeveritar, Roland Bejko b\u00ebn reagimin e papritur: &#8211; SPAK t\u00eb nd\u00ebrhyj\u00eb dhe 7 prej tyre t\u2019i \u2018pres\u00eb kok\u00ebn\u2019 nes\u00ebr! &#8211; Ky \u00ebsht\u00eb nderi q\u00eb kryeministri i ka b\u00ebr\u00eb opozit\u00ebs","author":"Kurt Farka","date":"September 2, 2021","format":false,"excerpt":"Kabineti qeveritar, Roland Bejko b\u00ebn reagimin e papritur: - SPAK t\u00eb nd\u00ebrhyj\u00eb dhe 7 prej tyre t\u2019i \u2018pres\u00eb kok\u00ebn\u2019 nes\u00ebr! Ky \u00ebsht\u00eb nderi q\u00eb kryeministri i ka b\u00ebr\u00eb opozit\u00ebs 2 SHTATOR 2021 An\u00ebtari i K\u00ebshillit Komb\u00ebtar t\u00eb PD-s\u00eb, Roland Bejko ka komentuar zhvillimet e fundit politike. Ai ka folur p\u00ebr\u2026","rel":"","context":"In &quot;Blogu i Udh\u00ebtarit&quot;","block_context":{"text":"Blogu i Udh\u00ebtarit","link":"https:\/\/www.shqiperia.com\/blog\/category\/blogu-i-udhetarit\/"},"img":{"alt_text":"","src":"https:\/\/i0.wp.com\/www.shqiperia.com\/blog\/wp-content\/uploads\/2021\/09\/qeveria-rama.jpg?fit=640%2C380&ssl=1&resize=350%2C200","width":350,"height":200,"srcset":"https:\/\/i0.wp.com\/www.shqiperia.com\/blog\/wp-content\/uploads\/2021\/09\/qeveria-rama.jpg?fit=640%2C380&ssl=1&resize=350%2C200 1x, https:\/\/i0.wp.com\/www.shqiperia.com\/blog\/wp-content\/uploads\/2021\/09\/qeveria-rama.jpg?fit=640%2C380&ssl=1&resize=525%2C300 1.5x"},"classes":[]},{"id":37769,"url":"https:\/\/www.shqiperia.com\/blog\/greqia-kerkon-zgjerim-kufiri-drejt-detit-jon-spartak-ngjela-zbulon-cfare-pritet-te-ndodhe-dhe-leshon-deklaraten-bombe-kjo-eshte-marreveshje-e-rames-dhe-ka-kete-qellim\/","url_meta":{"origin":33565,"position":2},"title":"Greqia k\u00ebrkon zgjerim kufiri drejt detit Jon, Spartak Ngjela zbulon \u00e7far\u00eb pritet t\u00eb ndodh\u00eb dhe l\u00ebshon deklarat\u00ebn \u2018bomb\u00eb\u2019: Kjo \u00ebsht\u00eb marr\u00ebveshje e Ram\u00ebs dhe ka k\u00ebt\u00eb q\u00ebllim!","author":"Kurt Farka","date":"August 28, 2020","format":false,"excerpt":"Greqia k\u00ebrkon zgjerim kufiri drejt detit Jon, Spartak Ngjela zbulon \u00e7far\u00eb pritet t\u00eb ndodh\u00eb dhe l\u00ebshon deklarat\u00ebn \u2018bomb\u00eb\u2019: Kjo \u00ebsht\u00eb marr\u00ebveshje e Ram\u00ebs dhe ka k\u00ebt\u00eb q\u00ebllim! 28 GUSHT 2020 Avokati Spartak Ngjela ka b\u00ebr\u00eb nj\u00eb reagim t\u00eb fort\u00eb lidhur me \u00e7\u00ebshtjen e \u2018nxeht\u00eb\u2019 t\u00eb kufirit detar me Greqin\u00eb. Ngjela\u2026","rel":"","context":"In &quot;Blogu i Udh\u00ebtarit&quot;","block_context":{"text":"Blogu i Udh\u00ebtarit","link":"https:\/\/www.shqiperia.com\/blog\/category\/blogu-i-udhetarit\/"},"img":{"alt_text":"","src":"https:\/\/i0.wp.com\/www.shqiperia.com\/blog\/wp-content\/uploads\/2020\/08\/spartak-ngjela-mirela-milori.jpg?fit=1173%2C600&ssl=1&resize=350%2C200","width":350,"height":200,"srcset":"https:\/\/i0.wp.com\/www.shqiperia.com\/blog\/wp-content\/uploads\/2020\/08\/spartak-ngjela-mirela-milori.jpg?fit=1173%2C600&ssl=1&resize=350%2C200 1x, https:\/\/i0.wp.com\/www.shqiperia.com\/blog\/wp-content\/uploads\/2020\/08\/spartak-ngjela-mirela-milori.jpg?fit=1173%2C600&ssl=1&resize=525%2C300 1.5x, https:\/\/i0.wp.com\/www.shqiperia.com\/blog\/wp-content\/uploads\/2020\/08\/spartak-ngjela-mirela-milori.jpg?fit=1173%2C600&ssl=1&resize=700%2C400 2x, https:\/\/i0.wp.com\/www.shqiperia.com\/blog\/wp-content\/uploads\/2020\/08\/spartak-ngjela-mirela-milori.jpg?fit=1173%2C600&ssl=1&resize=1050%2C600 3x"},"classes":[]},{"id":72730,"url":"https:\/\/www.shqiperia.com\/blog\/analisti-i-njohur-rama-ka-pergjegjesi-qe-zgjedh-keta-zyrtare-eshte-krijues-i-sistemit-te-korrupsionit-ne-vend\/","url_meta":{"origin":33565,"position":3},"title":"Analisti i njohur: &#8211; Rama ka p\u00ebrgjegj\u00ebsi q\u00eb zgjedh k\u00ebta zyrtar\u00eb, \u00ebsht\u00eb krijues i sistemit t\u00eb korrupsionit n\u00eb vend","author":"Kurt Farka","date":"July 15, 2023","format":false,"excerpt":"15 Korrik 2023 Analisti Pre\u00e7 Zogaj thot\u00eb se p\u00ebrgjegj\u00ebsia p\u00ebr korruptimin e \u00e7do zyrtari \u00ebsht\u00eb individual, por kryeministri Rama ka p\u00ebrgjegj\u00ebsi q\u00eb zgjedh zyrtar\u00eb q\u00eb korruptohen. Gjat\u00eb nj\u00eb intervist\u00eb p\u00ebr emisionin \u201cKjo Jav\u00eb\u201d, ai paralajm\u00ebron nj\u00eb furtun\u00eb arrestimesh lidhur me \u00e7\u00ebshtjen e incenerator\u00ebve. A ka Rama p\u00ebrgjegj\u00ebsi p\u00ebr incenerator\u00ebt? P\u00ebrgjegj\u00ebsia\u2026","rel":"","context":"In &quot;Blogu i Udh\u00ebtarit&quot;","block_context":{"text":"Blogu i Udh\u00ebtarit","link":"https:\/\/www.shqiperia.com\/blog\/category\/blogu-i-udhetarit\/"},"img":{"alt_text":"","src":"https:\/\/i0.wp.com\/www.shqiperia.com\/blog\/wp-content\/uploads\/2023\/07\/800-0-64b2c0c8af410.jpg?fit=800%2C442&ssl=1&resize=350%2C200","width":350,"height":200,"srcset":"https:\/\/i0.wp.com\/www.shqiperia.com\/blog\/wp-content\/uploads\/2023\/07\/800-0-64b2c0c8af410.jpg?fit=800%2C442&ssl=1&resize=350%2C200 1x, https:\/\/i0.wp.com\/www.shqiperia.com\/blog\/wp-content\/uploads\/2023\/07\/800-0-64b2c0c8af410.jpg?fit=800%2C442&ssl=1&resize=525%2C300 1.5x, https:\/\/i0.wp.com\/www.shqiperia.com\/blog\/wp-content\/uploads\/2023\/07\/800-0-64b2c0c8af410.jpg?fit=800%2C442&ssl=1&resize=700%2C400 2x"},"classes":[]},{"id":99303,"url":"https:\/\/www.shqiperia.com\/blog\/ivanka-trump-ne-vlore-pamjet-nga-vila-qeveritare-ku-po-qendron-vajza-e-presidentit-amerikan\/","url_meta":{"origin":33565,"position":4},"title":"Ivanka Trump n\u00eb Vlor\u00eb\/ Pamjet nga vila qeveritare, ku po q\u00ebndron vajza e presidentit amerikan","author":"Kurt Farka","date":"April 12, 2026","format":false,"excerpt":"12 Prill 2026 Kjo \u00ebsht\u00eb vila qeveritare n\u00eb Vlor\u00eb ku po q\u00ebndron Ivanka Trump. Ajo \u00ebsht\u00eb akomoduar aty prej mbr\u00ebmjes s\u00eb kaluar. Sot pritet q\u00eb ajo dhe kryeministri Rama t\u00eb ndalen p\u00ebr nj\u00eb drek\u00eb n\u00eb Dh\u00ebrmi. Kujtojm\u00eb q\u00eb n\u00eb vizit\u00ebn e saj t\u00eb fundit n\u00eb Vlor\u00eb, n\u00eb janar, ishin t\u00eb\u2026","rel":"","context":"In &quot;Njoftime Shtypi&quot;","block_context":{"text":"Njoftime Shtypi","link":"https:\/\/www.shqiperia.com\/blog\/category\/njoftime-shtypi\/"},"img":{"alt_text":"","src":"https:\/\/i0.wp.com\/www.shqiperia.com\/blog\/wp-content\/uploads\/2026\/04\/vila-qeveritare-Vlore.jpg?fit=780%2C440&ssl=1&resize=350%2C200","width":350,"height":200,"srcset":"https:\/\/i0.wp.com\/www.shqiperia.com\/blog\/wp-content\/uploads\/2026\/04\/vila-qeveritare-Vlore.jpg?fit=780%2C440&ssl=1&resize=350%2C200 1x, https:\/\/i0.wp.com\/www.shqiperia.com\/blog\/wp-content\/uploads\/2026\/04\/vila-qeveritare-Vlore.jpg?fit=780%2C440&ssl=1&resize=525%2C300 1.5x, https:\/\/i0.wp.com\/www.shqiperia.com\/blog\/wp-content\/uploads\/2026\/04\/vila-qeveritare-Vlore.jpg?fit=780%2C440&ssl=1&resize=700%2C400 2x"},"classes":[]},{"id":97295,"url":"https:\/\/www.shqiperia.com\/blog\/rama-ka-humbur-mbeshtetjen-e-nderkombetareve-lubonja-balluku-para-drejtesise-mund-te\/","url_meta":{"origin":33565,"position":5},"title":"\u201cRama ka humbur mb\u00ebshtetjen e nd\u00ebrkomb\u00ebtar\u00ebve\u201d, Lubonja: &#8211; Balluku para drejt\u00ebsis\u00eb, mund t\u00eb\u2026","author":"Kurt Farka","date":"February 3, 2026","format":false,"excerpt":"3 Shkurt 2026 ... N\u00ebse SPAK nuk shkon te Rama q\u00eb \u00ebsht\u00eb autori\u2026\u00e7far\u00eb mund t\u00eb them. Por k\u00ebta po luajn\u00eb volejboll p\u00ebr \u00e7\u00ebshtjen Balluku\u201d. Analisti Fatos Lubonja komentoi vizit\u00ebn e kryeministrit Edi Rama n\u00eb Izrael. Gjat\u00eb nj\u00eb interviste televizive, analisti Fatos Lubonja u shpreh se kryeministri Rama e ka humbur\u2026","rel":"","context":"In &quot;Blogu i Udh\u00ebtarit&quot;","block_context":{"text":"Blogu i Udh\u00ebtarit","link":"https:\/\/www.shqiperia.com\/blog\/category\/blogu-i-udhetarit\/"},"img":{"alt_text":"","src":"https:\/\/i0.wp.com\/www.shqiperia.com\/blog\/wp-content\/uploads\/2026\/02\/hq720.jpg?fit=686%2C386&ssl=1&resize=350%2C200","width":350,"height":200,"srcset":"https:\/\/i0.wp.com\/www.shqiperia.com\/blog\/wp-content\/uploads\/2026\/02\/hq720.jpg?fit=686%2C386&ssl=1&resize=350%2C200 1x, https:\/\/i0.wp.com\/www.shqiperia.com\/blog\/wp-content\/uploads\/2026\/02\/hq720.jpg?fit=686%2C386&ssl=1&resize=525%2C300 1.5x"},"classes":[]}],"_links":{"self":[{"href":"https:\/\/www.shqiperia.com\/blog\/wp-json\/wp\/v2\/posts\/33565","targetHints":{"allow":["GET"]}}],"collection":[{"href":"https:\/\/www.shqiperia.com\/blog\/wp-json\/wp\/v2\/posts"}],"about":[{"href":"https:\/\/www.shqiperia.com\/blog\/wp-json\/wp\/v2\/types\/post"}],"author":[{"embeddable":true,"href":"https:\/\/www.shqiperia.com\/blog\/wp-json\/wp\/v2\/users\/9"}],"replies":[{"embeddable":true,"href":"https:\/\/www.shqiperia.com\/blog\/wp-json\/wp\/v2\/comments?post=33565"}],"version-history":[{"count":1,"href":"https:\/\/www.shqiperia.com\/blog\/wp-json\/wp\/v2\/posts\/33565\/revisions"}],"predecessor-version":[{"id":33567,"href":"https:\/\/www.shqiperia.com\/blog\/wp-json\/wp\/v2\/posts\/33565\/revisions\/33567"}],"wp:featuredmedia":[{"embeddable":true,"href":"https:\/\/www.shqiperia.com\/blog\/wp-json\/wp\/v2\/media\/33566"}],"wp:attachment":[{"href":"https:\/\/www.shqiperia.com\/blog\/wp-json\/wp\/v2\/media?parent=33565"}],"wp:term":[{"taxonomy":"category","embeddable":true,"href":"https:\/\/www.shqiperia.com\/blog\/wp-json\/wp\/v2\/categories?post=33565"},{"taxonomy":"post_tag","embeddable":true,"href":"https:\/\/www.shqiperia.com\/blog\/wp-json\/wp\/v2\/tags?post=33565"}],"curies":[{"name":"wp","href":"https:\/\/api.w.org\/{rel}","templated":true}]}}