{"id":33561,"date":"2020-04-19T11:42:13","date_gmt":"2020-04-19T11:42:13","guid":{"rendered":"https:\/\/www.shqiperia.com\/blog\/?p=33561"},"modified":"2020-04-19T11:42:24","modified_gmt":"2020-04-19T11:42:24","slug":"kur-budallalleku-sfidon-edhe-virusin-hargalisemi-duke-lozur-e-harbuar-dhe-shkojme-te-mbyllemi-ne-shtepi-per-tu-mbrojtur-nga-corona","status":"publish","type":"post","link":"https:\/\/www.shqiperia.com\/blog\/kur-budallalleku-sfidon-edhe-virusin-hargalisemi-duke-lozur-e-harbuar-dhe-shkojme-te-mbyllemi-ne-shtepi-per-tu-mbrojtur-nga-corona\/","title":{"rendered":"\u201cKur budallall\u00ebku sfidon edhe virusin. \u00a0-Hargalisemi duke lozur e harbuar, dhe shkojme t\u00eb mbyllemi n\u00eb sht\u00ebpi, p\u00ebr tu mbrojtur nga Corona?"},"content":{"rendered":"<p><img data-recalc-dims=\"1\" loading=\"lazy\" decoding=\"async\" data-attachment-id=\"33562\" data-permalink=\"https:\/\/www.shqiperia.com\/blog\/kur-budallalleku-sfidon-edhe-virusin-hargalisemi-duke-lozur-e-harbuar-dhe-shkojme-te-mbyllemi-ne-shtepi-per-tu-mbrojtur-nga-corona\/800-0-5e9c3239602db\/\" data-orig-file=\"https:\/\/i0.wp.com\/www.shqiperia.com\/blog\/wp-content\/uploads\/2020\/04\/800-0-5e9c3239602db.jpg?fit=800%2C401&amp;ssl=1\" data-orig-size=\"800,401\" data-comments-opened=\"1\" data-image-meta=\"{&quot;aperture&quot;:&quot;0&quot;,&quot;credit&quot;:&quot;&quot;,&quot;camera&quot;:&quot;&quot;,&quot;caption&quot;:&quot;&quot;,&quot;created_timestamp&quot;:&quot;0&quot;,&quot;copyright&quot;:&quot;&quot;,&quot;focal_length&quot;:&quot;0&quot;,&quot;iso&quot;:&quot;0&quot;,&quot;shutter_speed&quot;:&quot;0&quot;,&quot;title&quot;:&quot;&quot;,&quot;orientation&quot;:&quot;0&quot;}\" data-image-title=\"-800-0-5e9c3239602db\" data-image-description=\"\" data-image-caption=\"\" data-medium-file=\"https:\/\/i0.wp.com\/www.shqiperia.com\/blog\/wp-content\/uploads\/2020\/04\/800-0-5e9c3239602db.jpg?fit=300%2C150&amp;ssl=1\" data-large-file=\"https:\/\/i0.wp.com\/www.shqiperia.com\/blog\/wp-content\/uploads\/2020\/04\/800-0-5e9c3239602db.jpg?fit=800%2C401&amp;ssl=1\" class=\"alignnone  wp-image-33562\" alt=\"\" src=\"https:\/\/i0.wp.com\/www.shqiperia.com\/blog\/wp-content\/uploads\/2020\/04\/800-0-5e9c3239602db.jpg?resize=490%2C245&#038;ssl=1\" width=\"490\" height=\"245\" srcset=\"https:\/\/i0.wp.com\/www.shqiperia.com\/blog\/wp-content\/uploads\/2020\/04\/800-0-5e9c3239602db.jpg?resize=300%2C150&amp;ssl=1 300w, https:\/\/i0.wp.com\/www.shqiperia.com\/blog\/wp-content\/uploads\/2020\/04\/800-0-5e9c3239602db.jpg?resize=768%2C385&amp;ssl=1 768w, https:\/\/i0.wp.com\/www.shqiperia.com\/blog\/wp-content\/uploads\/2020\/04\/800-0-5e9c3239602db.jpg?resize=450%2C226&amp;ssl=1 450w, https:\/\/i0.wp.com\/www.shqiperia.com\/blog\/wp-content\/uploads\/2020\/04\/800-0-5e9c3239602db.jpg?resize=600%2C301&amp;ssl=1 600w, https:\/\/i0.wp.com\/www.shqiperia.com\/blog\/wp-content\/uploads\/2020\/04\/800-0-5e9c3239602db.jpg?resize=400%2C201&amp;ssl=1 400w, https:\/\/i0.wp.com\/www.shqiperia.com\/blog\/wp-content\/uploads\/2020\/04\/800-0-5e9c3239602db.jpg?w=800&amp;ssl=1 800w\" sizes=\"auto, (max-width: 490px) 100vw, 490px\" \/><\/p>\n<p>\u201cKur budallall\u00ebku sfidon edhe virusin. \u00a0-Hargalisemi duke lozur e harbuar, dhe shkojme t\u00eb mbyllemi n\u00eb sht\u00ebpi, p\u00ebr tu mbrojtur nga Corona?<\/p>\n<p>19 PRILL 2020<\/p>\n<p>Gazetari Mentor Kikia ka publikuar disa foto t\u00eb b\u00ebr\u00eb n\u00eb nj\u00eb lulishte t\u00eb kryeqytetit nd\u00ebrsa vihet re prezenca e lart\u00eb e grave dhe f\u00ebmij\u00ebve t\u00eb vegj\u00ebl q\u00eb shijuan fash\u00ebn e \u2018liris\u00eb\u2019.<\/p>\n<p>Kikia shtron disa pyetje n\u00eb lidhje me ato q\u00eb dhan\u00eb k\u00ebshilla p\u00ebr nj\u00eb \u2018hapje\u2019 t\u00eb till\u00eb graduale.<\/p>\n<p>\u201cN\u00ebse pas k\u00ebtyre eksperimenteve, s\u00ebrish ne mbetemi shoq\u00ebria me nivelin m\u00eb t\u00eb ul\u00ebt t\u00eb infektimeve, at\u00ebher\u00eb t\u00eb dalim nga sht\u00ebpia pa frik\u00eb se nuk ia vlen t\u00eb vet\u00ebizolohemi\u201d, shkruan nd\u00ebr t\u00eb tjera Kikia.<\/p>\n<p>Postimi i plot\u00eb:<\/p>\n<p>Kur budallall\u00ebku sfidon edhe virusin edhe shkenc\u00ebn!<\/p>\n<p>N\u00eb \u201cmarr\u00ebveshje\u201d me virusin, gra e f\u00ebmij\u00eb sot dol\u00ebn nga izolimi. Parqet u mbush\u00ebn plot, f\u00ebmij\u00ebt iu l\u00ebshuan loj\u00ebs, aq shum\u00eb t\u00eb munguar brenda n\u00eb sht\u00ebpi, e grat\u00eb nd\u00ebrruan ca si shum\u00eb thashetheme, q\u00eb kishin munguar gjithashtu gjat\u00eb koh\u00ebs s\u00eb izolimit.<\/p>\n<p>Tani disa pyetje kam un\u00eb:<\/p>\n<p>Cili specialist mjeksie e k\u00ebshilloi k\u00ebt\u00eb praktik\u00eb \u201chapjeje\u201d graduale t\u00eb shoq\u00ebris\u00eb?<\/p>\n<p>Cili dha garanci, q\u00eb f\u00ebmij\u00ebt pas nj\u00eb muaji mbyllur, do t\u00eb q\u00ebndronin 2 metra larg njeri- tjetrit?<\/p>\n<p>Cili mendoi se grat\u00eb, me maska e doreza, do t\u00eb q\u00ebndronin 2 metra larg nj\u00ebra-tjetr\u00ebs?<\/p>\n<p>\u00c7far\u00eb kuptimi ka nj\u00eb karantin\u00eb nj\u00eb mujore, kur n\u00eb fund ia plasin n\u00eb parqe e rrug\u00eb n\u00eb k\u00ebt\u00eb far\u00eb feje?<\/p>\n<p>\u00c7far\u00eb kuptimi ka q\u00eb, pasi jan\u00eb hargalisur n\u00eb tuf\u00eb duke lozuar e harbuar, kjo pjes\u00eb e popullsis\u00eb t\u00eb shkoj\u00eb t\u00eb mbyllet n\u00eb sht\u00ebpi, p\u00ebr tu mbrojtur nga Corona?<\/p>\n<p>N\u00ebse pas k\u00ebtyre eksperimenteve, s\u00ebrish ne mbetemi shoq\u00ebria me nivelin m\u00eb t\u00eb ul\u00ebt t\u00eb infektimeve, at\u00ebher\u00eb t\u00eb dalim nga sht\u00ebpia pa frik\u00eb se nuk ia vlen t\u00eb vet\u00ebizolohemi.<\/p>\n<p>P.S: Foto t\u00eb b\u00ebra sot paradite n\u00eb nj\u00eb nga lulishtet e Tiran\u00ebs<\/p>\n<p>Nga Gazeta Sot<\/p>\n","protected":false},"excerpt":{"rendered":"<p>\u201cKur budallall\u00ebku sfidon edhe virusin. \u00a0-Hargalisemi duke lozur e harbuar, dhe shkojme t\u00eb mbyllemi n\u00eb sht\u00ebpi, p\u00ebr tu mbrojtur nga Corona? 19 PRILL 2020 Gazetari Mentor Kikia ka publikuar disa foto t\u00eb b\u00ebr\u00eb n\u00eb nj\u00eb lulishte t\u00eb kryeqytetit nd\u00ebrsa vihet re prezenca e lart\u00eb e grave dhe f\u00ebmij\u00ebve t\u00eb vegj\u00ebl q\u00eb shijuan fash\u00ebn e \u2018liris\u00eb\u2019. [&hellip;]<\/p>\n","protected":false},"author":9,"featured_media":33562,"comment_status":"open","ping_status":"open","sticky":false,"template":"","format":"standard","meta":{"jetpack_post_was_ever_published":false,"_jetpack_newsletter_access":"","_jetpack_dont_email_post_to_subs":false,"_jetpack_newsletter_tier_id":0,"_jetpack_memberships_contains_paywalled_content":false,"_jetpack_memberships_contains_paid_content":false,"footnotes":"","jetpack_publicize_message":"","jetpack_publicize_feature_enabled":true,"jetpack_social_post_already_shared":true,"jetpack_social_options":{"image_generator_settings":{"template":"highway","default_image_id":0,"font":"","enabled":false},"version":2}},"categories":[27,10,35],"tags":[],"class_list":["post-33561","post","type-post","status-publish","format-standard","has-post-thumbnail","hentry","category-blogu-i-udhetarit","category-kultura","category-shoqerore"],"jetpack_publicize_connections":[],"jetpack_featured_media_url":"https:\/\/i0.wp.com\/www.shqiperia.com\/blog\/wp-content\/uploads\/2020\/04\/800-0-5e9c3239602db.jpg?fit=800%2C401&ssl=1","jetpack_sharing_enabled":true,"jetpack_shortlink":"https:\/\/wp.me\/p5Z6wp-8Jj","jetpack-related-posts":[{"id":33844,"url":"https:\/\/www.shqiperia.com\/blog\/karantinimi-nuk-ka-me-asnje-kuptim-gazetari-i-njohur-publikon-pamjet-dhe-tregon-pse-duhet-te-shfuqizohen-masat\/","url_meta":{"origin":33561,"position":0},"title":"\u201cKarantinimi nuk ka m\u00eb asnj\u00eb kuptim!\u201d, gazetari i njohur publikon pamjet dhe tregon pse duhet t\u00eb shfuqizohen masat","author":"Kurt Farka","date":"April 28, 2020","format":false,"excerpt":"\u201cKarantinimi nuk ka m\u00eb asnj\u00eb kuptim!\u201d, gazetari i njohur publikon pamjet dhe tregon pse duhet t\u00eb shfuqizohen masat 26 PRILL 2020 Gazetari Mentor Kikia n\u00ebp\u00ebrmjet nj\u00eb statusi n\u00eb rrjetin social Facebook ka komentuar situat\u00ebn pandemike t\u00eb fokusuar tek izolimimi social. Sipas tij karantina e ka humbur sensin e saj dhe\u2026","rel":"","context":"In &quot;Blogu i Udh\u00ebtarit&quot;","block_context":{"text":"Blogu i Udh\u00ebtarit","link":"https:\/\/www.shqiperia.com\/blog\/category\/blogu-i-udhetarit\/"},"img":{"alt_text":"","src":"https:\/\/i0.wp.com\/www.shqiperia.com\/blog\/wp-content\/uploads\/2020\/04\/640-0-5ea5d6c12bfe7.jpg?fit=640%2C427&ssl=1&resize=350%2C200","width":350,"height":200,"srcset":"https:\/\/i0.wp.com\/www.shqiperia.com\/blog\/wp-content\/uploads\/2020\/04\/640-0-5ea5d6c12bfe7.jpg?fit=640%2C427&ssl=1&resize=350%2C200 1x, https:\/\/i0.wp.com\/www.shqiperia.com\/blog\/wp-content\/uploads\/2020\/04\/640-0-5ea5d6c12bfe7.jpg?fit=640%2C427&ssl=1&resize=525%2C300 1.5x"},"classes":[]},{"id":39885,"url":"https:\/\/www.shqiperia.com\/blog\/do-na-duhet-te-mbyllemi-serish-nese-rama-thirrje-qytetareve-nga-lezha-zbatoni-rregullat-jane-shume-te-thjeshta-krahasuar-me-pasojat\/","url_meta":{"origin":33561,"position":1},"title":"\u201cDo na duhet t\u00eb mbyllemi s\u00ebrish n\u00ebse\u2026\u201d- Rama thirrje qytetar\u00ebve nga Lezha: Zbatoni rregullat, jan\u00eb shum\u00eb t\u00eb thjeshta krahasuar me pasojat","author":"Kurt Farka","date":"October 19, 2020","format":false,"excerpt":"\u201cDo na duhet t\u00eb mbyllemi s\u00ebrish n\u00ebse\u2026\u201d- Rama thirrje qytetar\u00ebve nga Lezha: Zbatoni rregullat, jan\u00eb shum\u00eb t\u00eb thjeshta krahasuar me pasojat 19 tetor 2020 Kryeministri Edi Rama k\u00ebrkon nga qytetar\u00ebt q\u00eb t\u00eb zbatojn\u00eb rregullat kund\u00ebr koronavirusit, n\u00eb m\u00ebnyr\u00eb q\u00eb vendi t\u00eb mos p\u00ebsoj\u00eb nj\u00eb mbyllje t\u00eb dyt\u00eb, \u00e7ka sipas tij,\u2026","rel":"","context":"In &quot;Blogu i Udh\u00ebtarit&quot;","block_context":{"text":"Blogu i Udh\u00ebtarit","link":"https:\/\/www.shqiperia.com\/blog\/category\/blogu-i-udhetarit\/"},"img":{"alt_text":"","src":"https:\/\/i0.wp.com\/www.shqiperia.com\/blog\/wp-content\/uploads\/2020\/10\/rama10.jpg?fit=807%2C403&ssl=1&resize=350%2C200","width":350,"height":200,"srcset":"https:\/\/i0.wp.com\/www.shqiperia.com\/blog\/wp-content\/uploads\/2020\/10\/rama10.jpg?fit=807%2C403&ssl=1&resize=350%2C200 1x, https:\/\/i0.wp.com\/www.shqiperia.com\/blog\/wp-content\/uploads\/2020\/10\/rama10.jpg?fit=807%2C403&ssl=1&resize=525%2C300 1.5x, https:\/\/i0.wp.com\/www.shqiperia.com\/blog\/wp-content\/uploads\/2020\/10\/rama10.jpg?fit=807%2C403&ssl=1&resize=700%2C400 2x"},"classes":[]},{"id":33151,"url":"https:\/\/www.shqiperia.com\/blog\/publiku-ne-karantine-imiton-veprat-e-artit-nisma-e-muzeut-getty\/","url_meta":{"origin":33561,"position":2},"title":"Publiku n\u00eb karantin\u00eb imiton veprat e artit, nisma e Muzeut &#8216;Getty&#8217;","author":"Kurt Farka","date":"April 7, 2020","format":false,"excerpt":"Publiku n\u00eb karantin\u00eb imiton veprat e artit, nisma e Muzeut 'Getty' Muzeu \"Getty\" n\u00eb Los Anxhelos sfidon publikun nga sht\u00ebpia t\u00eb imitoj\u00eb me mjete rrethanore veprat e artit. Nd\u00ebrsa institucionet e kultur\u00ebs n\u00eb vendet e prekura me virusin korona kan\u00eb ky\u00e7ur dyert, drejtuesit e tyre po mendojn\u00eb p\u00ebr metoda alternative\u2026","rel":"","context":"In &quot;Arte&quot;","block_context":{"text":"Arte","link":"https:\/\/www.shqiperia.com\/blog\/category\/arte\/"},"img":{"alt_text":"","src":"https:\/\/i0.wp.com\/www.shqiperia.com\/blog\/wp-content\/uploads\/2020\/04\/1586003493_onl.jpg?fit=780%2C440&ssl=1&resize=350%2C200","width":350,"height":200,"srcset":"https:\/\/i0.wp.com\/www.shqiperia.com\/blog\/wp-content\/uploads\/2020\/04\/1586003493_onl.jpg?fit=780%2C440&ssl=1&resize=350%2C200 1x, https:\/\/i0.wp.com\/www.shqiperia.com\/blog\/wp-content\/uploads\/2020\/04\/1586003493_onl.jpg?fit=780%2C440&ssl=1&resize=525%2C300 1.5x, https:\/\/i0.wp.com\/www.shqiperia.com\/blog\/wp-content\/uploads\/2020\/04\/1586003493_onl.jpg?fit=780%2C440&ssl=1&resize=700%2C400 2x"},"classes":[]},{"id":33021,"url":"https:\/\/www.shqiperia.com\/blog\/korona-frika-eshte-nje-virus-filmi-i-pare-per-virusin-korona-para-se-te-niste-izolimi\/","url_meta":{"origin":33561,"position":3},"title":"\u201cKorona. Frika \u00ebsht\u00eb nj\u00eb virus\u201d, filmi i par\u00eb p\u00ebr virusin korona, para se t\u00eb niste izolimi","author":"Kurt Farka","date":"April 3, 2020","format":false,"excerpt":"\u201cKorona. Frika \u00ebsht\u00eb nj\u00eb virus\u201d, filmi i par\u00eb p\u00ebr virusin korona, para se t\u00eb niste izolimi\u00a0 Nj\u00eb regjisor kanadez n\u00eb fund t\u00eb janarit 2020, teksa ka lexuar titujt kryesor\u00eb t\u00eb gazetave p\u00ebr ngjarjen n\u00eb Wuhan, vendosi disa jav\u00eb m\u00eb von\u00eb t\u00eb xhiroi nj\u00eb film, q\u00eb ka n\u00eb qend\u00ebr virusin korona\u2026","rel":"","context":"In &quot;Arte&quot;","block_context":{"text":"Arte","link":"https:\/\/www.shqiperia.com\/blog\/category\/arte\/"},"img":{"alt_text":"","src":"https:\/\/i0.wp.com\/www.shqiperia.com\/blog\/wp-content\/uploads\/2020\/04\/Filmi.jpg?resize=350%2C200&ssl=1","width":350,"height":200},"classes":[]},{"id":45816,"url":"https:\/\/www.shqiperia.com\/blog\/pandemia-e-radhes-quhet-chikungunya-njihuni-me-virusin-e-rrezikshem-qe-vjen-nga\/","url_meta":{"origin":33561,"position":4},"title":"Pandemia e radh\u00ebs quhet &#8220;Chikungunya&#8221;, njihuni me virusin e rreziksh\u00ebm q\u00eb vjen nga&#8230;","author":"Kurt Farka","date":"March 27, 2021","format":false,"excerpt":"Pandemia e radh\u00ebs quhet \"Chikungunya\", njihuni me virusin e rreziksh\u00ebm q\u00eb vjen nga... 27 MARS 2021 \"S\u00ebmundja dikur tropikale s\u00eb shpejti mund t\u00eb b\u00ebhet nj\u00eb k\u00ebrc\u00ebnim pandemik global\u201d. Mushkonja tig\u00ebr\" q\u00eb mbart virusin e quajtur \"chikungunya\" tani po l\u00ebviz n\u00eb habitate t\u00eb reja n\u00eb Evrop\u00eb dhe Amerik\u00eb fal\u00eb ndryshimit t\u00eb\u2026","rel":"","context":"In &quot;Blogu i Udh\u00ebtarit&quot;","block_context":{"text":"Blogu i Udh\u00ebtarit","link":"https:\/\/www.shqiperia.com\/blog\/category\/blogu-i-udhetarit\/"},"img":{"alt_text":"","src":"https:\/\/i0.wp.com\/www.shqiperia.com\/blog\/wp-content\/uploads\/2021\/03\/640-0-605f3f5b0de3c.jpg?fit=640%2C364&ssl=1&resize=350%2C200","width":350,"height":200,"srcset":"https:\/\/i0.wp.com\/www.shqiperia.com\/blog\/wp-content\/uploads\/2021\/03\/640-0-605f3f5b0de3c.jpg?fit=640%2C364&ssl=1&resize=350%2C200 1x, https:\/\/i0.wp.com\/www.shqiperia.com\/blog\/wp-content\/uploads\/2021\/03\/640-0-605f3f5b0de3c.jpg?fit=640%2C364&ssl=1&resize=525%2C300 1.5x"},"classes":[]},{"id":80670,"url":"https:\/\/www.shqiperia.com\/blog\/ekspertet-paralajmerim-te-frikshem-per-gripin-e-shpendeve-eshte-nje-tjeter-virus-kinez-nese-na-rreshket-nga-duart\/","url_meta":{"origin":33561,"position":5},"title":"Ekspert\u00ebt paralajm\u00ebrim t\u00eb friksh\u00ebm p\u00ebr gripin e shpend\u00ebve: &#8211; \u00cbsht\u00eb nj\u00eb tjet\u00ebr virus kinez, n\u00ebse na rr\u00ebshket nga duart&#8230;","author":"Kurt Farka","date":"May 5, 2024","format":false,"excerpt":"5 Maji 2024 Gripi i shpend\u00ebve ka prekur kafsh\u00ebt e egra rreth e rrotull bot\u00ebs dhe tani \u00ebsht\u00eb duke u p\u00ebrhapur edhe te lop\u00ebt. N\u00eb rastet e pakta te njer\u00ebzit, ka qen\u00eb jasht\u00ebzakonisht vdekjeprur\u00ebs. \u201cN\u00ebse nuk e studiojm\u00eb nivelin e p\u00ebrhapjes s\u00eb tij, at\u00ebher\u00eb ne nuk mund t\u2019u tregojm\u00eb njer\u00ebzve\u2026","rel":"","context":"In &quot;Blogu i Udh\u00ebtarit&quot;","block_context":{"text":"Blogu i Udh\u00ebtarit","link":"https:\/\/www.shqiperia.com\/blog\/category\/blogu-i-udhetarit\/"},"img":{"alt_text":"","src":"https:\/\/i0.wp.com\/www.shqiperia.com\/blog\/wp-content\/uploads\/2024\/05\/800-0-663775dbd1695.jpg?fit=800%2C427&ssl=1&resize=350%2C200","width":350,"height":200,"srcset":"https:\/\/i0.wp.com\/www.shqiperia.com\/blog\/wp-content\/uploads\/2024\/05\/800-0-663775dbd1695.jpg?fit=800%2C427&ssl=1&resize=350%2C200 1x, https:\/\/i0.wp.com\/www.shqiperia.com\/blog\/wp-content\/uploads\/2024\/05\/800-0-663775dbd1695.jpg?fit=800%2C427&ssl=1&resize=525%2C300 1.5x, https:\/\/i0.wp.com\/www.shqiperia.com\/blog\/wp-content\/uploads\/2024\/05\/800-0-663775dbd1695.jpg?fit=800%2C427&ssl=1&resize=700%2C400 2x"},"classes":[]}],"_links":{"self":[{"href":"https:\/\/www.shqiperia.com\/blog\/wp-json\/wp\/v2\/posts\/33561","targetHints":{"allow":["GET"]}}],"collection":[{"href":"https:\/\/www.shqiperia.com\/blog\/wp-json\/wp\/v2\/posts"}],"about":[{"href":"https:\/\/www.shqiperia.com\/blog\/wp-json\/wp\/v2\/types\/post"}],"author":[{"embeddable":true,"href":"https:\/\/www.shqiperia.com\/blog\/wp-json\/wp\/v2\/users\/9"}],"replies":[{"embeddable":true,"href":"https:\/\/www.shqiperia.com\/blog\/wp-json\/wp\/v2\/comments?post=33561"}],"version-history":[{"count":2,"href":"https:\/\/www.shqiperia.com\/blog\/wp-json\/wp\/v2\/posts\/33561\/revisions"}],"predecessor-version":[{"id":33564,"href":"https:\/\/www.shqiperia.com\/blog\/wp-json\/wp\/v2\/posts\/33561\/revisions\/33564"}],"wp:featuredmedia":[{"embeddable":true,"href":"https:\/\/www.shqiperia.com\/blog\/wp-json\/wp\/v2\/media\/33562"}],"wp:attachment":[{"href":"https:\/\/www.shqiperia.com\/blog\/wp-json\/wp\/v2\/media?parent=33561"}],"wp:term":[{"taxonomy":"category","embeddable":true,"href":"https:\/\/www.shqiperia.com\/blog\/wp-json\/wp\/v2\/categories?post=33561"},{"taxonomy":"post_tag","embeddable":true,"href":"https:\/\/www.shqiperia.com\/blog\/wp-json\/wp\/v2\/tags?post=33561"}],"curies":[{"name":"wp","href":"https:\/\/api.w.org\/{rel}","templated":true}]}}