{"id":33546,"date":"2020-04-19T01:15:03","date_gmt":"2020-04-19T01:15:03","guid":{"rendered":"https:\/\/www.shqiperia.com\/blog\/?p=33546"},"modified":"2020-04-19T01:15:03","modified_gmt":"2020-04-19T01:15:03","slug":"sa-kohe-i-duhet-organizmit-te-njeriut-te-marre-veten-pas-covid-19","status":"publish","type":"post","link":"https:\/\/www.shqiperia.com\/blog\/sa-kohe-i-duhet-organizmit-te-njeriut-te-marre-veten-pas-covid-19\/","title":{"rendered":"Sa koh\u00eb i duhet organizmit t\u00eb njeriut t\u00eb marr\u00eb veten pas COVID-19?"},"content":{"rendered":"<p><img data-recalc-dims=\"1\" loading=\"lazy\" decoding=\"async\" data-attachment-id=\"33547\" data-permalink=\"https:\/\/www.shqiperia.com\/blog\/sa-kohe-i-duhet-organizmit-te-njeriut-te-marre-veten-pas-covid-19\/111808387_1920promo-gettyimages-1207992708-905x450\/\" data-orig-file=\"https:\/\/i0.wp.com\/www.shqiperia.com\/blog\/wp-content\/uploads\/2020\/04\/111808387_1920promo-gettyimages-1207992708-905x450-1.jpg?fit=905%2C450&amp;ssl=1\" data-orig-size=\"905,450\" data-comments-opened=\"1\" data-image-meta=\"{&quot;aperture&quot;:&quot;0&quot;,&quot;credit&quot;:&quot;&quot;,&quot;camera&quot;:&quot;&quot;,&quot;caption&quot;:&quot;&quot;,&quot;created_timestamp&quot;:&quot;0&quot;,&quot;copyright&quot;:&quot;&quot;,&quot;focal_length&quot;:&quot;0&quot;,&quot;iso&quot;:&quot;0&quot;,&quot;shutter_speed&quot;:&quot;0&quot;,&quot;title&quot;:&quot;&quot;,&quot;orientation&quot;:&quot;0&quot;}\" data-image-title=\"111808387_1920promo-gettyimages-1207992708-905&#215;450\" data-image-description=\"\" data-image-caption=\"\" data-medium-file=\"https:\/\/i0.wp.com\/www.shqiperia.com\/blog\/wp-content\/uploads\/2020\/04\/111808387_1920promo-gettyimages-1207992708-905x450-1.jpg?fit=300%2C149&amp;ssl=1\" data-large-file=\"https:\/\/i0.wp.com\/www.shqiperia.com\/blog\/wp-content\/uploads\/2020\/04\/111808387_1920promo-gettyimages-1207992708-905x450-1.jpg?fit=905%2C450&amp;ssl=1\" class=\"alignnone  wp-image-33547\" alt=\"\" src=\"https:\/\/i0.wp.com\/www.shqiperia.com\/blog\/wp-content\/uploads\/2020\/04\/111808387_1920promo-gettyimages-1207992708-905x450-1.jpg?resize=507%2C252&#038;ssl=1\" width=\"507\" height=\"252\" srcset=\"https:\/\/i0.wp.com\/www.shqiperia.com\/blog\/wp-content\/uploads\/2020\/04\/111808387_1920promo-gettyimages-1207992708-905x450-1.jpg?resize=300%2C149&amp;ssl=1 300w, https:\/\/i0.wp.com\/www.shqiperia.com\/blog\/wp-content\/uploads\/2020\/04\/111808387_1920promo-gettyimages-1207992708-905x450-1.jpg?resize=768%2C382&amp;ssl=1 768w, https:\/\/i0.wp.com\/www.shqiperia.com\/blog\/wp-content\/uploads\/2020\/04\/111808387_1920promo-gettyimages-1207992708-905x450-1.jpg?resize=450%2C224&amp;ssl=1 450w, https:\/\/i0.wp.com\/www.shqiperia.com\/blog\/wp-content\/uploads\/2020\/04\/111808387_1920promo-gettyimages-1207992708-905x450-1.jpg?resize=600%2C298&amp;ssl=1 600w, https:\/\/i0.wp.com\/www.shqiperia.com\/blog\/wp-content\/uploads\/2020\/04\/111808387_1920promo-gettyimages-1207992708-905x450-1.jpg?resize=400%2C199&amp;ssl=1 400w, https:\/\/i0.wp.com\/www.shqiperia.com\/blog\/wp-content\/uploads\/2020\/04\/111808387_1920promo-gettyimages-1207992708-905x450-1.jpg?w=905&amp;ssl=1 905w\" sizes=\"auto, (max-width: 507px) 100vw, 507px\" \/><\/p>\n<p><strong>Sa koh\u00eb i duhet organizmit t\u00eb njeriut t\u00eb marr\u00eb veten pas COVID-19?<\/strong><\/p>\n<p>18 prill 2020<\/p>\n<p><strong>Nga James Gallagher, BBC<\/strong><\/p>\n<p>Covid-19 doli vet\u00ebm n\u00eb fund t\u00eb vitit 2019, por tashm\u00eb ka shenja se mund t\u00eb duhet nj\u00eb koh\u00eb e gjat\u00eb q\u00eb disa pacient\u00eb t\u00eb kthehen n\u00eb sh\u00ebndet t\u00eb plot\u00eb.<\/p>\n<p>Koha e rikuperimit do t\u00eb varet nga sa i s\u00ebmur\u00eb do t\u00eb jeni n\u00eb radh\u00eb t\u00eb par\u00eb. Disa njer\u00ebz do ta kalojn\u00eb s\u00ebmundjen shpejt, por p\u00ebrdisa t\u00eb tjer\u00eb mund t\u00eb l\u00ebr\u00eb probleme t\u00eb q\u00ebndrueshme, njofton BBC.<\/p>\n<p>Mosha, gjinia dhe problemet e tjera sh\u00ebndet\u00ebsore rritin rrezikun p\u00ebr t\u2019u s\u00ebmur\u00eb m\u00eb seriozisht nga Covid-19.<\/p>\n<p><strong>Po sikur t\u00eb kem vet\u00ebm simptoma t\u00eb lehta?<\/strong><\/p>\n<p>Shumica e njer\u00ebzve q\u00eb jan\u00eb t\u00eb infektuar me Covid-19 do t\u00eb ken\u00eb vet\u00ebm simptomat kryesore \u2013 nj\u00eb koll\u00eb ose ethe. Por ata mund t\u00eb p\u00ebrjetojn\u00eb dhimbje trupi, lodhje, dhimbje t\u00eb fytit dhe dhimbje koke.<\/p>\n<p>Koll\u00eb fillimisht \u00ebsht\u00eb e that\u00eb, por disa njer\u00ebz p\u00ebrfundimisht do t\u00eb fillojn\u00eb t\u00eb kollitin jasht\u00eb mukoz\u00ebn q\u00eb p\u00ebrmban qeliza t\u00eb vdekura t\u00eb mushk\u00ebrive t\u00eb vrara nga virusi.<\/p>\n<p>K\u00ebto simptoma trajtohen me pushim n\u00eb shtrat, shum\u00eb l\u00ebngje dhe leht\u00ebsim t\u00eb dhimbjes si\u00e7 \u00ebsht\u00eb paracetamoli.<\/p>\n<p>Njer\u00ebzit me simptoma t\u00eb buta do t\u00eb ken\u00eb nj\u00eb sh\u00ebrim t\u00eb mir\u00eb dhe t\u00eb shpejt\u00eb.<\/p>\n<p>Ethet do t\u00eb ulen n\u00eb m\u00eb pak se nj\u00eb jav\u00eb, megjith\u00ebse kolla mund t\u00eb zgjas\u00eb. Nj\u00eb analiz\u00eb e Organizat\u00ebs Bot\u00ebrore t\u00eb Sh\u00ebndet\u00ebsis\u00eb (OBSH) e t\u00eb dh\u00ebnave kineze thot\u00eb se duhen mesatarisht dy jav\u00eb p\u00ebr tu rikuperuar.<\/p>\n<p><strong>Po sikur t\u00eb kem simptoma m\u00eb serioze?<\/strong><\/p>\n<p>S\u00ebmundja mund t\u00eb b\u00ebhet shum\u00eb m\u00eb serioze p\u00ebr disa. Kjo ka tendenc\u00eb t\u00eb ndodh\u00eb rreth shtat\u00eb deri n\u00eb 10 dit\u00eb pas infeksionit.<\/p>\n<p>Transformimi mund t\u00eb jet\u00eb i papritur. Frym\u00ebmarrja b\u00ebhet e v\u00ebshtir\u00eb dhe mushk\u00ebrit\u00eb acarohen. Kjo p\u00ebr shkak se megjith\u00ebse sistemi imunitar i trupit po p\u00ebrpiqet t\u00eb luftoj\u00eb \u2013 n\u00eb t\u00eb v\u00ebrtet\u00eb \u00ebsht\u00eb tep\u00ebr reagues dhe trupi p\u00ebson d\u00ebme kolaterale.<\/p>\n<p>Disa njer\u00ebz do t\u00eb duhet t\u00eb jen\u00eb n\u00eb spital p\u00ebr terapin\u00eb e oksigjenit.<\/p>\n<p>Dr. Sarah Jarvis thot\u00eb: \u201cgul\u00e7imi do t\u00eb doj\u00eb nj\u00eb koh\u00eb t\u00eb konsiderueshme p\u00ebr t\u2019u p\u00ebrmir\u00ebsuar \u2026 trupi po merr p\u00ebrsip\u00ebr dh\u00ebmbje dhe pezmatime.\u201d Ajo thot\u00eb se mund t\u00eb duhen dy deri n\u00eb tet\u00eb jav\u00eb p\u00ebr t\u2019u rikuperuar, me lodhjen q\u00eb zgjat.<\/p>\n<p><strong>Po sikur t\u00eb kem nevoj\u00eb p\u00ebr kujdes intensiv?<\/strong><\/p>\n<p>OBSH vler\u00ebson se 1 n\u00eb 20 persona do t\u00eb ket\u00eb nevoj\u00eb p\u00ebr trajtim intensiv, i cili mund t\u00eb p\u00ebrfshij\u00eb qet\u00ebsim dhe vendosje n\u00eb nj\u00eb ventilator.<\/p>\n<p>Do t\u00eb duhet koh\u00eb p\u00ebr t\u2019u rikuperuar n\u00eb nj\u00eb nj\u00ebsi t\u00eb kujdesit intensiv, pavar\u00ebsisht nga s\u00ebmundja. Pacient\u00ebt zhvendosen n\u00eb nj\u00eb repart normal para se t\u00eb shkojn\u00eb n\u00eb sht\u00ebpi.<\/p>\n<p>Dr Alison Pittard, Dekan i Fakultetit t\u00eb Mjek\u00ebsis\u00eb Intensive t\u00eb Kujdesit, thot\u00eb se mund t\u00eb duhen 12 deri n\u00eb 18 muaj p\u00ebr t\u2019u rikthyer n\u00eb normalitet pas ndonj\u00eb kure n\u00eb kujdesin intensiv.<\/p>\n<p>Kalimi i nj\u00eb kohe t\u00eb gjat\u00eb n\u00eb nj\u00eb shtrat spitalor \u00e7on n\u00eb humbje t\u00eb mas\u00ebs s\u00eb muskujve. Pacient\u00ebt do t\u00eb jen\u00eb t\u00eb dob\u00ebt dhe muskujt do t\u00eb marrin koh\u00eb p\u00ebr t\u2019u forcuar p\u00ebrs\u00ebri. Disa njer\u00ebz do t\u00eb ken\u00eb nevoj\u00eb p\u00ebr fizioterapi p\u00ebr t\u00eb ecur p\u00ebrs\u00ebri.<\/p>\n<p>P\u00ebr shkak t\u00eb asaj q\u00eb kalon trupi n\u00eb ICU, ekziston edhe mund\u00ebsia e delirit dhe \u00e7rregullimeve psikologjike.<\/p>\n<p>\u201cDuket se ka nj\u00eb element t\u00eb shtuar me k\u00ebt\u00eb s\u00ebmundje \u2013 lodhja virale \u00ebsht\u00eb padyshim nj\u00eb faktor i madh\u201d, thot\u00eb Paul Twose, fizioterapist i kujdesit kritik n\u00eb Bordin e Sh\u00ebndetit t\u00eb Cardiff dhe Universitetit Vale.<\/p>\n<p>Ka pasur raportime nga Kina dhe Italia p\u00ebr dob\u00ebsi t\u00eb trupit, gul\u00e7im pas \u00e7do niveli t\u00eb ushtrimit, kollitjes s\u00eb vazhdueshme dhe frym\u00ebmarrjes s\u00eb parregullt. Plus, keni nevoj\u00eb p\u00ebr shum\u00eb gjum\u00eb.<\/p>\n<p>\u201cNe e dim\u00eb se pacient\u00ebt k\u00ebrkojn\u00eb nj\u00eb periudh\u00eb t\u00eb konsiderueshme, potencialisht disa muaj, p\u00ebr t\u2019u rikuperuar\u201d.<\/p>\n<p>Por \u00ebsht\u00eb e v\u00ebshtir\u00eb t\u00eb p\u00ebrgjith\u00ebsohet. Disa njer\u00ebz kalojn\u00eb periudha relativisht t\u00eb shkurtra n\u00eb kujdes intensiv, nd\u00ebrsa t\u00eb tjer\u00eb ventilim p\u00ebr jav\u00eb t\u00eb t\u00ebra.<\/p>\n<p>Gazeta Dita<\/p>\n","protected":false},"excerpt":{"rendered":"<p>Sa koh\u00eb i duhet organizmit t\u00eb njeriut t\u00eb marr\u00eb veten pas COVID-19? 18 prill 2020 Nga James Gallagher, BBC Covid-19 doli vet\u00ebm n\u00eb fund t\u00eb vitit 2019, por tashm\u00eb ka shenja se mund t\u00eb duhet nj\u00eb koh\u00eb e gjat\u00eb q\u00eb disa pacient\u00eb t\u00eb kthehen n\u00eb sh\u00ebndet t\u00eb plot\u00eb. Koha e rikuperimit do t\u00eb varet nga [&hellip;]<\/p>\n","protected":false},"author":9,"featured_media":33547,"comment_status":"open","ping_status":"open","sticky":false,"template":"","format":"standard","meta":{"jetpack_post_was_ever_published":false,"_jetpack_newsletter_access":"","_jetpack_dont_email_post_to_subs":false,"_jetpack_newsletter_tier_id":0,"_jetpack_memberships_contains_paywalled_content":false,"_jetpack_memberships_contains_paid_content":false,"footnotes":"","jetpack_publicize_message":"","jetpack_publicize_feature_enabled":true,"jetpack_social_post_already_shared":true,"jetpack_social_options":{"image_generator_settings":{"template":"highway","default_image_id":0,"font":"","enabled":false},"version":2}},"categories":[27,35],"tags":[],"class_list":["post-33546","post","type-post","status-publish","format-standard","has-post-thumbnail","hentry","category-blogu-i-udhetarit","category-shoqerore"],"jetpack_publicize_connections":[],"jetpack_featured_media_url":"https:\/\/i0.wp.com\/www.shqiperia.com\/blog\/wp-content\/uploads\/2020\/04\/111808387_1920promo-gettyimages-1207992708-905x450-1.jpg?fit=905%2C450&ssl=1","jetpack_sharing_enabled":true,"jetpack_shortlink":"https:\/\/wp.me\/p5Z6wp-8J4","jetpack-related-posts":[{"id":36422,"url":"https:\/\/www.shqiperia.com\/blog\/gjashte-nivelet-ne-te-cilat-shfaqet-koronavirusi\/","url_meta":{"origin":33546,"position":0},"title":"Gjasht\u00eb nivelet n\u00eb t\u00eb cilat shfaqet koronavirusi","author":"Kurt Farka","date":"July 19, 2020","format":false,"excerpt":"Gjasht\u00eb nivelet n\u00eb t\u00eb cilat shfaqet koronavirusi 18 korrik \u00a02020 Shkenc\u00ebtar\u00ebt britanik\u00eb kan\u00eb analizuar t\u00eb dh\u00ebnat e mbledhura nga nj\u00eb aplikacion p\u00ebr gjurmimin e simptomave COVID-19, gjer\u00ebsisht i p\u00ebrdorur, dhe kan\u00eb zbuluar se ekzistojn\u00eb gjasht\u00eb lloje t\u00eb dallueshme t\u00eb s\u00ebmundjes, t\u00eb cilat ndryshojn\u00eb nga nj\u00ebra-tjetra nga nj\u00eb grup simptomash. Nj\u00eb\u2026","rel":"","context":"In &quot;Blogu i Udh\u00ebtarit&quot;","block_context":{"text":"Blogu i Udh\u00ebtarit","link":"https:\/\/www.shqiperia.com\/blog\/category\/blogu-i-udhetarit\/"},"img":{"alt_text":"","src":"https:\/\/i0.wp.com\/www.shqiperia.com\/blog\/wp-content\/uploads\/2020\/07\/covid-aplikacioni-gjurmimit-696x433-1-905x450-1.png?fit=905%2C450&ssl=1&resize=350%2C200","width":350,"height":200,"srcset":"https:\/\/i0.wp.com\/www.shqiperia.com\/blog\/wp-content\/uploads\/2020\/07\/covid-aplikacioni-gjurmimit-696x433-1-905x450-1.png?fit=905%2C450&ssl=1&resize=350%2C200 1x, https:\/\/i0.wp.com\/www.shqiperia.com\/blog\/wp-content\/uploads\/2020\/07\/covid-aplikacioni-gjurmimit-696x433-1-905x450-1.png?fit=905%2C450&ssl=1&resize=525%2C300 1.5x, https:\/\/i0.wp.com\/www.shqiperia.com\/blog\/wp-content\/uploads\/2020\/07\/covid-aplikacioni-gjurmimit-696x433-1-905x450-1.png?fit=905%2C450&ssl=1&resize=700%2C400 2x"},"classes":[]},{"id":42298,"url":"https:\/\/www.shqiperia.com\/blog\/7-simptomat-e-llojit-te-ri-te-koronavirusit\/","url_meta":{"origin":33546,"position":1},"title":"7 simptomat e llojit t\u00eb ri t\u00eb koronavirusit","author":"Kurt Farka","date":"December 25, 2020","format":false,"excerpt":"7 simptomat e llojit t\u00eb ri t\u00eb koronavirusit 25 DHJETOR 2020 Shfaqja e nj\u00eb lloji t\u00eb ri t\u00eb koronavirusit n\u00eb Angli ka shkaktuar shqet\u00ebsim dhe shkenc\u00ebtar\u00ebt e studiuesit e mjek\u00ebsis\u00eb po punojn\u00eb vazhdimisht p\u00ebr t\u00eb p\u00ebrcaktuar burimin e variantit t\u00eb ri. Nj\u00eb variant i ri i koronavirusit i quajtur \u201cVUI\u2026","rel":"","context":"In &quot;Blogu i Udh\u00ebtarit&quot;","block_context":{"text":"Blogu i Udh\u00ebtarit","link":"https:\/\/www.shqiperia.com\/blog\/category\/blogu-i-udhetarit\/"},"img":{"alt_text":"","src":"https:\/\/i0.wp.com\/www.shqiperia.com\/blog\/wp-content\/uploads\/2020\/12\/640-0-5fe5b98cef6b6.jpg?fit=640%2C360&ssl=1&resize=350%2C200","width":350,"height":200,"srcset":"https:\/\/i0.wp.com\/www.shqiperia.com\/blog\/wp-content\/uploads\/2020\/12\/640-0-5fe5b98cef6b6.jpg?fit=640%2C360&ssl=1&resize=350%2C200 1x, https:\/\/i0.wp.com\/www.shqiperia.com\/blog\/wp-content\/uploads\/2020\/12\/640-0-5fe5b98cef6b6.jpg?fit=640%2C360&ssl=1&resize=525%2C300 1.5x"},"classes":[]},{"id":96311,"url":"https:\/\/www.shqiperia.com\/blog\/cfare-eshte-tromboza-dhe-si-mund-ta-parandalojme\/","url_meta":{"origin":33546,"position":2},"title":"\u00c7far\u00eb \u00ebsht\u00eb tromboza dhe si mund ta parandalojm\u00eb?","author":"Kurt Farka","date":"January 5, 2026","format":false,"excerpt":"5 Janar 2026 Mpiksja e gjakut mund t\u00eb jet\u00eb e heshtur, por simptomat e saj nuk duhen n\u00ebnvler\u00ebsuar n\u00eb disa raste, reagimi i shpejt\u00eb shp\u00ebton jet\u00ebn. Mpiksja e gjakut, ose trombi, krijohet si nj\u00eb reagim natyror i organizmit ndaj nj\u00eb d\u00ebmtimi. Ajo sh\u00ebrben p\u00ebr t\u00eb ndalur gjakderdhjen dhe p\u00ebr t\u00eb\u2026","rel":"","context":"In &quot;Blogu i Udh\u00ebtarit&quot;","block_context":{"text":"Blogu i Udh\u00ebtarit","link":"https:\/\/www.shqiperia.com\/blog\/category\/blogu-i-udhetarit\/"},"img":{"alt_text":"","src":"https:\/\/i0.wp.com\/www.shqiperia.com\/blog\/wp-content\/uploads\/2026\/01\/55487.webp?fit=1154%2C664&ssl=1&resize=350%2C200","width":350,"height":200,"srcset":"https:\/\/i0.wp.com\/www.shqiperia.com\/blog\/wp-content\/uploads\/2026\/01\/55487.webp?fit=1154%2C664&ssl=1&resize=350%2C200 1x, https:\/\/i0.wp.com\/www.shqiperia.com\/blog\/wp-content\/uploads\/2026\/01\/55487.webp?fit=1154%2C664&ssl=1&resize=525%2C300 1.5x, https:\/\/i0.wp.com\/www.shqiperia.com\/blog\/wp-content\/uploads\/2026\/01\/55487.webp?fit=1154%2C664&ssl=1&resize=700%2C400 2x, https:\/\/i0.wp.com\/www.shqiperia.com\/blog\/wp-content\/uploads\/2026\/01\/55487.webp?fit=1154%2C664&ssl=1&resize=1050%2C600 3x"},"classes":[]},{"id":38491,"url":"https:\/\/www.shqiperia.com\/blog\/7-shenjat-se-si-mund-ta-zbuloni-nese-e-keni-kaluar-ose-jo-covid-19\/","url_meta":{"origin":33546,"position":3},"title":"7 shenjat se si mund ta zbuloni n\u00ebse e keni kaluar ose jo Covid-19","author":"Kurt Farka","date":"September 16, 2020","format":false,"excerpt":"7 shenjat se si mund ta zbuloni n\u00ebse e keni kaluar ose jo Covid-19 13 Shtator 2020 Koronavirusi po vazhdon t\u00eb p\u00ebrhapet n\u00eb gjith\u00eb bot\u00ebn. Sot sh\u00ebnohen 6 muaj q\u00eb kur Organizata Bot\u00ebrore e Sh\u00ebndet\u00ebsis\u00eb e shpalli Covid-19 si pandemi. M\u00eb 11 mars, kreu i OBSH, Tedros Adhanom Ghebreyesus, deklaroi\u2026","rel":"","context":"In &quot;Blogu i Udh\u00ebtarit&quot;","block_context":{"text":"Blogu i Udh\u00ebtarit","link":"https:\/\/www.shqiperia.com\/blog\/category\/blogu-i-udhetarit\/"},"img":{"alt_text":"","src":"https:\/\/i0.wp.com\/www.shqiperia.com\/blog\/wp-content\/uploads\/2020\/09\/640-0-cad8e9c878277c4bcfc31d061f80e146.jpg?fit=640%2C381&ssl=1&resize=350%2C200","width":350,"height":200,"srcset":"https:\/\/i0.wp.com\/www.shqiperia.com\/blog\/wp-content\/uploads\/2020\/09\/640-0-cad8e9c878277c4bcfc31d061f80e146.jpg?fit=640%2C381&ssl=1&resize=350%2C200 1x, https:\/\/i0.wp.com\/www.shqiperia.com\/blog\/wp-content\/uploads\/2020\/09\/640-0-cad8e9c878277c4bcfc31d061f80e146.jpg?fit=640%2C381&ssl=1&resize=525%2C300 1.5x"},"classes":[]},{"id":41815,"url":"https:\/\/www.shqiperia.com\/blog\/ekspertet-zbulojne-sa-kohe-qendroni-te-mbrojtur-pasi-keni-kaluar-covid-19\/","url_meta":{"origin":33546,"position":4},"title":"Ekspert\u00ebt zbulojn\u00eb sa koh\u00eb q\u00ebndroni t\u00eb mbrojtur pasi keni kaluar Covid-19","author":"Kurt Farka","date":"December 12, 2020","format":false,"excerpt":"Ekspert\u00ebt zbulojn\u00eb sa koh\u00eb q\u00ebndroni t\u00eb mbrojtur pasi keni kaluar Covid-19 - 10.12.20 Nj\u00eb studim i ri i Institutit p\u00ebr Imunologji \u201cLa Jolla\u201d n\u00eb Kaliforni, pretendon se\u00a0pacient\u00ebt\u00a0e sh\u00ebruar nga koronavirusi, kan\u00eb t\u00eb ngjar\u00eb t\u00eb ken\u00eb nj\u00eb memorie t\u00eb organizmit imun, q\u00eb vazhdon p\u00ebr t\u00eb pakt\u00ebn 8 muaj. Ky imunitet, p\u00ebrve\u00e7\u2026","rel":"","context":"In &quot;Blogu i Udh\u00ebtarit&quot;","block_context":{"text":"Blogu i Udh\u00ebtarit","link":"https:\/\/www.shqiperia.com\/blog\/category\/blogu-i-udhetarit\/"},"img":{"alt_text":"","src":"https:\/\/i0.wp.com\/www.shqiperia.com\/blog\/wp-content\/uploads\/2020\/12\/imuniteti2.jpg?fit=520%2C294&ssl=1&resize=350%2C200","width":350,"height":200},"classes":[]},{"id":47439,"url":"https:\/\/www.shqiperia.com\/blog\/ethe-dhimbje-koke-dhe-studimi-me-i-fundit-cfare-mund-te-shkaktoje-perzierja-e-vaksinave-kunder-covid-19\/","url_meta":{"origin":33546,"position":5},"title":"\u201cEthe, dhimbje koke dhe\u2026\u201d\/ Studimi m\u00eb i fundit: \u00c7far\u00eb mund t\u00eb shkaktoj\u00eb p\u00ebrzierja e vaksinave kund\u00ebr COVID-19?","author":"Kurt Farka","date":"May 13, 2021","format":false,"excerpt":"\u201cEthe, dhimbje koke dhe\u2026\u201d\/ Studimi m\u00eb i fundit: \u00c7far\u00eb mund t\u00eb shkaktoj\u00eb p\u00ebrzierja e vaksinave kund\u00ebr COVID-19? 13 maji 2021 Sipas nj\u00eb studimi, t\u00eb rriturit kan\u00eb m\u00eb shum\u00eb mund\u00ebsi t\u00eb raportojn\u00eb efekte t\u00eb lehta an\u00ebsore pas p\u00ebrzierjes s\u00eb dozave t\u00eb vaksinave kund\u00ebr koronavirusit, t\u00eb kompanive AstraZeneca dhe Pfizer. Ethe, dhimbje\u2026","rel":"","context":"In &quot;Kultura&quot;","block_context":{"text":"Kultura","link":"https:\/\/www.shqiperia.com\/blog\/category\/kultura\/"},"img":{"alt_text":"","src":"https:\/\/i0.wp.com\/www.shqiperia.com\/blog\/wp-content\/uploads\/2021\/05\/vaksina2.jpg?fit=976%2C549&ssl=1&resize=350%2C200","width":350,"height":200,"srcset":"https:\/\/i0.wp.com\/www.shqiperia.com\/blog\/wp-content\/uploads\/2021\/05\/vaksina2.jpg?fit=976%2C549&ssl=1&resize=350%2C200 1x, https:\/\/i0.wp.com\/www.shqiperia.com\/blog\/wp-content\/uploads\/2021\/05\/vaksina2.jpg?fit=976%2C549&ssl=1&resize=525%2C300 1.5x, https:\/\/i0.wp.com\/www.shqiperia.com\/blog\/wp-content\/uploads\/2021\/05\/vaksina2.jpg?fit=976%2C549&ssl=1&resize=700%2C400 2x"},"classes":[]}],"_links":{"self":[{"href":"https:\/\/www.shqiperia.com\/blog\/wp-json\/wp\/v2\/posts\/33546","targetHints":{"allow":["GET"]}}],"collection":[{"href":"https:\/\/www.shqiperia.com\/blog\/wp-json\/wp\/v2\/posts"}],"about":[{"href":"https:\/\/www.shqiperia.com\/blog\/wp-json\/wp\/v2\/types\/post"}],"author":[{"embeddable":true,"href":"https:\/\/www.shqiperia.com\/blog\/wp-json\/wp\/v2\/users\/9"}],"replies":[{"embeddable":true,"href":"https:\/\/www.shqiperia.com\/blog\/wp-json\/wp\/v2\/comments?post=33546"}],"version-history":[{"count":1,"href":"https:\/\/www.shqiperia.com\/blog\/wp-json\/wp\/v2\/posts\/33546\/revisions"}],"predecessor-version":[{"id":33548,"href":"https:\/\/www.shqiperia.com\/blog\/wp-json\/wp\/v2\/posts\/33546\/revisions\/33548"}],"wp:featuredmedia":[{"embeddable":true,"href":"https:\/\/www.shqiperia.com\/blog\/wp-json\/wp\/v2\/media\/33547"}],"wp:attachment":[{"href":"https:\/\/www.shqiperia.com\/blog\/wp-json\/wp\/v2\/media?parent=33546"}],"wp:term":[{"taxonomy":"category","embeddable":true,"href":"https:\/\/www.shqiperia.com\/blog\/wp-json\/wp\/v2\/categories?post=33546"},{"taxonomy":"post_tag","embeddable":true,"href":"https:\/\/www.shqiperia.com\/blog\/wp-json\/wp\/v2\/tags?post=33546"}],"curies":[{"name":"wp","href":"https:\/\/api.w.org\/{rel}","templated":true}]}}