{"id":33543,"date":"2020-04-19T00:54:41","date_gmt":"2020-04-19T00:54:41","guid":{"rendered":"https:\/\/www.shqiperia.com\/blog\/?p=33543"},"modified":"2020-04-19T00:54:41","modified_gmt":"2020-04-19T00:54:41","slug":"foto-shpresedhenese-nga-italia-kisha-e-varrezave-ne-bergamo-per-here-te-pare-pa-arkivole","status":"publish","type":"post","link":"https:\/\/www.shqiperia.com\/blog\/foto-shpresedhenese-nga-italia-kisha-e-varrezave-ne-bergamo-per-here-te-pare-pa-arkivole\/","title":{"rendered":"Foto shpres\u00ebdh\u00ebn\u00ebse nga Italia, kisha e varrezave n\u00eb Bergamo p\u00ebr her\u00eb t\u00eb par\u00eb pa arkivole"},"content":{"rendered":"<p><img data-recalc-dims=\"1\" loading=\"lazy\" decoding=\"async\" data-attachment-id=\"33544\" data-permalink=\"https:\/\/www.shqiperia.com\/blog\/foto-shpresedhenese-nga-italia-kisha-e-varrezave-ne-bergamo-per-here-te-pare-pa-arkivole\/postimi\/\" data-orig-file=\"https:\/\/i0.wp.com\/www.shqiperia.com\/blog\/wp-content\/uploads\/2020\/04\/postimi.png?fit=447%2C238&amp;ssl=1\" data-orig-size=\"447,238\" data-comments-opened=\"1\" data-image-meta=\"{&quot;aperture&quot;:&quot;0&quot;,&quot;credit&quot;:&quot;&quot;,&quot;camera&quot;:&quot;&quot;,&quot;caption&quot;:&quot;&quot;,&quot;created_timestamp&quot;:&quot;0&quot;,&quot;copyright&quot;:&quot;&quot;,&quot;focal_length&quot;:&quot;0&quot;,&quot;iso&quot;:&quot;0&quot;,&quot;shutter_speed&quot;:&quot;0&quot;,&quot;title&quot;:&quot;&quot;,&quot;orientation&quot;:&quot;0&quot;}\" data-image-title=\"postimi\" data-image-description=\"\" data-image-caption=\"\" data-medium-file=\"https:\/\/i0.wp.com\/www.shqiperia.com\/blog\/wp-content\/uploads\/2020\/04\/postimi.png?fit=300%2C160&amp;ssl=1\" data-large-file=\"https:\/\/i0.wp.com\/www.shqiperia.com\/blog\/wp-content\/uploads\/2020\/04\/postimi.png?fit=447%2C238&amp;ssl=1\" class=\"alignnone size-medium wp-image-33544\" alt=\"\" src=\"https:\/\/i0.wp.com\/www.shqiperia.com\/blog\/wp-content\/uploads\/2020\/04\/postimi.png?resize=300%2C160&#038;ssl=1\" width=\"300\" height=\"160\" srcset=\"https:\/\/i0.wp.com\/www.shqiperia.com\/blog\/wp-content\/uploads\/2020\/04\/postimi.png?resize=300%2C160&amp;ssl=1 300w, https:\/\/i0.wp.com\/www.shqiperia.com\/blog\/wp-content\/uploads\/2020\/04\/postimi.png?resize=400%2C213&amp;ssl=1 400w, https:\/\/i0.wp.com\/www.shqiperia.com\/blog\/wp-content\/uploads\/2020\/04\/postimi.png?w=447&amp;ssl=1 447w\" sizes=\"auto, (max-width: 300px) 100vw, 300px\" \/><\/p>\n<p>Foto shpres\u00ebdh\u00ebn\u00ebse nga Italia, kisha e varrezave n\u00eb Bergamo p\u00ebr her\u00eb t\u00eb par\u00eb pa arkivole<\/p>\n<p><em>\u00a018 prill 2020<\/em><\/p>\n<p><strong>Kryebashkiaku i Bergamos, Giorgio Gori na ka dh\u00ebn\u00eb sot nj\u00eb lajm t\u00eb mir\u00eb, pasi n\u00ebp\u00ebrmjet nj\u00eb postimi n\u00eb facebook tregon se p\u00ebr her\u00eb t\u00eb par\u00eb q\u00eb pas shp\u00ebrthimit t\u00eb pandemis\u00eb s COVID-19 kisha e varrezave \u00ebsht\u00eb pa arkivol\u00eb.<\/strong><\/p>\n<p><em>\u00a0\u201cKisha e varrezave n\u00eb Bergamo, m\u00eb n\u00eb fund bosh\u201d,<\/em>\u00a0jan\u00eb fjal\u00ebt e kryetarit t\u00eb Bashkis\u00eb, q\u00eb e shoq\u00ebron edhe me foton e k\u00ebsaj kishe.<\/p>\n<p>Jav\u00ebt e fundit kisha e varrezave, ishte e mbushur me arkivole p\u00ebr shkak t\u00eb numrit t\u00eb madh t\u00eb viktimave nga koronavirusi n\u00eb k\u00ebt\u00eb qytet, teksa krematoriumi, n\u00eb sh\u00ebrbim dit\u00eb e nat\u00eb, nuk ishte i mjaftuesh\u00ebm.<\/p>\n<p>Q\u00eb prej asaj kohe, filloi transporti i arkivoleve, me kamion\u00eb t\u00eb ushtris\u00eb, drejt qyteteve t\u00eb tjera.<\/p>\n<p>Italia konfirmoi 482 persona t\u00eb vdekur gjat\u00eb 24 or\u00ebve t\u00eb fundit.<\/p>\n<p>Lajme t\u00eb mir\u00eb vijn\u00eb sa i p\u00ebrket numrit t\u00eb t\u00eb sh\u00ebruarve, pasi ka shkuar n\u00eb 44927. Sipas k\u00ebsaj shifre, jan\u00eb 2200 t\u00eb sh\u00ebruar n\u00eb 24 or\u00ebt e fundit.<\/p>\n<p>Gazeta Panorama<\/p>\n","protected":false},"excerpt":{"rendered":"<p>Foto shpres\u00ebdh\u00ebn\u00ebse nga Italia, kisha e varrezave n\u00eb Bergamo p\u00ebr her\u00eb t\u00eb par\u00eb pa arkivole \u00a018 prill 2020 Kryebashkiaku i Bergamos, Giorgio Gori na ka dh\u00ebn\u00eb sot nj\u00eb lajm t\u00eb mir\u00eb, pasi n\u00ebp\u00ebrmjet nj\u00eb postimi n\u00eb facebook tregon se p\u00ebr her\u00eb t\u00eb par\u00eb q\u00eb pas shp\u00ebrthimit t\u00eb pandemis\u00eb s COVID-19 kisha e varrezave \u00ebsht\u00eb pa [&hellip;]<\/p>\n","protected":false},"author":9,"featured_media":33544,"comment_status":"open","ping_status":"open","sticky":false,"template":"","format":"standard","meta":{"jetpack_post_was_ever_published":false,"_jetpack_newsletter_access":"","_jetpack_dont_email_post_to_subs":false,"_jetpack_newsletter_tier_id":0,"_jetpack_memberships_contains_paywalled_content":false,"_jetpack_memberships_contains_paid_content":false,"footnotes":"","jetpack_publicize_message":"","jetpack_publicize_feature_enabled":true,"jetpack_social_post_already_shared":true,"jetpack_social_options":{"image_generator_settings":{"template":"highway","default_image_id":0,"font":"","enabled":false},"version":2}},"categories":[27,35],"tags":[],"class_list":["post-33543","post","type-post","status-publish","format-standard","has-post-thumbnail","hentry","category-blogu-i-udhetarit","category-shoqerore"],"jetpack_publicize_connections":[],"jetpack_featured_media_url":"https:\/\/i0.wp.com\/www.shqiperia.com\/blog\/wp-content\/uploads\/2020\/04\/postimi.png?fit=447%2C238&ssl=1","jetpack_sharing_enabled":true,"jetpack_shortlink":"https:\/\/wp.me\/p5Z6wp-8J1","jetpack-related-posts":[{"id":2195,"url":"https:\/\/www.shqiperia.com\/blog\/guri-varrit-te-kaloresit-arber-shtjefen-zeza\/","url_meta":{"origin":33543,"position":0},"title":"&#8220;Guri i varrit te Kaloresit-Arber SHTJEFEN ZEZA. &#8211;","author":"Kurt Farka","date":"January 30, 2018","format":false,"excerpt":"Nga: Paulin Zefi - \"GURI I VARRIT TE KALORESIT SHJEFEN ZEZA DHE, RENDESIA E TIJ HISTORIKE\". - Ky gur varri dhe epitafi i tij ne \"KISHA E SHEN.SHTJEFNIT\" eshte Monument-Kulture i kategorise se pare qe me dt.05.11.1984 por si rezultat i mungeses se vemendjes per vite me radhe dhe germimeve\u2026","rel":"","context":"In &quot;Histori&quot;","block_context":{"text":"Histori","link":"https:\/\/www.shqiperia.com\/blog\/category\/histori\/"},"img":{"alt_text":"","src":"https:\/\/i0.wp.com\/www.shqiperia.com\/blog\/wp-content\/uploads\/2018\/01\/Fisniku-Shtjefen-Zeza.jpg?fit=720%2C808&ssl=1&resize=350%2C200","width":350,"height":200,"srcset":"https:\/\/i0.wp.com\/www.shqiperia.com\/blog\/wp-content\/uploads\/2018\/01\/Fisniku-Shtjefen-Zeza.jpg?fit=720%2C808&ssl=1&resize=350%2C200 1x, https:\/\/i0.wp.com\/www.shqiperia.com\/blog\/wp-content\/uploads\/2018\/01\/Fisniku-Shtjefen-Zeza.jpg?fit=720%2C808&ssl=1&resize=525%2C300 1.5x, https:\/\/i0.wp.com\/www.shqiperia.com\/blog\/wp-content\/uploads\/2018\/01\/Fisniku-Shtjefen-Zeza.jpg?fit=720%2C808&ssl=1&resize=700%2C400 2x"},"classes":[]},{"id":56754,"url":"https:\/\/www.shqiperia.com\/blog\/supermarketet-jane-mbyllur-karantinohen-ne-kuti-qe-duken-si-arkivole\/","url_meta":{"origin":33543,"position":1},"title":"\u201cSupermarketet jan\u00eb mbyllur!  &#8211; Karantinohen n\u00eb kuti q\u00eb duken si arkivole.","author":"Kurt Farka","date":"April 15, 2022","format":false,"excerpt":"\u201cSupermarketet jan\u00eb mbyllur! \u2013 Po i \u00e7oni njer\u00ebzit drejt vdekjes\u201d. Ata karantinohen n\u00eb kuti q\u00eb duken si arkivole. NGA Gazeta SOT 15 PRILL 2022 Mund t\u2019ju duket e pabesueshme, por k\u00ebta jan\u00eb pacient\u00ebt kinez\u00eb t\u00eb s\u00ebmur\u00eb me Coronavirus n\u00eb vitin 2022. Ata karantinohen n\u00eb kuti q\u00eb duken si arkivole. Teksa\u2026","rel":"","context":"In &quot;Blogu i Udh\u00ebtarit&quot;","block_context":{"text":"Blogu i Udh\u00ebtarit","link":"https:\/\/www.shqiperia.com\/blog\/category\/blogu-i-udhetarit\/"},"img":{"alt_text":"","src":"https:\/\/i0.wp.com\/www.shqiperia.com\/blog\/wp-content\/uploads\/2022\/04\/800-0-dc88f3bec5e6bcac024d1e3f2f94f0e2.jpeg?fit=800%2C421&ssl=1&resize=350%2C200","width":350,"height":200,"srcset":"https:\/\/i0.wp.com\/www.shqiperia.com\/blog\/wp-content\/uploads\/2022\/04\/800-0-dc88f3bec5e6bcac024d1e3f2f94f0e2.jpeg?fit=800%2C421&ssl=1&resize=350%2C200 1x, https:\/\/i0.wp.com\/www.shqiperia.com\/blog\/wp-content\/uploads\/2022\/04\/800-0-dc88f3bec5e6bcac024d1e3f2f94f0e2.jpeg?fit=800%2C421&ssl=1&resize=525%2C300 1.5x, https:\/\/i0.wp.com\/www.shqiperia.com\/blog\/wp-content\/uploads\/2022\/04\/800-0-dc88f3bec5e6bcac024d1e3f2f94f0e2.jpeg?fit=800%2C421&ssl=1&resize=700%2C400 2x"},"classes":[]},{"id":38424,"url":"https:\/\/www.shqiperia.com\/blog\/zbulohen-13-arkivole-sarkofag-2500-vjecare-ne-egjipt\/","url_meta":{"origin":33543,"position":2},"title":"Zbulohen 13 arkivole (sarkofag) 2500 vje\u00e7are n\u00eb Egjipt","author":"Kurt Farka","date":"September 14, 2020","format":false,"excerpt":"Zbulohen 13 arkivole (sarkofag) 2500 vje\u00e7are n\u00eb Egjipt Shtator 2020 Arkeolog\u00ebt kan\u00eb zbuluar 13 arkivole prej druri t\u00eb mbyllur plot\u00ebsisht n\u00eb nekropolin e shkret\u00ebtir\u00ebs t\u00eb Saqqara, Egjipt, q\u00eb datojn\u00eb rreth 2500 vjet. I ndodhur 19 milje n\u00eb jug t\u00eb Kajros, kompleksi i gjer\u00eb i varrimit \u2013 i cili p\u00ebrmban piramid\u00ebn\u2026","rel":"","context":"In &quot;Histori&quot;","block_context":{"text":"Histori","link":"https:\/\/www.shqiperia.com\/blog\/category\/histori\/"},"img":{"alt_text":"","src":"https:\/\/i0.wp.com\/www.shqiperia.com\/blog\/wp-content\/uploads\/2020\/09\/egjipt4.jpg?fit=634%2C357&ssl=1&resize=350%2C200","width":350,"height":200,"srcset":"https:\/\/i0.wp.com\/www.shqiperia.com\/blog\/wp-content\/uploads\/2020\/09\/egjipt4.jpg?fit=634%2C357&ssl=1&resize=350%2C200 1x, https:\/\/i0.wp.com\/www.shqiperia.com\/blog\/wp-content\/uploads\/2020\/09\/egjipt4.jpg?fit=634%2C357&ssl=1&resize=525%2C300 1.5x"},"classes":[]},{"id":13776,"url":"https:\/\/www.shqiperia.com\/blog\/monument-kisha-e-shen-jeremise-gorazhdevc-peje\/","url_meta":{"origin":33543,"position":3},"title":"Monument: -Kisha e Sh\u00ebn Jeremis\u00eb, Gorazhdevc. (Pej\u00eb). &#8211;","author":"Kurt Farka","date":"November 16, 2018","format":false,"excerpt":"Monument: -Kisha e Sh\u00ebn Jeremis\u00eb, Gorazhdevc. (Pej\u00eb). - N\u00eb fshatin Gorazhdevc, n\u00eb komun\u00ebn e Pej\u00ebs, gjendet e nd\u00ebrtuar Kisha e Sh\u00ebn Jeremis\u00eb. Kisha i takon tipit t\u00eb trarit, nd\u00ebrtuar nga druri i bungut, e ruajtur relativisht mir\u00eb. Kisha \u00ebsht\u00eb e shekullit XVI dhe gjendet n\u00eb mesin e varrezave t\u00eb fshatit\u2026","rel":"","context":"In &quot;Histori&quot;","block_context":{"text":"Histori","link":"https:\/\/www.shqiperia.com\/blog\/category\/histori\/"},"img":{"alt_text":"","src":"https:\/\/i0.wp.com\/www.shqiperia.com\/blog\/wp-content\/uploads\/2018\/11\/Kisha-e-Sh%C3%ABn-Jeremis%C3%AB-Gorazhdevc.jpg?fit=959%2C509&ssl=1&resize=350%2C200","width":350,"height":200,"srcset":"https:\/\/i0.wp.com\/www.shqiperia.com\/blog\/wp-content\/uploads\/2018\/11\/Kisha-e-Sh%C3%ABn-Jeremis%C3%AB-Gorazhdevc.jpg?fit=959%2C509&ssl=1&resize=350%2C200 1x, https:\/\/i0.wp.com\/www.shqiperia.com\/blog\/wp-content\/uploads\/2018\/11\/Kisha-e-Sh%C3%ABn-Jeremis%C3%AB-Gorazhdevc.jpg?fit=959%2C509&ssl=1&resize=525%2C300 1.5x, https:\/\/i0.wp.com\/www.shqiperia.com\/blog\/wp-content\/uploads\/2018\/11\/Kisha-e-Sh%C3%ABn-Jeremis%C3%AB-Gorazhdevc.jpg?fit=959%2C509&ssl=1&resize=700%2C400 2x"},"classes":[]},{"id":40997,"url":"https:\/\/www.shqiperia.com\/blog\/zbulohen-100-arkivole-te-para-2500-viteve-te-egjiptit-te-lashte-disa-me-mumje-brenda\/","url_meta":{"origin":33543,"position":4},"title":"Zbulohen 100 arkivole t\u00eb para 2500 viteve t\u00eb Egjiptit t\u00eb Lasht\u00eb, disa me mumje brenda","author":"Kurt Farka","date":"November 20, 2020","format":false,"excerpt":"Zbulohen 100 arkivole t\u00eb para 2500 viteve t\u00eb Egjiptit t\u00eb Lasht\u00eb, disa me mumje brenda. 16 N\u00cbNTOR 2020 100 arkivole t\u00eb pikturuara egjiptiane t\u00eb lashta dhe 40 statuja t\u00eb \u00e7muara jan\u00eb zbuluar n\u00eb nekropolin Saqqara af\u00ebr Kajros. Ministria e Turizmit dhe Antikiteteve e Egjiptit b\u00ebri zbulimin mbres\u00ebl\u00ebn\u00ebs n\u00eb nj\u00eb konferenc\u00eb\u2026","rel":"","context":"In &quot;Histori&quot;","block_context":{"text":"Histori","link":"https:\/\/www.shqiperia.com\/blog\/category\/histori\/"},"img":{"alt_text":"","src":"https:\/\/i0.wp.com\/www.shqiperia.com\/blog\/wp-content\/uploads\/2020\/11\/35670138-8949011-Archaeologists_also_hope_to_find_an_ancient_workshop_for_manufac-a-97_1605367922156-Copy.jpg?fit=962%2C605&ssl=1&resize=350%2C200","width":350,"height":200,"srcset":"https:\/\/i0.wp.com\/www.shqiperia.com\/blog\/wp-content\/uploads\/2020\/11\/35670138-8949011-Archaeologists_also_hope_to_find_an_ancient_workshop_for_manufac-a-97_1605367922156-Copy.jpg?fit=962%2C605&ssl=1&resize=350%2C200 1x, https:\/\/i0.wp.com\/www.shqiperia.com\/blog\/wp-content\/uploads\/2020\/11\/35670138-8949011-Archaeologists_also_hope_to_find_an_ancient_workshop_for_manufac-a-97_1605367922156-Copy.jpg?fit=962%2C605&ssl=1&resize=525%2C300 1.5x, https:\/\/i0.wp.com\/www.shqiperia.com\/blog\/wp-content\/uploads\/2020\/11\/35670138-8949011-Archaeologists_also_hope_to_find_an_ancient_workshop_for_manufac-a-97_1605367922156-Copy.jpg?fit=962%2C605&ssl=1&resize=700%2C400 2x"},"classes":[]},{"id":4489,"url":"https:\/\/www.shqiperia.com\/blog\/kisha-dhe-varrezat-e-rrmajt-ne-shkoder\/","url_meta":{"origin":33543,"position":5},"title":"Kisha dhe Varreza e Rrmajt n\u00eb Shkod\u00ebr. &#8211;","author":"Kurt Farka","date":"March 9, 2018","format":false,"excerpt":"\u201cN\u00ebse ka nj\u00eb d\u00ebshmi t\u00eb artit nd\u00ebrtimor, t\u00eb ngritur n\u00eb nivel qytetar, ai ndodhet padyshim n\u00eb monumentet funerale t\u00eb Varrezave t\u00eb Rrmajit n\u00eb Shkod\u00ebr\u201d... \u201cN\u00eb pik\u00ebpamje urbanistike, p\u00ebr periudh\u00ebn e ngjizjes s\u00eb qytetit post-osman, ajo ka r\u00ebnd\u00ebsi t\u00eb dor\u00ebs s\u00eb par\u00eb n\u00eb formimin e ides\u00eb mbi formulimin e varrez\u00ebs urbane\u2026","rel":"","context":"In &quot;Histori&quot;","block_context":{"text":"Histori","link":"https:\/\/www.shqiperia.com\/blog\/category\/histori\/"},"img":{"alt_text":"","src":"https:\/\/i0.wp.com\/www.shqiperia.com\/blog\/wp-content\/uploads\/2018\/03\/Kisha-e-Rrmajit-ne-Shkoder-Copy.jpg?fit=528%2C519&ssl=1&resize=350%2C200","width":350,"height":200,"srcset":"https:\/\/i0.wp.com\/www.shqiperia.com\/blog\/wp-content\/uploads\/2018\/03\/Kisha-e-Rrmajit-ne-Shkoder-Copy.jpg?fit=528%2C519&ssl=1&resize=350%2C200 1x, https:\/\/i0.wp.com\/www.shqiperia.com\/blog\/wp-content\/uploads\/2018\/03\/Kisha-e-Rrmajit-ne-Shkoder-Copy.jpg?fit=528%2C519&ssl=1&resize=525%2C300 1.5x"},"classes":[]}],"_links":{"self":[{"href":"https:\/\/www.shqiperia.com\/blog\/wp-json\/wp\/v2\/posts\/33543","targetHints":{"allow":["GET"]}}],"collection":[{"href":"https:\/\/www.shqiperia.com\/blog\/wp-json\/wp\/v2\/posts"}],"about":[{"href":"https:\/\/www.shqiperia.com\/blog\/wp-json\/wp\/v2\/types\/post"}],"author":[{"embeddable":true,"href":"https:\/\/www.shqiperia.com\/blog\/wp-json\/wp\/v2\/users\/9"}],"replies":[{"embeddable":true,"href":"https:\/\/www.shqiperia.com\/blog\/wp-json\/wp\/v2\/comments?post=33543"}],"version-history":[{"count":1,"href":"https:\/\/www.shqiperia.com\/blog\/wp-json\/wp\/v2\/posts\/33543\/revisions"}],"predecessor-version":[{"id":33545,"href":"https:\/\/www.shqiperia.com\/blog\/wp-json\/wp\/v2\/posts\/33543\/revisions\/33545"}],"wp:featuredmedia":[{"embeddable":true,"href":"https:\/\/www.shqiperia.com\/blog\/wp-json\/wp\/v2\/media\/33544"}],"wp:attachment":[{"href":"https:\/\/www.shqiperia.com\/blog\/wp-json\/wp\/v2\/media?parent=33543"}],"wp:term":[{"taxonomy":"category","embeddable":true,"href":"https:\/\/www.shqiperia.com\/blog\/wp-json\/wp\/v2\/categories?post=33543"},{"taxonomy":"post_tag","embeddable":true,"href":"https:\/\/www.shqiperia.com\/blog\/wp-json\/wp\/v2\/tags?post=33543"}],"curies":[{"name":"wp","href":"https:\/\/api.w.org\/{rel}","templated":true}]}}