{"id":33531,"date":"2020-04-18T01:46:51","date_gmt":"2020-04-18T01:46:51","guid":{"rendered":"https:\/\/www.shqiperia.com\/blog\/?p=33531"},"modified":"2020-04-18T01:46:51","modified_gmt":"2020-04-18T01:46:51","slug":"policia-gjen-17-trupa-te-pajete-brenda-azilit-te-pleqve-dyshohet-se-kane-vdekur-nga-covid-19","status":"publish","type":"post","link":"https:\/\/www.shqiperia.com\/blog\/policia-gjen-17-trupa-te-pajete-brenda-azilit-te-pleqve-dyshohet-se-kane-vdekur-nga-covid-19\/","title":{"rendered":"Policia gjen 17 trupa t\u00eb pajet\u00eb brenda azilit t\u00eb pleqve, dyshohet se kan\u00eb vdekur nga COVID-19"},"content":{"rendered":"<p><img data-recalc-dims=\"1\" loading=\"lazy\" decoding=\"async\" data-attachment-id=\"33532\" data-permalink=\"https:\/\/www.shqiperia.com\/blog\/policia-gjen-17-trupa-te-pajete-brenda-azilit-te-pleqve-dyshohet-se-kane-vdekur-nga-covid-19\/download-73\/\" data-orig-file=\"https:\/\/i0.wp.com\/www.shqiperia.com\/blog\/wp-content\/uploads\/2020\/04\/download-2.jpg?fit=300%2C168&amp;ssl=1\" data-orig-size=\"300,168\" data-comments-opened=\"1\" data-image-meta=\"{&quot;aperture&quot;:&quot;0&quot;,&quot;credit&quot;:&quot;&quot;,&quot;camera&quot;:&quot;&quot;,&quot;caption&quot;:&quot;&quot;,&quot;created_timestamp&quot;:&quot;0&quot;,&quot;copyright&quot;:&quot;&quot;,&quot;focal_length&quot;:&quot;0&quot;,&quot;iso&quot;:&quot;0&quot;,&quot;shutter_speed&quot;:&quot;0&quot;,&quot;title&quot;:&quot;&quot;,&quot;orientation&quot;:&quot;0&quot;}\" data-image-title=\"download\" data-image-description=\"\" data-image-caption=\"\" data-medium-file=\"https:\/\/i0.wp.com\/www.shqiperia.com\/blog\/wp-content\/uploads\/2020\/04\/download-2.jpg?fit=300%2C168&amp;ssl=1\" data-large-file=\"https:\/\/i0.wp.com\/www.shqiperia.com\/blog\/wp-content\/uploads\/2020\/04\/download-2.jpg?fit=300%2C168&amp;ssl=1\" class=\"alignnone  wp-image-33532\" alt=\"\" src=\"https:\/\/i0.wp.com\/www.shqiperia.com\/blog\/wp-content\/uploads\/2020\/04\/download-2.jpg?resize=539%2C302&#038;ssl=1\" width=\"539\" height=\"302\" \/><\/p>\n<p>Policia gjen 17 trupa t\u00eb pajet\u00eb brenda azilit t\u00eb pleqve, dyshohet se kan\u00eb vdekur nga COVID-19<\/p>\n<p><strong>16 prill 2020<\/strong><\/p>\n<p>Nj\u00eb ngjarje e r\u00ebnd\u00eb \u00ebsht\u00eb sh\u00ebnuar n\u00eb nj\u00eb sht\u00ebpi t\u00eb moshuarish n\u00eb New Jersey, ku u gjet\u00ebn 17 trupa t\u00eb pajet\u00eb.<\/p>\n<p>Daily Mail raporton se policia pasi ka marr\u00eb nj\u00eb telefonat\u00eb anonime, ka mb\u00ebrritur n\u00eb vendin e ngjarjes, ku \u00ebsht\u00eb p\u00ebrballur me sken\u00ebn e r\u00ebnd\u00eb. Ka dyshime se t\u00eb moshuarit jan\u00eb viktima t\u00eb COVID-19.<\/p>\n<p>Po ashtu b\u00ebhet e ditur se t\u00eb gjith\u00eb trupat e pajet\u00eb ishin futur n\u00eb nj\u00eb hap\u00ebsir\u00eb q\u00eb sh\u00ebrben si morg i p\u00ebrkoh\u00ebsh, por nuk kishte kapacitet p\u00ebr 17 viktima. Aktualisht n\u00eb SHBA, p\u00ebrgjat\u00eb 24 or\u00ebve t\u00eb fundit jan\u00eb regjistruar 2 569 viktima, nd\u00ebrkoh\u00eb q\u00eb n\u00eb total numri i tyre ka shkuar n\u00eb 28 326 t\u00eb vdekur.<\/p>\n<p><img data-recalc-dims=\"1\" loading=\"lazy\" decoding=\"async\" data-attachment-id=\"33533\" data-permalink=\"https:\/\/www.shqiperia.com\/blog\/policia-gjen-17-trupa-te-pajete-brenda-azilit-te-pleqve-dyshohet-se-kane-vdekur-nga-covid-19\/26420542-0-image-a-14_1585186751536\/\" data-orig-file=\"https:\/\/i0.wp.com\/www.shqiperia.com\/blog\/wp-content\/uploads\/2020\/04\/26420542-0-image-a-14_1585186751536.jpg?fit=636%2C358&amp;ssl=1\" data-orig-size=\"636,358\" data-comments-opened=\"1\" data-image-meta=\"{&quot;aperture&quot;:&quot;0&quot;,&quot;credit&quot;:&quot;&quot;,&quot;camera&quot;:&quot;&quot;,&quot;caption&quot;:&quot;&quot;,&quot;created_timestamp&quot;:&quot;0&quot;,&quot;copyright&quot;:&quot;&quot;,&quot;focal_length&quot;:&quot;0&quot;,&quot;iso&quot;:&quot;0&quot;,&quot;shutter_speed&quot;:&quot;0&quot;,&quot;title&quot;:&quot;&quot;,&quot;orientation&quot;:&quot;0&quot;}\" data-image-title=\"26420542-0-image-a-14_1585186751536\" data-image-description=\"\" data-image-caption=\"\" data-medium-file=\"https:\/\/i0.wp.com\/www.shqiperia.com\/blog\/wp-content\/uploads\/2020\/04\/26420542-0-image-a-14_1585186751536.jpg?fit=300%2C169&amp;ssl=1\" data-large-file=\"https:\/\/i0.wp.com\/www.shqiperia.com\/blog\/wp-content\/uploads\/2020\/04\/26420542-0-image-a-14_1585186751536.jpg?fit=636%2C358&amp;ssl=1\" class=\"alignnone size-medium wp-image-33533\" alt=\"\" src=\"https:\/\/i0.wp.com\/www.shqiperia.com\/blog\/wp-content\/uploads\/2020\/04\/26420542-0-image-a-14_1585186751536.jpg?resize=300%2C169&#038;ssl=1\" width=\"300\" height=\"169\" srcset=\"https:\/\/i0.wp.com\/www.shqiperia.com\/blog\/wp-content\/uploads\/2020\/04\/26420542-0-image-a-14_1585186751536.jpg?resize=300%2C169&amp;ssl=1 300w, https:\/\/i0.wp.com\/www.shqiperia.com\/blog\/wp-content\/uploads\/2020\/04\/26420542-0-image-a-14_1585186751536.jpg?resize=450%2C253&amp;ssl=1 450w, https:\/\/i0.wp.com\/www.shqiperia.com\/blog\/wp-content\/uploads\/2020\/04\/26420542-0-image-a-14_1585186751536.jpg?resize=600%2C338&amp;ssl=1 600w, https:\/\/i0.wp.com\/www.shqiperia.com\/blog\/wp-content\/uploads\/2020\/04\/26420542-0-image-a-14_1585186751536.jpg?resize=400%2C225&amp;ssl=1 400w, https:\/\/i0.wp.com\/www.shqiperia.com\/blog\/wp-content\/uploads\/2020\/04\/26420542-0-image-a-14_1585186751536.jpg?w=636&amp;ssl=1 636w\" sizes=\"auto, (max-width: 300px) 100vw, 300px\" \/><\/p>\n<p>Gazeta Panorama<\/p>\n","protected":false},"excerpt":{"rendered":"<p>Policia gjen 17 trupa t\u00eb pajet\u00eb brenda azilit t\u00eb pleqve, dyshohet se kan\u00eb vdekur nga COVID-19 16 prill 2020 Nj\u00eb ngjarje e r\u00ebnd\u00eb \u00ebsht\u00eb sh\u00ebnuar n\u00eb nj\u00eb sht\u00ebpi t\u00eb moshuarish n\u00eb New Jersey, ku u gjet\u00ebn 17 trupa t\u00eb pajet\u00eb. Daily Mail raporton se policia pasi ka marr\u00eb nj\u00eb telefonat\u00eb anonime, ka mb\u00ebrritur n\u00eb vendin [&hellip;]<\/p>\n","protected":false},"author":9,"featured_media":33532,"comment_status":"open","ping_status":"open","sticky":false,"template":"","format":"standard","meta":{"jetpack_post_was_ever_published":false,"_jetpack_newsletter_access":"","_jetpack_dont_email_post_to_subs":false,"_jetpack_newsletter_tier_id":0,"_jetpack_memberships_contains_paywalled_content":false,"_jetpack_memberships_contains_paid_content":false,"footnotes":"","jetpack_publicize_message":"","jetpack_publicize_feature_enabled":true,"jetpack_social_post_already_shared":true,"jetpack_social_options":{"image_generator_settings":{"template":"highway","default_image_id":0,"font":"","enabled":false},"version":2}},"categories":[27,1,35],"tags":[],"class_list":["post-33531","post","type-post","status-publish","format-standard","has-post-thumbnail","hentry","category-blogu-i-udhetarit","category-njoftime-shtypi","category-shoqerore"],"jetpack_publicize_connections":[],"jetpack_featured_media_url":"https:\/\/i0.wp.com\/www.shqiperia.com\/blog\/wp-content\/uploads\/2020\/04\/download-2.jpg?fit=300%2C168&ssl=1","jetpack_sharing_enabled":true,"jetpack_shortlink":"https:\/\/wp.me\/p5Z6wp-8IP","jetpack-related-posts":[{"id":28683,"url":"https:\/\/www.shqiperia.com\/blog\/lajmi-i-fundit-7-te-vdekur-nga-termeti-6-4-balle-ne-shqiperi\/","url_meta":{"origin":33531,"position":0},"title":"Lajmi i fundit\/ 7 t\u00eb vdekur nga t\u00ebrmeti 6.4 ball\u00eb n\u00eb Shqip\u00ebri","author":"Kurt Farka","date":"November 26, 2019","format":false,"excerpt":"Lajmi i fundit\/ 7 t\u00eb vdekur nga t\u00ebrmeti 6.4 ball\u00eb n\u00eb Shqip\u00ebri 26 N\u00ebntor 2019 | 08 : 22 Shqip\u00ebria \u00ebsht\u00eb zgjuar m\u00ebngjesin e sot\u00ebm n\u00ebn l\u00ebkundjet e nj\u00eb t\u00ebrmeti me pasoja apokaliptike, q\u00eb ka l\u00ebn\u00eb pas viktima t\u00eb plagosur dhe d\u00ebme t\u00eb pallogaritshme n\u00eb banesa. T\u00ebrmeti m\u00eb i fort\u00eb\u2026","rel":"","context":"In &quot;Blogu i Udh\u00ebtarit&quot;","block_context":{"text":"Blogu i Udh\u00ebtarit","link":"https:\/\/www.shqiperia.com\/blog\/category\/blogu-i-udhetarit\/"},"img":{"alt_text":"","src":"https:\/\/i0.wp.com\/www.shqiperia.com\/blog\/wp-content\/uploads\/2019\/11\/76732953_553781428517978_1894183115585224704_n.png?fit=1147%2C577&ssl=1&resize=350%2C200","width":350,"height":200,"srcset":"https:\/\/i0.wp.com\/www.shqiperia.com\/blog\/wp-content\/uploads\/2019\/11\/76732953_553781428517978_1894183115585224704_n.png?fit=1147%2C577&ssl=1&resize=350%2C200 1x, https:\/\/i0.wp.com\/www.shqiperia.com\/blog\/wp-content\/uploads\/2019\/11\/76732953_553781428517978_1894183115585224704_n.png?fit=1147%2C577&ssl=1&resize=525%2C300 1.5x, https:\/\/i0.wp.com\/www.shqiperia.com\/blog\/wp-content\/uploads\/2019\/11\/76732953_553781428517978_1894183115585224704_n.png?fit=1147%2C577&ssl=1&resize=700%2C400 2x, https:\/\/i0.wp.com\/www.shqiperia.com\/blog\/wp-content\/uploads\/2019\/11\/76732953_553781428517978_1894183115585224704_n.png?fit=1147%2C577&ssl=1&resize=1050%2C600 3x"},"classes":[]},{"id":33279,"url":"https:\/\/www.shqiperia.com\/blog\/mberrijne-ne-durres-12-trupat-e-shqiptareve-vdiqen-ne-itali-nga-koronavirusi-foto\/","url_meta":{"origin":33531,"position":1},"title":"Mb\u00ebrrijn\u00eb n\u00eb Durr\u00ebs 12 trupat e shqiptar\u00ebve, vdiq\u00ebn n\u00eb Itali nga koronavirusi (FOTO)","author":"Kurt Farka","date":"April 10, 2020","format":false,"excerpt":"Mb\u00ebrrijn\u00eb n\u00eb Durr\u00ebs 12 trupat e shqiptar\u00ebve, vdiq\u00ebn n\u00eb Itali nga koronavirusi (FOTO) 10 Prill 2020 12 ark\u00ebmorte, me trupa t\u00eb pajet\u00eb t\u00eb shqiptar\u00ebve, t\u00eb cil\u00ebt vdekur n\u00eb Itali, pasi humb\u00ebn betej\u00ebn me COVID, jan\u00eb nisur nga porti i Barit mbr\u00ebmjen e djeshme, p\u00ebr t\u00eb ardhur n\u00eb Durr\u00ebs. Trageti ka\u2026","rel":"","context":"In &quot;Blogu i Udh\u00ebtarit&quot;","block_context":{"text":"Blogu i Udh\u00ebtarit","link":"https:\/\/www.shqiperia.com\/blog\/category\/blogu-i-udhetarit\/"},"img":{"alt_text":"","src":"https:\/\/i0.wp.com\/www.shqiperia.com\/blog\/wp-content\/uploads\/2020\/04\/1-2.jpg?fit=633%2C425&ssl=1&resize=350%2C200","width":350,"height":200,"srcset":"https:\/\/i0.wp.com\/www.shqiperia.com\/blog\/wp-content\/uploads\/2020\/04\/1-2.jpg?fit=633%2C425&ssl=1&resize=350%2C200 1x, https:\/\/i0.wp.com\/www.shqiperia.com\/blog\/wp-content\/uploads\/2020\/04\/1-2.jpg?fit=633%2C425&ssl=1&resize=525%2C300 1.5x"},"classes":[]},{"id":19463,"url":"https:\/\/www.shqiperia.com\/blog\/grabitjane-rinas-gjendet-nje-trup-i-vdekur\/","url_meta":{"origin":33531,"position":2},"title":"Grabitjane Rinas, gjendet nj\u00eb trup i vdekur. &#8211;","author":"Kurt Farka","date":"April 9, 2019","format":false,"excerpt":"Grabitjane Rinas, gjendet nj\u00eb trup i vdekur. - Dyshohet se trupi i pajet\u00eb ka lidhje me grabitjen e ndodhur sot rreth or\u00ebs 15:00 n\u00eb aeroportin e Rinasit. 9 Prill, 2019 16:25 TIRANE-\u00a0Gjendet nj\u00eb i vdekur pran\u00eb Rinasit. Sipas informacioneve t\u00eb para, policia ka gjetur nj\u00eb trup t\u00eb pajet\u00eb pran\u00eb lumit\u2026","rel":"","context":"In &quot;Kultura&quot;","block_context":{"text":"Kultura","link":"https:\/\/www.shqiperia.com\/blog\/category\/kultura\/"},"img":{"alt_text":"","src":"https:\/\/i0.wp.com\/www.shqiperia.com\/blog\/wp-content\/uploads\/2019\/04\/194ea3d3-e269-4cb8-9847-c7ccec096f12.jpg?fit=861%2C485&ssl=1&resize=350%2C200","width":350,"height":200,"srcset":"https:\/\/i0.wp.com\/www.shqiperia.com\/blog\/wp-content\/uploads\/2019\/04\/194ea3d3-e269-4cb8-9847-c7ccec096f12.jpg?fit=861%2C485&ssl=1&resize=350%2C200 1x, https:\/\/i0.wp.com\/www.shqiperia.com\/blog\/wp-content\/uploads\/2019\/04\/194ea3d3-e269-4cb8-9847-c7ccec096f12.jpg?fit=861%2C485&ssl=1&resize=525%2C300 1.5x, https:\/\/i0.wp.com\/www.shqiperia.com\/blog\/wp-content\/uploads\/2019\/04\/194ea3d3-e269-4cb8-9847-c7ccec096f12.jpg?fit=861%2C485&ssl=1&resize=700%2C400 2x"},"classes":[]},{"id":34103,"url":"https:\/\/www.shqiperia.com\/blog\/kamioni-me-trupa-te-vdekur-shqeteson-new-yorkun-nis-hetimi\/","url_meta":{"origin":33531,"position":3},"title":"Kamioni me trupa t\u00eb vdekur shqet\u00ebson New Yorkun, nis hetimi","author":"Kurt Farka","date":"May 1, 2020","format":false,"excerpt":"Kamioni me trupa t\u00eb vdekur shqet\u00ebson New Yorkun, nis hetimi - 30\/04\/20 Dhjetra trupa jan\u00eb gjetur n\u00eb nj\u00eb kamion n\u00eb New York, pasi nj\u00eb kalimtar u ankua p\u00ebr er\u00ebn e r\u00ebnd\u00eb. Nj\u00eb sht\u00ebpi funerale e kishte marr\u00eb me qera kamionin, dhe kishte vendosur aty 50 trupa mb\u00ebshtjell\u00eb me akull. Nj\u00eb\u2026","rel":"","context":"In &quot;Blogu i Udh\u00ebtarit&quot;","block_context":{"text":"Blogu i Udh\u00ebtarit","link":"https:\/\/www.shqiperia.com\/blog\/category\/blogu-i-udhetarit\/"},"img":{"alt_text":"","src":"https:\/\/i0.wp.com\/www.shqiperia.com\/blog\/wp-content\/uploads\/2020\/05\/new-y.jpg?fit=660%2C371&ssl=1&resize=350%2C200","width":350,"height":200,"srcset":"https:\/\/i0.wp.com\/www.shqiperia.com\/blog\/wp-content\/uploads\/2020\/05\/new-y.jpg?fit=660%2C371&ssl=1&resize=350%2C200 1x, https:\/\/i0.wp.com\/www.shqiperia.com\/blog\/wp-content\/uploads\/2020\/05\/new-y.jpg?fit=660%2C371&ssl=1&resize=525%2C300 1.5x"},"classes":[]},{"id":33139,"url":"https:\/\/www.shqiperia.com\/blog\/12-shqiptare-kane-humbur-jeten-deri-tani-ne-nju-jork-flet-i-riu-nga-shkodra-ne-shba-dhe-rrefen-momentet-e-tmerrit-ne-nje-funeral-kishte-mbi-256-trupa-ndersa-kapaciteti-ishte-15\/","url_meta":{"origin":33531,"position":4},"title":"\u201c12 shqiptar\u00eb kan\u00eb humbur jet\u00ebn deri tani n\u00eb Nju Jork\u201d- Flet i riu nga Shkodra n\u00eb SHBA dhe rr\u00ebfen momentet e tmerrit: N\u00eb nj\u00eb funeral kishte mbi 256 trupa, nd\u00ebrsa kapaciteti ishte 15","author":"Kurt Farka","date":"April 7, 2020","format":false,"excerpt":"\u201c12 shqiptar\u00eb kan\u00eb humbur jet\u00ebn deri tani n\u00eb Nju Jork\u201d- Flet i riu nga Shkodra n\u00eb SHBA dhe rr\u00ebfen momentet e tmerrit: N\u00eb nj\u00eb funeral kishte mbi 256 trupa, nd\u00ebrsa kapaciteti ishte 15 6 PRILL 2020 N\u00ebp\u00ebrmjet nj\u00eb lidhje direkte nga New Yorku, Marko Kepi ka konfirmuar live n\u00eb emisonin\u2026","rel":"","context":"In &quot;Blogu i Udh\u00ebtarit&quot;","block_context":{"text":"Blogu i Udh\u00ebtarit","link":"https:\/\/www.shqiperia.com\/blog\/category\/blogu-i-udhetarit\/"},"img":{"alt_text":"","src":"https:\/\/i0.wp.com\/www.shqiperia.com\/blog\/wp-content\/uploads\/2020\/04\/800-0-5e8ba5acc7227.png?fit=350%2C228&ssl=1&resize=350%2C200","width":350,"height":200},"classes":[]},{"id":74727,"url":"https:\/\/www.shqiperia.com\/blog\/masaker-ne-festivalin-ne-izrael-gjenden-260-trupa-te-vrare-nga-militantet-e-hamasit\/","url_meta":{"origin":33531,"position":5},"title":"Masak\u00ebr n\u00eb festivalin n\u00eb Izrael, gjenden 260 trupa t\u00eb vrar\u00eb nga militant\u00ebt e Hamasit","author":"Kurt Farka","date":"October 9, 2023","format":false,"excerpt":"9 Shtator 2023 Nj\u00eb masak\u00ebr e v\u00ebrtet\u00eb dyshohet se ka ndodhur m\u00ebngjesin e s\u00eb shtun\u00ebs n\u00eb jug t\u00eb Izraelit. Ekipet e shp\u00ebtimit thon\u00eb se kan\u00eb gjetur m\u00eb shum\u00eb se 250 trupa t\u00eb pajet\u00eb n\u00eb vendin e nj\u00eb festivali muzikor t\u00eb mbajtur n\u00eb shkret\u00ebtir\u00eb dhe q\u00eb ka r\u00ebn\u00eb pre e sulmit\u2026","rel":"","context":"In &quot;Blogu i Udh\u00ebtarit&quot;","block_context":{"text":"Blogu i Udh\u00ebtarit","link":"https:\/\/www.shqiperia.com\/blog\/category\/blogu-i-udhetarit\/"},"img":{"alt_text":"","src":"https:\/\/i0.wp.com\/www.shqiperia.com\/blog\/wp-content\/uploads\/2023\/10\/Running-from-scene-640x400-1.jpg?fit=640%2C400&ssl=1&resize=350%2C200","width":350,"height":200,"srcset":"https:\/\/i0.wp.com\/www.shqiperia.com\/blog\/wp-content\/uploads\/2023\/10\/Running-from-scene-640x400-1.jpg?fit=640%2C400&ssl=1&resize=350%2C200 1x, https:\/\/i0.wp.com\/www.shqiperia.com\/blog\/wp-content\/uploads\/2023\/10\/Running-from-scene-640x400-1.jpg?fit=640%2C400&ssl=1&resize=525%2C300 1.5x"},"classes":[]}],"_links":{"self":[{"href":"https:\/\/www.shqiperia.com\/blog\/wp-json\/wp\/v2\/posts\/33531","targetHints":{"allow":["GET"]}}],"collection":[{"href":"https:\/\/www.shqiperia.com\/blog\/wp-json\/wp\/v2\/posts"}],"about":[{"href":"https:\/\/www.shqiperia.com\/blog\/wp-json\/wp\/v2\/types\/post"}],"author":[{"embeddable":true,"href":"https:\/\/www.shqiperia.com\/blog\/wp-json\/wp\/v2\/users\/9"}],"replies":[{"embeddable":true,"href":"https:\/\/www.shqiperia.com\/blog\/wp-json\/wp\/v2\/comments?post=33531"}],"version-history":[{"count":1,"href":"https:\/\/www.shqiperia.com\/blog\/wp-json\/wp\/v2\/posts\/33531\/revisions"}],"predecessor-version":[{"id":33534,"href":"https:\/\/www.shqiperia.com\/blog\/wp-json\/wp\/v2\/posts\/33531\/revisions\/33534"}],"wp:featuredmedia":[{"embeddable":true,"href":"https:\/\/www.shqiperia.com\/blog\/wp-json\/wp\/v2\/media\/33532"}],"wp:attachment":[{"href":"https:\/\/www.shqiperia.com\/blog\/wp-json\/wp\/v2\/media?parent=33531"}],"wp:term":[{"taxonomy":"category","embeddable":true,"href":"https:\/\/www.shqiperia.com\/blog\/wp-json\/wp\/v2\/categories?post=33531"},{"taxonomy":"post_tag","embeddable":true,"href":"https:\/\/www.shqiperia.com\/blog\/wp-json\/wp\/v2\/tags?post=33531"}],"curies":[{"name":"wp","href":"https:\/\/api.w.org\/{rel}","templated":true}]}}