{"id":33103,"date":"2020-04-06T01:06:22","date_gmt":"2020-04-06T01:06:22","guid":{"rendered":"https:\/\/www.shqiperia.com\/blog\/?p=33103"},"modified":"2020-04-06T01:06:22","modified_gmt":"2020-04-06T01:06:22","slug":"mbreteresha-elisabete-ii-fjalim-te-rralle-per-popullin-te-bashkuar-e-kapercejme-kete-situate","status":"publish","type":"post","link":"https:\/\/www.shqiperia.com\/blog\/mbreteresha-elisabete-ii-fjalim-te-rralle-per-popullin-te-bashkuar-e-kapercejme-kete-situate\/","title":{"rendered":"Mbret\u00ebresha Elisabet\u00eb II fjalim t\u00eb rrall\u00eb p\u00ebr popullin: T\u00eb bashkuar e kap\u00ebrcejm\u00eb k\u00ebt\u00eb situat\u00eb"},"content":{"rendered":"<p><img data-recalc-dims=\"1\" loading=\"lazy\" decoding=\"async\" data-attachment-id=\"33104\" data-permalink=\"https:\/\/www.shqiperia.com\/blog\/mbreteresha-elisabete-ii-fjalim-te-rralle-per-popullin-te-bashkuar-e-kapercejme-kete-situate\/mbreteresha\/\" data-orig-file=\"https:\/\/i0.wp.com\/www.shqiperia.com\/blog\/wp-content\/uploads\/2020\/04\/mbreteresha.jpg?fit=390%2C220&amp;ssl=1\" data-orig-size=\"390,220\" data-comments-opened=\"1\" data-image-meta=\"{&quot;aperture&quot;:&quot;0&quot;,&quot;credit&quot;:&quot;&quot;,&quot;camera&quot;:&quot;&quot;,&quot;caption&quot;:&quot;&quot;,&quot;created_timestamp&quot;:&quot;0&quot;,&quot;copyright&quot;:&quot;&quot;,&quot;focal_length&quot;:&quot;0&quot;,&quot;iso&quot;:&quot;0&quot;,&quot;shutter_speed&quot;:&quot;0&quot;,&quot;title&quot;:&quot;&quot;,&quot;orientation&quot;:&quot;0&quot;}\" data-image-title=\"mbreteresha\" data-image-description=\"\" data-image-caption=\"\" data-medium-file=\"https:\/\/i0.wp.com\/www.shqiperia.com\/blog\/wp-content\/uploads\/2020\/04\/mbreteresha.jpg?fit=300%2C169&amp;ssl=1\" data-large-file=\"https:\/\/i0.wp.com\/www.shqiperia.com\/blog\/wp-content\/uploads\/2020\/04\/mbreteresha.jpg?fit=390%2C220&amp;ssl=1\" class=\"alignnone  wp-image-33104\" alt=\"\" src=\"https:\/\/i0.wp.com\/www.shqiperia.com\/blog\/wp-content\/uploads\/2020\/04\/mbreteresha.jpg?resize=422%2C238&#038;ssl=1\" width=\"422\" height=\"238\" srcset=\"https:\/\/i0.wp.com\/www.shqiperia.com\/blog\/wp-content\/uploads\/2020\/04\/mbreteresha.jpg?resize=300%2C169&amp;ssl=1 300w, https:\/\/i0.wp.com\/www.shqiperia.com\/blog\/wp-content\/uploads\/2020\/04\/mbreteresha.jpg?w=390&amp;ssl=1 390w\" sizes=\"auto, (max-width: 422px) 100vw, 422px\" \/><\/p>\n<p><strong>Mbret\u00ebresha Elisabet\u00eb II fjalim t\u00eb rrall\u00eb p\u00ebr popullin: T\u00eb bashkuar e kap\u00ebrcejm\u00eb k\u00ebt\u00eb situat\u00eb<\/strong><\/p>\n<p><strong>5 Prill 2020\u00a0<\/strong><\/p>\n<p>Mbret\u00ebresha Elizabet\u00eb II n\u00eb nj\u00eb fjalim historik p\u00ebr popullin britanik, i ftoi njer\u00ebzit q\u00eb t\u00eb bashkohen n\u00eb luft\u00ebn kund\u00ebr shp\u00ebrthimit t\u00eb koronavirusit.<\/p>\n<p>Duke folur nga K\u00ebshtjella e Windsor, ku monarkja 93-vje\u00e7are po izolohet me Princin Filip, ajo u tha miliona britanik\u00ebve q\u00eb shikonin nga sht\u00ebpia: \u201cN\u00ebse mbetemi t\u00eb bashkuar dhe t\u00eb vendosur, at\u00ebher\u00eb do ta kap\u00ebrcejm\u00eb k\u00ebt\u00eb situat\u00eb.\u201d<\/p>\n<p>Nd\u00ebrhyrja e jasht\u00ebzakonshme e Madh\u00ebris\u00eb s\u00eb saj \u00ebsht\u00eb vet\u00ebm hera e pest\u00eb q\u00eb ajo i \u00ebsht\u00eb drejtuar kombit gjat\u00eb mbret\u00ebrimit t\u00eb saj 67-vje\u00e7ar dhe vjen nd\u00ebrsa numri i vdekjeve n\u00eb Mbret\u00ebrin\u00eb e Bashkuar nga pandemia e shkon n\u00eb 5000, me 621 vdekje t\u00eb reja vet\u00ebm k\u00ebt\u00eb t\u00eb diel.<\/p>\n<p>Ajo kujtoi frym\u00ebn e Luft\u00ebs s\u00eb Dyt\u00eb Bot\u00ebrore, duke p\u00ebrs\u00ebritur fjal\u00ebt e famshme t\u00eb Dame Vera Lynn nd\u00ebrsa i premtoi kombit: \u201cNe do t\u00eb takohemi p\u00ebrs\u00ebri\u201d.<\/p>\n<p>Monarkja shprehu l\u00ebvdatat e saj t\u00eb ve\u00e7anta p\u00ebr Sh\u00ebrbimin Britanik t\u00eb Sh\u00ebndetit Publik (NHS), duke fal\u00ebnderuar punonj\u00ebsit sh\u00ebndet\u00ebsor\u00eb p\u00ebr pun\u00ebn dhe sakrific\u00ebn e tyre n\u00eb betej\u00ebn kund\u00ebr virusit.<\/p>\n<p>Ajo tha: \u201cDua t\u00eb fal\u00ebnderoj t\u00eb gjith\u00eb n\u00eb vij\u00ebn e par\u00eb t\u00eb NHS, si dhe punonj\u00ebsit e kujdesit dhe ata q\u00eb kryejn\u00eb role thelb\u00ebsore, t\u00eb cil\u00ebt n\u00eb m\u00ebnyr\u00eb vetmohuese vazhdojn\u00eb detyrat e tyre t\u00eb p\u00ebrditshme jasht\u00eb sht\u00ebpis\u00eb, n\u00eb mb\u00ebshtetje t\u00eb t\u00eb gjith\u00ebve\u201d. \u201cJam i sigurt se kombi do t\u00eb bashkohet me mua p\u00ebr t\u2019ju siguruar se ajo q\u00eb b\u00ebni ju vler\u00ebsohet dhe \u00e7do or\u00eb e pun\u00ebs suaj t\u00eb v\u00ebshtir\u00eb na sjell m\u00eb pran\u00eb kthimit n\u00eb koh\u00eb m\u00eb normale\u201d, tha Mbret\u00ebresha Elizabet\u00eb.<\/p>\n<p>Fjalimet e Mbret\u00ebresh\u00ebs jan\u00eb di\u00e7ka v\u00ebrtet e rrall\u00eb i saj. Gjat\u00eb 67 vjet\u00ebve n\u00eb krye t\u00eb fronit mbret\u00ebror, ajo i \u00ebsht\u00eb drejtuar vendit vet\u00ebm 5 her\u00eb; mes t\u00eb tjerash n\u00eb 1941 kur filluan bombardimet mbi Britanin\u00eb, n\u00eb 1991 gjat\u00eb luft\u00ebs s\u00eb Gjirit, n\u00eb 1997 p\u00ebrpara varrimit t\u00eb princesh\u00ebs Diana, apo edhe dhe 2002 me rastin e vdekjes s\u00eb N\u00ebn\u00ebs Mbret\u00ebresh\u00eb.<\/p>\n<p><strong>\u00a9Copyright Gazeta SHQIP<\/strong><\/p>\n","protected":false},"excerpt":{"rendered":"<p>Mbret\u00ebresha Elisabet\u00eb II fjalim t\u00eb rrall\u00eb p\u00ebr popullin: T\u00eb bashkuar e kap\u00ebrcejm\u00eb k\u00ebt\u00eb situat\u00eb 5 Prill 2020\u00a0 Mbret\u00ebresha Elizabet\u00eb II n\u00eb nj\u00eb fjalim historik p\u00ebr popullin britanik, i ftoi njer\u00ebzit q\u00eb t\u00eb bashkohen n\u00eb luft\u00ebn kund\u00ebr shp\u00ebrthimit t\u00eb koronavirusit. Duke folur nga K\u00ebshtjella e Windsor, ku monarkja 93-vje\u00e7are po izolohet me Princin Filip, ajo u [&hellip;]<\/p>\n","protected":false},"author":9,"featured_media":33104,"comment_status":"open","ping_status":"open","sticky":false,"template":"","format":"standard","meta":{"jetpack_post_was_ever_published":false,"_jetpack_newsletter_access":"","_jetpack_dont_email_post_to_subs":false,"_jetpack_newsletter_tier_id":0,"_jetpack_memberships_contains_paywalled_content":false,"_jetpack_memberships_contains_paid_content":false,"footnotes":"","jetpack_publicize_message":"","jetpack_publicize_feature_enabled":true,"jetpack_social_post_already_shared":true,"jetpack_social_options":{"image_generator_settings":{"template":"highway","default_image_id":0,"font":"","enabled":false},"version":2}},"categories":[27,1,35],"tags":[],"class_list":["post-33103","post","type-post","status-publish","format-standard","has-post-thumbnail","hentry","category-blogu-i-udhetarit","category-njoftime-shtypi","category-shoqerore"],"jetpack_publicize_connections":[],"jetpack_featured_media_url":"https:\/\/i0.wp.com\/www.shqiperia.com\/blog\/wp-content\/uploads\/2020\/04\/mbreteresha.jpg?fit=390%2C220&ssl=1","jetpack_sharing_enabled":true,"jetpack_shortlink":"https:\/\/wp.me\/p5Z6wp-8BV","jetpack-related-posts":[{"id":79023,"url":"https:\/\/www.shqiperia.com\/blog\/piktura-e-dites-piktura-e-mbretereshes-se-danimarkes-margrethe-ii-ne-ankand\/","url_meta":{"origin":33103,"position":0},"title":"PIKTURA E DIT\u00cbS: &#8211; Piktura e mbret\u00ebresh\u00ebs s\u00eb Danimark\u00ebs Margrethe II n\u00eb ankand","author":"Kurt Farka","date":"March 7, 2024","format":false,"excerpt":"7 Mars 2024 Nj\u00eb piktur\u00eb e ish-monarkes s\u00eb Danimark\u00ebs, Mbret\u00ebresh\u00ebs Margrethe II, do t\u00eb dal\u00eb n\u00eb ankand. Punimet e mbret\u00ebresh\u00ebs 83-vje\u00e7are, e cila \u00ebsht\u00eb nj\u00eb artiste pjellore, jan\u00eb paraqitur n\u00eb ekspozita t\u00eb ndryshme, por mund\u00ebsia p\u00ebr t\u00eb bler\u00eb nj\u00eb nga pikturat e saj \u00ebsht\u00eb e rrall\u00eb, sipas nj\u00eb deklarate nga\u2026","rel":"","context":"In &quot;Arte&quot;","block_context":{"text":"Arte","link":"https:\/\/www.shqiperia.com\/blog\/category\/arte\/"},"img":{"alt_text":"","src":"https:\/\/i0.wp.com\/www.shqiperia.com\/blog\/wp-content\/uploads\/2024\/03\/900-0-1706800215xgettyimages-1894099371-112.jpg?fit=900%2C579&ssl=1&resize=350%2C200","width":350,"height":200,"srcset":"https:\/\/i0.wp.com\/www.shqiperia.com\/blog\/wp-content\/uploads\/2024\/03\/900-0-1706800215xgettyimages-1894099371-112.jpg?fit=900%2C579&ssl=1&resize=350%2C200 1x, https:\/\/i0.wp.com\/www.shqiperia.com\/blog\/wp-content\/uploads\/2024\/03\/900-0-1706800215xgettyimages-1894099371-112.jpg?fit=900%2C579&ssl=1&resize=525%2C300 1.5x, https:\/\/i0.wp.com\/www.shqiperia.com\/blog\/wp-content\/uploads\/2024\/03\/900-0-1706800215xgettyimages-1894099371-112.jpg?fit=900%2C579&ssl=1&resize=700%2C400 2x"},"classes":[]},{"id":39725,"url":"https:\/\/www.shqiperia.com\/blog\/mbreteresha-e-britanise-nuk-i-trembet-covid-ndonese-94-vjec-shfaqet-ne-publik-pa-maske\/","url_meta":{"origin":33103,"position":1},"title":"Mbret\u00ebresha e Britanis\u00eb nuk i trembet COVID, ndon\u00ebse 94-vje\u00e7, shfaqet n\u00eb publik pa mask\u00eb","author":"Kurt Farka","date":"October 16, 2020","format":false,"excerpt":"Mbret\u00ebresha e Britanis\u00eb nuk i trembet COVID, ndon\u00ebse 94-vje\u00e7, shfaqet n\u00eb publik pa mask\u00eb 16 TETOR 2020 Mbret\u00ebresha e Britanis\u00eb s\u00eb Madhe, Elizabeth II, doli n\u00eb publik p\u00ebr her\u00eb t\u00eb par\u00eb dje, q\u00eb nga bllokimi i koronavirusit n\u00eb mars, por ajo q\u00eb ra n\u00eb sy t\u00eb t\u00eb gjith\u00ebve ishte fakti\u2026","rel":"","context":"In &quot;Blogu i Udh\u00ebtarit&quot;","block_context":{"text":"Blogu i Udh\u00ebtarit","link":"https:\/\/www.shqiperia.com\/blog\/category\/blogu-i-udhetarit\/"},"img":{"alt_text":"","src":"https:\/\/i0.wp.com\/www.shqiperia.com\/blog\/wp-content\/uploads\/2020\/10\/640-0-5f89586a57c58.jpg?fit=640%2C359&ssl=1&resize=350%2C200","width":350,"height":200,"srcset":"https:\/\/i0.wp.com\/www.shqiperia.com\/blog\/wp-content\/uploads\/2020\/10\/640-0-5f89586a57c58.jpg?fit=640%2C359&ssl=1&resize=350%2C200 1x, https:\/\/i0.wp.com\/www.shqiperia.com\/blog\/wp-content\/uploads\/2020\/10\/640-0-5f89586a57c58.jpg?fit=640%2C359&ssl=1&resize=525%2C300 1.5x"},"classes":[]},{"id":61949,"url":"https:\/\/www.shqiperia.com\/blog\/nderron-jete-mbreteresha-elizabeta-e-2-te-e-britanise-ne-moshen-96-vjecare\/","url_meta":{"origin":33103,"position":2},"title":"Nd\u00ebrron jet\u00eb mbret\u00ebresha Elizabeta e 2-t\u00eb e Britanis\u00eb n\u00eb mosh\u00ebn 96-vje\u00e7are","author":"Kurt Farka","date":"September 8, 2022","format":false,"excerpt":"8 Shtator 2022 Mbret\u00ebresha Elisabet II ka vdekur dit\u00ebn e sotme n\u00eb m\u00ebnyr\u00eb paq\u00ebsore, njoftoi Familja Mbret\u00ebrore n\u00eb llogarit\u00eb e saj n\u00eb rrjetet sociale. \u201cFlamujt n\u00eb t\u00eb gjith\u00eb Mbret\u00ebrin\u00eb e Bashkuar u ul\u00ebn n\u00eb gjysm\u00ebshtiz\u00eb p\u00ebrpara nj\u00eb minut\u00eb heshtjeje komb\u00ebtare dhe fillimit t\u00eb nj\u00eb periudhe zyrtare zie.\u201d Djali i saj\u2026","rel":"","context":"In &quot;Blogu i Udh\u00ebtarit&quot;","block_context":{"text":"Blogu i Udh\u00ebtarit","link":"https:\/\/www.shqiperia.com\/blog\/category\/blogu-i-udhetarit\/"},"img":{"alt_text":"","src":"https:\/\/i0.wp.com\/www.shqiperia.com\/blog\/wp-content\/uploads\/2022\/09\/mbreteresha-e-anglise.jpg?fit=780%2C477&ssl=1&resize=350%2C200","width":350,"height":200,"srcset":"https:\/\/i0.wp.com\/www.shqiperia.com\/blog\/wp-content\/uploads\/2022\/09\/mbreteresha-e-anglise.jpg?fit=780%2C477&ssl=1&resize=350%2C200 1x, https:\/\/i0.wp.com\/www.shqiperia.com\/blog\/wp-content\/uploads\/2022\/09\/mbreteresha-e-anglise.jpg?fit=780%2C477&ssl=1&resize=525%2C300 1.5x, https:\/\/i0.wp.com\/www.shqiperia.com\/blog\/wp-content\/uploads\/2022\/09\/mbreteresha-e-anglise.jpg?fit=780%2C477&ssl=1&resize=700%2C400 2x"},"classes":[]},{"id":80137,"url":"https:\/\/www.shqiperia.com\/blog\/keshtjella-balmoral-hapet-per-publikun-per-here-te-pare-vendim-historik-i-familjes-mbreterore\/","url_meta":{"origin":33103,"position":3},"title":"K\u00ebshtjella Balmoral hapet p\u00ebr publikun p\u00ebr her\u00eb t\u00eb par\u00eb, vendim historik i familjes mbret\u00ebrore","author":"Kurt Farka","date":"April 15, 2024","format":false,"excerpt":"15 Prill 2024 K\u00ebshtjella historike Balmoral e nd\u00ebrtuar n\u00eb 1855 n\u00eb nj\u00eb zon\u00eb t\u00eb thyer n\u00eb cepin veriper\u00ebndimor t\u00eb Skocis\u00eb, Aberdeenshire, hap portat e saj p\u00ebr publikun. Ky \u00ebsht\u00eb nj\u00eb vendim historik i familjes mbret\u00ebrore, pasi deri m\u00eb tani publiku nuk lejohej t\u00eb hynte n\u00eb pjes\u00ebn m\u00eb t\u00eb madhe t\u00eb\u2026","rel":"","context":"In &quot;Blogu i Udh\u00ebtarit&quot;","block_context":{"text":"Blogu i Udh\u00ebtarit","link":"https:\/\/www.shqiperia.com\/blog\/category\/blogu-i-udhetarit\/"},"img":{"alt_text":"","src":"https:\/\/i0.wp.com\/www.shqiperia.com\/blog\/wp-content\/uploads\/2024\/04\/AP965261711435.jpg?fit=933%2C571&ssl=1&resize=350%2C200","width":350,"height":200,"srcset":"https:\/\/i0.wp.com\/www.shqiperia.com\/blog\/wp-content\/uploads\/2024\/04\/AP965261711435.jpg?fit=933%2C571&ssl=1&resize=350%2C200 1x, https:\/\/i0.wp.com\/www.shqiperia.com\/blog\/wp-content\/uploads\/2024\/04\/AP965261711435.jpg?fit=933%2C571&ssl=1&resize=525%2C300 1.5x, https:\/\/i0.wp.com\/www.shqiperia.com\/blog\/wp-content\/uploads\/2024\/04\/AP965261711435.jpg?fit=933%2C571&ssl=1&resize=700%2C400 2x"},"classes":[]},{"id":61416,"url":"https:\/\/www.shqiperia.com\/blog\/mbreteresha-e-britanise-se-madhe-elizabeth-ii-i-uron-diten-e-pavaresise-ukraines\/","url_meta":{"origin":33103,"position":4},"title":"Mbret\u00ebresha e Britanis\u00eb s\u00eb Madhe Elizabeth II i uron Dit\u00ebn e Pavar\u00ebsis\u00eb Ukrain\u00ebs.","author":"Kurt Farka","date":"August 25, 2022","format":false,"excerpt":"24 Gusht 2022 Mbret\u00ebresha e Britanis\u00eb s\u00eb Madhe Elizabeth II i uron Dit\u00ebn e Pavar\u00ebsis\u00eb Ukrain\u00ebs, ku tha se shpresonte q\u00eb bota mund t\u00eb priste koh\u00eb m\u00eb t\u00eb mira. Ambasada britanike e Kievit ndau mesazhin e saj nd\u00ebrsa vendi festoi p\u00ebrvjetorin n\u00eb mes t\u00eb luft\u00ebs s\u00eb Rusis\u00eb ndaj Ukrain\u00ebs. \u201cN\u00eb\u2026","rel":"","context":"In &quot;Blogu i Udh\u00ebtarit&quot;","block_context":{"text":"Blogu i Udh\u00ebtarit","link":"https:\/\/www.shqiperia.com\/blog\/category\/blogu-i-udhetarit\/"},"img":{"alt_text":"","src":"https:\/\/i0.wp.com\/www.shqiperia.com\/blog\/wp-content\/uploads\/2022\/08\/Mbreteresha-e-Britanise-se-Madhe-Elizabeth-II.png?fit=800%2C578&ssl=1&resize=350%2C200","width":350,"height":200,"srcset":"https:\/\/i0.wp.com\/www.shqiperia.com\/blog\/wp-content\/uploads\/2022\/08\/Mbreteresha-e-Britanise-se-Madhe-Elizabeth-II.png?fit=800%2C578&ssl=1&resize=350%2C200 1x, https:\/\/i0.wp.com\/www.shqiperia.com\/blog\/wp-content\/uploads\/2022\/08\/Mbreteresha-e-Britanise-se-Madhe-Elizabeth-II.png?fit=800%2C578&ssl=1&resize=525%2C300 1.5x, https:\/\/i0.wp.com\/www.shqiperia.com\/blog\/wp-content\/uploads\/2022\/08\/Mbreteresha-e-Britanise-se-Madhe-Elizabeth-II.png?fit=800%2C578&ssl=1&resize=700%2C400 2x"},"classes":[]},{"id":80142,"url":"https:\/\/www.shqiperia.com\/blog\/keshtjella-balmoral-hapet-per-publikun-per-here-te-pare-vendim-historik-i-familjes-mbreterore-2\/","url_meta":{"origin":33103,"position":5},"title":"K\u00ebshtjella Balmoral hapet p\u00ebr publikun p\u00ebr her\u00eb t\u00eb par\u00eb, vendim historik i familjes mbret\u00ebrore","author":"Kurt Farka","date":"April 15, 2024","format":false,"excerpt":"15 Prill 2024 K\u00ebshtjella historike Balmoral e nd\u00ebrtuar n\u00eb 1855 n\u00eb nj\u00eb zon\u00eb t\u00eb thyer n\u00eb cepin veriper\u00ebndimor t\u00eb Skocis\u00eb, Aberdeenshire, hap portat e saj p\u00ebr publikun. Ky \u00ebsht\u00eb nj\u00eb vendim historik i familjes mbret\u00ebrore, pasi deri m\u00eb tani publiku nuk lejohej t\u00eb hynte n\u00eb pjes\u00ebn m\u00eb t\u00eb madhe t\u00eb\u2026","rel":"","context":"In &quot;Kultura&quot;","block_context":{"text":"Kultura","link":"https:\/\/www.shqiperia.com\/blog\/category\/kultura\/"},"img":{"alt_text":"","src":"https:\/\/i0.wp.com\/www.shqiperia.com\/blog\/wp-content\/uploads\/2024\/04\/AP965261711435-1.jpg?fit=933%2C571&ssl=1&resize=350%2C200","width":350,"height":200,"srcset":"https:\/\/i0.wp.com\/www.shqiperia.com\/blog\/wp-content\/uploads\/2024\/04\/AP965261711435-1.jpg?fit=933%2C571&ssl=1&resize=350%2C200 1x, https:\/\/i0.wp.com\/www.shqiperia.com\/blog\/wp-content\/uploads\/2024\/04\/AP965261711435-1.jpg?fit=933%2C571&ssl=1&resize=525%2C300 1.5x, https:\/\/i0.wp.com\/www.shqiperia.com\/blog\/wp-content\/uploads\/2024\/04\/AP965261711435-1.jpg?fit=933%2C571&ssl=1&resize=700%2C400 2x"},"classes":[]}],"_links":{"self":[{"href":"https:\/\/www.shqiperia.com\/blog\/wp-json\/wp\/v2\/posts\/33103","targetHints":{"allow":["GET"]}}],"collection":[{"href":"https:\/\/www.shqiperia.com\/blog\/wp-json\/wp\/v2\/posts"}],"about":[{"href":"https:\/\/www.shqiperia.com\/blog\/wp-json\/wp\/v2\/types\/post"}],"author":[{"embeddable":true,"href":"https:\/\/www.shqiperia.com\/blog\/wp-json\/wp\/v2\/users\/9"}],"replies":[{"embeddable":true,"href":"https:\/\/www.shqiperia.com\/blog\/wp-json\/wp\/v2\/comments?post=33103"}],"version-history":[{"count":1,"href":"https:\/\/www.shqiperia.com\/blog\/wp-json\/wp\/v2\/posts\/33103\/revisions"}],"predecessor-version":[{"id":33105,"href":"https:\/\/www.shqiperia.com\/blog\/wp-json\/wp\/v2\/posts\/33103\/revisions\/33105"}],"wp:featuredmedia":[{"embeddable":true,"href":"https:\/\/www.shqiperia.com\/blog\/wp-json\/wp\/v2\/media\/33104"}],"wp:attachment":[{"href":"https:\/\/www.shqiperia.com\/blog\/wp-json\/wp\/v2\/media?parent=33103"}],"wp:term":[{"taxonomy":"category","embeddable":true,"href":"https:\/\/www.shqiperia.com\/blog\/wp-json\/wp\/v2\/categories?post=33103"},{"taxonomy":"post_tag","embeddable":true,"href":"https:\/\/www.shqiperia.com\/blog\/wp-json\/wp\/v2\/tags?post=33103"}],"curies":[{"name":"wp","href":"https:\/\/api.w.org\/{rel}","templated":true}]}}