{"id":33088,"date":"2020-04-05T10:58:02","date_gmt":"2020-04-05T10:58:02","guid":{"rendered":"https:\/\/www.shqiperia.com\/blog\/?p=33088"},"modified":"2020-04-05T10:58:02","modified_gmt":"2020-04-05T10:58:02","slug":"akt-kriminal-dhe-i-papergjegjshem-basha-reagon-per-shqiptaret-e-bllokuar-ne-kufi-tragjedia-po-luhet-prej-4-ditesh-para-syve-tane","status":"publish","type":"post","link":"https:\/\/www.shqiperia.com\/blog\/akt-kriminal-dhe-i-papergjegjshem-basha-reagon-per-shqiptaret-e-bllokuar-ne-kufi-tragjedia-po-luhet-prej-4-ditesh-para-syve-tane\/","title":{"rendered":"\u201cAkt kriminal dhe i pap\u00ebrgjegjsh\u00ebm\u201d- Basha reagon p\u00ebr shqiptar\u00ebt e bllokuar n\u00eb kufi: Tragjedia po luhet prej 4 dit\u00ebsh para syve tan\u00eb"},"content":{"rendered":"<p><img data-recalc-dims=\"1\" loading=\"lazy\" decoding=\"async\" data-attachment-id=\"33089\" data-permalink=\"https:\/\/www.shqiperia.com\/blog\/akt-kriminal-dhe-i-papergjegjshem-basha-reagon-per-shqiptaret-e-bllokuar-ne-kufi-tragjedia-po-luhet-prej-4-ditesh-para-syve-tane\/emigrante-kapshtice\/\" data-orig-file=\"https:\/\/i0.wp.com\/www.shqiperia.com\/blog\/wp-content\/uploads\/2020\/04\/emigrante-kapshtice.jpg?fit=698%2C363&amp;ssl=1\" data-orig-size=\"698,363\" data-comments-opened=\"1\" data-image-meta=\"{&quot;aperture&quot;:&quot;0&quot;,&quot;credit&quot;:&quot;User&quot;,&quot;camera&quot;:&quot;&quot;,&quot;caption&quot;:&quot;&quot;,&quot;created_timestamp&quot;:&quot;1586090282&quot;,&quot;copyright&quot;:&quot;&quot;,&quot;focal_length&quot;:&quot;0&quot;,&quot;iso&quot;:&quot;0&quot;,&quot;shutter_speed&quot;:&quot;0&quot;,&quot;title&quot;:&quot;&quot;,&quot;orientation&quot;:&quot;0&quot;}\" data-image-title=\"emigrante-kapshtice\" data-image-description=\"\" data-image-caption=\"\" data-medium-file=\"https:\/\/i0.wp.com\/www.shqiperia.com\/blog\/wp-content\/uploads\/2020\/04\/emigrante-kapshtice.jpg?fit=300%2C156&amp;ssl=1\" data-large-file=\"https:\/\/i0.wp.com\/www.shqiperia.com\/blog\/wp-content\/uploads\/2020\/04\/emigrante-kapshtice.jpg?fit=698%2C363&amp;ssl=1\" class=\"alignnone  wp-image-33089\" alt=\"\" src=\"https:\/\/i0.wp.com\/www.shqiperia.com\/blog\/wp-content\/uploads\/2020\/04\/emigrante-kapshtice.jpg?resize=519%2C270&#038;ssl=1\" width=\"519\" height=\"270\" srcset=\"https:\/\/i0.wp.com\/www.shqiperia.com\/blog\/wp-content\/uploads\/2020\/04\/emigrante-kapshtice.jpg?resize=300%2C156&amp;ssl=1 300w, https:\/\/i0.wp.com\/www.shqiperia.com\/blog\/wp-content\/uploads\/2020\/04\/emigrante-kapshtice.jpg?resize=450%2C234&amp;ssl=1 450w, https:\/\/i0.wp.com\/www.shqiperia.com\/blog\/wp-content\/uploads\/2020\/04\/emigrante-kapshtice.jpg?resize=600%2C312&amp;ssl=1 600w, https:\/\/i0.wp.com\/www.shqiperia.com\/blog\/wp-content\/uploads\/2020\/04\/emigrante-kapshtice.jpg?resize=400%2C208&amp;ssl=1 400w, https:\/\/i0.wp.com\/www.shqiperia.com\/blog\/wp-content\/uploads\/2020\/04\/emigrante-kapshtice.jpg?w=698&amp;ssl=1 698w\" sizes=\"auto, (max-width: 519px) 100vw, 519px\" \/><\/p>\n<p>\u201cAkt kriminal dhe i pap\u00ebrgjegjsh\u00ebm\u201d- Basha reagon p\u00ebr shqiptar\u00ebt e bllokuar n\u00eb kufi: Tragjedia po luhet prej 4 dit\u00ebsh para syve tan\u00eb<\/p>\n<p><em>5 prill 2020<\/em><\/p>\n<p><strong>Kreu i Partis\u00eb Demokratike, Lulzim Basha e konsideron nj\u00eb akt kriminal dhe t\u00eb pa p\u00ebrgjegjsh\u00ebm ndalimin e hyrjes n\u00eb Shqip\u00ebri t\u00eb dhjet\u00ebra emigrant\u00ebve shqiptar\u00eb n\u00eb zon\u00ebn neutrale midis Shqip\u00ebris\u00eb dhe Greqis\u00eb.<\/strong><\/p>\n<p>Basha thekson qeveria shqiptare \u00ebsht\u00eb p\u00ebrgjegj\u00ebse p\u00ebr jet\u00ebn e \u00e7do shqiptari.<\/p>\n<p><em>\u201cAta nuk mund t\u00eb trajtohen kurr\u00ebsesi si refugjat\u00eb nga shteti i tyre\u201d,<\/em>\u00a0thekson ai, duke shtuar se tragjedia po luhet prej 4 dit\u00ebsh.<\/p>\n<p><img data-recalc-dims=\"1\" loading=\"lazy\" decoding=\"async\" data-attachment-id=\"33090\" data-permalink=\"https:\/\/www.shqiperia.com\/blog\/akt-kriminal-dhe-i-papergjegjshem-basha-reagon-per-shqiptaret-e-bllokuar-ne-kufi-tragjedia-po-luhet-prej-4-ditesh-para-syve-tane\/refugjatet-ne-kufi-basha\/\" data-orig-file=\"https:\/\/i0.wp.com\/www.shqiperia.com\/blog\/wp-content\/uploads\/2020\/04\/refugjatet-ne-kufi-basha.jpg?fit=600%2C400&amp;ssl=1\" data-orig-size=\"600,400\" data-comments-opened=\"1\" data-image-meta=\"{&quot;aperture&quot;:&quot;0&quot;,&quot;credit&quot;:&quot;&quot;,&quot;camera&quot;:&quot;&quot;,&quot;caption&quot;:&quot;&quot;,&quot;created_timestamp&quot;:&quot;0&quot;,&quot;copyright&quot;:&quot;&quot;,&quot;focal_length&quot;:&quot;0&quot;,&quot;iso&quot;:&quot;0&quot;,&quot;shutter_speed&quot;:&quot;0&quot;,&quot;title&quot;:&quot;&quot;,&quot;orientation&quot;:&quot;0&quot;}\" data-image-title=\"refugjatet-ne-kufi-basha\" data-image-description=\"\" data-image-caption=\"\" data-medium-file=\"https:\/\/i0.wp.com\/www.shqiperia.com\/blog\/wp-content\/uploads\/2020\/04\/refugjatet-ne-kufi-basha.jpg?fit=300%2C200&amp;ssl=1\" data-large-file=\"https:\/\/i0.wp.com\/www.shqiperia.com\/blog\/wp-content\/uploads\/2020\/04\/refugjatet-ne-kufi-basha.jpg?fit=600%2C400&amp;ssl=1\" class=\"alignnone  wp-image-33090\" alt=\"\" src=\"https:\/\/i0.wp.com\/www.shqiperia.com\/blog\/wp-content\/uploads\/2020\/04\/refugjatet-ne-kufi-basha.jpg?resize=536%2C357&#038;ssl=1\" width=\"536\" height=\"357\" srcset=\"https:\/\/i0.wp.com\/www.shqiperia.com\/blog\/wp-content\/uploads\/2020\/04\/refugjatet-ne-kufi-basha.jpg?resize=300%2C200&amp;ssl=1 300w, https:\/\/i0.wp.com\/www.shqiperia.com\/blog\/wp-content\/uploads\/2020\/04\/refugjatet-ne-kufi-basha.jpg?resize=450%2C300&amp;ssl=1 450w, https:\/\/i0.wp.com\/www.shqiperia.com\/blog\/wp-content\/uploads\/2020\/04\/refugjatet-ne-kufi-basha.jpg?resize=400%2C267&amp;ssl=1 400w, https:\/\/i0.wp.com\/www.shqiperia.com\/blog\/wp-content\/uploads\/2020\/04\/refugjatet-ne-kufi-basha.jpg?w=600&amp;ssl=1 600w\" sizes=\"auto, (max-width: 536px) 100vw, 536px\" \/><\/p>\n<p><strong>Kryetari Basha ne twitter:<\/strong><\/p>\n<p>Mbyllja e kufirit p\u00ebr dhjet\u00ebra shqiptar\u00eb n\u00eb tok\u00ebn neutrale Shqip\u00ebri-Greqi dhe ndalimi i tyre p\u00ebr t\u00eb hyr\u00eb n\u00eb atdhe e p\u00ebr tu kthyer n\u00eb sht\u00ebpit\u00eb e tyre, \u00ebsht\u00eb nj\u00eb akt kriminal dhe i pap\u00ebrgjegjsh\u00ebm.<\/p>\n<p>Qeveria shqiptare \u00ebsht\u00eb p\u00ebrgjegj\u00ebse p\u00ebr jet\u00ebn e \u00e7do shqiptari. Kushtetuta e Shqip\u00ebris\u00eb e detyron qeverin\u00eb t\u00eb mos l\u00ebr\u00eb pa atdhe asnj\u00eb shqiptar. Ata nuk mund t\u00eb trajtohen kurr\u00ebsesi si refugjat\u00eb nga shteti i tyre. Tragjedia q\u00eb po luhet prej 4 dit\u00ebsh para syve tan\u00eb me jet\u00ebt e dhjet\u00ebra shqiptar\u00ebve duhet t\u00eb marr\u00eb fund sot!<\/p>\n<p>Gazeta Sot<\/p>\n","protected":false},"excerpt":{"rendered":"<p>\u201cAkt kriminal dhe i pap\u00ebrgjegjsh\u00ebm\u201d- Basha reagon p\u00ebr shqiptar\u00ebt e bllokuar n\u00eb kufi: Tragjedia po luhet prej 4 dit\u00ebsh para syve tan\u00eb 5 prill 2020 Kreu i Partis\u00eb Demokratike, Lulzim Basha e konsideron nj\u00eb akt kriminal dhe t\u00eb pa p\u00ebrgjegjsh\u00ebm ndalimin e hyrjes n\u00eb Shqip\u00ebri t\u00eb dhjet\u00ebra emigrant\u00ebve shqiptar\u00eb n\u00eb zon\u00ebn neutrale midis Shqip\u00ebris\u00eb dhe [&hellip;]<\/p>\n","protected":false},"author":9,"featured_media":33089,"comment_status":"open","ping_status":"open","sticky":false,"template":"","format":"standard","meta":{"jetpack_post_was_ever_published":false,"_jetpack_newsletter_access":"","_jetpack_dont_email_post_to_subs":false,"_jetpack_newsletter_tier_id":0,"_jetpack_memberships_contains_paywalled_content":false,"_jetpack_memberships_contains_paid_content":false,"footnotes":"","jetpack_publicize_message":"","jetpack_publicize_feature_enabled":true,"jetpack_social_post_already_shared":true,"jetpack_social_options":{"image_generator_settings":{"template":"highway","default_image_id":0,"font":"","enabled":false},"version":2}},"categories":[27,2,35],"tags":[],"class_list":["post-33088","post","type-post","status-publish","format-standard","has-post-thumbnail","hentry","category-blogu-i-udhetarit","category-politika","category-shoqerore"],"jetpack_publicize_connections":[],"jetpack_featured_media_url":"https:\/\/i0.wp.com\/www.shqiperia.com\/blog\/wp-content\/uploads\/2020\/04\/emigrante-kapshtice.jpg?fit=698%2C363&ssl=1","jetpack_sharing_enabled":true,"jetpack_shortlink":"https:\/\/wp.me\/p5Z6wp-8BG","jetpack-related-posts":[{"id":46666,"url":"https:\/\/www.shqiperia.com\/blog\/alarmante-pd-ben-deklaraten-e-frikshme-kerkese-urgjente-prokurorise-skandal-ne-kete-qytet-prej-10-ditesh-behen-vaksina-te-skaduar\/","url_meta":{"origin":33088,"position":0},"title":"Alarmante! PD b\u00ebn deklarat\u00ebn e frikshme, k\u00ebrkes\u00eb urgjente Prokuroris\u00eb:  &#8211; Skandal, n\u00eb k\u00ebt\u00eb qytet prej 10 dit\u00ebsh b\u00ebhen vaksina t\u00eb skaduar","author":"Kurt Farka","date":"April 19, 2021","format":false,"excerpt":"Alarmante! PD b\u00ebn deklarat\u00ebn e frikshme, k\u00ebrkes\u00eb urgjente Prokuroris\u00eb: - Skandal, n\u00eb k\u00ebt\u00eb qytet prej 10 dit\u00ebsh b\u00ebhen vaksina t\u00eb skaduar 19 PRILL 2021 Kandidati p\u00ebr deputet i Partis\u00eb Demokratike, Atird Hoxha i ka b\u00ebr\u00eb thirrje prokuroris\u00eb s\u00eb Vlor\u00ebs q\u00eb t\u00eb nis menj\u00ebher\u00eb hetimet duke bllokuar t\u00eb gjith\u00eb dozat e\u2026","rel":"","context":"In &quot;Blogu i Udh\u00ebtarit&quot;","block_context":{"text":"Blogu i Udh\u00ebtarit","link":"https:\/\/www.shqiperia.com\/blog\/category\/blogu-i-udhetarit\/"},"img":{"alt_text":"","src":"https:\/\/i0.wp.com\/www.shqiperia.com\/blog\/wp-content\/uploads\/2021\/04\/800-0-607d6c2e36a26.jpg?fit=800%2C451&ssl=1&resize=350%2C200","width":350,"height":200,"srcset":"https:\/\/i0.wp.com\/www.shqiperia.com\/blog\/wp-content\/uploads\/2021\/04\/800-0-607d6c2e36a26.jpg?fit=800%2C451&ssl=1&resize=350%2C200 1x, https:\/\/i0.wp.com\/www.shqiperia.com\/blog\/wp-content\/uploads\/2021\/04\/800-0-607d6c2e36a26.jpg?fit=800%2C451&ssl=1&resize=525%2C300 1.5x, https:\/\/i0.wp.com\/www.shqiperia.com\/blog\/wp-content\/uploads\/2021\/04\/800-0-607d6c2e36a26.jpg?fit=800%2C451&ssl=1&resize=700%2C400 2x"},"classes":[]},{"id":33100,"url":"https:\/\/www.shqiperia.com\/blog\/tensionohet-situata-ne-kufi-emigrantet-bllokojne-kamionet-te-kalojne\/","url_meta":{"origin":33088,"position":1},"title":"Tensionohet situata n\u00eb kufi, emigrant\u00ebt bllokojn\u00eb kamion\u00ebt t\u00eb kalojn\u00eb","author":"Kurt Farka","date":"April 6, 2020","format":false,"excerpt":"Tensionohet situata n\u00eb kufi, emigrant\u00ebt bllokojn\u00eb kamion\u00ebt t\u00eb kalojn\u00eb 5 PRILL 2020 Prej disa dit\u00ebsh kryeministri Rama vendosi mas\u00ebn drastike p\u00ebr t\u00eb bllokuar totalisht kufirin duke mos lejuar ask\u00ebnd q\u00eb t\u00eb hyj\u00eb n\u00eb shtetin shqiptar. Dhjet\u00ebra persona kan\u00eb mbetur t\u00eb bllokuar n\u00eb Kakavij\u00eb dhe Kapshtic\u00eb pasi pala shqiptare nuk i\u2026","rel":"","context":"In &quot;Blogu i Udh\u00ebtarit&quot;","block_context":{"text":"Blogu i Udh\u00ebtarit","link":"https:\/\/www.shqiperia.com\/blog\/category\/blogu-i-udhetarit\/"},"img":{"alt_text":"","src":"https:\/\/i0.wp.com\/www.shqiperia.com\/blog\/wp-content\/uploads\/2020\/04\/640-0-5e8a171141184.png?fit=503%2C284&ssl=1&resize=350%2C200","width":350,"height":200},"classes":[]},{"id":33142,"url":"https:\/\/www.shqiperia.com\/blog\/komiteti-shqiptar-i-helsinkit-bllokimi-i-shqiptareve-ne-kufi-trajtim-johuman-dhe-degradues\/","url_meta":{"origin":33088,"position":2},"title":"Komiteti Shqiptar i Helsinkit: \u201cBllokimi i shqiptar\u00ebve n\u00eb kufi, trajtim johuman dhe degradues\u201d","author":"Kurt Farka","date":"April 7, 2020","format":false,"excerpt":"Komiteti Shqiptar i Helsinkit: \u201cBllokimi i shqiptar\u00ebve n\u00eb kufi, trajtim johuman dhe degradues\u201d 6 prill \u00a02020 Komiteti Shqiptar i Helsinkit e quajti \u201ctrajtim johuman dhe degradues\u201d bllokimin e dhjetra shqiptar\u00ebve n\u00eb zon\u00ebn neutrale mes Greqis\u00eb dhe Shqip\u00ebris\u00eb dhe u b\u00ebri thirrje autoriteteve shqiptare q\u00eb t\u00eb gjejn\u00eb nj\u00eb zgjidhje t\u00eb shpejt\u00eb\u2026","rel":"","context":"In &quot;Blogu i Udh\u00ebtarit&quot;","block_context":{"text":"Blogu i Udh\u00ebtarit","link":"https:\/\/www.shqiperia.com\/blog\/category\/blogu-i-udhetarit\/"},"img":{"alt_text":"","src":"https:\/\/i0.wp.com\/www.shqiperia.com\/blog\/wp-content\/uploads\/2020\/04\/Kakavije.jpeg?fit=576%2C316&ssl=1&resize=350%2C200","width":350,"height":200,"srcset":"https:\/\/i0.wp.com\/www.shqiperia.com\/blog\/wp-content\/uploads\/2020\/04\/Kakavije.jpeg?fit=576%2C316&ssl=1&resize=350%2C200 1x, https:\/\/i0.wp.com\/www.shqiperia.com\/blog\/wp-content\/uploads\/2020\/04\/Kakavije.jpeg?fit=576%2C316&ssl=1&resize=525%2C300 1.5x"},"classes":[]},{"id":9097,"url":"https:\/\/www.shqiperia.com\/blog\/bllokohen-1-5-milione-euro-te-toyota-yaris-a-eshte-makina-qe-foli-basha\/","url_meta":{"origin":33088,"position":3},"title":"Bllokohen 1.5 milion\u00eb euro te \u201cToyota Yaris\u201d, a \u00ebsht\u00eb makina q\u00eb foli Basha? &#8211;","author":"Kurt Farka","date":"June 24, 2018","format":false,"excerpt":"Bllokohen 1.5 milion\u00eb euro te \u201cToyota Yaris\u201d, a \u00ebsht\u00eb makina q\u00eb foli Basha? - Lulzim Basha, kreu i Partis\u00eb Demokratike, t\u00eb enjten n\u00eb foltoren e Kuvendit, tha se jan\u00eb kapur 1.5 milion\u00eb euro n\u00eb nj\u00eb \u201cToyota Yaris\u201d. Pik\u00ebrisht, sot , n\u00eb Portin e Durr\u00ebsit jan\u00eb bllokuar fiks 1.5 milion\u00eb euro\u2026","rel":"","context":"In &quot;Njoftime Shtypi&quot;","block_context":{"text":"Njoftime Shtypi","link":"https:\/\/www.shqiperia.com\/blog\/category\/njoftime-shtypi\/"},"img":{"alt_text":"","src":"https:\/\/i0.wp.com\/www.shqiperia.com\/blog\/wp-content\/uploads\/2018\/06\/taulantballatoyotabasha.png?fit=567%2C278&ssl=1&resize=350%2C200","width":350,"height":200,"srcset":"https:\/\/i0.wp.com\/www.shqiperia.com\/blog\/wp-content\/uploads\/2018\/06\/taulantballatoyotabasha.png?fit=567%2C278&ssl=1&resize=350%2C200 1x, https:\/\/i0.wp.com\/www.shqiperia.com\/blog\/wp-content\/uploads\/2018\/06\/taulantballatoyotabasha.png?fit=567%2C278&ssl=1&resize=525%2C300 1.5x"},"classes":[]},{"id":22668,"url":"https:\/\/www.shqiperia.com\/blog\/nard-ndoka-qetesoju-lutu-durim-jozefine-rama-humbi-pushtetin-lulzim-basha-fitoj-qytetaret\/","url_meta":{"origin":33088,"position":4},"title":"Nard Ndoka: &#8211; Qet\u00ebsoju, lutu, durim Jozefin\u00eb! Rama humbi pushtetin, Lulzim Basha fitoj qytetar\u00ebt!","author":"Kurt Farka","date":"July 1, 2019","format":false,"excerpt":"Nard Ndoka: - Qet\u00ebsoju, lutu, durim Jozefin\u00eb! Rama humbi pushtetin, Lulzim Basha fitoj qytetar\u00ebt! Nga\u00a0Aranit Muraci\u00a0 Kreu i PDK-s\u00eb, Nard Ndoka ka reaguar pas mesazhit kritik t\u00eb Jozefina Topallit ndaj kreut t\u00eb PD, Lulzim Basha, p\u00ebr zgjedhjet e 30 qershorit. Ndoka i ka k\u00ebrkuar Topallit t\u00eb qet\u00ebsohet, duke i sqaruar\u2026","rel":"","context":"In &quot;Blogu i Udh\u00ebtarit&quot;","block_context":{"text":"Blogu i Udh\u00ebtarit","link":"https:\/\/www.shqiperia.com\/blog\/category\/blogu-i-udhetarit\/"},"img":{"alt_text":"","src":"https:\/\/i0.wp.com\/www.shqiperia.com\/blog\/wp-content\/uploads\/2019\/07\/ndoka-topalli.jpg?fit=1024%2C519&ssl=1&resize=350%2C200","width":350,"height":200,"srcset":"https:\/\/i0.wp.com\/www.shqiperia.com\/blog\/wp-content\/uploads\/2019\/07\/ndoka-topalli.jpg?fit=1024%2C519&ssl=1&resize=350%2C200 1x, https:\/\/i0.wp.com\/www.shqiperia.com\/blog\/wp-content\/uploads\/2019\/07\/ndoka-topalli.jpg?fit=1024%2C519&ssl=1&resize=525%2C300 1.5x, https:\/\/i0.wp.com\/www.shqiperia.com\/blog\/wp-content\/uploads\/2019\/07\/ndoka-topalli.jpg?fit=1024%2C519&ssl=1&resize=700%2C400 2x"},"classes":[]},{"id":49866,"url":"https:\/\/www.shqiperia.com\/blog\/ish-presidenti-nishani-ja-e-verteta-basha-kishte-ultimatume-te-forta-edhe-per\/","url_meta":{"origin":33088,"position":5},"title":"Ish-Presidenti Nishani: Ja e v\u00ebrteta, Basha kishte ultimatume t\u00eb forta edhe p\u00ebr\u2026","author":"Kurt Farka","date":"September 14, 2021","format":false,"excerpt":"Ish-Presidenti Nishani: Ja e v\u00ebrteta, Basha kishte ultimatume t\u00eb forta edhe p\u00ebr\u2026 14 shtator 2021 Ish- Presidenti Bujar Nishani e quan sjelljen e kryetarit t\u00eb Partis\u00eb Demokratike Lulzim Basha dhe vendimin p\u00ebr p\u00ebrjashtimin nga grupi parlamentar t\u00eb Sali Berish\u00ebs nj\u00eb \u201cthik\u00eb pas shpine ndaj PD dhe Shqip\u00ebris\u00eb\u201d. N\u00eb nj\u00eb postim\u2026","rel":"","context":"In &quot;Blogu i Udh\u00ebtarit&quot;","block_context":{"text":"Blogu i Udh\u00ebtarit","link":"https:\/\/www.shqiperia.com\/blog\/category\/blogu-i-udhetarit\/"},"img":{"alt_text":"","src":"https:\/\/i0.wp.com\/www.shqiperia.com\/blog\/wp-content\/uploads\/2021\/09\/basha-nishani.jpg?fit=718%2C455&ssl=1&resize=350%2C200","width":350,"height":200,"srcset":"https:\/\/i0.wp.com\/www.shqiperia.com\/blog\/wp-content\/uploads\/2021\/09\/basha-nishani.jpg?fit=718%2C455&ssl=1&resize=350%2C200 1x, https:\/\/i0.wp.com\/www.shqiperia.com\/blog\/wp-content\/uploads\/2021\/09\/basha-nishani.jpg?fit=718%2C455&ssl=1&resize=525%2C300 1.5x, https:\/\/i0.wp.com\/www.shqiperia.com\/blog\/wp-content\/uploads\/2021\/09\/basha-nishani.jpg?fit=718%2C455&ssl=1&resize=700%2C400 2x"},"classes":[]}],"_links":{"self":[{"href":"https:\/\/www.shqiperia.com\/blog\/wp-json\/wp\/v2\/posts\/33088","targetHints":{"allow":["GET"]}}],"collection":[{"href":"https:\/\/www.shqiperia.com\/blog\/wp-json\/wp\/v2\/posts"}],"about":[{"href":"https:\/\/www.shqiperia.com\/blog\/wp-json\/wp\/v2\/types\/post"}],"author":[{"embeddable":true,"href":"https:\/\/www.shqiperia.com\/blog\/wp-json\/wp\/v2\/users\/9"}],"replies":[{"embeddable":true,"href":"https:\/\/www.shqiperia.com\/blog\/wp-json\/wp\/v2\/comments?post=33088"}],"version-history":[{"count":1,"href":"https:\/\/www.shqiperia.com\/blog\/wp-json\/wp\/v2\/posts\/33088\/revisions"}],"predecessor-version":[{"id":33091,"href":"https:\/\/www.shqiperia.com\/blog\/wp-json\/wp\/v2\/posts\/33088\/revisions\/33091"}],"wp:featuredmedia":[{"embeddable":true,"href":"https:\/\/www.shqiperia.com\/blog\/wp-json\/wp\/v2\/media\/33089"}],"wp:attachment":[{"href":"https:\/\/www.shqiperia.com\/blog\/wp-json\/wp\/v2\/media?parent=33088"}],"wp:term":[{"taxonomy":"category","embeddable":true,"href":"https:\/\/www.shqiperia.com\/blog\/wp-json\/wp\/v2\/categories?post=33088"},{"taxonomy":"post_tag","embeddable":true,"href":"https:\/\/www.shqiperia.com\/blog\/wp-json\/wp\/v2\/tags?post=33088"}],"curies":[{"name":"wp","href":"https:\/\/api.w.org\/{rel}","templated":true}]}}