{"id":33085,"date":"2020-04-05T10:40:07","date_gmt":"2020-04-05T10:40:07","guid":{"rendered":"https:\/\/www.shqiperia.com\/blog\/?p=33085"},"modified":"2020-04-05T10:40:07","modified_gmt":"2020-04-05T10:40:07","slug":"nderron-jete-mjeshtri-i-madh-i-humorit-shkodran-gezim-kruja","status":"publish","type":"post","link":"https:\/\/www.shqiperia.com\/blog\/nderron-jete-mjeshtri-i-madh-i-humorit-shkodran-gezim-kruja\/","title":{"rendered":"Nd\u00ebrron jet\u00eb mjeshtri i madh i humorit shkodran G\u00ebzim Kruja"},"content":{"rendered":"<p><img data-recalc-dims=\"1\" loading=\"lazy\" decoding=\"async\" data-attachment-id=\"33086\" data-permalink=\"https:\/\/www.shqiperia.com\/blog\/nderron-jete-mjeshtri-i-madh-i-humorit-shkodran-gezim-kruja\/gezim-kruja-3\/\" data-orig-file=\"https:\/\/i0.wp.com\/www.shqiperia.com\/blog\/wp-content\/uploads\/2020\/04\/Gezim-Kruja.jpg?fit=800%2C476&amp;ssl=1\" data-orig-size=\"800,476\" data-comments-opened=\"1\" data-image-meta=\"{&quot;aperture&quot;:&quot;0&quot;,&quot;credit&quot;:&quot;&quot;,&quot;camera&quot;:&quot;&quot;,&quot;caption&quot;:&quot;&quot;,&quot;created_timestamp&quot;:&quot;0&quot;,&quot;copyright&quot;:&quot;&quot;,&quot;focal_length&quot;:&quot;0&quot;,&quot;iso&quot;:&quot;0&quot;,&quot;shutter_speed&quot;:&quot;0&quot;,&quot;title&quot;:&quot;&quot;,&quot;orientation&quot;:&quot;0&quot;}\" data-image-title=\"Gezim Kruja\" data-image-description=\"\" data-image-caption=\"\" data-medium-file=\"https:\/\/i0.wp.com\/www.shqiperia.com\/blog\/wp-content\/uploads\/2020\/04\/Gezim-Kruja.jpg?fit=300%2C179&amp;ssl=1\" data-large-file=\"https:\/\/i0.wp.com\/www.shqiperia.com\/blog\/wp-content\/uploads\/2020\/04\/Gezim-Kruja.jpg?fit=800%2C476&amp;ssl=1\" class=\"alignnone  wp-image-33086\" alt=\"\" src=\"https:\/\/i0.wp.com\/www.shqiperia.com\/blog\/wp-content\/uploads\/2020\/04\/Gezim-Kruja.jpg?resize=499%2C298&#038;ssl=1\" width=\"499\" height=\"298\" srcset=\"https:\/\/i0.wp.com\/www.shqiperia.com\/blog\/wp-content\/uploads\/2020\/04\/Gezim-Kruja.jpg?resize=300%2C179&amp;ssl=1 300w, https:\/\/i0.wp.com\/www.shqiperia.com\/blog\/wp-content\/uploads\/2020\/04\/Gezim-Kruja.jpg?resize=768%2C457&amp;ssl=1 768w, https:\/\/i0.wp.com\/www.shqiperia.com\/blog\/wp-content\/uploads\/2020\/04\/Gezim-Kruja.jpg?resize=450%2C268&amp;ssl=1 450w, https:\/\/i0.wp.com\/www.shqiperia.com\/blog\/wp-content\/uploads\/2020\/04\/Gezim-Kruja.jpg?resize=600%2C357&amp;ssl=1 600w, https:\/\/i0.wp.com\/www.shqiperia.com\/blog\/wp-content\/uploads\/2020\/04\/Gezim-Kruja.jpg?resize=400%2C238&amp;ssl=1 400w, https:\/\/i0.wp.com\/www.shqiperia.com\/blog\/wp-content\/uploads\/2020\/04\/Gezim-Kruja.jpg?w=800&amp;ssl=1 800w\" sizes=\"auto, (max-width: 499px) 100vw, 499px\" \/><\/p>\n<p>Nd\u00ebrron jet\u00eb mjeshtri i madh i humorit shkodran G\u00ebzim Kruja<\/p>\n<p>5 PRILL 2020<\/p>\n<p>Nd\u00ebrron jet\u00eb mjeshtri i madh i humorit G\u00ebzim Kruja. Ai prej koh\u00ebsh ishte n\u00eb gjendje jo t\u00eb mir\u00eb sh\u00ebndet\u00ebsore. Dalja e tij e fundit p\u00ebr media ishte ajo n\u00eb fest\u00ebn e 80-vjetorit t\u00eb lindjes q\u00eb miqt\u00eb e teatrit i organizuan.<\/p>\n<p>G\u00ebzim Kruja ka lindur n\u00eb Shkod\u00ebr, n\u00eb vitin 1939. Karrier\u00ebn humoristike e ka nisur q\u00eb n\u00eb mosh\u00ebn 13-vje\u00e7are. Fillimet me Estrad\u00ebn amatore nisin q\u00eb n\u00eb koh\u00ebn kur ishte ushtar m\u00eb 1958.\u00a0 M\u00eb pas vazhdon aktivizimin n\u00eb vitin 1960 me Estrad\u00ebn profesioniste t\u00eb Shkodr\u00ebs.<\/p>\n<p>G\u00ebzim Kruja ka mbaruar n\u00eb vitin 1979 Institutin e Lart\u00eb Pedagogjik, dega e Gjuh\u00ebs dhe Let\u00ebrsis\u00eb n\u00eb Shkod\u00ebr. Ka shkruar 15 komedi, 10 recitate, 2 libra me monolog\u00eb gazmor. Ka interpretuar mbi nj\u00eb mij\u00eb role n\u00eb ske\u00e7e t\u00eb ndryshme dhe ka 52 vite q\u00eb ushtron profesionin e humoristit.<\/p>\n<p>N\u00eb vitin 2004 ka marr\u00eb titullin \u201cKrenaria e Qytetit\u201d. N\u00eb vitin 2005 merr titullin \u201cNaim Frash\u00ebri i Art\u00eb\u201d dhe n\u00eb vitin 2010 titullin \u201cMjesht\u00ebr i Madh\u201d<\/p>\n","protected":false},"excerpt":{"rendered":"<p>Nd\u00ebrron jet\u00eb mjeshtri i madh i humorit shkodran G\u00ebzim Kruja 5 PRILL 2020 Nd\u00ebrron jet\u00eb mjeshtri i madh i humorit G\u00ebzim Kruja. Ai prej koh\u00ebsh ishte n\u00eb gjendje jo t\u00eb mir\u00eb sh\u00ebndet\u00ebsore. Dalja e tij e fundit p\u00ebr media ishte ajo n\u00eb fest\u00ebn e 80-vjetorit t\u00eb lindjes q\u00eb miqt\u00eb e teatrit i organizuan. G\u00ebzim Kruja [&hellip;]<\/p>\n","protected":false},"author":9,"featured_media":33086,"comment_status":"open","ping_status":"open","sticky":false,"template":"","format":"standard","meta":{"jetpack_post_was_ever_published":false,"_jetpack_newsletter_access":"","_jetpack_dont_email_post_to_subs":false,"_jetpack_newsletter_tier_id":0,"_jetpack_memberships_contains_paywalled_content":false,"_jetpack_memberships_contains_paid_content":false,"footnotes":"","jetpack_publicize_message":"","jetpack_publicize_feature_enabled":true,"jetpack_social_post_already_shared":true,"jetpack_social_options":{"image_generator_settings":{"template":"highway","default_image_id":0,"font":"","enabled":false},"version":2}},"categories":[27,35],"tags":[],"class_list":["post-33085","post","type-post","status-publish","format-standard","has-post-thumbnail","hentry","category-blogu-i-udhetarit","category-shoqerore"],"jetpack_publicize_connections":[],"jetpack_featured_media_url":"https:\/\/i0.wp.com\/www.shqiperia.com\/blog\/wp-content\/uploads\/2020\/04\/Gezim-Kruja.jpg?fit=800%2C476&ssl=1","jetpack_sharing_enabled":true,"jetpack_shortlink":"https:\/\/wp.me\/p5Z6wp-8BD","jetpack-related-posts":[{"id":14333,"url":"https:\/\/www.shqiperia.com\/blog\/gezim-kruja\/","url_meta":{"origin":33085,"position":0},"title":"G\u00ebzim Kruja","author":"Kurt Farka","date":"December 4, 2018","format":false,"excerpt":"G\u00ebzim Kruja ka lindur n\u00eb Shkod\u00ebr, n\u00eb vitin 1939. Karrier\u00ebn humoristike e ka nisur q\u00eb n\u00eb mosh\u00ebn 13-vje\u00e7are. Fillimet me Estrad\u00ebn amatore nisin q\u00eb n\u00eb koh\u00ebn kur ishte ushtar m\u00eb 1958. M\u00eb pas vazhdon aktivizimin n\u00eb vitin 1960 me Estrad\u00ebn profesioniste t\u00eb Shkodr\u00ebs. G\u00ebzim Kruja ka mbaruar n\u00eb vitin 1979\u2026","rel":"","context":"In &quot;Arte&quot;","block_context":{"text":"Arte","link":"https:\/\/www.shqiperia.com\/blog\/category\/arte\/"},"img":{"alt_text":"","src":"https:\/\/i0.wp.com\/www.shqiperia.com\/blog\/wp-content\/uploads\/2018\/12\/index-6-300x156.jpg?resize=350%2C200","width":350,"height":200},"classes":[]},{"id":49631,"url":"https:\/\/www.shqiperia.com\/blog\/u-nda-nga-jeta-kolosi-i-humorit-shqiptar-mbylli-syte-ne-moshen-86-vjecare\/","url_meta":{"origin":33085,"position":1},"title":"U nda nga jeta Kolosi i humorit shqiptar mbylli syte ne moshen 86 vje\u00e7are","author":"Kurt Farka","date":"September 4, 2021","format":false,"excerpt":"U nda nga kjo jete humoristi i madh Paulin Preka. Lajmin e bajne te ditur familjaret e tij. Sot me 4 shtator 2021 nderron jete Mjeshtri i Madh i humorit shkodran dhe atij shqiptar Paulin Preka. - Kolos i humorit shqiptar mbylli syte ne moshen 86 vje\u00e7are ne Itali ku\u2026","rel":"","context":"In &quot;Arte&quot;","block_context":{"text":"Arte","link":"https:\/\/www.shqiperia.com\/blog\/category\/arte\/"},"img":{"alt_text":"","src":"https:\/\/i0.wp.com\/www.shqiperia.com\/blog\/wp-content\/uploads\/2021\/09\/paulin-preka.jpg?fit=1200%2C679&ssl=1&resize=350%2C200","width":350,"height":200,"srcset":"https:\/\/i0.wp.com\/www.shqiperia.com\/blog\/wp-content\/uploads\/2021\/09\/paulin-preka.jpg?fit=1200%2C679&ssl=1&resize=350%2C200 1x, https:\/\/i0.wp.com\/www.shqiperia.com\/blog\/wp-content\/uploads\/2021\/09\/paulin-preka.jpg?fit=1200%2C679&ssl=1&resize=525%2C300 1.5x, https:\/\/i0.wp.com\/www.shqiperia.com\/blog\/wp-content\/uploads\/2021\/09\/paulin-preka.jpg?fit=1200%2C679&ssl=1&resize=700%2C400 2x, https:\/\/i0.wp.com\/www.shqiperia.com\/blog\/wp-content\/uploads\/2021\/09\/paulin-preka.jpg?fit=1200%2C679&ssl=1&resize=1050%2C600 3x"},"classes":[]},{"id":75760,"url":"https:\/\/www.shqiperia.com\/blog\/arti-ne-zi-ndahet-nga-jeta-humoristi-shkodran-zef-deda\/","url_meta":{"origin":33085,"position":2},"title":"Arti n\u00eb zi! &#8211; Ndahet nga jeta humoristi shkodran, Zef Deda","author":"Kurt Farka","date":"November 24, 2023","format":false,"excerpt":"24 Nentor 2023 Ka nd\u00ebrruar jet\u00eb n\u00eb mosh\u00ebn 73 vje\u00e7are mjeshtri i madh i humorit Zef Deda. Ai prej pak koh\u00ebsh vuante nga nj\u00eb s\u00ebmundje e r\u00ebnd\u00eb. Deda ka nd\u00ebrruar jet\u00eb n\u00eb Shkod\u00ebr, nd\u00ebrsa pritet q\u00eb ceremonia e p\u00ebrcjelljes p\u00ebr n\u00eb banes\u00ebn e fundit t\u00eb b\u00ebhet t\u00eb shtun\u00ebn, kur edhe\u2026","rel":"","context":"In &quot;Arte&quot;","block_context":{"text":"Arte","link":"https:\/\/www.shqiperia.com\/blog\/category\/arte\/"},"img":{"alt_text":"","src":"https:\/\/i0.wp.com\/www.shqiperia.com\/blog\/wp-content\/uploads\/2023\/11\/zefi.jpg?fit=780%2C440&ssl=1&resize=350%2C200","width":350,"height":200,"srcset":"https:\/\/i0.wp.com\/www.shqiperia.com\/blog\/wp-content\/uploads\/2023\/11\/zefi.jpg?fit=780%2C440&ssl=1&resize=350%2C200 1x, https:\/\/i0.wp.com\/www.shqiperia.com\/blog\/wp-content\/uploads\/2023\/11\/zefi.jpg?fit=780%2C440&ssl=1&resize=525%2C300 1.5x, https:\/\/i0.wp.com\/www.shqiperia.com\/blog\/wp-content\/uploads\/2023\/11\/zefi.jpg?fit=780%2C440&ssl=1&resize=700%2C400 2x"},"classes":[]},{"id":1035,"url":"https:\/\/www.shqiperia.com\/blog\/zyliha-miloti-ikone-e-humorit-shqiptar\/","url_meta":{"origin":33085,"position":3},"title":"Zyliha Miloti, ikone e humorit shqiptar","author":"Kurt Farka","date":"January 11, 2018","format":false,"excerpt":"\u00a0 Pa i mbushur 14 vjet, kur ishte n\u00eb klas\u00ebn e 7-t\u00eb, ajo u paraqit p\u00ebr her\u00eb t\u00eb par\u00eb para publikut si nj\u00eb k\u00ebng\u00ebtare e vog\u00ebl shum\u00eb e talentuar. Rolet e para kan\u00eb qen\u00eb dramatike dhe si aktore e humorit ajo i filloj n\u00eb mosh\u00ebn 20 vje\u00e7are n\u00eb estrad\u00ebn profesioniste\u2026","rel":"","context":"In &quot;Kultura&quot;","block_context":{"text":"Kultura","link":"https:\/\/www.shqiperia.com\/blog\/category\/kultura\/"},"img":{"alt_text":"","src":"https:\/\/i0.wp.com\/www.shqiperia.com\/blog\/wp-content\/uploads\/2018\/01\/Zyliha-Miloti.jpg?fit=480%2C403&ssl=1&resize=350%2C200","width":350,"height":200},"classes":[]},{"id":7386,"url":"https:\/\/www.shqiperia.com\/blog\/mjeshtri-i-punimit-te-gurit-ekspozite-mbreselenese\/","url_meta":{"origin":33085,"position":4},"title":"Mjeshtri i punimit t\u00eb gurit, ekspozit\u00eb mbres\u00ebl\u00ebn\u00ebse. &#8211;","author":"Kurt Farka","date":"May 14, 2018","format":false,"excerpt":"Mjeshtri i punimit t\u00eb gurit, ekspozit\u00eb mbres\u00ebl\u00ebn\u00ebse Mjeshtri i madh i punimit t\u00eb gurit, G\u00ebzim Hidri, nj\u00eb artist i ve\u00e7ant\u00eb e shembull frym\u00ebzimi p\u00ebr talentet e reja, prej disa dit\u00ebsh ka hapur nj\u00eb ekspozit\u00eb mbres\u00ebl\u00ebn\u00ebse n\u00eb kopshtin e Presidenc\u00ebs. Presidenti I Republik\u00ebs, Ilir Meta ka shprehur k\u00ebnaq\u00ebsi t\u00eb shihte sot\u2026","rel":"","context":"In &quot;Blogu i Udh\u00ebtarit&quot;","block_context":{"text":"Blogu i Udh\u00ebtarit","link":"https:\/\/www.shqiperia.com\/blog\/category\/blogu-i-udhetarit\/"},"img":{"alt_text":"","src":"https:\/\/i0.wp.com\/www.shqiperia.com\/blog\/wp-content\/uploads\/2018\/05\/hqdefault.jpg?fit=480%2C360&ssl=1&resize=350%2C200","width":350,"height":200},"classes":[]},{"id":96582,"url":"https:\/\/www.shqiperia.com\/blog\/zyliha-miloti-ne-80-vjetor-nje-nga-aktoret-e-shquara-ne-skenen-e-humorit-shqiptar\/","url_meta":{"origin":33085,"position":5},"title":"Zyliha Miloti n\u00eb 80-vjetor, nj\u00eb nga aktoret e shquara n\u00eb sken\u00ebn e humorit shqiptar","author":"Kurt Farka","date":"January 14, 2026","format":false,"excerpt":"14 Janar 2026 Aktorja Zylia Miloti ka nj\u00eb karrier\u00eb t\u00eb gjat\u00eb dhe t\u00eb suksesshme n\u00eb sken\u00eb, por me role edhe n\u00eb prodhimet kinematografike shqiptare. Galeria e personazheve, q\u00eb krijoi dhe eksperienca e saj, b\u00ebn\u00eb, q\u00eb ajo t\u00eb mbetet nj\u00eb nga aktoret e shquara n\u00eb sken\u00ebn e humorit shqiptar. Zyliha Miloti\u2026","rel":"","context":"In &quot;Arte&quot;","block_context":{"text":"Arte","link":"https:\/\/www.shqiperia.com\/blog\/category\/arte\/"},"img":{"alt_text":"","src":"https:\/\/i0.wp.com\/www.shqiperia.com\/blog\/wp-content\/uploads\/2026\/01\/zyliha-miloti-752x440-1.webp?fit=752%2C440&ssl=1&resize=350%2C200","width":350,"height":200,"srcset":"https:\/\/i0.wp.com\/www.shqiperia.com\/blog\/wp-content\/uploads\/2026\/01\/zyliha-miloti-752x440-1.webp?fit=752%2C440&ssl=1&resize=350%2C200 1x, https:\/\/i0.wp.com\/www.shqiperia.com\/blog\/wp-content\/uploads\/2026\/01\/zyliha-miloti-752x440-1.webp?fit=752%2C440&ssl=1&resize=525%2C300 1.5x, https:\/\/i0.wp.com\/www.shqiperia.com\/blog\/wp-content\/uploads\/2026\/01\/zyliha-miloti-752x440-1.webp?fit=752%2C440&ssl=1&resize=700%2C400 2x"},"classes":[]}],"_links":{"self":[{"href":"https:\/\/www.shqiperia.com\/blog\/wp-json\/wp\/v2\/posts\/33085","targetHints":{"allow":["GET"]}}],"collection":[{"href":"https:\/\/www.shqiperia.com\/blog\/wp-json\/wp\/v2\/posts"}],"about":[{"href":"https:\/\/www.shqiperia.com\/blog\/wp-json\/wp\/v2\/types\/post"}],"author":[{"embeddable":true,"href":"https:\/\/www.shqiperia.com\/blog\/wp-json\/wp\/v2\/users\/9"}],"replies":[{"embeddable":true,"href":"https:\/\/www.shqiperia.com\/blog\/wp-json\/wp\/v2\/comments?post=33085"}],"version-history":[{"count":1,"href":"https:\/\/www.shqiperia.com\/blog\/wp-json\/wp\/v2\/posts\/33085\/revisions"}],"predecessor-version":[{"id":33087,"href":"https:\/\/www.shqiperia.com\/blog\/wp-json\/wp\/v2\/posts\/33085\/revisions\/33087"}],"wp:featuredmedia":[{"embeddable":true,"href":"https:\/\/www.shqiperia.com\/blog\/wp-json\/wp\/v2\/media\/33086"}],"wp:attachment":[{"href":"https:\/\/www.shqiperia.com\/blog\/wp-json\/wp\/v2\/media?parent=33085"}],"wp:term":[{"taxonomy":"category","embeddable":true,"href":"https:\/\/www.shqiperia.com\/blog\/wp-json\/wp\/v2\/categories?post=33085"},{"taxonomy":"post_tag","embeddable":true,"href":"https:\/\/www.shqiperia.com\/blog\/wp-json\/wp\/v2\/tags?post=33085"}],"curies":[{"name":"wp","href":"https:\/\/api.w.org\/{rel}","templated":true}]}}