{"id":33080,"date":"2020-04-05T09:47:20","date_gmt":"2020-04-05T09:47:20","guid":{"rendered":"https:\/\/www.shqiperia.com\/blog\/?p=33080"},"modified":"2020-04-05T09:47:20","modified_gmt":"2020-04-05T09:47:20","slug":"nxenesja-emma-brahaj-ne-nismen-e-muzeut-getty-ne-los-anxheles","status":"publish","type":"post","link":"https:\/\/www.shqiperia.com\/blog\/nxenesja-emma-brahaj-ne-nismen-e-muzeut-getty-ne-los-anxheles\/","title":{"rendered":"Nxenesja Emma Brahaj ne nismen e Muzeut &#8220;Getty&#8221; n\u00eb Los Anxheles."},"content":{"rendered":"<p><img data-recalc-dims=\"1\" loading=\"lazy\" decoding=\"async\" data-attachment-id=\"33082\" data-permalink=\"https:\/\/www.shqiperia.com\/blog\/nxenesja-emma-brahaj-ne-nismen-e-muzeut-getty-ne-los-anxheles\/emma-brahaj-rikrijon-tabllon-permes-fotos-2\/\" data-orig-file=\"https:\/\/i0.wp.com\/www.shqiperia.com\/blog\/wp-content\/uploads\/2020\/04\/Emma-Brahaj-rikrijon-tabllon-permes-fotos-1.jpg?fit=827%2C386&amp;ssl=1\" data-orig-size=\"827,386\" data-comments-opened=\"1\" data-image-meta=\"{&quot;aperture&quot;:&quot;0&quot;,&quot;credit&quot;:&quot;&quot;,&quot;camera&quot;:&quot;&quot;,&quot;caption&quot;:&quot;&quot;,&quot;created_timestamp&quot;:&quot;0&quot;,&quot;copyright&quot;:&quot;&quot;,&quot;focal_length&quot;:&quot;0&quot;,&quot;iso&quot;:&quot;0&quot;,&quot;shutter_speed&quot;:&quot;0&quot;,&quot;title&quot;:&quot;&quot;,&quot;orientation&quot;:&quot;0&quot;}\" data-image-title=\"Emma Brahaj rikrijon tabllon permes fotos\" data-image-description=\"\" data-image-caption=\"\" data-medium-file=\"https:\/\/i0.wp.com\/www.shqiperia.com\/blog\/wp-content\/uploads\/2020\/04\/Emma-Brahaj-rikrijon-tabllon-permes-fotos-1.jpg?fit=300%2C140&amp;ssl=1\" data-large-file=\"https:\/\/i0.wp.com\/www.shqiperia.com\/blog\/wp-content\/uploads\/2020\/04\/Emma-Brahaj-rikrijon-tabllon-permes-fotos-1.jpg?fit=827%2C386&amp;ssl=1\" class=\"alignnone  wp-image-33082\" alt=\"\" src=\"https:\/\/i0.wp.com\/www.shqiperia.com\/blog\/wp-content\/uploads\/2020\/04\/Emma-Brahaj-rikrijon-tabllon-permes-fotos-1.jpg?resize=480%2C224&#038;ssl=1\" width=\"480\" height=\"224\" srcset=\"https:\/\/i0.wp.com\/www.shqiperia.com\/blog\/wp-content\/uploads\/2020\/04\/Emma-Brahaj-rikrijon-tabllon-permes-fotos-1.jpg?resize=300%2C140&amp;ssl=1 300w, https:\/\/i0.wp.com\/www.shqiperia.com\/blog\/wp-content\/uploads\/2020\/04\/Emma-Brahaj-rikrijon-tabllon-permes-fotos-1.jpg?resize=768%2C358&amp;ssl=1 768w, https:\/\/i0.wp.com\/www.shqiperia.com\/blog\/wp-content\/uploads\/2020\/04\/Emma-Brahaj-rikrijon-tabllon-permes-fotos-1.jpg?resize=450%2C210&amp;ssl=1 450w, https:\/\/i0.wp.com\/www.shqiperia.com\/blog\/wp-content\/uploads\/2020\/04\/Emma-Brahaj-rikrijon-tabllon-permes-fotos-1.jpg?resize=600%2C280&amp;ssl=1 600w, https:\/\/i0.wp.com\/www.shqiperia.com\/blog\/wp-content\/uploads\/2020\/04\/Emma-Brahaj-rikrijon-tabllon-permes-fotos-1.jpg?resize=400%2C187&amp;ssl=1 400w, https:\/\/i0.wp.com\/www.shqiperia.com\/blog\/wp-content\/uploads\/2020\/04\/Emma-Brahaj-rikrijon-tabllon-permes-fotos-1.jpg?w=827&amp;ssl=1 827w\" sizes=\"auto, (max-width: 480px) 100vw, 480px\" \/><\/p>\n<p>Nxenesja Emma Brahaj ne nismen e Muzeut &#8220;Getty&#8221; n\u00eb Los Anxheles.<\/p>\n<p>Ka marr\u00eb v\u00ebmendje nga mediet nd\u00ebrkomb\u00ebtare iniciativa m\u00eb e fundit e museut &#8220;Getty&#8221; n\u00eb Los Anxheles, ku stafi ka sfiduar publikun nga sht\u00ebpia t\u00eb imitoj\u00eb me mjete rrethanore veprat e artit. &#8221; Ju sfidojm\u00eb t\u00eb rikrijoni veprat e artit me ndihm\u00ebn e njer\u00ebzve dhe objektet q\u00eb keni n\u00eb sht\u00ebpi. Zgjidheni ju vet\u00eb vepr\u00ebn tuaj t\u00eb preferuar.<\/p>\n<p><img data-recalc-dims=\"1\" loading=\"lazy\" decoding=\"async\" data-attachment-id=\"33083\" data-permalink=\"https:\/\/www.shqiperia.com\/blog\/nxenesja-emma-brahaj-ne-nismen-e-muzeut-getty-ne-los-anxheles\/emma-brahaj-rikrijon-tabllon-permes-fotos-2-2\/\" data-orig-file=\"https:\/\/i0.wp.com\/www.shqiperia.com\/blog\/wp-content\/uploads\/2020\/04\/Emma-Brahaj-rikrijon-tabllon-permes-fotos-2.jpg?fit=859%2C960&amp;ssl=1\" data-orig-size=\"859,960\" data-comments-opened=\"1\" data-image-meta=\"{&quot;aperture&quot;:&quot;0&quot;,&quot;credit&quot;:&quot;&quot;,&quot;camera&quot;:&quot;&quot;,&quot;caption&quot;:&quot;&quot;,&quot;created_timestamp&quot;:&quot;0&quot;,&quot;copyright&quot;:&quot;&quot;,&quot;focal_length&quot;:&quot;0&quot;,&quot;iso&quot;:&quot;0&quot;,&quot;shutter_speed&quot;:&quot;0&quot;,&quot;title&quot;:&quot;&quot;,&quot;orientation&quot;:&quot;0&quot;}\" data-image-title=\"Emma Brahaj rikrijon tabllon permes fotos (2)\" data-image-description=\"\" data-image-caption=\"\" data-medium-file=\"https:\/\/i0.wp.com\/www.shqiperia.com\/blog\/wp-content\/uploads\/2020\/04\/Emma-Brahaj-rikrijon-tabllon-permes-fotos-2.jpg?fit=268%2C300&amp;ssl=1\" data-large-file=\"https:\/\/i0.wp.com\/www.shqiperia.com\/blog\/wp-content\/uploads\/2020\/04\/Emma-Brahaj-rikrijon-tabllon-permes-fotos-2.jpg?fit=859%2C960&amp;ssl=1\" class=\"alignnone  wp-image-33083\" alt=\"\" src=\"https:\/\/i0.wp.com\/www.shqiperia.com\/blog\/wp-content\/uploads\/2020\/04\/Emma-Brahaj-rikrijon-tabllon-permes-fotos-2.jpg?resize=505%2C565&#038;ssl=1\" width=\"505\" height=\"565\" srcset=\"https:\/\/i0.wp.com\/www.shqiperia.com\/blog\/wp-content\/uploads\/2020\/04\/Emma-Brahaj-rikrijon-tabllon-permes-fotos-2.jpg?resize=268%2C300&amp;ssl=1 268w, https:\/\/i0.wp.com\/www.shqiperia.com\/blog\/wp-content\/uploads\/2020\/04\/Emma-Brahaj-rikrijon-tabllon-permes-fotos-2.jpg?resize=768%2C858&amp;ssl=1 768w, https:\/\/i0.wp.com\/www.shqiperia.com\/blog\/wp-content\/uploads\/2020\/04\/Emma-Brahaj-rikrijon-tabllon-permes-fotos-2.jpg?resize=450%2C503&amp;ssl=1 450w, https:\/\/i0.wp.com\/www.shqiperia.com\/blog\/wp-content\/uploads\/2020\/04\/Emma-Brahaj-rikrijon-tabllon-permes-fotos-2.jpg?resize=600%2C671&amp;ssl=1 600w, https:\/\/i0.wp.com\/www.shqiperia.com\/blog\/wp-content\/uploads\/2020\/04\/Emma-Brahaj-rikrijon-tabllon-permes-fotos-2.jpg?resize=400%2C447&amp;ssl=1 400w, https:\/\/i0.wp.com\/www.shqiperia.com\/blog\/wp-content\/uploads\/2020\/04\/Emma-Brahaj-rikrijon-tabllon-permes-fotos-2.jpg?w=859&amp;ssl=1 859w\" sizes=\"auto, (max-width: 505px) 100vw, 505px\" \/><\/p>\n<p>Ne pergjigje te kesaj inisiative pasi institucionet muzeale kane mbyllur dyert, nxenesja e klases se katert Emma Brahaj zgjodhii te rikrijoje mjedisin imitues te piktures se Klaude Josef Bail (Claude Joseph Bail) duke pershtatur veshjen dhe duke pozuar para objektivit.<\/p>\n","protected":false},"excerpt":{"rendered":"<p>Nxenesja Emma Brahaj ne nismen e Muzeut &#8220;Getty&#8221; n\u00eb Los Anxheles. Ka marr\u00eb v\u00ebmendje nga mediet nd\u00ebrkomb\u00ebtare iniciativa m\u00eb e fundit e museut &#8220;Getty&#8221; n\u00eb Los Anxheles, ku stafi ka sfiduar publikun nga sht\u00ebpia t\u00eb imitoj\u00eb me mjete rrethanore veprat e artit. &#8221; Ju sfidojm\u00eb t\u00eb rikrijoni veprat e artit me ndihm\u00ebn e njer\u00ebzve dhe [&hellip;]<\/p>\n","protected":false},"author":9,"featured_media":33081,"comment_status":"open","ping_status":"open","sticky":false,"template":"","format":"standard","meta":{"jetpack_post_was_ever_published":false,"_jetpack_newsletter_access":"","_jetpack_dont_email_post_to_subs":false,"_jetpack_newsletter_tier_id":0,"_jetpack_memberships_contains_paywalled_content":false,"_jetpack_memberships_contains_paid_content":false,"footnotes":"","jetpack_publicize_message":"","jetpack_publicize_feature_enabled":true,"jetpack_social_post_already_shared":true,"jetpack_social_options":{"image_generator_settings":{"template":"highway","default_image_id":0,"font":"","enabled":false},"version":2}},"categories":[87,10,35],"tags":[],"class_list":["post-33080","post","type-post","status-publish","format-standard","has-post-thumbnail","hentry","category-arte","category-kultura","category-shoqerore"],"jetpack_publicize_connections":[],"jetpack_featured_media_url":"https:\/\/i0.wp.com\/www.shqiperia.com\/blog\/wp-content\/uploads\/2020\/04\/Emma-Brahaj-rikrijon-tabllon-permes-fotos.jpg?fit=859%2C386&ssl=1","jetpack_sharing_enabled":true,"jetpack_shortlink":"https:\/\/wp.me\/p5Z6wp-8By","jetpack-related-posts":[{"id":33151,"url":"https:\/\/www.shqiperia.com\/blog\/publiku-ne-karantine-imiton-veprat-e-artit-nisma-e-muzeut-getty\/","url_meta":{"origin":33080,"position":0},"title":"Publiku n\u00eb karantin\u00eb imiton veprat e artit, nisma e Muzeut &#8216;Getty&#8217;","author":"Kurt Farka","date":"April 7, 2020","format":false,"excerpt":"Publiku n\u00eb karantin\u00eb imiton veprat e artit, nisma e Muzeut 'Getty' Muzeu \"Getty\" n\u00eb Los Anxhelos sfidon publikun nga sht\u00ebpia t\u00eb imitoj\u00eb me mjete rrethanore veprat e artit. Nd\u00ebrsa institucionet e kultur\u00ebs n\u00eb vendet e prekura me virusin korona kan\u00eb ky\u00e7ur dyert, drejtuesit e tyre po mendojn\u00eb p\u00ebr metoda alternative\u2026","rel":"","context":"In &quot;Arte&quot;","block_context":{"text":"Arte","link":"https:\/\/www.shqiperia.com\/blog\/category\/arte\/"},"img":{"alt_text":"","src":"https:\/\/i0.wp.com\/www.shqiperia.com\/blog\/wp-content\/uploads\/2020\/04\/1586003493_onl.jpg?fit=780%2C440&ssl=1&resize=350%2C200","width":350,"height":200,"srcset":"https:\/\/i0.wp.com\/www.shqiperia.com\/blog\/wp-content\/uploads\/2020\/04\/1586003493_onl.jpg?fit=780%2C440&ssl=1&resize=350%2C200 1x, https:\/\/i0.wp.com\/www.shqiperia.com\/blog\/wp-content\/uploads\/2020\/04\/1586003493_onl.jpg?fit=780%2C440&ssl=1&resize=525%2C300 1.5x, https:\/\/i0.wp.com\/www.shqiperia.com\/blog\/wp-content\/uploads\/2020\/04\/1586003493_onl.jpg?fit=780%2C440&ssl=1&resize=700%2C400 2x"},"classes":[]},{"id":18630,"url":"https:\/\/www.shqiperia.com\/blog\/ekspozita-e-rralle-e-ermal-seles-me-instrumentet-muzikore\/","url_meta":{"origin":33080,"position":1},"title":"Ekspozita e rrall\u00eb e Ermal Sel\u00ebs me instrumentet Muzikore.","author":"Kurt Farka","date":"March 22, 2019","format":false,"excerpt":"Ekspozita e rrall\u00eb e Ermal Sel\u00ebs me instrumentet Muzikore. Interesi p\u00ebr lahut\u00ebn. Sela: Lahuta e shqiptar\u00ebve dallon nga e popujve t\u00eb tjer\u00eb nga p\u00ebrmasat, simbolika, figurat mitike dhe gdhendjet e artit arkaik popullor, duke ofruar pamje me interes dhe befasues. Nga: Jaho Brahaj \u201cNj\u00eb ekspozit\u00eb e rrall\u00eb me Instrumente Muzikore\u2026","rel":"","context":"In &quot;Histori&quot;","block_context":{"text":"Histori","link":"https:\/\/www.shqiperia.com\/blog\/category\/histori\/"},"img":{"alt_text":"","src":"https:\/\/i0.wp.com\/www.shqiperia.com\/blog\/wp-content\/uploads\/2019\/03\/5c9230cd60ffbekspozita-1-Copy.jpg?fit=482%2C287&ssl=1&resize=350%2C200","width":350,"height":200},"classes":[]},{"id":40330,"url":"https:\/\/www.shqiperia.com\/blog\/jaho-brahaj-muzeu-historik-kombetar-nuk-ka-kushte-si-institucionet-ne-ballkan-e-europe-pa-vemendje-nga-ministria-e-kultures\/","url_meta":{"origin":33080,"position":2},"title":"Jaho Brahaj: &#8211; Muzeu Historik Komb\u00ebtar nuk ka kushte si institucionet n\u00eb Ballkan e Europ\u00eb, pa v\u00ebmendje nga Ministria e Kultur\u00ebs","author":"Kurt Farka","date":"October 31, 2020","format":false,"excerpt":"Jaho Brahaj: - Muzeu Historik Komb\u00ebtar nuk ka kushte si institucionet n\u00eb Ballkan e Europ\u00eb, pa v\u00ebmendje nga Ministria e Kultur\u00ebs. 30 Tetor 2020. Ne pervjetorin e perurimit te Muzeut Historik Kombetar. Nga: Julia Vrapi Nga Muzeu Historik Komb\u00ebtar u p\u00ebrurua n\u00eb Tiran\u00eb m\u00eb 28 tetor 1981 dhe \u00ebsht\u00eb institucioni\u2026","rel":"","context":"In &quot;Blogu i Udh\u00ebtarit&quot;","block_context":{"text":"Blogu i Udh\u00ebtarit","link":"https:\/\/www.shqiperia.com\/blog\/category\/blogu-i-udhetarit\/"},"img":{"alt_text":"","src":"https:\/\/i0.wp.com\/www.shqiperia.com\/blog\/wp-content\/uploads\/2020\/10\/800-0-5f9bb1f6568f8.jpg?fit=800%2C420&ssl=1&resize=350%2C200","width":350,"height":200,"srcset":"https:\/\/i0.wp.com\/www.shqiperia.com\/blog\/wp-content\/uploads\/2020\/10\/800-0-5f9bb1f6568f8.jpg?fit=800%2C420&ssl=1&resize=350%2C200 1x, https:\/\/i0.wp.com\/www.shqiperia.com\/blog\/wp-content\/uploads\/2020\/10\/800-0-5f9bb1f6568f8.jpg?fit=800%2C420&ssl=1&resize=525%2C300 1.5x, https:\/\/i0.wp.com\/www.shqiperia.com\/blog\/wp-content\/uploads\/2020\/10\/800-0-5f9bb1f6568f8.jpg?fit=800%2C420&ssl=1&resize=700%2C400 2x"},"classes":[]},{"id":48160,"url":"https:\/\/www.shqiperia.com\/blog\/muzeu-i-new-yorkut-ia-kthen-nigerise-tri-vepra-te-artit-afrikan\/","url_meta":{"origin":33080,"position":3},"title":"Muzeu i New Yorkut ia kthen Nigeris\u00eb tri vepra t\u00eb artit afrikan","author":"Kurt Farka","date":"June 26, 2021","format":false,"excerpt":"Muzeu i New Yorkut ia kthen Nigeris\u00eb tri vepra t\u00eb artit afrikan \u201cWarrior Chief\u201d (n\u00eb foto) dhe \u201cJunior Court Official\u201d, i ishin dhuruar \u201cMetropolitan Museum of Art\u201d (Met) n\u00eb New York, m\u00eb 1991 Duke pasuar l\u00ebvizjet e fundit t\u00eb muzeve evropian\u00eb p\u00ebr rikthimin e thesareve artistike afrikane n\u00eb Nigeri, \u201cMetropolitan\u2026","rel":"","context":"In &quot;Histori&quot;","block_context":{"text":"Histori","link":"https:\/\/www.shqiperia.com\/blog\/category\/histori\/"},"img":{"alt_text":"","src":"https:\/\/i0.wp.com\/www.shqiperia.com\/blog\/wp-content\/uploads\/2021\/06\/auto_NIgeria1623566025.jpg?fit=900%2C460&ssl=1&resize=350%2C200","width":350,"height":200,"srcset":"https:\/\/i0.wp.com\/www.shqiperia.com\/blog\/wp-content\/uploads\/2021\/06\/auto_NIgeria1623566025.jpg?fit=900%2C460&ssl=1&resize=350%2C200 1x, https:\/\/i0.wp.com\/www.shqiperia.com\/blog\/wp-content\/uploads\/2021\/06\/auto_NIgeria1623566025.jpg?fit=900%2C460&ssl=1&resize=525%2C300 1.5x, https:\/\/i0.wp.com\/www.shqiperia.com\/blog\/wp-content\/uploads\/2021\/06\/auto_NIgeria1623566025.jpg?fit=900%2C460&ssl=1&resize=700%2C400 2x"},"classes":[]},{"id":27543,"url":"https:\/\/www.shqiperia.com\/blog\/jaho-brahaj-muzete-etnografike-si-para-viteve-90-te-pa-kushte-per-objektet\/","url_meta":{"origin":33080,"position":4},"title":"Jaho Brahaj: Muzet\u00eb etnografik\u00eb si para viteve \u201990-t\u00eb, pa kushte p\u00ebr objektet. &#8211;","author":"Kurt Farka","date":"October 31, 2019","format":false,"excerpt":"Jaho Brahaj: Muzet\u00eb etnografik\u00eb si para viteve \u201990-t\u00eb, pa kushte p\u00ebr objektet. - 25\/10\/2019. Gazeta Sot. Muzet\u00eb etnografik\u00eb n\u00eb vend jan\u00eb larg kushteve, q\u00eb k\u00ebrkohet p\u00ebr objektet. P\u00ebr specialist\u00ebt sot muzet\u00eb kan\u00eb jo pak probleme dhe pak \u00ebsht\u00eb b\u00ebr\u00eb nga institucionet n\u00eb vendin ton\u00eb. Sipas tyre, jo vet\u00ebm nga Ministria\u2026","rel":"","context":"In &quot;Blogu i Udh\u00ebtarit&quot;","block_context":{"text":"Blogu i Udh\u00ebtarit","link":"https:\/\/www.shqiperia.com\/blog\/category\/blogu-i-udhetarit\/"},"img":{"alt_text":"","src":"https:\/\/i0.wp.com\/www.shqiperia.com\/blog\/wp-content\/uploads\/2019\/10\/lezh.jpg?fit=742%2C380&ssl=1&resize=350%2C200","width":350,"height":200,"srcset":"https:\/\/i0.wp.com\/www.shqiperia.com\/blog\/wp-content\/uploads\/2019\/10\/lezh.jpg?fit=742%2C380&ssl=1&resize=350%2C200 1x, https:\/\/i0.wp.com\/www.shqiperia.com\/blog\/wp-content\/uploads\/2019\/10\/lezh.jpg?fit=742%2C380&ssl=1&resize=525%2C300 1.5x, https:\/\/i0.wp.com\/www.shqiperia.com\/blog\/wp-content\/uploads\/2019\/10\/lezh.jpg?fit=742%2C380&ssl=1&resize=700%2C400 2x"},"classes":[]},{"id":85134,"url":"https:\/\/www.shqiperia.com\/blog\/dataland-muzeu-i-pare-i-artit-te-inteligjences-artificiale\/","url_meta":{"origin":33080,"position":5},"title":"\u201cDataland\u201d \u2013 muzeu i par\u00eb i artit t\u00eb Inteligjenc\u00ebs Artificiale","author":"Kurt Farka","date":"September 29, 2024","format":false,"excerpt":"29 Shtator 2024 Nj\u00eb artist i shquar ka njoftuar se do t\u00eb hap\u00eb muzeun e par\u00eb n\u00eb bot\u00eb t\u00eb artit t\u00eb Inteligjenc\u00ebs Artificiale n\u00eb Los Anshelos, i cili do t\u00eb nxjerr\u00eb n\u00eb pah \u201cnd\u00ebrlidhjen midis imagjinat\u00ebs njer\u00ebzore dhe potencialit krijues t\u00eb makinave\u201d. Muzeu i artit t\u00eb Inteligjenc\u00ebs Artificiale \u2013 i\u2026","rel":"","context":"In &quot;Blogu i Udh\u00ebtarit&quot;","block_context":{"text":"Blogu i Udh\u00ebtarit","link":"https:\/\/www.shqiperia.com\/blog\/category\/blogu-i-udhetarit\/"},"img":{"alt_text":"","src":"https:\/\/i0.wp.com\/www.shqiperia.com\/blog\/wp-content\/uploads\/2024\/09\/11016324-750x375-1.jpg?fit=750%2C375&ssl=1&resize=350%2C200","width":350,"height":200,"srcset":"https:\/\/i0.wp.com\/www.shqiperia.com\/blog\/wp-content\/uploads\/2024\/09\/11016324-750x375-1.jpg?fit=750%2C375&ssl=1&resize=350%2C200 1x, https:\/\/i0.wp.com\/www.shqiperia.com\/blog\/wp-content\/uploads\/2024\/09\/11016324-750x375-1.jpg?fit=750%2C375&ssl=1&resize=525%2C300 1.5x, https:\/\/i0.wp.com\/www.shqiperia.com\/blog\/wp-content\/uploads\/2024\/09\/11016324-750x375-1.jpg?fit=750%2C375&ssl=1&resize=700%2C400 2x"},"classes":[]}],"_links":{"self":[{"href":"https:\/\/www.shqiperia.com\/blog\/wp-json\/wp\/v2\/posts\/33080","targetHints":{"allow":["GET"]}}],"collection":[{"href":"https:\/\/www.shqiperia.com\/blog\/wp-json\/wp\/v2\/posts"}],"about":[{"href":"https:\/\/www.shqiperia.com\/blog\/wp-json\/wp\/v2\/types\/post"}],"author":[{"embeddable":true,"href":"https:\/\/www.shqiperia.com\/blog\/wp-json\/wp\/v2\/users\/9"}],"replies":[{"embeddable":true,"href":"https:\/\/www.shqiperia.com\/blog\/wp-json\/wp\/v2\/comments?post=33080"}],"version-history":[{"count":1,"href":"https:\/\/www.shqiperia.com\/blog\/wp-json\/wp\/v2\/posts\/33080\/revisions"}],"predecessor-version":[{"id":33084,"href":"https:\/\/www.shqiperia.com\/blog\/wp-json\/wp\/v2\/posts\/33080\/revisions\/33084"}],"wp:featuredmedia":[{"embeddable":true,"href":"https:\/\/www.shqiperia.com\/blog\/wp-json\/wp\/v2\/media\/33081"}],"wp:attachment":[{"href":"https:\/\/www.shqiperia.com\/blog\/wp-json\/wp\/v2\/media?parent=33080"}],"wp:term":[{"taxonomy":"category","embeddable":true,"href":"https:\/\/www.shqiperia.com\/blog\/wp-json\/wp\/v2\/categories?post=33080"},{"taxonomy":"post_tag","embeddable":true,"href":"https:\/\/www.shqiperia.com\/blog\/wp-json\/wp\/v2\/tags?post=33080"}],"curies":[{"name":"wp","href":"https:\/\/api.w.org\/{rel}","templated":true}]}}