{"id":33077,"date":"2020-04-05T09:34:24","date_gmt":"2020-04-05T09:34:24","guid":{"rendered":"https:\/\/www.shqiperia.com\/blog\/?p=33077"},"modified":"2020-04-06T10:57:49","modified_gmt":"2020-04-06T10:57:49","slug":"keto-ekspozime-te-koronavirusit-mund-te-jene-me-te-rrezikshmit","status":"publish","type":"post","link":"https:\/\/www.shqiperia.com\/blog\/keto-ekspozime-te-koronavirusit-mund-te-jene-me-te-rrezikshmit\/","title":{"rendered":"K\u00ebto ekspozime t\u00eb koronavirusit mund t\u00eb jen\u00eb m\u00eb t\u00eb rrezikshmit"},"content":{"rendered":"<h2>Si me \u00e7do helm tjet\u00ebr, viruset zakonisht jan\u00eb m\u00eb vdekjeprur\u00ebs n\u00eb sasi m\u00eb t\u00eb m\u00ebdha.<\/h2>\n<p><em>Nga Joshua D. Rabinowitz dhe Caroline R. Bartman<\/em><br \/>\n<em>Dr. Rabinowitz \u00ebsht\u00eb profesor i kimis\u00eb dhe gjenomik\u00ebs. Dr. Bartman \u00ebsht\u00eb nj\u00eb studiues gjenomik.<\/em><\/p>\n<p>Li Wenliang, mjeku n\u00eb Kin\u00eb q\u00eb ngriti alarmin p\u00ebr koronavirusin e ri, vdiq nga virusi n\u00eb shkurt kur ishte vetem 34 vje\u00e7. Vdekja e tij ishte trondit\u00ebse jo vet\u00ebm p\u00ebr shkak t\u00eb rolit t\u00eb tij n\u00eb publikimin e epidemis\u00eb n\u00eb zhvillim, por edhe &#8211; duke pasur parasysh q\u00eb t\u00eb rinjt\u00eb nuk kan\u00eb nj\u00eb rrezik t\u00eb lart\u00eb p\u00ebr t\u00eb vdekur nga Covid-19 &#8211; p\u00ebr shkak t\u00eb mosh\u00ebs s\u00eb tij.<\/p>\n<blockquote><p><a target=\"_blank\" href=\"http:\/\/open.data.al\/covid-19\/\" rel=\"noopener noreferrer\">Ecurine e COVID-19 ne Shqiperi e gjeni te shfaqur grafikisht tek ky artikull i Open Data Albania<\/a><\/p><\/blockquote>\n<p>A \u00ebsht\u00eb e mundur q\u00eb Dr. Li vdiq sepse si nj\u00eb mjek q\u00eb kaloi shum\u00eb koh\u00eb rreth pacient\u00ebve me s\u00ebmundje t\u00eb r\u00ebnd\u00eb Covid-19, ai ishte i infektuar me nj\u00eb doz\u00eb kaq t\u00eb lart\u00eb? N\u00eb fund t\u00eb fundit, megjith\u00ebse ai ishte nj\u00eb nga pun\u00ebtor\u00ebt e par\u00eb t\u00eb kujdesit sh\u00ebndet\u00ebsor q\u00eb vdiq pasi u ekspozua af\u00ebr dhe shpesh ndaj virusit, ai p\u00ebr fat t\u00eb keq nuk ishte i fundit.<\/p>\n<p>R\u00ebnd\u00ebsia e doz\u00ebs virale \u00ebsht\u00eb duke u anashkaluar n\u00eb diskutimet e koronavirusit. Si me \u00e7do helm tjet\u00ebr, viruset zakonisht jan\u00eb m\u00eb t\u00eb rreziksh\u00ebm n\u00eb sasi m\u00eb t\u00eb m\u00ebdha. Ekspozimet e vogla fillestare kan\u00eb tendenc\u00eb t\u00eb \u00e7ojn\u00eb n\u00eb infeksione t\u00eb buta ose asimptomatike, nd\u00ebrsa doza m\u00eb t\u00eb m\u00ebdha mund t\u00eb jen\u00eb vdekjeprur\u00ebse.<\/p>\n<p>Nga nj\u00eb k\u00ebndv\u00ebshtrim politik, duhet t\u00eb kemi parasysh q\u00eb jo t\u00eb gjitha ekspozimet ndaj koronavirusit mund t\u00eb jen\u00eb t\u00eb nj\u00ebjta. Hyrja n\u00eb nj\u00eb nd\u00ebrtes\u00eb zyre q\u00eb dikur kishte dik\u00eb me koronavirus n\u00eb t\u00eb nuk \u00ebsht\u00eb aq e rrezikshme sa t\u00eb ulesh pran\u00eb atij personi t\u00eb infektuar p\u00ebr nj\u00eb udh\u00ebtim treni dy or\u00eb.<\/p>\n<p>Kjo mund t\u00eb duket e qart\u00eb, por shum\u00eb njer\u00ebz nuk po e b\u00ebjn\u00eb k\u00ebt\u00eb dallim. Ne duhet t\u00eb p\u00ebrq\u00ebndrohemi m\u00eb shum\u00eb n\u00eb parandalimin e infeksionit me doz\u00eb t\u00eb lart\u00eb.<\/p>\n<p>T\u00eb dyja sasit\u00eb e vogla dhe t\u00eb m\u00ebdha t\u00eb virusit mund t\u00eb p\u00ebrs\u00ebriten brenda qelizave tona dhe t\u00eb shkaktojn\u00eb s\u00ebmundje t\u00eb r\u00ebnd\u00eb tek individ\u00ebt n\u00eb nevoj\u00eb, si\u00e7 \u00ebsht\u00eb imunokompromisi. N\u00eb njer\u00ebzit e sh\u00ebndetsh\u00ebm, sidoqoft\u00eb, sistemet imune reagojn\u00eb sa m\u00eb shpejt q\u00eb ata ndiejn\u00eb nj\u00eb virus q\u00eb rritet brenda. Rim\u00ebk\u00ebmbja varet nga cila fiton gar\u00ebn: p\u00ebrhapja virale ose aktivizimi imun.<\/p>\n<p>Ekspert\u00ebt e virusit e din\u00eb q\u00eb doza virale ndikon n\u00eb ashp\u00ebrsin\u00eb e s\u00ebmundjes. N\u00eb laborator, minjt\u00eb q\u00eb marrin nj\u00eb doz\u00eb t\u00eb ul\u00ebt t\u00eb virusit pastrojn\u00eb at\u00eb dhe sh\u00ebrohen, nd\u00ebrsa i nj\u00ebjti virus n\u00eb nj\u00eb doz\u00eb m\u00eb t\u00eb lart\u00eb i vret ata. Ndjeshm\u00ebria n\u00eb doz\u00eb \u00ebsht\u00eb v\u00ebrejtur p\u00ebr \u00e7do infeksion t\u00eb zakonsh\u00ebm akut viral q\u00eb \u00ebsht\u00eb studiuar n\u00eb kafsh\u00ebt laboratorike, p\u00ebrfshir\u00eb koronaviruset.<\/p>\n<p>Njer\u00ebzit gjithashtu shfaqin ndjeshm\u00ebri ndaj doz\u00ebs virale. Vullnetar\u00ebt e kan\u00eb lejuar veten t\u00eb ekspozohen ndaj dozave t\u00eb ul\u00ebta ose t\u00eb larta t\u00eb viruseve relativisht beninje q\u00eb shkaktojn\u00eb ftohje ose diarre. Ata q\u00eb marrin doza t\u00eb ul\u00ebta kan\u00eb zhvilluar rrall\u00eb shenja t\u00eb dukshme t\u00eb infeksionit, nd\u00ebrsa doza t\u00eb larta zakonisht kan\u00eb \u00e7uar n\u00eb infeksione dhe simptoma m\u00eb t\u00eb r\u00ebnda.<\/p>\n<p>Do t\u00eb ishte joetike t\u00eb manipuloni n\u00eb m\u00ebnyr\u00eb eksperimentale doz\u00ebn virale tek njer\u00ebzit p\u00ebr nj\u00eb patogjen aq serioz sa koronavirusi, por ka prova q\u00eb doza gjithashtu ka r\u00ebnd\u00ebsi p\u00ebr koronavirusin njer\u00ebzor. Gjat\u00eb shp\u00ebrthimit t\u00eb koronavirusit SARS n\u00eb 2003 n\u00eb Hong Kong, p\u00ebr shembull, nj\u00eb pacient infektoi shum\u00eb t\u00eb tjer\u00eb q\u00eb jetonin n\u00eb t\u00eb nj\u00ebjtin kompleks t\u00eb nd\u00ebrtesave t\u00eb apartamenteve, duke rezultuar n\u00eb 19 t\u00eb vdekur. P\u00ebrhapja e infeksionit mendohet t\u00eb jet\u00eb shkaktuar nga grimca virale t\u00eb ajrit q\u00eb u hodh\u00ebn n\u00eb er\u00eb n\u00eb t\u00eb gjith\u00eb kompleksin nga nj\u00ebsia e apartamentit fillestar t\u00eb pacientit. Si rezultat i nj\u00eb ekspozimi m\u00eb t\u00eb madh viral, fqinj\u00ebt q\u00eb jetonin n\u00eb t\u00eb nj\u00ebjt\u00ebn nd\u00ebrtes\u00eb jo vet\u00ebm q\u00eb ishin m\u00eb shpesh t\u00eb infektuar, por edhe m\u00eb shum\u00eb t\u00eb ngjar\u00eb t\u00eb vdisnin. N\u00eb t\u00eb kund\u00ebrt, fqinj\u00ebt m\u00eb t\u00eb larg\u00ebt, edhe kur u infektuan, p\u00ebsuan m\u00eb pak.<\/p>\n<p>Infeksionet me doz\u00eb t\u00eb ul\u00ebt madje mund t\u00eb krijojn\u00eb imunitet, duke mbrojtur kund\u00ebr ekspozimit me doza t\u00eb larta n\u00eb t\u00eb ardhmen. Para shpikjes s\u00eb vaksinave, mjek\u00ebt shpesh infektojn\u00eb individ\u00eb t\u00eb sh\u00ebndetsh\u00ebm me q\u00ebllim t\u00eb l\u00ebngjeve nga pustulat e dhenve. Infeksionet q\u00eb rezultuan me doz\u00eb t\u00eb ul\u00ebt ishin t\u00eb pak\u00ebndshme, por p\u00ebrgjith\u00ebsisht t\u00eb mbijetueshme, dhe ata parandaluan incidente m\u00eb t\u00eb k\u00ebqija t\u00eb s\u00ebmundjes, kur ata individ\u00eb u ekspozuan m\u00eb von\u00eb t\u00eb m\u00ebl\u00e7is\u00eb n\u00eb sasi t\u00eb pakontrolluara.<\/p>\n<p>P\u00ebrkund\u00ebr provave p\u00ebr r\u00ebnd\u00ebsin\u00eb e doz\u00ebs virale, shum\u00eb prej modeleve epidemiologjike q\u00eb p\u00ebrdoren p\u00ebr t\u00eb informuar politik\u00ebn gjat\u00eb k\u00ebsaj pandemie e injorojn\u00eb at\u00eb. Ky \u00ebsht\u00eb nj\u00eb gabim.<\/p>\n<p>Njer\u00ebzit duhet t\u00eb b\u00ebjn\u00eb kujdes t\u00eb ve\u00e7ant\u00eb ndaj ekspozimeve me doz\u00eb t\u00eb lart\u00eb, t\u00eb cilat ka shum\u00eb t\u00eb ngjar\u00eb t\u00eb ndodhin n\u00eb nd\u00ebrveprime t\u00eb af\u00ebrta me personin &#8211; t\u00eb tilla si takime kafeje, bare t\u00eb mbushura me njer\u00ebz dhe koh\u00eb t\u00eb qet\u00eb n\u00eb nj\u00eb dhom\u00eb me gjyshen &#8211; dhe nga prekja e fytyrave tona pasi t\u00eb marrin sasi t\u00eb konsiderueshme t\u00eb virus n\u00eb duart tona. Nd\u00ebrveprimet brenda personave jan\u00eb m\u00eb t\u00eb rrezikshme n\u00eb hap\u00ebsira t\u00eb mbyllura dhe n\u00eb distanca t\u00eb shkurtra, me doz\u00eb q\u00eb p\u00ebrshkall\u00ebzohet me koh\u00ebn e ekspozimit. P\u00ebr nd\u00ebrveprime kalimtare q\u00eb shkelin rregullin e mbajtjes s\u00eb gjasht\u00eb k\u00ebmb\u00ebve midis jush dhe t\u00eb tjer\u00ebve, t\u00eb tilla si pagesa e nj\u00eb ark\u00ebtari n\u00eb dyqan ushqimore, mbajini ato shkurtimisht &#8211; synoni p\u00ebr &#8220;brenda gjasht\u00eb k\u00ebmb\u00eb, vet\u00ebm gjasht\u00eb sekonda&#8221;.<\/p>\n<p>P\u00ebr shkak t\u00eb doz\u00ebs, personeli mjek\u00ebsor p\u00ebrballet me nj\u00eb rrezik ekstrem, pasi ata merren me pacient\u00ebt m\u00eb t\u00eb s\u00ebmur\u00eb me ngarkes\u00eb m\u00eb t\u00eb lart\u00eb virale. Ne duhet t\u00eb kemi p\u00ebrpar\u00ebsi p\u00ebr pajisjet e tyre mbrojt\u00ebse.<\/p>\n<p>P\u00ebr t\u00eb gjith\u00eb t\u00eb tjer\u00ebt, r\u00ebnd\u00ebsia e distancimit shoq\u00ebror, maskimit dhe higjen\u00ebs s\u00eb mir\u00eb \u00ebsht\u00eb vet\u00ebm m\u00eb e madhe, pasi k\u00ebto praktika jo vet\u00ebm q\u00eb zvog\u00eblojn\u00eb p\u00ebrhapjen infektive, por gjithashtu kan\u00eb tendenc\u00eb t\u00eb ulin doz\u00ebn dhe k\u00ebshtu vdekshm\u00ebrin\u00eb e infeksioneve q\u00eb ndodhin. Nd\u00ebrsa parandalimi i p\u00ebrhapjes virale \u00ebsht\u00eb nj\u00eb e mir\u00eb shoq\u00ebrore, shmangia e infeksioneve me doz\u00eb t\u00eb lart\u00eb \u00ebsht\u00eb nj\u00eb imperativ personal, madje edhe p\u00ebr t\u00eb rinjt\u00eb e sh\u00ebndetsh\u00ebm.<\/p>\n<p>N\u00eb t\u00eb nj\u00ebjt\u00ebn koh\u00eb, duhet t\u00eb shmangim nj\u00eb mbivendosje paniku ndaj ekspozimeve me doz\u00eb t\u00eb ul\u00ebt. Paketimi i veshjeve dhe ushqimeve q\u00eb i jan\u00eb ekspozuar dikujt me virus duket se paraqesin nj\u00eb rrezik t\u00eb ul\u00ebt. Njer\u00ebzit e sh\u00ebndetsh\u00ebm q\u00eb jan\u00eb s\u00eb bashku n\u00eb dyqanet ushqimore ose n\u00eb vendin e pun\u00ebs p\u00ebsojn\u00eb nj\u00eb rrezik t\u00eb toleruesh\u00ebm &#8211; p\u00ebr aq koh\u00eb sa marrin masa paraprake si veshja e maska \u200b\u200bkirurgjikale dhe ndarja e tyre jasht\u00eb.<\/p>\n<p>Nj\u00eb bllokim i plot\u00eb i shoq\u00ebris\u00eb \u00ebsht\u00eb m\u00ebnyra m\u00eb efektive p\u00ebr t\u00eb ndaluar p\u00ebrhapjen e virusit, por \u00ebsht\u00eb e kushtueshme si nga pik\u00ebpamja ekonomike ashtu edhe psikologjike. Kur shoq\u00ebria p\u00ebrfundimisht rihap, masat p\u00ebr zvog\u00eblimin e rrezikut, si mbajtja e hap\u00ebsir\u00ebs personale dhe praktikimi i larjes s\u00eb duhur, do t\u00eb jen\u00eb thelb\u00ebsore p\u00ebr zvog\u00eblimin e infeksioneve me doz\u00eb t\u00eb lart\u00eb. Vendet me rrezik t\u00eb lart\u00eb p\u00ebr ekspozimin me doz\u00eb t\u00eb lart\u00eb, si stadiumet dhe vendet e kongresit, duhet t\u00eb mbeten t\u00eb mbyllura. Sh\u00ebrbime t\u00eb rrezikshme por thelb\u00ebsore si transporti publik duhet t\u00eb lejohen t\u00eb veprojn\u00eb &#8211; por njer\u00ebzit duhet t\u00eb ndjekin masat e siguris\u00eb si\u00e7 jan\u00eb veshja me maska, mbajtja e hap\u00ebsir\u00ebs fizike dhe kurr\u00eb mos l\u00ebvizja me ethe.<\/p>\n<p>Tani \u00ebsht\u00eb koha p\u00ebr t\u00eb q\u00ebndruar n\u00eb sht\u00ebpi. Por shpresojm\u00eb se kjo koh\u00eb do t\u00eb jet\u00eb e shkurt\u00ebr. Kur t\u00eb fillojm\u00eb t\u00eb largohemi p\u00ebrs\u00ebri nga sht\u00ebpit\u00eb tona, le ta b\u00ebjm\u00eb me men\u00e7uri, n\u00eb drit\u00ebn e r\u00ebnd\u00ebsis\u00eb s\u00eb doz\u00ebs virale.<\/p>\n","protected":false},"excerpt":{"rendered":"<p>Si me \u00e7do helm tjet\u00ebr, viruset zakonisht jan\u00eb m\u00eb vdekjeprur\u00ebs n\u00eb sasi m\u00eb t\u00eb m\u00ebdha. Nga Joshua D. Rabinowitz dhe Caroline R. Bartman Dr. Rabinowitz \u00ebsht\u00eb profesor i kimis\u00eb dhe gjenomik\u00ebs. Dr. Bartman \u00ebsht\u00eb nj\u00eb studiues gjenomik. Li Wenliang, mjeku n\u00eb Kin\u00eb q\u00eb ngriti alarmin p\u00ebr koronavirusin e ri, vdiq nga virusi n\u00eb shkurt kur [&hellip;]<\/p>\n","protected":false},"author":1,"featured_media":33078,"comment_status":"open","ping_status":"open","sticky":false,"template":"","format":"standard","meta":{"jetpack_post_was_ever_published":false,"_jetpack_newsletter_access":"","_jetpack_dont_email_post_to_subs":false,"_jetpack_newsletter_tier_id":0,"_jetpack_memberships_contains_paywalled_content":false,"_jetpack_memberships_contains_paid_content":false,"footnotes":"","jetpack_publicize_message":"","jetpack_publicize_feature_enabled":true,"jetpack_social_post_already_shared":true,"jetpack_social_options":{"image_generator_settings":{"template":"highway","default_image_id":0,"font":"","enabled":false},"version":2}},"categories":[1,35],"tags":[113,114],"class_list":["post-33077","post","type-post","status-publish","format-standard","has-post-thumbnail","hentry","category-njoftime-shtypi","category-shoqerore","tag-coronavirus","tag-covid-10"],"jetpack_publicize_connections":[],"jetpack_featured_media_url":"https:\/\/i0.wp.com\/www.shqiperia.com\/blog\/wp-content\/uploads\/2020\/04\/800px-COVID-19_Coronavirus_Girl_in_mask.jpg?fit=800%2C533&ssl=1","jetpack_sharing_enabled":true,"jetpack_shortlink":"https:\/\/wp.me\/p5Z6wp-8Bv","jetpack-related-posts":[{"id":16806,"url":"https:\/\/www.shqiperia.com\/blog\/zbulohet-misteri-i-vdekjes-se-aleksandrit-te-madh\/","url_meta":{"origin":33077,"position":0},"title":"Zbulohet misteri i vdekjes s\u00eb Aleksandrit t\u00eb Madh. &#8211;","author":"Kurt Farka","date":"January 31, 2019","format":false,"excerpt":"Misteri vdekjes s\u00eb Aleksandrit t\u00eb Maqedonis\u00eb q\u00eb ka hutuar historian\u00ebt, mund t\u00eb jete zgjidhur p\u00ebrfundimisht. Gazeta Ekspres. Teorit\u00eb e m\u00ebparshme kan\u00eb p\u00ebrfunduar se ai vdiq nga infeksioni, alkooli apo vrasja. Megjithat\u00eb, nj\u00eb studim i ri arriti n\u00eb p\u00ebrfundimin se ai u prek nga \u00e7rregullimi neurologjik Guillain-Barr\u00e9 Syndrome (GBS), i cili\u2026","rel":"","context":"In &quot;Blogu i Udh\u00ebtarit&quot;","block_context":{"text":"Blogu i Udh\u00ebtarit","link":"https:\/\/www.shqiperia.com\/blog\/category\/blogu-i-udhetarit\/"},"img":{"alt_text":"","src":"https:\/\/i0.wp.com\/www.shqiperia.com\/blog\/wp-content\/uploads\/2019\/01\/images-8.jpg?resize=350%2C200","width":350,"height":200,"srcset":"https:\/\/i0.wp.com\/www.shqiperia.com\/blog\/wp-content\/uploads\/2019\/01\/images-8.jpg?resize=350%2C200 1x, https:\/\/i0.wp.com\/www.shqiperia.com\/blog\/wp-content\/uploads\/2019\/01\/images-8.jpg?resize=525%2C300 1.5x"},"classes":[]},{"id":76900,"url":"https:\/\/www.shqiperia.com\/blog\/30-figurat-me-te-rendesishme-te-historise\/","url_meta":{"origin":33077,"position":1},"title":"30 figurat m\u00eb t\u00eb r\u00ebnd\u00ebsishme t\u00eb historis\u00eb","author":"Kurt Farka","date":"January 1, 2024","format":false,"excerpt":"1 Janar 2024 Lista nuk sillet rreth njer\u00ebzve t\u00eb famsh\u00ebm p\u00ebr etik\u00ebn e tyre, por m\u00eb tep\u00ebr rreth pasojave q\u00eb kan\u00eb shkaktuar idet\u00eb ose veprimet e tyre Fal\u00eb mendimit, krijimeve apo ideve t\u00eb tyre, njer\u00ebzimi q\u00eb njohim sot \u00ebsht\u00eb, n\u00eb nj\u00eb mas\u00eb t\u00eb madhe, rezultat i kontributeve t\u00eb k\u00ebtyre personazheve\u2026","rel":"","context":"In &quot;Histori&quot;","block_context":{"text":"Histori","link":"https:\/\/www.shqiperia.com\/blog\/category\/histori\/"},"img":{"alt_text":"","src":"https:\/\/i0.wp.com\/www.shqiperia.com\/blog\/wp-content\/uploads\/2024\/01\/640-0-1695979356xhistoriaaaaa-427.jpg?fit=640%2C390&ssl=1&resize=350%2C200","width":350,"height":200,"srcset":"https:\/\/i0.wp.com\/www.shqiperia.com\/blog\/wp-content\/uploads\/2024\/01\/640-0-1695979356xhistoriaaaaa-427.jpg?fit=640%2C390&ssl=1&resize=350%2C200 1x, https:\/\/i0.wp.com\/www.shqiperia.com\/blog\/wp-content\/uploads\/2024\/01\/640-0-1695979356xhistoriaaaaa-427.jpg?fit=640%2C390&ssl=1&resize=525%2C300 1.5x"},"classes":[]},{"id":63203,"url":"https:\/\/www.shqiperia.com\/blog\/rishfaqet-serish-virusi-vdekjeprures-konfirmohet-vdekja-e-pare\/","url_meta":{"origin":33077,"position":2},"title":"Rishfaqet s\u00ebrish virusi vdekjeprur\u00ebs, konfirmohet vdekja e par\u00eb","author":"Kurt Farka","date":"October 12, 2022","format":false,"excerpt":"12 Tetor 2022 Ai ishte viktima e 19-t\u00eb nga shp\u00ebrthimi aktual i virusit vdekjeprur\u00ebs, por i pari q\u00eb vdiq n\u00eb Kampla. Ka pasur 54 raste t\u00eb konfirmuara n\u00eb Ugand\u00eb, por asnj\u00eb tjet\u00ebr nuk \u00ebsht\u00eb regjistruar n\u00eb qytet. Nj\u00ebzet persona jan\u00eb sh\u00ebruar duke p\u00ebrfshir\u00eb pes\u00eb mjek\u00eb nga spitali i par\u00eb ku\u2026","rel":"","context":"In &quot;Blogu i Udh\u00ebtarit&quot;","block_context":{"text":"Blogu i Udh\u00ebtarit","link":"https:\/\/www.shqiperia.com\/blog\/category\/blogu-i-udhetarit\/"},"img":{"alt_text":"","src":"https:\/\/i0.wp.com\/www.shqiperia.com\/blog\/wp-content\/uploads\/2022\/10\/800-0-634677796ba11.jpg?fit=800%2C423&ssl=1&resize=350%2C200","width":350,"height":200,"srcset":"https:\/\/i0.wp.com\/www.shqiperia.com\/blog\/wp-content\/uploads\/2022\/10\/800-0-634677796ba11.jpg?fit=800%2C423&ssl=1&resize=350%2C200 1x, https:\/\/i0.wp.com\/www.shqiperia.com\/blog\/wp-content\/uploads\/2022\/10\/800-0-634677796ba11.jpg?fit=800%2C423&ssl=1&resize=525%2C300 1.5x, https:\/\/i0.wp.com\/www.shqiperia.com\/blog\/wp-content\/uploads\/2022\/10\/800-0-634677796ba11.jpg?fit=800%2C423&ssl=1&resize=700%2C400 2x"},"classes":[]},{"id":24841,"url":"https:\/\/www.shqiperia.com\/blog\/paris-qellohet-per-vdekje-nje-kamarier-per-sherbim-te-ngadalte\/","url_meta":{"origin":33077,"position":3},"title":"Paris, q\u00ebllohet p\u00ebr vdekje nje kamarier p\u00ebr sh\u00ebrbim t\u00eb ngadalt\u00eb","author":"shqiperia","date":"August 18, 2019","format":false,"excerpt":"Ndodh dhe k\u00ebshtu. Megjithese opinioni vendas eshte ne shok pas historise se nje pronari nga Borshi qe dhunon dhe kercenon me jete disa turiste, nje tjeter histori qe ka si subjekt dike qe nuk eshte i rregullt menderisht dhe sherbimin e nje restoranti. Nj\u00eb kamerier af\u00ebr Parisit \u00ebsht\u00eb q\u00eblluar p\u00ebr\u2026","rel":"","context":"In &quot;Blogu i Udh\u00ebtarit&quot;","block_context":{"text":"Blogu i Udh\u00ebtarit","link":"https:\/\/www.shqiperia.com\/blog\/category\/blogu-i-udhetarit\/"},"img":{"alt_text":"","src":"https:\/\/i0.wp.com\/www.shqiperia.com\/blog\/wp-content\/uploads\/2019\/08\/paris_kamarieri_vritet_per_nje_sandwitch.jpg?fit=660%2C371&ssl=1&resize=350%2C200","width":350,"height":200,"srcset":"https:\/\/i0.wp.com\/www.shqiperia.com\/blog\/wp-content\/uploads\/2019\/08\/paris_kamarieri_vritet_per_nje_sandwitch.jpg?fit=660%2C371&ssl=1&resize=350%2C200 1x, https:\/\/i0.wp.com\/www.shqiperia.com\/blog\/wp-content\/uploads\/2019\/08\/paris_kamarieri_vritet_per_nje_sandwitch.jpg?fit=660%2C371&ssl=1&resize=525%2C300 1.5x"},"classes":[]},{"id":54125,"url":"https:\/\/www.shqiperia.com\/blog\/vizatimi-u-ble-30-dollare-por-ja-vlera-reale-saj-shifra-marramendese\/","url_meta":{"origin":33077,"position":4},"title":"Vizatimi u ble 30 dollar\u00eb, por ja vlera reale saj, shifra marramend\u00ebse","author":"Kurt Farka","date":"February 17, 2022","format":false,"excerpt":"Vizatimi u ble 30 dollar\u00eb, por ja vlera reale saj, shifra marramend\u00ebse SHKURT 2022 Nj\u00eb vizatim i shekullit t\u00eb 16-t\u00eb nga nj\u00eb nga figurat kryesore t\u00eb Rilindjes Gjermane \u00ebsht\u00eb vler\u00ebsuar mbi 10 milion\u00eb dollar\u00eb pasi u ble fillimisht n\u00eb nj\u00eb shitje n\u00eb nj\u00eb magazin\u00eb mallrash p\u00ebr vet\u00ebm 30 dollar\u00eb n\u00eb\u2026","rel":"","context":"In &quot;Arte&quot;","block_context":{"text":"Arte","link":"https:\/\/www.shqiperia.com\/blog\/category\/arte\/"},"img":{"alt_text":"","src":"https:\/\/i0.wp.com\/www.shqiperia.com\/blog\/wp-content\/uploads\/2022\/02\/Vizatimi-u-ble-30-dollare-por-ja-vlera-reale-saj-shifra-marramendese.jpg?fit=640%2C360&ssl=1&resize=350%2C200","width":350,"height":200,"srcset":"https:\/\/i0.wp.com\/www.shqiperia.com\/blog\/wp-content\/uploads\/2022\/02\/Vizatimi-u-ble-30-dollare-por-ja-vlera-reale-saj-shifra-marramendese.jpg?fit=640%2C360&ssl=1&resize=350%2C200 1x, https:\/\/i0.wp.com\/www.shqiperia.com\/blog\/wp-content\/uploads\/2022\/02\/Vizatimi-u-ble-30-dollare-por-ja-vlera-reale-saj-shifra-marramendese.jpg?fit=640%2C360&ssl=1&resize=525%2C300 1.5x"},"classes":[]},{"id":48259,"url":"https:\/\/www.shqiperia.com\/blog\/vdiq-5-mije-vjet-me-pare-shkencetaret-zbulojne-pacientin-zero-te-murtajes\/","url_meta":{"origin":33077,"position":5},"title":"Vdiq 5 mij\u00eb vjet m\u00eb par\u00eb, shkenc\u00ebtar\u00ebt zbulojn\u00eb \u201cpacientin zero\u201d t\u00eb murtaj\u00ebs","author":"Kurt Farka","date":"June 29, 2021","format":false,"excerpt":"Vdiq 5 mij\u00eb vjet m\u00eb par\u00eb, shkenc\u00ebtar\u00ebt zbulojn\u00eb \u201cpacientin zero\u201d t\u00eb murtaj\u00ebs 29 QERSHOR 2021 Shkenc\u00ebtar\u00ebt kan\u00eb identifikuar nj\u00eb pretendent t\u00eb ri, t\u00eb cilin e kan\u00eb quajtur \u201cpacientin zero\u201d t\u00eb murtaj\u00ebs q\u00eb shkaktoi \u201cVdekjen e Zez\u00eb\u201d. Nj\u00eb njeri q\u00eb vdiq m\u00eb shum\u00eb se 5,000 vjet m\u00eb par\u00eb n\u00eb Letoni ishte\u2026","rel":"","context":"In &quot;Histori&quot;","block_context":{"text":"Histori","link":"https:\/\/www.shqiperia.com\/blog\/category\/histori\/"},"img":{"alt_text":"","src":"https:\/\/i0.wp.com\/www.shqiperia.com\/blog\/wp-content\/uploads\/2021\/06\/800-0-60db7be71828e.jpg?fit=800%2C433&ssl=1&resize=350%2C200","width":350,"height":200,"srcset":"https:\/\/i0.wp.com\/www.shqiperia.com\/blog\/wp-content\/uploads\/2021\/06\/800-0-60db7be71828e.jpg?fit=800%2C433&ssl=1&resize=350%2C200 1x, https:\/\/i0.wp.com\/www.shqiperia.com\/blog\/wp-content\/uploads\/2021\/06\/800-0-60db7be71828e.jpg?fit=800%2C433&ssl=1&resize=525%2C300 1.5x, https:\/\/i0.wp.com\/www.shqiperia.com\/blog\/wp-content\/uploads\/2021\/06\/800-0-60db7be71828e.jpg?fit=800%2C433&ssl=1&resize=700%2C400 2x"},"classes":[]}],"_links":{"self":[{"href":"https:\/\/www.shqiperia.com\/blog\/wp-json\/wp\/v2\/posts\/33077","targetHints":{"allow":["GET"]}}],"collection":[{"href":"https:\/\/www.shqiperia.com\/blog\/wp-json\/wp\/v2\/posts"}],"about":[{"href":"https:\/\/www.shqiperia.com\/blog\/wp-json\/wp\/v2\/types\/post"}],"author":[{"embeddable":true,"href":"https:\/\/www.shqiperia.com\/blog\/wp-json\/wp\/v2\/users\/1"}],"replies":[{"embeddable":true,"href":"https:\/\/www.shqiperia.com\/blog\/wp-json\/wp\/v2\/comments?post=33077"}],"version-history":[{"count":1,"href":"https:\/\/www.shqiperia.com\/blog\/wp-json\/wp\/v2\/posts\/33077\/revisions"}],"predecessor-version":[{"id":33079,"href":"https:\/\/www.shqiperia.com\/blog\/wp-json\/wp\/v2\/posts\/33077\/revisions\/33079"}],"wp:featuredmedia":[{"embeddable":true,"href":"https:\/\/www.shqiperia.com\/blog\/wp-json\/wp\/v2\/media\/33078"}],"wp:attachment":[{"href":"https:\/\/www.shqiperia.com\/blog\/wp-json\/wp\/v2\/media?parent=33077"}],"wp:term":[{"taxonomy":"category","embeddable":true,"href":"https:\/\/www.shqiperia.com\/blog\/wp-json\/wp\/v2\/categories?post=33077"},{"taxonomy":"post_tag","embeddable":true,"href":"https:\/\/www.shqiperia.com\/blog\/wp-json\/wp\/v2\/tags?post=33077"}],"curies":[{"name":"wp","href":"https:\/\/api.w.org\/{rel}","templated":true}]}}