{"id":33074,"date":"2020-04-05T09:24:53","date_gmt":"2020-04-05T09:24:53","guid":{"rendered":"https:\/\/www.shqiperia.com\/blog\/?p=33074"},"modified":"2020-04-05T09:24:53","modified_gmt":"2020-04-05T09:24:53","slug":"diell-dhe-rritje-temperaturash-ne-mesdite-moti-per-diten-e-sotme","status":"publish","type":"post","link":"https:\/\/www.shqiperia.com\/blog\/diell-dhe-rritje-temperaturash-ne-mesdite-moti-per-diten-e-sotme\/","title":{"rendered":"Diell dhe rritje temperaturash n\u00eb mesdit\u00eb\/ Moti p\u00ebr dit\u00ebn e sotme"},"content":{"rendered":"<p><img data-recalc-dims=\"1\" loading=\"lazy\" decoding=\"async\" data-attachment-id=\"33075\" data-permalink=\"https:\/\/www.shqiperia.com\/blog\/diell-dhe-rritje-temperaturash-ne-mesdite-moti-per-diten-e-sotme\/moti-me-diell\/\" data-orig-file=\"https:\/\/i0.wp.com\/www.shqiperia.com\/blog\/wp-content\/uploads\/2020\/04\/Moti-me-diell.jpg?fit=635%2C374&amp;ssl=1\" data-orig-size=\"635,374\" data-comments-opened=\"1\" data-image-meta=\"{&quot;aperture&quot;:&quot;0&quot;,&quot;credit&quot;:&quot;&quot;,&quot;camera&quot;:&quot;&quot;,&quot;caption&quot;:&quot;&quot;,&quot;created_timestamp&quot;:&quot;0&quot;,&quot;copyright&quot;:&quot;&quot;,&quot;focal_length&quot;:&quot;0&quot;,&quot;iso&quot;:&quot;0&quot;,&quot;shutter_speed&quot;:&quot;0&quot;,&quot;title&quot;:&quot;&quot;,&quot;orientation&quot;:&quot;0&quot;}\" data-image-title=\"Moti-me-diell\" data-image-description=\"\" data-image-caption=\"\" data-medium-file=\"https:\/\/i0.wp.com\/www.shqiperia.com\/blog\/wp-content\/uploads\/2020\/04\/Moti-me-diell.jpg?fit=300%2C177&amp;ssl=1\" data-large-file=\"https:\/\/i0.wp.com\/www.shqiperia.com\/blog\/wp-content\/uploads\/2020\/04\/Moti-me-diell.jpg?fit=635%2C374&amp;ssl=1\" class=\"alignnone  wp-image-33075\" alt=\"\" src=\"https:\/\/i0.wp.com\/www.shqiperia.com\/blog\/wp-content\/uploads\/2020\/04\/Moti-me-diell.jpg?resize=403%2C238&#038;ssl=1\" width=\"403\" height=\"238\" srcset=\"https:\/\/i0.wp.com\/www.shqiperia.com\/blog\/wp-content\/uploads\/2020\/04\/Moti-me-diell.jpg?resize=300%2C177&amp;ssl=1 300w, https:\/\/i0.wp.com\/www.shqiperia.com\/blog\/wp-content\/uploads\/2020\/04\/Moti-me-diell.jpg?resize=450%2C265&amp;ssl=1 450w, https:\/\/i0.wp.com\/www.shqiperia.com\/blog\/wp-content\/uploads\/2020\/04\/Moti-me-diell.jpg?resize=600%2C353&amp;ssl=1 600w, https:\/\/i0.wp.com\/www.shqiperia.com\/blog\/wp-content\/uploads\/2020\/04\/Moti-me-diell.jpg?resize=400%2C236&amp;ssl=1 400w, https:\/\/i0.wp.com\/www.shqiperia.com\/blog\/wp-content\/uploads\/2020\/04\/Moti-me-diell.jpg?w=635&amp;ssl=1 635w\" sizes=\"auto, (max-width: 403px) 100vw, 403px\" \/><\/p>\n<p><strong>Diell dhe rritje temperaturash n\u00eb mesdit\u00eb\/ Moti p\u00ebr dit\u00ebn e sotme<\/strong><\/p>\n<p>05\/04\/20<\/p>\n<p><a href=\"https:\/\/gazetamapo.al\/diell-dhe-rritje-temperaturash-parashikimi-i-motit-per-diten-e-sotme\/\"><strong>mapo.al<\/strong><\/a><\/p>\n<p>P\u00ebr k\u00ebt\u00eb t\u00eb diel, p\u00ebrgjith\u00ebsisht moti parashikohet me alternime kthjellimesh e vran\u00ebsirash m\u00eb t\u00eb theksuara n\u00eb juglindje e jug.<\/p>\n<p><span>\u00a0<\/span><\/p>\n<p>Kjo situat\u00eb, do t\u00eb pasohet nga er\u00eb e vrullshme t\u00eb shtun\u00ebn gati n\u00eb t\u00eb gjith\u00eb vendin me drejtim verilindje-juglindje e nd\u00ebrsa t\u00eb diel\u00ebn shpejt\u00ebsia e saj do t\u00eb vij\u00eb n\u00eb r\u00ebnie.<\/p>\n<p><span>\u00a0<\/span><\/p>\n<p>Temperaturat si m\u00eb posht\u00eb do t\u00eb sh\u00ebnojn\u00eb rritje graduale n\u00eb mesdit\u00eb.<\/p>\n","protected":false},"excerpt":{"rendered":"<p>Diell dhe rritje temperaturash n\u00eb mesdit\u00eb\/ Moti p\u00ebr dit\u00ebn e sotme 05\/04\/20 mapo.al P\u00ebr k\u00ebt\u00eb t\u00eb diel, p\u00ebrgjith\u00ebsisht moti parashikohet me alternime kthjellimesh e vran\u00ebsirash m\u00eb t\u00eb theksuara n\u00eb juglindje e jug. \u00a0 Kjo situat\u00eb, do t\u00eb pasohet nga er\u00eb e vrullshme t\u00eb shtun\u00ebn gati n\u00eb t\u00eb gjith\u00eb vendin me drejtim verilindje-juglindje e nd\u00ebrsa t\u00eb [&hellip;]<\/p>\n","protected":false},"author":9,"featured_media":33075,"comment_status":"open","ping_status":"open","sticky":false,"template":"","format":"standard","meta":{"jetpack_post_was_ever_published":false,"_jetpack_newsletter_access":"","_jetpack_dont_email_post_to_subs":false,"_jetpack_newsletter_tier_id":0,"_jetpack_memberships_contains_paywalled_content":false,"_jetpack_memberships_contains_paid_content":false,"footnotes":"","jetpack_publicize_message":"","jetpack_publicize_feature_enabled":true,"jetpack_social_post_already_shared":true,"jetpack_social_options":{"image_generator_settings":{"template":"highway","default_image_id":0,"font":"","enabled":false},"version":2}},"categories":[35],"tags":[],"class_list":["post-33074","post","type-post","status-publish","format-standard","has-post-thumbnail","hentry","category-shoqerore"],"jetpack_publicize_connections":[],"jetpack_featured_media_url":"https:\/\/i0.wp.com\/www.shqiperia.com\/blog\/wp-content\/uploads\/2020\/04\/Moti-me-diell.jpg?fit=635%2C374&ssl=1","jetpack_sharing_enabled":true,"jetpack_shortlink":"https:\/\/wp.me\/p5Z6wp-8Bs","jetpack-related-posts":[{"id":73434,"url":"https:\/\/www.shqiperia.com\/blog\/rritje-temperaturash-por-edhe-shi-sinoptikani-tregon-sesi-do-vazhdoje-moti-gjate-muajit-gusht\/","url_meta":{"origin":33074,"position":0},"title":"Rritje temperaturash, por edhe shi\u2026\/ Sinoptikani tregon sesi do vazhdoj\u00eb moti gjat\u00eb muajit gusht","author":"Kurt Farka","date":"August 12, 2023","format":false,"excerpt":"12 Gusht 2023 Sinoptikani Hakil Osmani, n\u00eb nj\u00eb lidhje Skype me studion e lajmeve t\u00eb News24, ka b\u00ebr\u00eb me dije se temperaturat gjat\u00eb k\u00ebsaj fundjave do t\u00eb sh\u00ebnojn\u00eb rritje, kur maksimumet n\u00eb rang territor mund t\u00eb sh\u00ebnojn\u00eb deri n\u00eb 37 grade Celsius dit\u00ebn e diel. Nga 33-35 grad\u00eb celsius do\u2026","rel":"","context":"In &quot;Blogu i Udh\u00ebtarit&quot;","block_context":{"text":"Blogu i Udh\u00ebtarit","link":"https:\/\/www.shqiperia.com\/blog\/category\/blogu-i-udhetarit\/"},"img":{"alt_text":"","src":"https:\/\/i0.wp.com\/www.shqiperia.com\/blog\/wp-content\/uploads\/2023\/08\/auto_moti1588439492-770x433-1-1.jpg?fit=770%2C433&ssl=1&resize=350%2C200","width":350,"height":200,"srcset":"https:\/\/i0.wp.com\/www.shqiperia.com\/blog\/wp-content\/uploads\/2023\/08\/auto_moti1588439492-770x433-1-1.jpg?fit=770%2C433&ssl=1&resize=350%2C200 1x, https:\/\/i0.wp.com\/www.shqiperia.com\/blog\/wp-content\/uploads\/2023\/08\/auto_moti1588439492-770x433-1-1.jpg?fit=770%2C433&ssl=1&resize=525%2C300 1.5x, https:\/\/i0.wp.com\/www.shqiperia.com\/blog\/wp-content\/uploads\/2023\/08\/auto_moti1588439492-770x433-1-1.jpg?fit=770%2C433&ssl=1&resize=700%2C400 2x"},"classes":[]},{"id":36748,"url":"https:\/\/www.shqiperia.com\/blog\/surprizat-e-motit-sot-vranesira-dhe-shtrengata-shiu-ne-keto-zona\/","url_meta":{"origin":33074,"position":1},"title":"Surprizat e motit sot, vran\u00ebsira dhe shtr\u00ebngata shiu n\u00eb k\u00ebto zona","author":"Kurt Farka","date":"August 1, 2020","format":false,"excerpt":"Surprizat e motit sot, vran\u00ebsira dhe shtr\u00ebngata shiu n\u00eb k\u00ebto zona \u00a0- 01\/08\/20 Dit\u00ebn e sotme, e shtun\u00eb 1 gusht 2020, moti parashikohet i kthjell\u00ebt me vran\u00ebsira n\u00eb zhvillim, kryesisht n\u00eb mesdit\u00eb e pasdite.\u00a0 Reshjet e shiut do t\u00eb p\u00ebrfshijn\u00eb zonat malore n\u00eb mesdit\u00eb e pasdite, lokalisht me shtr\u00ebngata dhe\u2026","rel":"","context":"In &quot;Blogu i Udh\u00ebtarit&quot;","block_context":{"text":"Blogu i Udh\u00ebtarit","link":"https:\/\/www.shqiperia.com\/blog\/category\/blogu-i-udhetarit\/"},"img":{"alt_text":"","src":"https:\/\/i0.wp.com\/www.shqiperia.com\/blog\/wp-content\/uploads\/2020\/08\/MOTI-SOT-01-1536x864-1.jpg?fit=1200%2C675&ssl=1&resize=350%2C200","width":350,"height":200,"srcset":"https:\/\/i0.wp.com\/www.shqiperia.com\/blog\/wp-content\/uploads\/2020\/08\/MOTI-SOT-01-1536x864-1.jpg?fit=1200%2C675&ssl=1&resize=350%2C200 1x, https:\/\/i0.wp.com\/www.shqiperia.com\/blog\/wp-content\/uploads\/2020\/08\/MOTI-SOT-01-1536x864-1.jpg?fit=1200%2C675&ssl=1&resize=525%2C300 1.5x, https:\/\/i0.wp.com\/www.shqiperia.com\/blog\/wp-content\/uploads\/2020\/08\/MOTI-SOT-01-1536x864-1.jpg?fit=1200%2C675&ssl=1&resize=700%2C400 2x, https:\/\/i0.wp.com\/www.shqiperia.com\/blog\/wp-content\/uploads\/2020\/08\/MOTI-SOT-01-1536x864-1.jpg?fit=1200%2C675&ssl=1&resize=1050%2C600 3x"},"classes":[]},{"id":41498,"url":"https:\/\/www.shqiperia.com\/blog\/shi-dhe-diell-ja-si-do-te-jete-moti-per-diten-e-sotme\/","url_meta":{"origin":33074,"position":2},"title":"Shi dhe diell. &#8211; \u00a0Ja si do t\u00eb jet\u00eb moti p\u00ebr dit\u00ebn e sotme","author":"Kurt Farka","date":"December 3, 2020","format":false,"excerpt":"Shi dhe diell. - \u00a0Ja si do t\u00eb jet\u00eb moti p\u00ebr dit\u00ebn e sotme 3 dhjetor 2020 Dita e enjte parashikohet me mot kryesisht t\u00eb vran\u00ebt e intervale t\u00eb shkurt\u00ebra me diell. Reshje shiu t\u00eb her\u00ebpasher\u00ebshme me intensitet t\u00eb ul\u00ebt n\u00eb pjes\u00ebn m\u00eb t\u00eb madhe t\u00eb vendit, nder\u00ebsa n\u00eb veriper\u00ebndim\u2026","rel":"","context":"In &quot;Blogu i Udh\u00ebtarit&quot;","block_context":{"text":"Blogu i Udh\u00ebtarit","link":"https:\/\/www.shqiperia.com\/blog\/category\/blogu-i-udhetarit\/"},"img":{"alt_text":"","src":"https:\/\/i0.wp.com\/www.shqiperia.com\/blog\/wp-content\/uploads\/2020\/12\/moti.jpg?fit=609%2C319&ssl=1&resize=350%2C200","width":350,"height":200,"srcset":"https:\/\/i0.wp.com\/www.shqiperia.com\/blog\/wp-content\/uploads\/2020\/12\/moti.jpg?fit=609%2C319&ssl=1&resize=350%2C200 1x, https:\/\/i0.wp.com\/www.shqiperia.com\/blog\/wp-content\/uploads\/2020\/12\/moti.jpg?fit=609%2C319&ssl=1&resize=525%2C300 1.5x"},"classes":[]},{"id":61722,"url":"https:\/\/www.shqiperia.com\/blog\/vjen-kthesa-drastike-vendi-perfshihet-nga-rrebeshet-dhe-renie-temperaturash-por-si-do-te-na-surprizoje-moti-javen-e-ardhshme\/","url_meta":{"origin":33074,"position":3},"title":"Vjen kthesa drastike\/ Vendi p\u00ebrfshihet nga rrebeshet dhe r\u00ebnie temperaturash, por si do t\u00eb na surprizoj\u00eb moti jav\u00ebn e ardhshme","author":"Kurt Farka","date":"September 2, 2022","format":false,"excerpt":"2 Shtator 2022 Dita e sotme ka nisur me nj\u00eb r\u00ebnie t\u00eb ndjeshme temperaturash. Moti parshikohet me vran\u00ebsira dhe intervale kthjellimi. Reshjet e shiu kan\u00eb nisur q\u00eb n\u00eb or\u00ebt e para t\u00eb 24-or\u00ebshit p\u00ebrgjat\u00eb vij\u00ebs bregdetare, dhe gradualisht reshjet e shiut do t\u00eb shtrihen edhe n\u00eb pjes\u00ebn tjet\u00ebr t\u00eb vendit\u2026","rel":"","context":"In &quot;Blogu i Udh\u00ebtarit&quot;","block_context":{"text":"Blogu i Udh\u00ebtarit","link":"https:\/\/www.shqiperia.com\/blog\/category\/blogu-i-udhetarit\/"},"img":{"alt_text":"","src":"https:\/\/i0.wp.com\/www.shqiperia.com\/blog\/wp-content\/uploads\/2022\/09\/800-0-284e173df7b1b0f1e687a725e894fecc.jpg?fit=800%2C467&ssl=1&resize=350%2C200","width":350,"height":200,"srcset":"https:\/\/i0.wp.com\/www.shqiperia.com\/blog\/wp-content\/uploads\/2022\/09\/800-0-284e173df7b1b0f1e687a725e894fecc.jpg?fit=800%2C467&ssl=1&resize=350%2C200 1x, https:\/\/i0.wp.com\/www.shqiperia.com\/blog\/wp-content\/uploads\/2022\/09\/800-0-284e173df7b1b0f1e687a725e894fecc.jpg?fit=800%2C467&ssl=1&resize=525%2C300 1.5x, https:\/\/i0.wp.com\/www.shqiperia.com\/blog\/wp-content\/uploads\/2022\/09\/800-0-284e173df7b1b0f1e687a725e894fecc.jpg?fit=800%2C467&ssl=1&resize=700%2C400 2x"},"classes":[]},{"id":85142,"url":"https:\/\/www.shqiperia.com\/blog\/ulje-temperaturash-dhe-reshje-ja-si-parashikohet-moti-per-diten-e-sotme\/","url_meta":{"origin":33074,"position":4},"title":"Ulje temperaturash dhe reshje, ja si parashikohet moti p\u00ebr diten e sotme","author":"Kurt Farka","date":"September 29, 2024","format":false,"excerpt":"29 Shtator 2024 P\u00ebr shkak t\u00eb kalimit t\u00eb nj\u00eb fronti t\u00eb ftoht\u00eb, temperaturat n\u00eb Shqip\u00ebri pritet t\u00eb ulen me disa grad\u00eb, krahasuar me dit\u00ebt e fundit. Sh\u00ebrbimi Meteorologjik Ushtarak parashikon nj\u00eb mot\u00a0 me vran\u00ebsira mesatare deri t\u00eb dendura por nuk do t\u00eb mungojn\u00eb edhe kthjellimet n\u00eb pjes\u00ebn e dyt\u00eb t\u00eb\u2026","rel":"","context":"In &quot;Blogu i Udh\u00ebtarit&quot;","block_context":{"text":"Blogu i Udh\u00ebtarit","link":"https:\/\/www.shqiperia.com\/blog\/category\/blogu-i-udhetarit\/"},"img":{"alt_text":"","src":"https:\/\/i0.wp.com\/www.shqiperia.com\/blog\/wp-content\/uploads\/2024\/09\/moti.jpg?fit=769%2C441&ssl=1&resize=350%2C200","width":350,"height":200,"srcset":"https:\/\/i0.wp.com\/www.shqiperia.com\/blog\/wp-content\/uploads\/2024\/09\/moti.jpg?fit=769%2C441&ssl=1&resize=350%2C200 1x, https:\/\/i0.wp.com\/www.shqiperia.com\/blog\/wp-content\/uploads\/2024\/09\/moti.jpg?fit=769%2C441&ssl=1&resize=525%2C300 1.5x, https:\/\/i0.wp.com\/www.shqiperia.com\/blog\/wp-content\/uploads\/2024\/09\/moti.jpg?fit=769%2C441&ssl=1&resize=700%2C400 2x"},"classes":[]},{"id":84864,"url":"https:\/\/www.shqiperia.com\/blog\/cfare-ka-rezervuar-moti-per-javen-e-ardhshme-rikthehet-i-ftohti-temperaturat-do-te-arrijne\/","url_meta":{"origin":33074,"position":5},"title":"\u00c7far\u00eb ka rezervuar moti p\u00ebr jav\u00ebn e ardhshme? Rikthehet i ftohti, temperaturat do t\u00eb arrijn\u00eb\u2026","author":"Kurt Farka","date":"September 22, 2024","format":false,"excerpt":"22 Shtator 2024 P\u00ebr jav\u00ebn q\u00eb presim p\u00ebrpara vendi yn\u00eb pritet t\u00eb p\u00ebrjetoj\u00eb nj\u00eb jav\u00eb \u201cnormale\u201d vjeshte. Kalimi i nj\u00eb fronti t\u00eb ftoht\u00eb pritet t\u00eb sjell\u00eb mot t\u00eb vran\u00ebt dhe reshje shiu p\u00ebr disa dit\u00eb nd\u00ebrsa dep\u00ebrtimi i masave ajrore t\u00eb thata dhe t\u00eb ngrohta do t\u00eb sjelli mot t\u00eb\u2026","rel":"","context":"In &quot;Blogu i Udh\u00ebtarit&quot;","block_context":{"text":"Blogu i Udh\u00ebtarit","link":"https:\/\/www.shqiperia.com\/blog\/category\/blogu-i-udhetarit\/"},"img":{"alt_text":"","src":"https:\/\/i0.wp.com\/www.shqiperia.com\/blog\/wp-content\/uploads\/2024\/09\/shiu-1.jpg?fit=640%2C360&ssl=1&resize=350%2C200","width":350,"height":200,"srcset":"https:\/\/i0.wp.com\/www.shqiperia.com\/blog\/wp-content\/uploads\/2024\/09\/shiu-1.jpg?fit=640%2C360&ssl=1&resize=350%2C200 1x, https:\/\/i0.wp.com\/www.shqiperia.com\/blog\/wp-content\/uploads\/2024\/09\/shiu-1.jpg?fit=640%2C360&ssl=1&resize=525%2C300 1.5x"},"classes":[]}],"_links":{"self":[{"href":"https:\/\/www.shqiperia.com\/blog\/wp-json\/wp\/v2\/posts\/33074","targetHints":{"allow":["GET"]}}],"collection":[{"href":"https:\/\/www.shqiperia.com\/blog\/wp-json\/wp\/v2\/posts"}],"about":[{"href":"https:\/\/www.shqiperia.com\/blog\/wp-json\/wp\/v2\/types\/post"}],"author":[{"embeddable":true,"href":"https:\/\/www.shqiperia.com\/blog\/wp-json\/wp\/v2\/users\/9"}],"replies":[{"embeddable":true,"href":"https:\/\/www.shqiperia.com\/blog\/wp-json\/wp\/v2\/comments?post=33074"}],"version-history":[{"count":1,"href":"https:\/\/www.shqiperia.com\/blog\/wp-json\/wp\/v2\/posts\/33074\/revisions"}],"predecessor-version":[{"id":33076,"href":"https:\/\/www.shqiperia.com\/blog\/wp-json\/wp\/v2\/posts\/33074\/revisions\/33076"}],"wp:featuredmedia":[{"embeddable":true,"href":"https:\/\/www.shqiperia.com\/blog\/wp-json\/wp\/v2\/media\/33075"}],"wp:attachment":[{"href":"https:\/\/www.shqiperia.com\/blog\/wp-json\/wp\/v2\/media?parent=33074"}],"wp:term":[{"taxonomy":"category","embeddable":true,"href":"https:\/\/www.shqiperia.com\/blog\/wp-json\/wp\/v2\/categories?post=33074"},{"taxonomy":"post_tag","embeddable":true,"href":"https:\/\/www.shqiperia.com\/blog\/wp-json\/wp\/v2\/tags?post=33074"}],"curies":[{"name":"wp","href":"https:\/\/api.w.org\/{rel}","templated":true}]}}