{"id":33071,"date":"2020-04-05T08:48:29","date_gmt":"2020-04-05T08:48:29","guid":{"rendered":"https:\/\/www.shqiperia.com\/blog\/?p=33071"},"modified":"2020-04-05T08:48:29","modified_gmt":"2020-04-05T08:48:29","slug":"shtohen-frikshem-rastet-e-te-infektuarve-ne-shkoder-reagon-menjehere-voltana-ademi-dhe-ben-kerkese-urgjente-ndaj-ministrise-se-shendetesise","status":"publish","type":"post","link":"https:\/\/www.shqiperia.com\/blog\/shtohen-frikshem-rastet-e-te-infektuarve-ne-shkoder-reagon-menjehere-voltana-ademi-dhe-ben-kerkese-urgjente-ndaj-ministrise-se-shendetesise\/","title":{"rendered":"Shtohen friksh\u00ebm rastet e t\u00eb infektuarve n\u00eb Shkod\u00ebr, reagon menj\u00ebher\u00eb Voltana Ademi dhe b\u00ebn k\u00ebrkes\u00eb urgjente ndaj Ministris\u00eb s\u00eb Sh\u00ebndet\u00ebsis\u00eb"},"content":{"rendered":"<p><img data-recalc-dims=\"1\" loading=\"lazy\" decoding=\"async\" data-attachment-id=\"33072\" data-permalink=\"https:\/\/www.shqiperia.com\/blog\/shtohen-frikshem-rastet-e-te-infektuarve-ne-shkoder-reagon-menjehere-voltana-ademi-dhe-ben-kerkese-urgjente-ndaj-ministrise-se-shendetesise\/voltana-ademi-2\/\" data-orig-file=\"https:\/\/i0.wp.com\/www.shqiperia.com\/blog\/wp-content\/uploads\/2020\/04\/Voltana-Ademi.jpg?fit=800%2C600&amp;ssl=1\" data-orig-size=\"800,600\" data-comments-opened=\"1\" data-image-meta=\"{&quot;aperture&quot;:&quot;0&quot;,&quot;credit&quot;:&quot;&quot;,&quot;camera&quot;:&quot;&quot;,&quot;caption&quot;:&quot;&quot;,&quot;created_timestamp&quot;:&quot;0&quot;,&quot;copyright&quot;:&quot;&quot;,&quot;focal_length&quot;:&quot;0&quot;,&quot;iso&quot;:&quot;0&quot;,&quot;shutter_speed&quot;:&quot;0&quot;,&quot;title&quot;:&quot;&quot;,&quot;orientation&quot;:&quot;0&quot;}\" data-image-title=\"Voltana Ademi\" data-image-description=\"\" data-image-caption=\"\" data-medium-file=\"https:\/\/i0.wp.com\/www.shqiperia.com\/blog\/wp-content\/uploads\/2020\/04\/Voltana-Ademi.jpg?fit=300%2C225&amp;ssl=1\" data-large-file=\"https:\/\/i0.wp.com\/www.shqiperia.com\/blog\/wp-content\/uploads\/2020\/04\/Voltana-Ademi.jpg?fit=800%2C600&amp;ssl=1\" class=\"alignnone  wp-image-33072\" alt=\"\" src=\"https:\/\/i0.wp.com\/www.shqiperia.com\/blog\/wp-content\/uploads\/2020\/04\/Voltana-Ademi.jpg?resize=627%2C470&#038;ssl=1\" width=\"627\" height=\"470\" srcset=\"https:\/\/i0.wp.com\/www.shqiperia.com\/blog\/wp-content\/uploads\/2020\/04\/Voltana-Ademi.jpg?resize=300%2C225&amp;ssl=1 300w, https:\/\/i0.wp.com\/www.shqiperia.com\/blog\/wp-content\/uploads\/2020\/04\/Voltana-Ademi.jpg?resize=768%2C576&amp;ssl=1 768w, https:\/\/i0.wp.com\/www.shqiperia.com\/blog\/wp-content\/uploads\/2020\/04\/Voltana-Ademi.jpg?resize=450%2C338&amp;ssl=1 450w, https:\/\/i0.wp.com\/www.shqiperia.com\/blog\/wp-content\/uploads\/2020\/04\/Voltana-Ademi.jpg?resize=600%2C450&amp;ssl=1 600w, https:\/\/i0.wp.com\/www.shqiperia.com\/blog\/wp-content\/uploads\/2020\/04\/Voltana-Ademi.jpg?resize=400%2C300&amp;ssl=1 400w, https:\/\/i0.wp.com\/www.shqiperia.com\/blog\/wp-content\/uploads\/2020\/04\/Voltana-Ademi.jpg?w=800&amp;ssl=1 800w\" sizes=\"auto, (max-width: 627px) 100vw, 627px\" \/><\/p>\n<p>Shtohen friksh\u00ebm rastet e t\u00eb infektuarve n\u00eb Shkod\u00ebr, reagon menj\u00ebher\u00eb Voltana Ademi dhe b\u00ebn k\u00ebrkes\u00eb urgjente ndaj Ministris\u00eb s\u00eb Sh\u00ebndet\u00ebsis\u00eb<\/p>\n<p>5 Prill 2020<\/p>\n<p>Kryetarja n\u00eb detyr\u00eb Voltana Ademi n\u00eb nj\u00eb lidhje p\u00ebr \u201cABC Ne\u00ebs\u201d u shpreh se rastet e t\u00eb prekurve m\u00eb COVID-19 n\u00eb Shod\u00ebr po rritet me ritme t\u00eb shpejta, nd\u00ebrsa theksoi se duhet t\u00eb b\u00ebhen sa m\u00eb shum\u00eb testime.<\/p>\n<p>\u201cSot jan\u00eb 4 raste t\u00eb reja, 3 raste jan\u00eb t\u00eb nj\u00eb familje n\u00eb Dobra\u00e7, nd\u00ebrsa nj\u00eb rast n\u00eb lagjen Kiras. Pritet t\u00eb ket\u00eb nj\u00eb informacion m\u00eb t\u00eb thelluar. N\u00eb Shkod\u00ebr ka nevoj\u00eb t\u00eb ket\u00eb m\u00eb shum\u00eb informacion p\u00ebr familjet e infektuara, pasi informacioni \u00ebsht\u00eb i fshehur.<\/p>\n<p>Rastet e t\u00eb prekurve e marrim n\u00ebp\u00ebrmjet gazetar\u00ebve dhe njohjeve tona. Kam dy raste q\u00eb dje dy familje t\u00eb cilat ishin n\u00eb list\u00ebn e njer\u00ebzve t\u00eb infektuarve k\u00ebrkonte ndihma ushqimore.<\/p>\n<p>Dje Ministris\u00eb nuk i doli koha t\u00eb jepte lajmin se kishte dy t\u00eb infektuar, pasi n\u00eb mbr\u00ebmje nd\u00ebrroi jet\u00eb.\u00a0 Persona me temperatur\u00eb nuk jan\u00eb k\u00ebshilluar t\u00eb b\u00ebjn\u00eb testimin, por i \u00ebsht\u00eb k\u00ebrkuar t\u00eb q\u00ebndrojn\u00eb n\u00eb sht\u00ebpi.<\/p>\n<p>\u00cbsht\u00eb e domosdoshme t\u00eb menaxhohet situata, p\u00ebr t\u00eb caktuar zonat ku ka problematik\u00eb sepse rezulton q\u00eb vatrat jan\u00eb t\u00eb lidhura me nj\u00ebra-tjetr\u00ebn. \u00cbsht\u00eb e domosdoshme t\u00eb b\u00ebhet gjurmimi i vatrave, tu tregohet shkodran\u00ebve se kush jan\u00eb zonat. Rreth 120 \u00ebsht\u00eb numri i testimeve dhe \u00ebsht\u00eb shum\u00eb i ul\u00ebt p\u00ebr nivelin e infektimit q\u00eb vet\u00ebm po rriten\u201d, u shpreh Ademi.<\/p>\n<p>Gjithashtu Ademi theksoi se n\u00eb qark n\u00eb baz\u00eb t\u00eb ligjit jan\u00eb prefeketet q\u00eb kan\u00eb komisionin e emergjenc\u00ebs.<\/p>\n<p>\u201cJan\u00eb shqet\u00ebsime t\u00eb cilat i kam paraqitur.\u00a0 Duhet t\u00eb shtohet sa m\u00eb shpejt numri i testeve\u201d, deklaroi Ademi.<\/p>\n<p>Gazeta Sot<\/p>\n","protected":false},"excerpt":{"rendered":"<p>Shtohen friksh\u00ebm rastet e t\u00eb infektuarve n\u00eb Shkod\u00ebr, reagon menj\u00ebher\u00eb Voltana Ademi dhe b\u00ebn k\u00ebrkes\u00eb urgjente ndaj Ministris\u00eb s\u00eb Sh\u00ebndet\u00ebsis\u00eb 5 Prill 2020 Kryetarja n\u00eb detyr\u00eb Voltana Ademi n\u00eb nj\u00eb lidhje p\u00ebr \u201cABC Ne\u00ebs\u201d u shpreh se rastet e t\u00eb prekurve m\u00eb COVID-19 n\u00eb Shod\u00ebr po rritet me ritme t\u00eb shpejta, nd\u00ebrsa theksoi se duhet [&hellip;]<\/p>\n","protected":false},"author":9,"featured_media":33072,"comment_status":"open","ping_status":"open","sticky":false,"template":"","format":"standard","meta":{"jetpack_post_was_ever_published":false,"_jetpack_newsletter_access":"","_jetpack_dont_email_post_to_subs":false,"_jetpack_newsletter_tier_id":0,"_jetpack_memberships_contains_paywalled_content":false,"_jetpack_memberships_contains_paid_content":false,"footnotes":"","jetpack_publicize_message":"","jetpack_publicize_feature_enabled":true,"jetpack_social_post_already_shared":true,"jetpack_social_options":{"image_generator_settings":{"template":"highway","default_image_id":0,"font":"","enabled":false},"version":2}},"categories":[27,1,35],"tags":[],"class_list":["post-33071","post","type-post","status-publish","format-standard","has-post-thumbnail","hentry","category-blogu-i-udhetarit","category-njoftime-shtypi","category-shoqerore"],"jetpack_publicize_connections":[],"jetpack_featured_media_url":"https:\/\/i0.wp.com\/www.shqiperia.com\/blog\/wp-content\/uploads\/2020\/04\/Voltana-Ademi.jpg?fit=800%2C600&ssl=1","jetpack_sharing_enabled":true,"jetpack_shortlink":"https:\/\/wp.me\/p5Z6wp-8Bp","jetpack-related-posts":[{"id":35435,"url":"https:\/\/www.shqiperia.com\/blog\/voltana-ademi-ia-thote-ne-sy-lleshajt-shkoder-e-velipoje-kultivim-masiv-i-kanabisit\/","url_meta":{"origin":33071,"position":0},"title":"Voltana Ademi ia thot\u00eb n\u00eb sy Lleshajt: &#8211; Shkod\u00ebr e Velipoj\u00eb, kultivim masiv i kanabisit","author":"Kurt Farka","date":"June 5, 2020","format":false,"excerpt":"Voltana Ademi ia thot\u00eb n\u00eb sy Lleshajt: - Shkod\u00ebr e Velipoj\u00eb, kultivim masiv i kanabisit - 05\/06\/20 Gjat\u00eb takimit t\u00eb ministrit e brendsh\u00ebm Sand\u00ebr Lleshaj me strukturat e vendore n\u00eb qarkun e Shkodr\u00ebs, kryetarja e k\u00ebsaj bashkie, Voltana Ademi \u00ebsht\u00eb shprehur se n\u00eb k\u00ebt\u00eb qytet \u00ebsht\u00eb rritur kultivimi masiv i\u2026","rel":"","context":"In &quot;Blogu i Udh\u00ebtarit&quot;","block_context":{"text":"Blogu i Udh\u00ebtarit","link":"https:\/\/www.shqiperia.com\/blog\/category\/blogu-i-udhetarit\/"},"img":{"alt_text":"","src":"https:\/\/i0.wp.com\/www.shqiperia.com\/blog\/wp-content\/uploads\/2020\/06\/Voltana-Ademi.jpg?fit=1085%2C605&ssl=1&resize=350%2C200","width":350,"height":200,"srcset":"https:\/\/i0.wp.com\/www.shqiperia.com\/blog\/wp-content\/uploads\/2020\/06\/Voltana-Ademi.jpg?fit=1085%2C605&ssl=1&resize=350%2C200 1x, https:\/\/i0.wp.com\/www.shqiperia.com\/blog\/wp-content\/uploads\/2020\/06\/Voltana-Ademi.jpg?fit=1085%2C605&ssl=1&resize=525%2C300 1.5x, https:\/\/i0.wp.com\/www.shqiperia.com\/blog\/wp-content\/uploads\/2020\/06\/Voltana-Ademi.jpg?fit=1085%2C605&ssl=1&resize=700%2C400 2x, https:\/\/i0.wp.com\/www.shqiperia.com\/blog\/wp-content\/uploads\/2020\/06\/Voltana-Ademi.jpg?fit=1085%2C605&ssl=1&resize=1050%2C600 3x"},"classes":[]},{"id":32795,"url":"https:\/\/www.shqiperia.com\/blog\/voltana-ademi-jep-detajet-personeli-mjekesor-ne-puke-eshte-futur-ne-karantine\/","url_meta":{"origin":33071,"position":1},"title":"Voltana Ademi jep detajet: &#8211; Personeli mjek\u00ebsor n\u00eb Puk\u00eb \u00ebsht\u00eb futur n\u00eb karantin\u00eb","author":"Kurt Farka","date":"March 27, 2020","format":false,"excerpt":"Voltana Ademi jep detajet: - Personeli mjek\u00ebsor n\u00eb Puk\u00eb \u00ebsht\u00eb futur n\u00eb karantin\u00eb 26 MARS 2020 Kryetarja e Bashkis\u00eb Shkod\u00ebr Voltana Ademi tha se n\u00eb spitalin e Puk\u00ebs nd\u00ebrkoh\u00eb jan\u00eb 7 persona personel mjek\u00ebsor q\u00eb jan\u00eb karantinuar. \u201cDisa mjek\u00eb, staf mjek\u00ebsor, 7 prej tyre n\u00eb spitalin e Puk\u00ebs jan\u00eb karantinuar,\u2026","rel":"","context":"In &quot;Kultura&quot;","block_context":{"text":"Kultura","link":"https:\/\/www.shqiperia.com\/blog\/category\/kultura\/"},"img":{"alt_text":"","src":"https:\/\/i0.wp.com\/www.shqiperia.com\/blog\/wp-content\/uploads\/2020\/03\/Voltana-Ademi-.jpg?fit=770%2C414&ssl=1&resize=350%2C200","width":350,"height":200,"srcset":"https:\/\/i0.wp.com\/www.shqiperia.com\/blog\/wp-content\/uploads\/2020\/03\/Voltana-Ademi-.jpg?fit=770%2C414&ssl=1&resize=350%2C200 1x, https:\/\/i0.wp.com\/www.shqiperia.com\/blog\/wp-content\/uploads\/2020\/03\/Voltana-Ademi-.jpg?fit=770%2C414&ssl=1&resize=525%2C300 1.5x, https:\/\/i0.wp.com\/www.shqiperia.com\/blog\/wp-content\/uploads\/2020\/03\/Voltana-Ademi-.jpg?fit=770%2C414&ssl=1&resize=700%2C400 2x"},"classes":[]},{"id":43347,"url":"https:\/\/www.shqiperia.com\/blog\/rendohet-situata-nga-covid-9-persona-qe-kane-humbur-jeten\/","url_meta":{"origin":33071,"position":2},"title":"R\u00ebndohet situata nga Covid \u2026 9 persona q\u00eb kan\u00eb humbur jet\u00ebn","author":"Kurt Farka","date":"January 25, 2021","format":false,"excerpt":"R\u00ebndohet situata nga Covid \u2026 9 persona q\u00eb kan\u00eb humbur jet\u00ebn 25 JANAR 2021 N\u00eb Shqip\u00ebri, java e fundit (19-25 Janar) sh\u00ebnoi nj\u00eb rritje t\u00eb ndjeshme t\u00eb rasteve dhe viktimave t\u00eb koronavirusit, nd\u00ebrsa testimet pat\u00ebn nj\u00eb r\u00ebnie t\u00eb leht\u00eb dhe shtrimet n\u00eb spitale mbet\u00ebn n\u00eb kuota t\u00eb q\u00ebndrueshme. Sipas t\u00eb\u2026","rel":"","context":"In &quot;Blogu i Udh\u00ebtarit&quot;","block_context":{"text":"Blogu i Udh\u00ebtarit","link":"https:\/\/www.shqiperia.com\/blog\/category\/blogu-i-udhetarit\/"},"img":{"alt_text":"","src":"https:\/\/i0.wp.com\/www.shqiperia.com\/blog\/wp-content\/uploads\/2021\/01\/640-0-94b6e11a9946e3df5068ee4a12f66a55.jpg?fit=640%2C327&ssl=1&resize=350%2C200","width":350,"height":200,"srcset":"https:\/\/i0.wp.com\/www.shqiperia.com\/blog\/wp-content\/uploads\/2021\/01\/640-0-94b6e11a9946e3df5068ee4a12f66a55.jpg?fit=640%2C327&ssl=1&resize=350%2C200 1x, https:\/\/i0.wp.com\/www.shqiperia.com\/blog\/wp-content\/uploads\/2021\/01\/640-0-94b6e11a9946e3df5068ee4a12f66a55.jpg?fit=640%2C327&ssl=1&resize=525%2C300 1.5x"},"classes":[]},{"id":33190,"url":"https:\/\/www.shqiperia.com\/blog\/presidenti-meta-ne-shkoder-vetem-bashkepunimi-prefekture-bashki-pushtet-qendror-rrit-efektivitetin-e-luftes-kunder-covid19\/","url_meta":{"origin":33071,"position":3},"title":"Presidenti Meta n\u00eb Shkod\u00ebr: &#8211; Vet\u00ebm bashk\u00ebpunimi prefektur\u00eb-bashki-pushtet q\u00ebndror rrit efektivitetin e luft\u00ebs kund\u00ebr COVID19","author":"Kurt Farka","date":"April 7, 2020","format":false,"excerpt":"Presidenti Meta n\u00eb Shkod\u00ebr: - Vet\u00ebm bashk\u00ebpunimi prefektur\u00eb-bashki-pushtet q\u00ebndror rrit efektivitetin e luft\u00ebs kund\u00ebr COVID19 07\/04\/2020 Presidenti i Shqip\u00ebris\u00eb, Ilir Meta pas vizit\u00ebs n\u00eb Lezh\u00eb, k\u00ebt\u00eb her\u00eb \u00ebsht\u00eb ndalur n\u00eb Shkod\u00ebr. Pas takimit me kryebashkiaken Voltana Ademi, tha se n\u00eb k\u00ebt\u00eb sfid\u00eb me pandemin\u00eb e Covid-19 duhet bashk\u00ebpunim mes qytetar\u00ebve\u2026","rel":"","context":"In &quot;Blogu i Udh\u00ebtarit&quot;","block_context":{"text":"Blogu i Udh\u00ebtarit","link":"https:\/\/www.shqiperia.com\/blog\/category\/blogu-i-udhetarit\/"},"img":{"alt_text":"","src":"https:\/\/i0.wp.com\/www.shqiperia.com\/blog\/wp-content\/uploads\/2020\/04\/Meta-Shkoder-750x375-1.jpeg?fit=750%2C375&ssl=1&resize=350%2C200","width":350,"height":200,"srcset":"https:\/\/i0.wp.com\/www.shqiperia.com\/blog\/wp-content\/uploads\/2020\/04\/Meta-Shkoder-750x375-1.jpeg?fit=750%2C375&ssl=1&resize=350%2C200 1x, https:\/\/i0.wp.com\/www.shqiperia.com\/blog\/wp-content\/uploads\/2020\/04\/Meta-Shkoder-750x375-1.jpeg?fit=750%2C375&ssl=1&resize=525%2C300 1.5x, https:\/\/i0.wp.com\/www.shqiperia.com\/blog\/wp-content\/uploads\/2020\/04\/Meta-Shkoder-750x375-1.jpeg?fit=750%2C375&ssl=1&resize=700%2C400 2x"},"classes":[]},{"id":32809,"url":"https:\/\/www.shqiperia.com\/blog\/shtohet-puka-shqiperia-deri-tani-186-te-infektuar-nga-1246-te-testuar\/","url_meta":{"origin":33071,"position":4},"title":"Shtohet Puka. &#8211; Shqip\u00ebria deri tani 186 t\u00eb infektuar nga 1246 t\u00eb testuar","author":"Kurt Farka","date":"March 27, 2020","format":false,"excerpt":"Shtohet Puka. - Shqip\u00ebria deri tani 186 t\u00eb infektuar nga 1246 t\u00eb testuar 27 mars \u00a02020 Ka shkuar n\u00eb 186 numri i personave t\u00eb prekur me koronavirus n\u00eb vendin ton\u00eb. Nga testimet e fundit jane konfirmuar, 12 raste t\u00eb reja, nderkohe qe harta eshte shtuar sot me Puken dhe eshte\u2026","rel":"","context":"In &quot;Blogu i Udh\u00ebtarit&quot;","block_context":{"text":"Blogu i Udh\u00ebtarit","link":"https:\/\/www.shqiperia.com\/blog\/category\/blogu-i-udhetarit\/"},"img":{"alt_text":"","src":"https:\/\/i0.wp.com\/www.shqiperia.com\/blog\/wp-content\/uploads\/2020\/03\/download-6.jpg?resize=350%2C200&ssl=1","width":350,"height":200,"srcset":"https:\/\/i0.wp.com\/www.shqiperia.com\/blog\/wp-content\/uploads\/2020\/03\/download-6.jpg?resize=350%2C200&ssl=1 1x, https:\/\/i0.wp.com\/www.shqiperia.com\/blog\/wp-content\/uploads\/2020\/03\/download-6.jpg?resize=525%2C300&ssl=1 1.5x"},"classes":[]},{"id":22603,"url":"https:\/\/www.shqiperia.com\/blog\/voltana-ademi-komisioneret-ne-berdice-te-mesme-kane-mbyllur-dyert-dhe-po-plotesojne-fletet-e-votimit\/","url_meta":{"origin":33071,"position":5},"title":"VOLTANA ADEMI: &#8211; KOMISIONER\u00cbT N\u00cb B\u00cbRDIC\u00cb T\u00cb MESME KAN\u00cb MBYLLUR DYERT DHE PO PLOT\u00cbSOJN\u00cb FLET\u00cbT E VOTIMIT","author":"Kurt Farka","date":"June 30, 2019","format":false,"excerpt":"VOLTANA ADEMI: - KOMISIONER\u00cbT N\u00cb B\u00cbRDIC\u00cb T\u00cb MESME KAN\u00cb MBYLLUR DYERT DHE PO PLOT\u00cbSOJN\u00cb FLET\u00cbT E VOTIMIT 30\/06\/2019 Pasi u procedua penalisht Voltana Ademi ka b\u00ebr\u00eb nj\u00eb denoncim lidhur me procesin e votimit n\u00eb qendr\u00ebn e votimit 0216 Berdice e Mesme. Sipas Ademit kjo qend\u00ebr votimi q\u00ebndron e mbyllur prej\u2026","rel":"","context":"In &quot;Njoftime Shtypi&quot;","block_context":{"text":"Njoftime Shtypi","link":"https:\/\/www.shqiperia.com\/blog\/category\/njoftime-shtypi\/"},"img":{"alt_text":"","src":"https:\/\/i0.wp.com\/www.shqiperia.com\/blog\/wp-content\/uploads\/2019\/06\/5d18e0fe5c560voltana-1.jpg?fit=926%2C562&ssl=1&resize=350%2C200","width":350,"height":200,"srcset":"https:\/\/i0.wp.com\/www.shqiperia.com\/blog\/wp-content\/uploads\/2019\/06\/5d18e0fe5c560voltana-1.jpg?fit=926%2C562&ssl=1&resize=350%2C200 1x, https:\/\/i0.wp.com\/www.shqiperia.com\/blog\/wp-content\/uploads\/2019\/06\/5d18e0fe5c560voltana-1.jpg?fit=926%2C562&ssl=1&resize=525%2C300 1.5x, https:\/\/i0.wp.com\/www.shqiperia.com\/blog\/wp-content\/uploads\/2019\/06\/5d18e0fe5c560voltana-1.jpg?fit=926%2C562&ssl=1&resize=700%2C400 2x"},"classes":[]}],"_links":{"self":[{"href":"https:\/\/www.shqiperia.com\/blog\/wp-json\/wp\/v2\/posts\/33071","targetHints":{"allow":["GET"]}}],"collection":[{"href":"https:\/\/www.shqiperia.com\/blog\/wp-json\/wp\/v2\/posts"}],"about":[{"href":"https:\/\/www.shqiperia.com\/blog\/wp-json\/wp\/v2\/types\/post"}],"author":[{"embeddable":true,"href":"https:\/\/www.shqiperia.com\/blog\/wp-json\/wp\/v2\/users\/9"}],"replies":[{"embeddable":true,"href":"https:\/\/www.shqiperia.com\/blog\/wp-json\/wp\/v2\/comments?post=33071"}],"version-history":[{"count":1,"href":"https:\/\/www.shqiperia.com\/blog\/wp-json\/wp\/v2\/posts\/33071\/revisions"}],"predecessor-version":[{"id":33073,"href":"https:\/\/www.shqiperia.com\/blog\/wp-json\/wp\/v2\/posts\/33071\/revisions\/33073"}],"wp:featuredmedia":[{"embeddable":true,"href":"https:\/\/www.shqiperia.com\/blog\/wp-json\/wp\/v2\/media\/33072"}],"wp:attachment":[{"href":"https:\/\/www.shqiperia.com\/blog\/wp-json\/wp\/v2\/media?parent=33071"}],"wp:term":[{"taxonomy":"category","embeddable":true,"href":"https:\/\/www.shqiperia.com\/blog\/wp-json\/wp\/v2\/categories?post=33071"},{"taxonomy":"post_tag","embeddable":true,"href":"https:\/\/www.shqiperia.com\/blog\/wp-json\/wp\/v2\/tags?post=33071"}],"curies":[{"name":"wp","href":"https:\/\/api.w.org\/{rel}","templated":true}]}}