{"id":33066,"date":"2020-04-04T23:38:54","date_gmt":"2020-04-04T23:38:54","guid":{"rendered":"https:\/\/www.shqiperia.com\/blog\/?p=33066"},"modified":"2020-04-04T23:38:54","modified_gmt":"2020-04-04T23:38:54","slug":"erdha-ketu-i-uritur-ne-98-sot-dua-te-dhuroj-buke-per-te-skamurit","status":"publish","type":"post","link":"https:\/\/www.shqiperia.com\/blog\/erdha-ketu-i-uritur-ne-98-sot-dua-te-dhuroj-buke-per-te-skamurit\/","title":{"rendered":"\u201cErdha k\u00ebtu i uritur n\u00eb \u201998, sot dua t\u00eb dhuroj buk\u00eb p\u00ebr t\u00eb skamurit\u201d"},"content":{"rendered":"<p><img data-recalc-dims=\"1\" loading=\"lazy\" decoding=\"async\" data-attachment-id=\"33067\" data-permalink=\"https:\/\/www.shqiperia.com\/blog\/erdha-ketu-i-uritur-ne-98-sot-dua-te-dhuroj-buke-per-te-skamurit\/edmond-prenga-905x450-copy\/\" data-orig-file=\"https:\/\/i0.wp.com\/www.shqiperia.com\/blog\/wp-content\/uploads\/2020\/04\/edmond-prenga-905x450-Copy.jpeg?fit=482%2C266&amp;ssl=1\" data-orig-size=\"482,266\" data-comments-opened=\"1\" data-image-meta=\"{&quot;aperture&quot;:&quot;0&quot;,&quot;credit&quot;:&quot;&quot;,&quot;camera&quot;:&quot;&quot;,&quot;caption&quot;:&quot;&quot;,&quot;created_timestamp&quot;:&quot;0&quot;,&quot;copyright&quot;:&quot;&quot;,&quot;focal_length&quot;:&quot;0&quot;,&quot;iso&quot;:&quot;0&quot;,&quot;shutter_speed&quot;:&quot;0&quot;,&quot;title&quot;:&quot;&quot;,&quot;orientation&quot;:&quot;0&quot;}\" data-image-title=\"edmond prenga-\" data-image-description=\"\" data-image-caption=\"\" data-medium-file=\"https:\/\/i0.wp.com\/www.shqiperia.com\/blog\/wp-content\/uploads\/2020\/04\/edmond-prenga-905x450-Copy.jpeg?fit=300%2C166&amp;ssl=1\" data-large-file=\"https:\/\/i0.wp.com\/www.shqiperia.com\/blog\/wp-content\/uploads\/2020\/04\/edmond-prenga-905x450-Copy.jpeg?fit=482%2C266&amp;ssl=1\" class=\"alignnone  wp-image-33067\" alt=\"\" src=\"https:\/\/i0.wp.com\/www.shqiperia.com\/blog\/wp-content\/uploads\/2020\/04\/edmond-prenga-905x450-Copy.jpeg?resize=517%2C286&#038;ssl=1\" width=\"517\" height=\"286\" srcset=\"https:\/\/i0.wp.com\/www.shqiperia.com\/blog\/wp-content\/uploads\/2020\/04\/edmond-prenga-905x450-Copy.jpeg?resize=300%2C166&amp;ssl=1 300w, https:\/\/i0.wp.com\/www.shqiperia.com\/blog\/wp-content\/uploads\/2020\/04\/edmond-prenga-905x450-Copy.jpeg?resize=450%2C248&amp;ssl=1 450w, https:\/\/i0.wp.com\/www.shqiperia.com\/blog\/wp-content\/uploads\/2020\/04\/edmond-prenga-905x450-Copy.jpeg?resize=400%2C221&amp;ssl=1 400w, https:\/\/i0.wp.com\/www.shqiperia.com\/blog\/wp-content\/uploads\/2020\/04\/edmond-prenga-905x450-Copy.jpeg?w=482&amp;ssl=1 482w\" sizes=\"auto, (max-width: 517px) 100vw, 517px\" \/><\/p>\n<p><strong>\u201cErdha k\u00ebtu i uritur n\u00eb \u201998, sot dua t\u00eb dhuroj buk\u00eb p\u00ebr t\u00eb skamurit\u201d<\/strong><\/p>\n<p>4 prill \u00a02020<\/p>\n<p>Edmond Prenga \u00ebsht\u00eb nj\u00eb 39-vje\u00e7ar shqiptar q\u00eb mb\u00ebrriti n\u00eb Itali si emigrant, nd\u00ebrsa tani \u00ebsht\u00eb pronar i nj\u00eb furre buke n\u00eb Rom\u00eb.<\/p>\n<p>Ai ka vendosur t\u00eb nd\u00ebrmarr\u00eb nj\u00eb nism\u00eb humane n\u00eb k\u00ebto dit\u00eb t\u00eb v\u00ebshtira p\u00ebr Italin\u00eb, duke ofruar buk\u00eb falas p\u00ebr cilindo ka nevoj\u00eb.<\/p>\n<p>Edmondi shpjegon arsyet e k\u00ebtij gjesti njer\u00ebzor: \u201c<em>Kam provuar urin\u00eb, mb\u00ebrrita n\u00eb Itali n\u00eb 1998-n pa nj\u00eb lir\u00eb n\u00eb xhep, i njoh mire k\u00ebto probleme, k\u00ebshtu q\u00eb vendosa q\u00eb pakot me buk\u00eb t\u2019i lija jasht\u00eb furr\u00ebs, duke menduar q\u00eb njer\u00ebzit kan\u00eb turp t\u00eb k\u00ebrkojn\u00eb ushqim, dhe ishte mire t\u2019i lija ve\u00e7mas<\/em>\u201d.<\/p>\n<p>22 vite m\u00eb par\u00eb Italia e mir\u00ebpriti duke e ushqyer, dhe ai nuk e ka harruar t\u00eb shkuar\u00ebn andaj d\u00ebshiron t\u2019ua shp\u00ebrblej\u00eb.<\/p>\n<p>\u201c<em>U rrit\u00ebm me mitin e Italis\u00eb q\u00eb f\u00ebmij\u00eb n\u00eb Shqip\u00ebri, kemi \u00ebnd\u00ebrruar t\u00eb vinim k\u00ebtu. Marr\u00ebdh\u00ebnia me ju italian\u00ebt \u00ebsht\u00eb e fort\u00eb \u2013 thot\u00eb ai -. Ne shqiptar\u00ebt e njohim varf\u00ebrin\u00eb, sot po rim\u00ebk\u00ebmbemi, por nuk ka qen\u00eb gjithmon\u00eb k\u00ebshtu. Un\u00eb mendoj se Edi Rama b\u00ebri nj\u00eb gj\u00eb t\u00eb bukur, e cila tregon zemr\u00ebn e madhe t\u00eb shqiptar\u00ebve dhe lidhjen me Italin\u00eb<\/em>\u201d.<\/p>\n<div id=\"attachment_33068\" style=\"width: 630px\" class=\"wp-caption alignnone\"><img data-recalc-dims=\"1\" loading=\"lazy\" decoding=\"async\" aria-describedby=\"caption-attachment-33068\" data-attachment-id=\"33068\" data-permalink=\"https:\/\/www.shqiperia.com\/blog\/erdha-ketu-i-uritur-ne-98-sot-dua-te-dhuroj-buke-per-te-skamurit\/edmond-prenga-905x450-copy-2\/\" data-orig-file=\"https:\/\/i0.wp.com\/www.shqiperia.com\/blog\/wp-content\/uploads\/2020\/04\/edmond-prenga-905x450-Copy-1.jpeg?fit=482%2C266&amp;ssl=1\" data-orig-size=\"482,266\" data-comments-opened=\"1\" data-image-meta=\"{&quot;aperture&quot;:&quot;0&quot;,&quot;credit&quot;:&quot;&quot;,&quot;camera&quot;:&quot;&quot;,&quot;caption&quot;:&quot;&quot;,&quot;created_timestamp&quot;:&quot;0&quot;,&quot;copyright&quot;:&quot;&quot;,&quot;focal_length&quot;:&quot;0&quot;,&quot;iso&quot;:&quot;0&quot;,&quot;shutter_speed&quot;:&quot;0&quot;,&quot;title&quot;:&quot;&quot;,&quot;orientation&quot;:&quot;0&quot;}\" data-image-title=\"edmond prenga\" data-image-description=\"\" data-image-caption=\"&lt;p&gt;edmond prenga&lt;\/p&gt;\n\" data-medium-file=\"https:\/\/i0.wp.com\/www.shqiperia.com\/blog\/wp-content\/uploads\/2020\/04\/edmond-prenga-905x450-Copy-1.jpeg?fit=300%2C166&amp;ssl=1\" data-large-file=\"https:\/\/i0.wp.com\/www.shqiperia.com\/blog\/wp-content\/uploads\/2020\/04\/edmond-prenga-905x450-Copy-1.jpeg?fit=482%2C266&amp;ssl=1\" class=\" wp-image-33068\" alt=\"\" src=\"https:\/\/i0.wp.com\/www.shqiperia.com\/blog\/wp-content\/uploads\/2020\/04\/edmond-prenga-905x450-Copy-1.jpeg?resize=620%2C343&#038;ssl=1\" width=\"620\" height=\"343\" srcset=\"https:\/\/i0.wp.com\/www.shqiperia.com\/blog\/wp-content\/uploads\/2020\/04\/edmond-prenga-905x450-Copy-1.jpeg?resize=300%2C166&amp;ssl=1 300w, https:\/\/i0.wp.com\/www.shqiperia.com\/blog\/wp-content\/uploads\/2020\/04\/edmond-prenga-905x450-Copy-1.jpeg?resize=450%2C248&amp;ssl=1 450w, https:\/\/i0.wp.com\/www.shqiperia.com\/blog\/wp-content\/uploads\/2020\/04\/edmond-prenga-905x450-Copy-1.jpeg?resize=400%2C221&amp;ssl=1 400w, https:\/\/i0.wp.com\/www.shqiperia.com\/blog\/wp-content\/uploads\/2020\/04\/edmond-prenga-905x450-Copy-1.jpeg?w=482&amp;ssl=1 482w\" sizes=\"auto, (max-width: 620px) 100vw, 620px\" \/><p id=\"caption-attachment-33068\" class=\"wp-caption-text\">edmond prenga<\/p><\/div>\n<p>Shembullin e Edmond Preng\u00ebs e ndoq\u00ebn edhe pronar\u00eb t\u00eb tjer\u00eb t\u00eb bizneseve n\u00eb Itali. T\u00eb gjith\u00eb t\u00eb huajt.<\/p>\n<p>\u201c<em>Shpesh ndokush na ka sulmuar, por n\u00eb k\u00ebt\u00eb situat\u00eb krize nuk ka dallime feje dhe etnie. Jemi t\u00eb gjith\u00eb t\u00eb bashkuar. Zona e Piazza Bolonj\u00ebs gjithmon\u00eb na ka trajtuar mire, \u00ebsht\u00eb plot me njer\u00ebz t\u00eb rinj dhe t\u00eb mir\u00eb. Kur e vun\u00eb re nism\u00ebn ton\u00eb shum\u00eb u impresionuan<\/em>\u201d, mbyll rr\u00ebfimin e tij Edmondi.<\/p>\n<p>Q\u00eb prej lajmit t\u00eb mb\u00ebrritjes s\u00eb 30 mjek\u00ebve dhe infermier\u00ebve tan\u00eb atje, Shqip\u00ebria dhe komuniteti shqiptar n\u00eb Itali ka qen\u00eb n\u00eb v\u00ebmendjen e mediave vendase.<\/p>\n<p>Shum\u00eb media italiane e konsideruan shembullin e Shqip\u00ebris\u00eb s\u00eb vog\u00ebl nj\u00eb leksion p\u00ebr Bashkimin Evropian burokratik, nd\u00ebrsa n\u00eb mediat vendase ballafaqoheshin dy realitete ai i Shqip\u00ebris\u00eb gjat\u00eb eksodit t\u00eb fillim pluralizmit, dhe i Italis\u00eb s\u00eb gjunj\u00ebzuar sot n\u00eb pritje t\u00eb nj\u00eb dore t\u00eb shtrir\u00eb drejt saj.<\/p>\n<p>Megjithat\u00eb, nuk jan\u00eb vet\u00ebm mjek\u00ebt dhe infermier\u00ebt, por edhe shum\u00eb nisma personale si kjo e Edmondit q\u00eb po thyejn\u00eb dita-dit\u00ebs steriotipet e vjetra t\u00eb shqiptar\u00ebve si \u201chajdut\u00eb dhe kriminel\u00eb\u201d. Tanim\u00eb shqiptar\u00ebt po portretizohen n\u00eb mediat vendase si njer\u00ebz bujar\u00eb e me zem\u00ebr t\u00eb madhe, q\u00eb din\u00eb t\u2019i gjenden mikut n\u00eb v\u00ebshtir\u00ebsi.<\/p>\n<p><strong><em>e.r. dita<\/em><\/strong><\/p>\n","protected":false},"excerpt":{"rendered":"<p>\u201cErdha k\u00ebtu i uritur n\u00eb \u201998, sot dua t\u00eb dhuroj buk\u00eb p\u00ebr t\u00eb skamurit\u201d 4 prill \u00a02020 Edmond Prenga \u00ebsht\u00eb nj\u00eb 39-vje\u00e7ar shqiptar q\u00eb mb\u00ebrriti n\u00eb Itali si emigrant, nd\u00ebrsa tani \u00ebsht\u00eb pronar i nj\u00eb furre buke n\u00eb Rom\u00eb. Ai ka vendosur t\u00eb nd\u00ebrmarr\u00eb nj\u00eb nism\u00eb humane n\u00eb k\u00ebto dit\u00eb t\u00eb v\u00ebshtira p\u00ebr Italin\u00eb, duke [&hellip;]<\/p>\n","protected":false},"author":9,"featured_media":33067,"comment_status":"open","ping_status":"open","sticky":false,"template":"","format":"standard","meta":{"jetpack_post_was_ever_published":false,"_jetpack_newsletter_access":"","_jetpack_dont_email_post_to_subs":false,"_jetpack_newsletter_tier_id":0,"_jetpack_memberships_contains_paywalled_content":false,"_jetpack_memberships_contains_paid_content":false,"footnotes":"","jetpack_publicize_message":"","jetpack_publicize_feature_enabled":true,"jetpack_social_post_already_shared":true,"jetpack_social_options":{"image_generator_settings":{"template":"highway","default_image_id":0,"font":"","enabled":false},"version":2}},"categories":[27,1,35],"tags":[],"class_list":["post-33066","post","type-post","status-publish","format-standard","has-post-thumbnail","hentry","category-blogu-i-udhetarit","category-njoftime-shtypi","category-shoqerore"],"jetpack_publicize_connections":[],"jetpack_featured_media_url":"https:\/\/i0.wp.com\/www.shqiperia.com\/blog\/wp-content\/uploads\/2020\/04\/edmond-prenga-905x450-Copy.jpeg?fit=482%2C266&ssl=1","jetpack_sharing_enabled":true,"jetpack_shortlink":"https:\/\/wp.me\/p5Z6wp-8Bk","jetpack-related-posts":[{"id":50379,"url":"https:\/\/www.shqiperia.com\/blog\/ne-milano-rrinin-ne-radhe-per-buke-falas-a-do-fiken-dritat-rama-do-i-kisha-rene-shkurt-lajmet-jepen-ne-oren-1500-ne-1900-erresire\/","url_meta":{"origin":33066,"position":0},"title":"&#8220;N\u00eb Milano rrinin n\u00eb radh\u00eb p\u00ebr buk\u00eb falas&#8221;. &#8211; A do fiken dritat? Rama: &#8211; Do i kisha r\u00ebn\u00eb shkurt; lajmet jepen n\u00eb or\u00ebn 15:00, n\u00eb 19:00 err\u00ebsir\u00eb","author":"Kurt Farka","date":"October 8, 2021","format":false,"excerpt":"\"N\u00eb Milano rrinin n\u00eb radh\u00eb p\u00ebr buk\u00eb falas\". - A do fiken dritat? Rama: - Do i kisha r\u00ebn\u00eb shkurt; lajmet jepen n\u00eb or\u00ebn 15:00, n\u00eb 19:00 err\u00ebsir\u00eb 8 TETOR 2021 GAZETA SHQIP Kryeministri Edi Rama teksa u pyet n\u00ebse do t\u00eb kemi nj\u00eb dim\u00ebr pa drita, theksoi se n\u00ebse\u2026","rel":"","context":"In &quot;Blogu i Udh\u00ebtarit&quot;","block_context":{"text":"Blogu i Udh\u00ebtarit","link":"https:\/\/www.shqiperia.com\/blog\/category\/blogu-i-udhetarit\/"},"img":{"alt_text":"","src":"https:\/\/i0.wp.com\/www.shqiperia.com\/blog\/wp-content\/uploads\/2021\/10\/Edi-Rama.jpg?fit=573%2C357&ssl=1&resize=350%2C200","width":350,"height":200,"srcset":"https:\/\/i0.wp.com\/www.shqiperia.com\/blog\/wp-content\/uploads\/2021\/10\/Edi-Rama.jpg?fit=573%2C357&ssl=1&resize=350%2C200 1x, https:\/\/i0.wp.com\/www.shqiperia.com\/blog\/wp-content\/uploads\/2021\/10\/Edi-Rama.jpg?fit=573%2C357&ssl=1&resize=525%2C300 1.5x"},"classes":[]},{"id":75424,"url":"https:\/\/www.shqiperia.com\/blog\/shqiptaro-palestinezi-ne-gaza-jane-pa-uje-e-buke-nje-femije-i-tha-mamase-kur-do-vije-bomba-qe-te-vdesim\/","url_meta":{"origin":33066,"position":1},"title":"Shqiptaro-palestinezi: &#8211; N\u00eb Gaza jan\u00eb pa uj\u00eb e buk\u00eb, nj\u00eb f\u00ebmij\u00eb i tha mamas\u00eb kur do vij\u00eb bomba q\u00eb t\u00eb vdesim","author":"Kurt Farka","date":"November 8, 2023","format":false,"excerpt":"8 Nentor 2023 Shqiptaro-palestinezi, Ahmed Jaber n\u00eb nj\u00eb intervist\u00eb p\u00ebr emisionin \"Ora e Betit\" n\u00eb Ora News rr\u00ebfeu se familja e tij ndodhet n\u00eb Gaza dhe se komunimimi me to \u00ebsht\u00eb i v\u00ebshtir\u00eb sepse interneti \u00ebsht\u00eb shum\u00eb i dob\u00ebt. Gjitashtu Jaber tregoi edhe historit\u00eb rr\u00ebnqeth\u00ebse nga Gaza ku nj\u00eb f\u00ebmij\u00eb\u2026","rel":"","context":"In &quot;Blogu i Udh\u00ebtarit&quot;","block_context":{"text":"Blogu i Udh\u00ebtarit","link":"https:\/\/www.shqiperia.com\/blog\/category\/blogu-i-udhetarit\/"},"img":{"alt_text":"","src":"https:\/\/i0.wp.com\/www.shqiperia.com\/blog\/wp-content\/uploads\/2023\/11\/600-388-sequence-0100-22-37-06still1492-1699474807.jpg?fit=600%2C388&ssl=1&resize=350%2C200","width":350,"height":200,"srcset":"https:\/\/i0.wp.com\/www.shqiperia.com\/blog\/wp-content\/uploads\/2023\/11\/600-388-sequence-0100-22-37-06still1492-1699474807.jpg?fit=600%2C388&ssl=1&resize=350%2C200 1x, https:\/\/i0.wp.com\/www.shqiperia.com\/blog\/wp-content\/uploads\/2023\/11\/600-388-sequence-0100-22-37-06still1492-1699474807.jpg?fit=600%2C388&ssl=1&resize=525%2C300 1.5x"},"classes":[]},{"id":10368,"url":"https:\/\/www.shqiperia.com\/blog\/aktoret-paguhen-per-nje-cope-buke-robert-ndrenika-kjo-ministresha-nuk-me-dha-5-leke\/","url_meta":{"origin":33066,"position":2},"title":"\u201cAktor\u00ebt paguhen p\u00ebr nj\u00eb cop\u00eb buk\u00eb\u201d, &#8211; Robert Ndrenika: Kjo ministresha nuk m\u00eb dha 5 lek\u00eb. &#8211;","author":"Kurt Farka","date":"July 29, 2018","format":false,"excerpt":"\u201cAktor\u00ebt paguhen p\u00ebr nj\u00eb cop\u00eb buk\u00eb\u201d, - Robert Ndrenika: Kjo ministresha nuk m\u00eb dha 5 lek\u00eb. - Aktori Robert Ndrenika ka reaguar kund\u00ebr pr\/ligjit t\u00eb paraqitur nga Ministrja e Kultur\u00ebs, Mirela Kumbaro, p\u00ebr disa ndryshime n\u00eb ligjin aktual p\u00ebr Artin dhe Kultur\u00ebn. Ndrenika i \u00ebsht\u00eb bashkuar protest\u00ebs, nd\u00ebrsa ka v\u00ebn\u00eb\u2026","rel":"","context":"In &quot;Blogu i Udh\u00ebtarit&quot;","block_context":{"text":"Blogu i Udh\u00ebtarit","link":"https:\/\/www.shqiperia.com\/blog\/category\/blogu-i-udhetarit\/"},"img":{"alt_text":"","src":"https:\/\/i0.wp.com\/www.shqiperia.com\/blog\/wp-content\/uploads\/2018\/07\/Robert-ndrenika.jpg?fit=633%2C347&ssl=1&resize=350%2C200","width":350,"height":200,"srcset":"https:\/\/i0.wp.com\/www.shqiperia.com\/blog\/wp-content\/uploads\/2018\/07\/Robert-ndrenika.jpg?fit=633%2C347&ssl=1&resize=350%2C200 1x, https:\/\/i0.wp.com\/www.shqiperia.com\/blog\/wp-content\/uploads\/2018\/07\/Robert-ndrenika.jpg?fit=633%2C347&ssl=1&resize=525%2C300 1.5x"},"classes":[]},{"id":5111,"url":"https:\/\/www.shqiperia.com\/blog\/aktoret-paguhen-per-nje-cope-buke-flet-madhi-robert-ndrenika-kjo-ministresha-nuk-dha-5-leke\/","url_meta":{"origin":33066,"position":3},"title":"\u201cAktor\u00ebt paguhen p\u00ebr nj\u00eb cop\u00eb buk\u00eb\u201d, flet i madhi Robert Ndrenika: Kjo ministresha nuk m\u00eb dha 5 lek\u00eb. &#8211;","author":"Kurt Farka","date":"March 18, 2018","format":false,"excerpt":"Aktori i madh Robert Ndrenika ka reaguar kund\u00ebr pr\/ligjit t\u00eb paraqitur nga Ministrja e Kultur\u00ebs, Mirela Kumbaro, p\u00ebr disa ndryshime n\u00eb ligjin aktual p\u00ebr Artin dhe Kultur\u00ebn. Ndrenika i \u00ebsht\u00eb bashkuar protest\u00ebs, nd\u00ebrsa ka v\u00ebn\u00eb theksin n\u00eb at\u00eb q\u00eb Tiran\u00ebs i takon t\u00eb ket\u00eb nj\u00eb teat\u00ebr serioz dramatik, ashtu sikund\u00ebr\u2026","rel":"","context":"In &quot;Arte&quot;","block_context":{"text":"Arte","link":"https:\/\/www.shqiperia.com\/blog\/category\/arte\/"},"img":{"alt_text":"","src":"https:\/\/i0.wp.com\/www.shqiperia.com\/blog\/wp-content\/uploads\/2018\/03\/Robert-Ndrenika-3.jpg?fit=719%2C523&ssl=1&resize=350%2C200","width":350,"height":200,"srcset":"https:\/\/i0.wp.com\/www.shqiperia.com\/blog\/wp-content\/uploads\/2018\/03\/Robert-Ndrenika-3.jpg?fit=719%2C523&ssl=1&resize=350%2C200 1x, https:\/\/i0.wp.com\/www.shqiperia.com\/blog\/wp-content\/uploads\/2018\/03\/Robert-Ndrenika-3.jpg?fit=719%2C523&ssl=1&resize=525%2C300 1.5x, https:\/\/i0.wp.com\/www.shqiperia.com\/blog\/wp-content\/uploads\/2018\/03\/Robert-Ndrenika-3.jpg?fit=719%2C523&ssl=1&resize=700%2C400 2x"},"classes":[]},{"id":24654,"url":"https:\/\/www.shqiperia.com\/blog\/shkencetari-ben-buke-me-maja-4-500-vjecare-habitet-nga-shija\/","url_meta":{"origin":33066,"position":4},"title":"Shkenc\u00ebtari b\u00ebn buk\u00eb me maja 4.500 vje\u00e7are, habitet nga shija. &#8211;","author":"Kurt Farka","date":"August 11, 2019","format":false,"excerpt":"Shkenc\u00ebtari b\u00ebn buk\u00eb me maja 4.500 vje\u00e7are, habitet nga shija. - Shkenc\u00ebtari \u00a0Seamus Blackley, pati mund\u00ebsin\u00eb t\u00eb piqte buk\u00eb duke p\u00ebrdorur nj\u00eb maja 4.500-vje\u00e7are q\u00eb u gjet n\u00eb vazo t\u00eb lashta egjiptiane. Sipas Blackley, buka e asaj kohe \u00ebsht\u00eb shum\u00eb m\u00eb e mir\u00eb se sot. \u201cT\u00eb p\u00ebrs\u00ebrisnim t\u00eb nj\u00ebjt\u00ebn buk\u00eb\u2026","rel":"","context":"In &quot;Blogu i Udh\u00ebtarit&quot;","block_context":{"text":"Blogu i Udh\u00ebtarit","link":"https:\/\/www.shqiperia.com\/blog\/category\/blogu-i-udhetarit\/"},"img":{"alt_text":"","src":"https:\/\/i0.wp.com\/www.shqiperia.com\/blog\/wp-content\/uploads\/2019\/08\/Maja-buke-500-vjecare.jpg?fit=905%2C450&ssl=1&resize=350%2C200","width":350,"height":200,"srcset":"https:\/\/i0.wp.com\/www.shqiperia.com\/blog\/wp-content\/uploads\/2019\/08\/Maja-buke-500-vjecare.jpg?fit=905%2C450&ssl=1&resize=350%2C200 1x, https:\/\/i0.wp.com\/www.shqiperia.com\/blog\/wp-content\/uploads\/2019\/08\/Maja-buke-500-vjecare.jpg?fit=905%2C450&ssl=1&resize=525%2C300 1.5x, https:\/\/i0.wp.com\/www.shqiperia.com\/blog\/wp-content\/uploads\/2019\/08\/Maja-buke-500-vjecare.jpg?fit=905%2C450&ssl=1&resize=700%2C400 2x"},"classes":[]},{"id":33210,"url":"https:\/\/www.shqiperia.com\/blog\/pensionisti-nuk-mbrohem-kur-nuk-ze-kryeministrit-pse-te-me-zere-mua-ne-komunizem-e-haje-nje-cape-buke\/","url_meta":{"origin":33066,"position":5},"title":"Pensionisti: &#8211; Nuk mbrohem! Kur nuk z\u00eb kryeministrit, pse t\u00eb m\u00eb z\u00ebr\u00eb mua. N\u00eb komuniz\u00ebm e haje nj\u00eb \u00e7ap\u00eb buk\u00eb.","author":"Kurt Farka","date":"April 9, 2020","format":false,"excerpt":"Pensionisti: - Nuk mbrohem! Kur nuk z\u00eb kryeministrit, pse t\u00eb m\u00eb z\u00ebr\u00eb mua. N\u00eb komuniz\u00ebm e haje nj\u00eb \u00e7ap\u00eb buk\u00eb. \u2026 Un\u00eb dua t\u00eb shijoj k\u00ebto dit\u00eb q\u00eb m\u00eb kan\u00eb mbetur. Dua t\u00eb marr aj\u00ebr, t\u00eb marr diell, t\u00eb flas me udh\u00ebt. T\u00eb dukem gj\u00eb si i shkar\u00eb, \u2026 -\u2026","rel":"","context":"In &quot;Blogu i Udh\u00ebtarit&quot;","block_context":{"text":"Blogu i Udh\u00ebtarit","link":"https:\/\/www.shqiperia.com\/blog\/category\/blogu-i-udhetarit\/"},"img":{"alt_text":"","src":"https:\/\/i0.wp.com\/www.shqiperia.com\/blog\/wp-content\/uploads\/2020\/04\/adfff.jpg?fit=528%2C262&ssl=1&resize=350%2C200","width":350,"height":200,"srcset":"https:\/\/i0.wp.com\/www.shqiperia.com\/blog\/wp-content\/uploads\/2020\/04\/adfff.jpg?fit=528%2C262&ssl=1&resize=350%2C200 1x, https:\/\/i0.wp.com\/www.shqiperia.com\/blog\/wp-content\/uploads\/2020\/04\/adfff.jpg?fit=528%2C262&ssl=1&resize=525%2C300 1.5x"},"classes":[]}],"_links":{"self":[{"href":"https:\/\/www.shqiperia.com\/blog\/wp-json\/wp\/v2\/posts\/33066","targetHints":{"allow":["GET"]}}],"collection":[{"href":"https:\/\/www.shqiperia.com\/blog\/wp-json\/wp\/v2\/posts"}],"about":[{"href":"https:\/\/www.shqiperia.com\/blog\/wp-json\/wp\/v2\/types\/post"}],"author":[{"embeddable":true,"href":"https:\/\/www.shqiperia.com\/blog\/wp-json\/wp\/v2\/users\/9"}],"replies":[{"embeddable":true,"href":"https:\/\/www.shqiperia.com\/blog\/wp-json\/wp\/v2\/comments?post=33066"}],"version-history":[{"count":1,"href":"https:\/\/www.shqiperia.com\/blog\/wp-json\/wp\/v2\/posts\/33066\/revisions"}],"predecessor-version":[{"id":33069,"href":"https:\/\/www.shqiperia.com\/blog\/wp-json\/wp\/v2\/posts\/33066\/revisions\/33069"}],"wp:featuredmedia":[{"embeddable":true,"href":"https:\/\/www.shqiperia.com\/blog\/wp-json\/wp\/v2\/media\/33067"}],"wp:attachment":[{"href":"https:\/\/www.shqiperia.com\/blog\/wp-json\/wp\/v2\/media?parent=33066"}],"wp:term":[{"taxonomy":"category","embeddable":true,"href":"https:\/\/www.shqiperia.com\/blog\/wp-json\/wp\/v2\/categories?post=33066"},{"taxonomy":"post_tag","embeddable":true,"href":"https:\/\/www.shqiperia.com\/blog\/wp-json\/wp\/v2\/tags?post=33066"}],"curies":[{"name":"wp","href":"https:\/\/api.w.org\/{rel}","templated":true}]}}