{"id":33063,"date":"2020-04-04T23:18:43","date_gmt":"2020-04-04T23:18:43","guid":{"rendered":"https:\/\/www.shqiperia.com\/blog\/?p=33063"},"modified":"2020-04-04T23:18:43","modified_gmt":"2020-04-04T23:18:43","slug":"rama-i-kapur-ne-flagrance-gazment-bardhi-publikon-videon-dhe-hedh-akuzat-e-renda-ai-i-ka-genjyer-dhe-braktisur-qytetaret","status":"publish","type":"post","link":"https:\/\/www.shqiperia.com\/blog\/rama-i-kapur-ne-flagrance-gazment-bardhi-publikon-videon-dhe-hedh-akuzat-e-renda-ai-i-ka-genjyer-dhe-braktisur-qytetaret\/","title":{"rendered":"\u201cRama i kapur n\u00eb flagranc\u00eb\u201d, Gazment Bardhi publikon videon dhe hedh akuzat e r\u00ebnda: Ai i ka g\u00ebnjyer dhe braktisur qytetar\u00ebt!"},"content":{"rendered":"<p><img data-recalc-dims=\"1\" loading=\"lazy\" decoding=\"async\" data-attachment-id=\"33064\" data-permalink=\"https:\/\/www.shqiperia.com\/blog\/rama-i-kapur-ne-flagrance-gazment-bardhi-publikon-videon-dhe-hedh-akuzat-e-renda-ai-i-ka-genjyer-dhe-braktisur-qytetaret\/download-71\/\" data-orig-file=\"https:\/\/i0.wp.com\/www.shqiperia.com\/blog\/wp-content\/uploads\/2020\/04\/download.jpg?fit=299%2C168&amp;ssl=1\" data-orig-size=\"299,168\" data-comments-opened=\"1\" data-image-meta=\"{&quot;aperture&quot;:&quot;0&quot;,&quot;credit&quot;:&quot;&quot;,&quot;camera&quot;:&quot;&quot;,&quot;caption&quot;:&quot;&quot;,&quot;created_timestamp&quot;:&quot;0&quot;,&quot;copyright&quot;:&quot;&quot;,&quot;focal_length&quot;:&quot;0&quot;,&quot;iso&quot;:&quot;0&quot;,&quot;shutter_speed&quot;:&quot;0&quot;,&quot;title&quot;:&quot;&quot;,&quot;orientation&quot;:&quot;0&quot;}\" data-image-title=\"download\" data-image-description=\"\" data-image-caption=\"\" data-medium-file=\"https:\/\/i0.wp.com\/www.shqiperia.com\/blog\/wp-content\/uploads\/2020\/04\/download.jpg?fit=299%2C168&amp;ssl=1\" data-large-file=\"https:\/\/i0.wp.com\/www.shqiperia.com\/blog\/wp-content\/uploads\/2020\/04\/download.jpg?fit=299%2C168&amp;ssl=1\" class=\"alignnone  wp-image-33064\" alt=\"\" src=\"https:\/\/i0.wp.com\/www.shqiperia.com\/blog\/wp-content\/uploads\/2020\/04\/download.jpg?resize=450%2C253&#038;ssl=1\" width=\"450\" height=\"253\" \/><\/p>\n<p>\u201cRama i kapur n\u00eb flagranc\u00eb\u201d, Gazment Bardhi publikon videon dhe hedh akuzat e r\u00ebnda: Ai i ka g\u00ebnjyer dhe braktisur qytetar\u00ebt!<\/p>\n<p>4 Prill 2020<\/p>\n<p>Sekretari i p\u00ebrgjithsh\u00ebm i PD-s\u00eb, Gazment Bardhi shkruan n\u00eb rrjetet sociale se kreu i qeveris\u00eb \u00ebsht\u00eb kapur n\u00eb flagranc\u00eb duke g\u00ebnjyer.<\/p>\n<p>Bardhi thekson se i ka g\u00ebnjyer dhe braktisur qytetar\u00ebt, sa i takon deklarat\u00ebs se \u201cnuk do t\u00eb vij\u00eb fundi i muajit pa pag\u00ebn e gjithkujt nd\u00ebr ju q\u00eb q\u00ebndron n\u00eb sht\u00ebpi si pasoj\u00eb e mbylljes s\u00eb biznesit ku punon!\u201d.<\/p>\n<p>Postimi i plot\u00eb:<\/p>\n<p>M\u00eb 17 mars Edi Rama u premtoi shqiptar\u00ebve se \u201cNUK DO T\u00cb VIJ\u00cb FUNDI I MUAJIT PA PAG\u00cbN E GJITHKUJT ND\u00cbR JU Q\u00cb Q\u00cbNDRON N\u00cb SHT\u00cbPI SI PASOJ\u00cb E MBYLLJES S\u00cb BIZNESIT KU PUNON!\u201d.<\/p>\n<p>E v\u00ebrteta \u00ebsht\u00eb se Edi Rama i ka g\u00ebnjyer dhe braktisur qytetar\u00ebt. Ai kapet \u00e7do dit\u00eb n\u00eb flagranc\u00eb duke g\u00ebnjyer shqiptar\u00ebt.<\/p>\n<ol>\n<li>Premtoi se gjithkush do t\u00eb ken\u00eb pages\u00ebn n\u00eb fund t\u00eb muajit mars p\u00ebr bizneset e mbyllura, por marsi kaloi dhe ai nuk dha asnj\u00eb qindark\u00eb.<\/li>\n<li>Premtoi se askush nuk do t\u00eb mbetet pa ndihm\u00eb financiare, por la jasht\u00eb paketes s\u00eb ndihm\u00ebs mij\u00ebra biznese dhe qindra mij\u00eb kryefamiljar\u00eb dhe qytetar\u00eb n\u00eb nevoj\u00eb.<\/li>\n<\/ol>\n<p>Gazeta Sot<\/p>\n","protected":false},"excerpt":{"rendered":"<p>\u201cRama i kapur n\u00eb flagranc\u00eb\u201d, Gazment Bardhi publikon videon dhe hedh akuzat e r\u00ebnda: Ai i ka g\u00ebnjyer dhe braktisur qytetar\u00ebt! 4 Prill 2020 Sekretari i p\u00ebrgjithsh\u00ebm i PD-s\u00eb, Gazment Bardhi shkruan n\u00eb rrjetet sociale se kreu i qeveris\u00eb \u00ebsht\u00eb kapur n\u00eb flagranc\u00eb duke g\u00ebnjyer. Bardhi thekson se i ka g\u00ebnjyer dhe braktisur qytetar\u00ebt, sa [&hellip;]<\/p>\n","protected":false},"author":9,"featured_media":33064,"comment_status":"open","ping_status":"open","sticky":false,"template":"","format":"standard","meta":{"jetpack_post_was_ever_published":false,"_jetpack_newsletter_access":"","_jetpack_dont_email_post_to_subs":false,"_jetpack_newsletter_tier_id":0,"_jetpack_memberships_contains_paywalled_content":false,"_jetpack_memberships_contains_paid_content":false,"footnotes":"","jetpack_publicize_message":"","jetpack_publicize_feature_enabled":true,"jetpack_social_post_already_shared":true,"jetpack_social_options":{"image_generator_settings":{"template":"highway","default_image_id":0,"font":"","enabled":false},"version":2}},"categories":[27,1,35],"tags":[],"class_list":["post-33063","post","type-post","status-publish","format-standard","has-post-thumbnail","hentry","category-blogu-i-udhetarit","category-njoftime-shtypi","category-shoqerore"],"jetpack_publicize_connections":[],"jetpack_featured_media_url":"https:\/\/i0.wp.com\/www.shqiperia.com\/blog\/wp-content\/uploads\/2020\/04\/download.jpg?fit=299%2C168&ssl=1","jetpack_sharing_enabled":true,"jetpack_shortlink":"https:\/\/wp.me\/p5Z6wp-8Bh","jetpack-related-posts":[{"id":35168,"url":"https:\/\/www.shqiperia.com\/blog\/rama-flet-si-banda-e-shijakut-dhe-vjedh-si-ajo-e-durresit-gazment-bardhi-publikon-videon-dhe-shperthen-me-akuza-te-renda-ndaj-kryeministrit-solidaritet-mes-cunave-problematike\/","url_meta":{"origin":33063,"position":0},"title":"\u201cRama flet si banda e Shijakut dhe vjedh si ajo e Durr\u00ebsit\u201d, Gazment Bardhi publikon videon dhe shp\u00ebrthen me akuza t\u00eb r\u00ebnda ndaj kryeministrit: Solidaritet mes \u00e7unave problematik\u00eb!","author":"Kurt Farka","date":"May 28, 2020","format":false,"excerpt":"\u201cRama flet si banda e Shijakut dhe vjedh si ajo e Durr\u00ebsit\u201d, Gazment Bardhi publikon videon dhe shp\u00ebrthen me akuza t\u00eb r\u00ebnda ndaj kryeministrit: Solidaritet mes \u00e7unave problematik\u00eb! 28 MAJ 2020 Ish-deputeti i PD, Gazmend Bardhi ka kujtuar edhe nj\u00ebher\u00eb p\u00ebrgjimet e \u2018Bild\u2019 p\u00ebr vjedhjen e votave n\u00eb Durr\u00ebs e\u2026","rel":"","context":"In &quot;Blogu i Udh\u00ebtarit&quot;","block_context":{"text":"Blogu i Udh\u00ebtarit","link":"https:\/\/www.shqiperia.com\/blog\/category\/blogu-i-udhetarit\/"},"img":{"alt_text":"","src":"https:\/\/i0.wp.com\/www.shqiperia.com\/blog\/wp-content\/uploads\/2020\/05\/800-0-5ecf9c17afe78.png?fit=800%2C443&ssl=1&resize=350%2C200","width":350,"height":200,"srcset":"https:\/\/i0.wp.com\/www.shqiperia.com\/blog\/wp-content\/uploads\/2020\/05\/800-0-5ecf9c17afe78.png?fit=800%2C443&ssl=1&resize=350%2C200 1x, https:\/\/i0.wp.com\/www.shqiperia.com\/blog\/wp-content\/uploads\/2020\/05\/800-0-5ecf9c17afe78.png?fit=800%2C443&ssl=1&resize=525%2C300 1.5x, https:\/\/i0.wp.com\/www.shqiperia.com\/blog\/wp-content\/uploads\/2020\/05\/800-0-5ecf9c17afe78.png?fit=800%2C443&ssl=1&resize=700%2C400 2x"},"classes":[]},{"id":97345,"url":"https:\/\/www.shqiperia.com\/blog\/skandal-ne-kuvend-bardhi-publikon-video-kryeministri-genjeuper-ceshtjen-e-mbetjeve-te-rrezikshme\/","url_meta":{"origin":33063,"position":1},"title":"Skandal n\u00eb Kuvend\/ Bardhi publikon video: &#8211; Kryeministri g\u00ebnjeup\u00ebr \u00e7\u00ebshtjen e mbetjeve t\u00eb rrezikshme","author":"Kurt Farka","date":"February 4, 2026","format":false,"excerpt":"4 Shkurt 2026 Reagimi i plot\u00eb i Gazment Bardhit: Nga mohimi i Edi Ram\u00ebs n\u00eb Parlament p\u00ebr mbetjet e rrezikshme tek 33 masat e siguris\u00eb! 12 shtator 2024. Nga foltorja e Kuvendit paralajm\u00ebrova p\u00ebr eksportin e mbetjeve t\u00eb rrezikshme nga Shqip\u00ebria. Edi Rama i quajti pyetjet q\u00eb nxirrnin p\u00ebrgjegj\u00ebsit\u00eb e\u2026","rel":"","context":"In &quot;Blogu i Udh\u00ebtarit&quot;","block_context":{"text":"Blogu i Udh\u00ebtarit","link":"https:\/\/www.shqiperia.com\/blog\/category\/blogu-i-udhetarit\/"},"img":{"alt_text":"","src":"https:\/\/i0.wp.com\/www.shqiperia.com\/blog\/wp-content\/uploads\/2026\/02\/900-0-1689066145xramiu34png-832.png?fit=900%2C684&ssl=1&resize=350%2C200","width":350,"height":200,"srcset":"https:\/\/i0.wp.com\/www.shqiperia.com\/blog\/wp-content\/uploads\/2026\/02\/900-0-1689066145xramiu34png-832.png?fit=900%2C684&ssl=1&resize=350%2C200 1x, https:\/\/i0.wp.com\/www.shqiperia.com\/blog\/wp-content\/uploads\/2026\/02\/900-0-1689066145xramiu34png-832.png?fit=900%2C684&ssl=1&resize=525%2C300 1.5x, https:\/\/i0.wp.com\/www.shqiperia.com\/blog\/wp-content\/uploads\/2026\/02\/900-0-1689066145xramiu34png-832.png?fit=900%2C684&ssl=1&resize=700%2C400 2x"},"classes":[]},{"id":79816,"url":"https:\/\/www.shqiperia.com\/blog\/gazmend-bardhi-blendi-fevziu-olsi-rama-ne-spak-dhe-ai-qe-po-i-futet-ne-pantallona-ulsiut\/","url_meta":{"origin":33063,"position":2},"title":"Gazmend Bardhi, Blendi Fevziu, &#8211; \u201cOlsi Rama n\u00eb SPAK\u201d (dhe ai q\u00eb po i futet n\u00eb pantallona Ulsiut).","author":"Kurt Farka","date":"April 2, 2024","format":false,"excerpt":"2 Prill 2024 Nga Adriatik Do\u00e7i Ka 10 vjet q\u00eb opozita humbet \u00e7do pal\u00eb zgjedhje, saq\u00eb vitet e fundit ka nisur t\u00eb zbehet edhe kureshtja p\u00ebr rezultatin. Krer\u00ebt e saj kan\u00eb pretendimet e tyre p\u00ebr shkaqet e serialit t\u00eb humbjeve n\u00eb 2013, 2015, 2017, 2019, 2021, 2023\u2026 Albert Einstein-it i\u2026","rel":"","context":"In &quot;Blogu i Udh\u00ebtarit&quot;","block_context":{"text":"Blogu i Udh\u00ebtarit","link":"https:\/\/www.shqiperia.com\/blog\/category\/blogu-i-udhetarit\/"},"img":{"alt_text":"","src":"https:\/\/i0.wp.com\/www.shqiperia.com\/blog\/wp-content\/uploads\/2024\/04\/800-0-ab3bfa5204db268caddbca6ded128966.jpg?fit=757%2C452&ssl=1&resize=350%2C200","width":350,"height":200,"srcset":"https:\/\/i0.wp.com\/www.shqiperia.com\/blog\/wp-content\/uploads\/2024\/04\/800-0-ab3bfa5204db268caddbca6ded128966.jpg?fit=757%2C452&ssl=1&resize=350%2C200 1x, https:\/\/i0.wp.com\/www.shqiperia.com\/blog\/wp-content\/uploads\/2024\/04\/800-0-ab3bfa5204db268caddbca6ded128966.jpg?fit=757%2C452&ssl=1&resize=525%2C300 1.5x, https:\/\/i0.wp.com\/www.shqiperia.com\/blog\/wp-content\/uploads\/2024\/04\/800-0-ab3bfa5204db268caddbca6ded128966.jpg?fit=757%2C452&ssl=1&resize=700%2C400 2x"},"classes":[]},{"id":30445,"url":"https:\/\/www.shqiperia.com\/blog\/kush-e-ka-rradhen-gazment-bardhi-publikon-harten-e-kryebashkiakeve-me-te-kaluar-kriminale-dhe-tregon-cfare-pritet-te-ndodh\/","url_meta":{"origin":33063,"position":3},"title":"\u201cKush e ka rradh\u00ebn\u201d, Gazment Bardhi publikon hart\u00ebn e kryebashkiak\u00ebve me t\u00eb kaluar kriminale dhe tregon \u00e7far\u00eb pritet t\u00eb ndodh.","author":"Kurt Farka","date":"January 18, 2020","format":false,"excerpt":"\u201cKush e ka rradh\u00ebn\u201d, Gazment Bardhi publikon hart\u00ebn e kryebashkiak\u00ebve me t\u00eb kaluar kriminale dhe tregon \u00e7far\u00eb pritet t\u00eb ndodh 17 JANAR 2020 Sekretari i p\u00ebrgjithsh\u00ebm i Partis\u00eb Demokratike, Gazment Bardhi publikoi sot hart\u00ebn e kryebashkiak\u00ebve t\u00eb denoncuar nga PD me t\u00eb kaluar kriminale. Nd\u00ebrsa shtron pyetjen \u201cKush \u00ebsht\u00eb i\u2026","rel":"","context":"In &quot;Politika&quot;","block_context":{"text":"Politika","link":"https:\/\/www.shqiperia.com\/blog\/category\/politika\/"},"img":{"alt_text":"","src":"https:\/\/i0.wp.com\/www.shqiperia.com\/blog\/wp-content\/uploads\/2020\/01\/800-0-5e2181c1f40a7.jpg?fit=800%2C466&ssl=1&resize=350%2C200","width":350,"height":200,"srcset":"https:\/\/i0.wp.com\/www.shqiperia.com\/blog\/wp-content\/uploads\/2020\/01\/800-0-5e2181c1f40a7.jpg?fit=800%2C466&ssl=1&resize=350%2C200 1x, https:\/\/i0.wp.com\/www.shqiperia.com\/blog\/wp-content\/uploads\/2020\/01\/800-0-5e2181c1f40a7.jpg?fit=800%2C466&ssl=1&resize=525%2C300 1.5x, https:\/\/i0.wp.com\/www.shqiperia.com\/blog\/wp-content\/uploads\/2020\/01\/800-0-5e2181c1f40a7.jpg?fit=800%2C466&ssl=1&resize=700%2C400 2x"},"classes":[]},{"id":64108,"url":"https:\/\/www.shqiperia.com\/blog\/alibeaj-po-punon-me-ramen-negociatat-per-bashkimin-e-pd-edmond-spaho-gazment-bardhi-nuk-ishte-pengese-per-te-zhvilluar-primare\/","url_meta":{"origin":33063,"position":4},"title":"\u201cAlibeaj po punon me Ram\u00ebn!\u201d- Negociatat p\u00ebr bashkimin e PD, Edmond Spaho: &#8211; Gazment Bardhi nuk ishte penges\u00eb p\u00ebr t\u00eb zhvilluar primare!","author":"Kurt Farka","date":"November 8, 2022","format":false,"excerpt":"8 Nentor 2022 Deputeti i Partis\u00eb Demokratike Edmond Spaho ka deklaruar mbr\u00ebmjen e sotme se Enkelejd Alibeaj ka qen\u00eb ai q\u00eb ka kund\u00ebrshtuar negociatat mes dy pal\u00ebve n\u00eb PD. Ai tha n\u00eb Abc se Alibeaj po punon m\u00eb shum\u00eb se askush tjet\u00ebr me kryeministrin Edi Rama duke theksuar se Gazment\u2026","rel":"","context":"In &quot;Blogu i Udh\u00ebtarit&quot;","block_context":{"text":"Blogu i Udh\u00ebtarit","link":"https:\/\/www.shqiperia.com\/blog\/category\/blogu-i-udhetarit\/"},"img":{"alt_text":"","src":"https:\/\/i0.wp.com\/www.shqiperia.com\/blog\/wp-content\/uploads\/2022\/11\/WhatsApp-Image-2022-11-08-at-8.20.05-PM-770x433-1.jpeg?fit=770%2C433&ssl=1&resize=350%2C200","width":350,"height":200,"srcset":"https:\/\/i0.wp.com\/www.shqiperia.com\/blog\/wp-content\/uploads\/2022\/11\/WhatsApp-Image-2022-11-08-at-8.20.05-PM-770x433-1.jpeg?fit=770%2C433&ssl=1&resize=350%2C200 1x, https:\/\/i0.wp.com\/www.shqiperia.com\/blog\/wp-content\/uploads\/2022\/11\/WhatsApp-Image-2022-11-08-at-8.20.05-PM-770x433-1.jpeg?fit=770%2C433&ssl=1&resize=525%2C300 1.5x, https:\/\/i0.wp.com\/www.shqiperia.com\/blog\/wp-content\/uploads\/2022\/11\/WhatsApp-Image-2022-11-08-at-8.20.05-PM-770x433-1.jpeg?fit=770%2C433&ssl=1&resize=700%2C400 2x"},"classes":[]},{"id":45340,"url":"https:\/\/www.shqiperia.com\/blog\/gazment-bardhi-ben-deklaraten-e-forte-pas-25-prillit-edi-rama-shkon-ne-burg\/","url_meta":{"origin":33063,"position":5},"title":"Gazment Bardhi b\u00ebn deklarat\u00ebn e fort\u00eb: &#8211; Pas 25 prillit, Edi Rama shkon n\u00eb burg!","author":"Kurt Farka","date":"March 15, 2021","format":false,"excerpt":"Gazment Bardhi b\u00ebn deklarat\u00ebn e fort\u00eb: - Pas 25 prillit, Edi Rama shkon n\u00eb burg! 15 Mars, 2021 Sekretari i P\u00ebrgjithsh\u00ebm i Partis\u00eb Demokratike, Gazment Bardhi, ka qen\u00eb i ftuar n\u00eb emisionin \u201cT\u00eb Paekspozuarit\u201d nga Ylli Rakipi n\u00eb MCN TV. Bardhi foli p\u00ebr p\u00ebrfshirjen e element\u00ebve kriminal\u00eb n\u00eb fushat\u00eb, duke\u2026","rel":"","context":"In &quot;Blogu i Udh\u00ebtarit&quot;","block_context":{"text":"Blogu i Udh\u00ebtarit","link":"https:\/\/www.shqiperia.com\/blog\/category\/blogu-i-udhetarit\/"},"img":{"alt_text":"","src":"https:\/\/i0.wp.com\/www.shqiperia.com\/blog\/wp-content\/uploads\/2021\/03\/Gazmend-Bardhi.jpg?fit=956%2C549&ssl=1&resize=350%2C200","width":350,"height":200,"srcset":"https:\/\/i0.wp.com\/www.shqiperia.com\/blog\/wp-content\/uploads\/2021\/03\/Gazmend-Bardhi.jpg?fit=956%2C549&ssl=1&resize=350%2C200 1x, https:\/\/i0.wp.com\/www.shqiperia.com\/blog\/wp-content\/uploads\/2021\/03\/Gazmend-Bardhi.jpg?fit=956%2C549&ssl=1&resize=525%2C300 1.5x, https:\/\/i0.wp.com\/www.shqiperia.com\/blog\/wp-content\/uploads\/2021\/03\/Gazmend-Bardhi.jpg?fit=956%2C549&ssl=1&resize=700%2C400 2x"},"classes":[]}],"_links":{"self":[{"href":"https:\/\/www.shqiperia.com\/blog\/wp-json\/wp\/v2\/posts\/33063","targetHints":{"allow":["GET"]}}],"collection":[{"href":"https:\/\/www.shqiperia.com\/blog\/wp-json\/wp\/v2\/posts"}],"about":[{"href":"https:\/\/www.shqiperia.com\/blog\/wp-json\/wp\/v2\/types\/post"}],"author":[{"embeddable":true,"href":"https:\/\/www.shqiperia.com\/blog\/wp-json\/wp\/v2\/users\/9"}],"replies":[{"embeddable":true,"href":"https:\/\/www.shqiperia.com\/blog\/wp-json\/wp\/v2\/comments?post=33063"}],"version-history":[{"count":1,"href":"https:\/\/www.shqiperia.com\/blog\/wp-json\/wp\/v2\/posts\/33063\/revisions"}],"predecessor-version":[{"id":33065,"href":"https:\/\/www.shqiperia.com\/blog\/wp-json\/wp\/v2\/posts\/33063\/revisions\/33065"}],"wp:featuredmedia":[{"embeddable":true,"href":"https:\/\/www.shqiperia.com\/blog\/wp-json\/wp\/v2\/media\/33064"}],"wp:attachment":[{"href":"https:\/\/www.shqiperia.com\/blog\/wp-json\/wp\/v2\/media?parent=33063"}],"wp:term":[{"taxonomy":"category","embeddable":true,"href":"https:\/\/www.shqiperia.com\/blog\/wp-json\/wp\/v2\/categories?post=33063"},{"taxonomy":"post_tag","embeddable":true,"href":"https:\/\/www.shqiperia.com\/blog\/wp-json\/wp\/v2\/tags?post=33063"}],"curies":[{"name":"wp","href":"https:\/\/api.w.org\/{rel}","templated":true}]}}