{"id":33059,"date":"2020-04-04T15:52:12","date_gmt":"2020-04-04T15:52:12","guid":{"rendered":"https:\/\/www.shqiperia.com\/blog\/?p=33059"},"modified":"2020-04-04T15:52:12","modified_gmt":"2020-04-04T15:52:12","slug":"kreshnik-spahiu-publikon-pamjet-ne-keto-momente-kur-bota-po-digjet-shini-cfare-po-ndodh-ne-himare","status":"publish","type":"post","link":"https:\/\/www.shqiperia.com\/blog\/kreshnik-spahiu-publikon-pamjet-ne-keto-momente-kur-bota-po-digjet-shini-cfare-po-ndodh-ne-himare\/","title":{"rendered":"Kreshnik Spahiu publikon pamjet: &#8211; N\u00eb k\u00ebto momente kur bota po \u201cdigjet\u201d, shini \u00e7far\u00eb po ndodh n\u00eb Himar\u00eb."},"content":{"rendered":"<p><img data-recalc-dims=\"1\" loading=\"lazy\" decoding=\"async\" data-attachment-id=\"33060\" data-permalink=\"https:\/\/www.shqiperia.com\/blog\/kreshnik-spahiu-publikon-pamjet-ne-keto-momente-kur-bota-po-digjet-shini-cfare-po-ndodh-ne-himare\/flamuri-i-vorio-epirit-himare-4-prill-2020-2\/\" data-orig-file=\"https:\/\/i0.wp.com\/www.shqiperia.com\/blog\/wp-content\/uploads\/2020\/04\/Flamuri-i-Vorio-Epirit-Himare-4-prill-2020-2.jpg?fit=403%2C215&amp;ssl=1\" data-orig-size=\"403,215\" data-comments-opened=\"1\" data-image-meta=\"{&quot;aperture&quot;:&quot;0&quot;,&quot;credit&quot;:&quot;&quot;,&quot;camera&quot;:&quot;&quot;,&quot;caption&quot;:&quot;&quot;,&quot;created_timestamp&quot;:&quot;0&quot;,&quot;copyright&quot;:&quot;&quot;,&quot;focal_length&quot;:&quot;0&quot;,&quot;iso&quot;:&quot;0&quot;,&quot;shutter_speed&quot;:&quot;0&quot;,&quot;title&quot;:&quot;&quot;,&quot;orientation&quot;:&quot;0&quot;}\" data-image-title=\"Flamuri i Vorio Epirit Himare 4 prill 2020 (2)\" data-image-description=\"\" data-image-caption=\"\" data-medium-file=\"https:\/\/i0.wp.com\/www.shqiperia.com\/blog\/wp-content\/uploads\/2020\/04\/Flamuri-i-Vorio-Epirit-Himare-4-prill-2020-2.jpg?fit=300%2C160&amp;ssl=1\" data-large-file=\"https:\/\/i0.wp.com\/www.shqiperia.com\/blog\/wp-content\/uploads\/2020\/04\/Flamuri-i-Vorio-Epirit-Himare-4-prill-2020-2.jpg?fit=403%2C215&amp;ssl=1\" class=\"alignnone  wp-image-33060\" alt=\"\" src=\"https:\/\/i0.wp.com\/www.shqiperia.com\/blog\/wp-content\/uploads\/2020\/04\/Flamuri-i-Vorio-Epirit-Himare-4-prill-2020-2.jpg?resize=426%2C227&#038;ssl=1\" width=\"426\" height=\"227\" srcset=\"https:\/\/i0.wp.com\/www.shqiperia.com\/blog\/wp-content\/uploads\/2020\/04\/Flamuri-i-Vorio-Epirit-Himare-4-prill-2020-2.jpg?resize=300%2C160&amp;ssl=1 300w, https:\/\/i0.wp.com\/www.shqiperia.com\/blog\/wp-content\/uploads\/2020\/04\/Flamuri-i-Vorio-Epirit-Himare-4-prill-2020-2.jpg?resize=400%2C213&amp;ssl=1 400w, https:\/\/i0.wp.com\/www.shqiperia.com\/blog\/wp-content\/uploads\/2020\/04\/Flamuri-i-Vorio-Epirit-Himare-4-prill-2020-2.jpg?w=403&amp;ssl=1 403w\" sizes=\"auto, (max-width: 426px) 100vw, 426px\" \/><\/p>\n<p>Kreshnik Spahiu publikon pamjet: &#8211; N\u00eb k\u00ebto momente kur bota po \u201cdigjet\u201d, shini \u00e7far\u00eb po ndodh n\u00eb Himar\u00eb.<\/p>\n<p>4 Prill 2020<\/p>\n<p>Numri i t\u00eb infektuarve me Covid-19 n\u00eb t\u00eb gjith\u00eb bot\u00ebn ka shkuar n\u00eb rreth 1,1 milion.<\/p>\n<p>Sipas statistikave t\u00eb publikuara nga Universiteti amerikan John Hopkins numri i personave t\u00eb vdekur nga koronavirusi ka shkuar n\u00eb 60,115.<\/p>\n<p>Kjo situat\u00eb e frikshme ka sjell\u00eb izolim n\u00eb shum\u00eb shtete t\u00eb bot\u00ebs.<\/p>\n<p>Ish-kreu i Aleanc\u00ebs Kuq e Zi Kreshnik Spahiu shprehet se n\u00eb k\u00ebto momente t\u00eb r\u00ebnda, Himara po mbushet me flamuj\u00a0t\u00eb \u201cVorio-Epirit\u201d.<\/p>\n<p><strong>Kreshnik Spahiu shkruan:<\/strong><\/p>\n<p>\u201cPO NDODH: N\u00eb k\u00ebto momente kur bota po \u201cdigjet\u201d,<br \/>\n#Himara\u00a0krihet me flamuj t\u00eb \u201cVorio-Epirit\u201d\u00a0duke tentuar ta greqizojn\u00eb Shqip\u00ebrin\u00eb dhe t\u00eb ringjallin kryq-zat\u00ebn separatiste n\u00eb vigjilje t\u00eb Pashk\u00ebve&#8230;\u201d.<\/p>\n<div id=\"attachment_33061\" style=\"width: 476px\" class=\"wp-caption alignnone\"><img data-recalc-dims=\"1\" loading=\"lazy\" decoding=\"async\" aria-describedby=\"caption-attachment-33061\" data-attachment-id=\"33061\" data-permalink=\"https:\/\/www.shqiperia.com\/blog\/kreshnik-spahiu-publikon-pamjet-ne-keto-momente-kur-bota-po-digjet-shini-cfare-po-ndodh-ne-himare\/flamuri-i-vorio-epirit-himare-4-prill-2020\/\" data-orig-file=\"https:\/\/i0.wp.com\/www.shqiperia.com\/blog\/wp-content\/uploads\/2020\/04\/Flamuri-i-Vorio-Epirit-Himare-4-prill-2020.jpg?fit=403%2C498&amp;ssl=1\" data-orig-size=\"403,498\" data-comments-opened=\"1\" data-image-meta=\"{&quot;aperture&quot;:&quot;0&quot;,&quot;credit&quot;:&quot;&quot;,&quot;camera&quot;:&quot;&quot;,&quot;caption&quot;:&quot;&quot;,&quot;created_timestamp&quot;:&quot;0&quot;,&quot;copyright&quot;:&quot;&quot;,&quot;focal_length&quot;:&quot;0&quot;,&quot;iso&quot;:&quot;0&quot;,&quot;shutter_speed&quot;:&quot;0&quot;,&quot;title&quot;:&quot;&quot;,&quot;orientation&quot;:&quot;0&quot;}\" data-image-title=\"Flamuri i Vorio Epirit Himare 4 prill 2020\" data-image-description=\"\" data-image-caption=\"&lt;p&gt;Flamuri i Vorio Epirit Himare 4 prill 2020&lt;\/p&gt;\n\" data-medium-file=\"https:\/\/i0.wp.com\/www.shqiperia.com\/blog\/wp-content\/uploads\/2020\/04\/Flamuri-i-Vorio-Epirit-Himare-4-prill-2020.jpg?fit=243%2C300&amp;ssl=1\" data-large-file=\"https:\/\/i0.wp.com\/www.shqiperia.com\/blog\/wp-content\/uploads\/2020\/04\/Flamuri-i-Vorio-Epirit-Himare-4-prill-2020.jpg?fit=403%2C498&amp;ssl=1\" class=\" wp-image-33061\" alt=\"\" src=\"https:\/\/i0.wp.com\/www.shqiperia.com\/blog\/wp-content\/uploads\/2020\/04\/Flamuri-i-Vorio-Epirit-Himare-4-prill-2020.jpg?resize=466%2C575&#038;ssl=1\" width=\"466\" height=\"575\" srcset=\"https:\/\/i0.wp.com\/www.shqiperia.com\/blog\/wp-content\/uploads\/2020\/04\/Flamuri-i-Vorio-Epirit-Himare-4-prill-2020.jpg?resize=243%2C300&amp;ssl=1 243w, https:\/\/i0.wp.com\/www.shqiperia.com\/blog\/wp-content\/uploads\/2020\/04\/Flamuri-i-Vorio-Epirit-Himare-4-prill-2020.jpg?resize=400%2C494&amp;ssl=1 400w, https:\/\/i0.wp.com\/www.shqiperia.com\/blog\/wp-content\/uploads\/2020\/04\/Flamuri-i-Vorio-Epirit-Himare-4-prill-2020.jpg?w=403&amp;ssl=1 403w\" sizes=\"auto, (max-width: 466px) 100vw, 466px\" \/><p id=\"caption-attachment-33061\" class=\"wp-caption-text\">Flamuri i Vorio Epirit Himare 4 prill 2020<\/p><\/div>\n<p>Nga Gazeta Sot<\/p>\n","protected":false},"excerpt":{"rendered":"<p>Kreshnik Spahiu publikon pamjet: &#8211; N\u00eb k\u00ebto momente kur bota po \u201cdigjet\u201d, shini \u00e7far\u00eb po ndodh n\u00eb Himar\u00eb. 4 Prill 2020 Numri i t\u00eb infektuarve me Covid-19 n\u00eb t\u00eb gjith\u00eb bot\u00ebn ka shkuar n\u00eb rreth 1,1 milion. Sipas statistikave t\u00eb publikuara nga Universiteti amerikan John Hopkins numri i personave t\u00eb vdekur nga koronavirusi ka shkuar [&hellip;]<\/p>\n","protected":false},"author":9,"featured_media":33060,"comment_status":"open","ping_status":"open","sticky":false,"template":"","format":"standard","meta":{"jetpack_post_was_ever_published":false,"_jetpack_newsletter_access":"","_jetpack_dont_email_post_to_subs":false,"_jetpack_newsletter_tier_id":0,"_jetpack_memberships_contains_paywalled_content":false,"_jetpack_memberships_contains_paid_content":false,"footnotes":"","jetpack_publicize_message":"","jetpack_publicize_feature_enabled":true,"jetpack_social_post_already_shared":true,"jetpack_social_options":{"image_generator_settings":{"template":"highway","default_image_id":0,"font":"","enabled":false},"version":2}},"categories":[27,1,35],"tags":[],"class_list":["post-33059","post","type-post","status-publish","format-standard","has-post-thumbnail","hentry","category-blogu-i-udhetarit","category-njoftime-shtypi","category-shoqerore"],"jetpack_publicize_connections":[],"jetpack_featured_media_url":"https:\/\/i0.wp.com\/www.shqiperia.com\/blog\/wp-content\/uploads\/2020\/04\/Flamuri-i-Vorio-Epirit-Himare-4-prill-2020-2.jpg?fit=403%2C215&ssl=1","jetpack_sharing_enabled":true,"jetpack_shortlink":"https:\/\/wp.me\/p5Z6wp-8Bd","jetpack-related-posts":[{"id":39115,"url":"https:\/\/www.shqiperia.com\/blog\/a-do-kete-nje-mandat-te-trete-per-edi-ramen-kreshnik-spahiu-del-me-deklarate-te-forte-zbulon-cfare-ka-humbur-kryeministri-ja-ku-gaboi\/","url_meta":{"origin":33059,"position":0},"title":"A do ket\u00eb nj\u00eb mandat t\u00eb tret\u00eb p\u00ebr Edi Ram\u00ebn? Kreshnik Spahiu del me deklarat\u00eb t\u00eb fort\u00eb, zbulon \u00e7far\u00eb ka humbur kryeministri: Ja ku gaboi","author":"Kurt Farka","date":"September 30, 2020","format":false,"excerpt":"A do ket\u00eb nj\u00eb mandat t\u00eb tret\u00eb p\u00ebr Edi Ram\u00ebn? Kreshnik Spahiu del me deklarat\u00eb t\u00eb fort\u00eb, zbulon \u00e7far\u00eb ka humbur kryeministri: Ja ku gaboi. SHTATOR 2020. Kreshnik Spahiu ka b\u00ebr\u00eb nj\u00eb analiz\u00eb lidhur me strategjin\u00eb q\u00eb Kryeministri Edi Rama p\u00ebrdori p\u00ebr t\u00eb ardhur n\u00eb pushtet dhe p\u00ebr t\u00eb qeverisur.\u2026","rel":"","context":"In &quot;Blogu i Udh\u00ebtarit&quot;","block_context":{"text":"Blogu i Udh\u00ebtarit","link":"https:\/\/www.shqiperia.com\/blog\/category\/blogu-i-udhetarit\/"},"img":{"alt_text":"","src":"https:\/\/i0.wp.com\/www.shqiperia.com\/blog\/wp-content\/uploads\/2020\/09\/100883170_10158394133541952_940235381238923264_o.jpg?fit=960%2C728&ssl=1&resize=350%2C200","width":350,"height":200,"srcset":"https:\/\/i0.wp.com\/www.shqiperia.com\/blog\/wp-content\/uploads\/2020\/09\/100883170_10158394133541952_940235381238923264_o.jpg?fit=960%2C728&ssl=1&resize=350%2C200 1x, https:\/\/i0.wp.com\/www.shqiperia.com\/blog\/wp-content\/uploads\/2020\/09\/100883170_10158394133541952_940235381238923264_o.jpg?fit=960%2C728&ssl=1&resize=525%2C300 1.5x, https:\/\/i0.wp.com\/www.shqiperia.com\/blog\/wp-content\/uploads\/2020\/09\/100883170_10158394133541952_940235381238923264_o.jpg?fit=960%2C728&ssl=1&resize=700%2C400 2x"},"classes":[]},{"id":76471,"url":"https:\/\/www.shqiperia.com\/blog\/kreshnik-spahiu-berisha-nuk-do-te-beje-asnje-dite-burg\/","url_meta":{"origin":33059,"position":1},"title":"Kreshnik Spahiu: &#8211; Berisha nuk do t\u00eb b\u00ebj\u00eb asnj\u00eb dit\u00eb burg","author":"Kurt Farka","date":"December 19, 2023","format":false,"excerpt":"19 Dhjetor 2023 Analist Kreshnik Spahiu, n\u00eb nj\u00eb lidhje live n\u00eb \u201cTop Story\u201d tha se gjykimi i Berish\u00ebs duhet t\u00eb jet\u00eb n\u00eb nj\u00eb standard. Spahiu e krahasoi \u00e7\u00ebshtjen me at\u00eb t\u00eb Saimir Tahirit, ku tha se \u201cas drejt\u00ebsia, as Prokuroria, as politika nuk po mbajn\u00eb t\u00eb nj\u00ebjtin standard.\u201d \u201cAs politika,\u2026","rel":"","context":"In &quot;Blogu i Udh\u00ebtarit&quot;","block_context":{"text":"Blogu i Udh\u00ebtarit","link":"https:\/\/www.shqiperia.com\/blog\/category\/blogu-i-udhetarit\/"},"img":{"alt_text":"","src":"https:\/\/i0.wp.com\/www.shqiperia.com\/blog\/wp-content\/uploads\/2023\/12\/800-0-6580b85ed511a.jpg?fit=800%2C420&ssl=1&resize=350%2C200","width":350,"height":200,"srcset":"https:\/\/i0.wp.com\/www.shqiperia.com\/blog\/wp-content\/uploads\/2023\/12\/800-0-6580b85ed511a.jpg?fit=800%2C420&ssl=1&resize=350%2C200 1x, https:\/\/i0.wp.com\/www.shqiperia.com\/blog\/wp-content\/uploads\/2023\/12\/800-0-6580b85ed511a.jpg?fit=800%2C420&ssl=1&resize=525%2C300 1.5x, https:\/\/i0.wp.com\/www.shqiperia.com\/blog\/wp-content\/uploads\/2023\/12\/800-0-6580b85ed511a.jpg?fit=800%2C420&ssl=1&resize=700%2C400 2x"},"classes":[]},{"id":75487,"url":"https:\/\/www.shqiperia.com\/blog\/kreshnik-spahiu-pas-10-vitesh-ne-shqiperi-do-jetojne-500-000-te-huaj-dhe-kjo-do-ndodh-pasi-eshte-kerkese-e-tregut\/","url_meta":{"origin":33059,"position":2},"title":"Kreshnik Spahiu: &#8211; Pas 10 vitesh n\u00eb Shqip\u00ebri do jetojn\u00eb 500.000 t\u00eb huaj dhe kjo do ndodh pasi \u00ebsht\u00eb k\u00ebrkes\u00eb e tregut,","author":"Kurt Farka","date":"November 10, 2023","format":false,"excerpt":"10 Nentor 2023 Juristi Kreshnik Spahiu n\u00eb nj\u00eb studio televizive komentoi marr\u00ebveshjen e n\u00ebnshkruar nga Rama me homologen Meloni p\u00ebr menaxhimin e refugjat\u00ebve. Ai tha se kampi i Sh\u00ebngjinit nuk ka p\u00ebr t\u2019u nd\u00ebrtuar p\u00ebr shkak t\u00eb politikave t\u00eb BE-s\u00eb , por edhe n\u00ebse nd\u00ebrtohet, kjo marr\u00ebveshje sipas juristit Spahiu,\u2026","rel":"","context":"In &quot;Blogu i Udh\u00ebtarit&quot;","block_context":{"text":"Blogu i Udh\u00ebtarit","link":"https:\/\/www.shqiperia.com\/blog\/category\/blogu-i-udhetarit\/"},"img":{"alt_text":"","src":"https:\/\/i0.wp.com\/www.shqiperia.com\/blog\/wp-content\/uploads\/2023\/11\/800-0-654e6a3a8a719.jpg?fit=800%2C523&ssl=1&resize=350%2C200","width":350,"height":200,"srcset":"https:\/\/i0.wp.com\/www.shqiperia.com\/blog\/wp-content\/uploads\/2023\/11\/800-0-654e6a3a8a719.jpg?fit=800%2C523&ssl=1&resize=350%2C200 1x, https:\/\/i0.wp.com\/www.shqiperia.com\/blog\/wp-content\/uploads\/2023\/11\/800-0-654e6a3a8a719.jpg?fit=800%2C523&ssl=1&resize=525%2C300 1.5x, https:\/\/i0.wp.com\/www.shqiperia.com\/blog\/wp-content\/uploads\/2023\/11\/800-0-654e6a3a8a719.jpg?fit=800%2C523&ssl=1&resize=700%2C400 2x"},"classes":[]},{"id":50518,"url":"https:\/\/www.shqiperia.com\/blog\/do-vijne-dy-telefonata-nga-burgu-kreshnik-spahiu-paralajmeron-levizje-te-bujshme-cfare-do-te-ndodhe-me-lulzim-bashen-nese-arrestohet-sali-berisha-fundi-i-ketij-politikani-do-t\/","url_meta":{"origin":33059,"position":3},"title":"&#8220;Do vijn\u00eb dy \u2018telefonata\u2019 nga burgu&#8221;, Kreshnik Spahiu paralajm\u00ebron l\u00ebvizje t\u00eb bujshme: \u00c7far\u00eb do t\u00eb ndodh\u00eb me Lulzim Bash\u00ebn n\u00ebse arrestohet Sali Berisha! Fundi i k\u00ebtij politikani do t\u00eb jet\u00eb m\u00eb i turpshmi i 100 viteve histori&#8230;","author":"Kurt Farka","date":"October 13, 2021","format":false,"excerpt":"\"Do vijn\u00eb dy \u2018telefonata\u2019 nga burgu\", Kreshnik Spahiu paralajm\u00ebron l\u00ebvizje t\u00eb bujshme: \u00c7far\u00eb do t\u00eb ndodh\u00eb me Lulzim Bash\u00ebn n\u00ebse arrestohet Sali Berisha! Fundi i k\u00ebtij politikani do t\u00eb jet\u00eb m\u00eb i turpshmi i 100 viteve histori... 13 TETOR 2021 Ish-kreu i Aleanc\u00ebs Kuq e Zi, Kreshnik Spahiu ka komentuar\u2026","rel":"","context":"In &quot;Blogu i Udh\u00ebtarit&quot;","block_context":{"text":"Blogu i Udh\u00ebtarit","link":"https:\/\/www.shqiperia.com\/blog\/category\/blogu-i-udhetarit\/"},"img":{"alt_text":"","src":"https:\/\/i0.wp.com\/www.shqiperia.com\/blog\/wp-content\/uploads\/2021\/10\/Lulzim-Basha.jpg?fit=640%2C360&ssl=1&resize=350%2C200","width":350,"height":200,"srcset":"https:\/\/i0.wp.com\/www.shqiperia.com\/blog\/wp-content\/uploads\/2021\/10\/Lulzim-Basha.jpg?fit=640%2C360&ssl=1&resize=350%2C200 1x, https:\/\/i0.wp.com\/www.shqiperia.com\/blog\/wp-content\/uploads\/2021\/10\/Lulzim-Basha.jpg?fit=640%2C360&ssl=1&resize=525%2C300 1.5x"},"classes":[]},{"id":38572,"url":"https:\/\/www.shqiperia.com\/blog\/debat-i-ashper-ne-open-ke-dale-ne-pension-qe-30-vjece-qetesohu-rudina-hajdari-sherr-me-kreshnik-spahiun\/","url_meta":{"origin":33059,"position":4},"title":"Debat i ashp\u00ebr n\u00eb OPEN, \u201cKe dal\u00eb n\u00eb pension q\u00eb 30-vje\u00e7e,\u201d qet\u00ebsohu&#8217;, Rudina Hajdari sherr me Kreshnik Spahiun","author":"Kurt Farka","date":"September 18, 2020","format":false,"excerpt":"Debat i ashp\u00ebr n\u00eb OPEN, \u201cKe dal\u00eb n\u00eb pension q\u00eb 30-vje\u00e7e,\u201d qet\u00ebsohu', Rudina Hajdari sherr me Kreshnik Spahiun 18 SHTATOR 2020 Deputetja Rudina Hajdari \u00ebsht\u00eb p\u00ebrfshir\u00eb n\u00eb nj\u00eb debat t\u00eb ashp\u00ebr me Kreshnik Spahiun n\u00eb emisionin OPEN n\u00eb Top Channel. Teksa po diskutohej p\u00ebr mund\u00ebsin\u00eb q\u00eb ka Edi Rama p\u00ebr\u2026","rel":"","context":"In &quot;Blogu i Udh\u00ebtarit&quot;","block_context":{"text":"Blogu i Udh\u00ebtarit","link":"https:\/\/www.shqiperia.com\/blog\/category\/blogu-i-udhetarit\/"},"img":{"alt_text":"","src":"https:\/\/i0.wp.com\/www.shqiperia.com\/blog\/wp-content\/uploads\/2020\/09\/640-0-5f63dcb0c9096.jpg?fit=640%2C360&ssl=1&resize=350%2C200","width":350,"height":200,"srcset":"https:\/\/i0.wp.com\/www.shqiperia.com\/blog\/wp-content\/uploads\/2020\/09\/640-0-5f63dcb0c9096.jpg?fit=640%2C360&ssl=1&resize=350%2C200 1x, https:\/\/i0.wp.com\/www.shqiperia.com\/blog\/wp-content\/uploads\/2020\/09\/640-0-5f63dcb0c9096.jpg?fit=640%2C360&ssl=1&resize=525%2C300 1.5x"},"classes":[]},{"id":81632,"url":"https:\/\/www.shqiperia.com\/blog\/kreshnik-spahiu-mafia-italiane-pastron-para-1000-here-me-shume-ne-shba-dhe-be-se-ne-shqiperi\/","url_meta":{"origin":33059,"position":5},"title":"Kreshnik\u00a0Spahiu: &#8211; Mafia italiane pastron para 1000 her\u00eb m\u00eb shum\u00eb n\u00eb SHBA dhe BE se n\u00eb Shqip\u00ebri","author":"Kurt Farka","date":"June 5, 2024","format":false,"excerpt":"6 Qershor 2024 Juristi Kreshnik Spahiu n\u00eb nj\u00eb intervist\u00eb p\u00ebr nj\u00eb emision televiziv ka komentuar emisionin e Rai 3 p\u00ebr Shqip\u00ebrin\u00eb, u shpreh se mafia shqiptare pastron 1000 her\u00eb m\u00eb shum\u00eb para n\u00eb SHBA dhe vende t\u00eb BE-s\u00eb se sa n\u00eb Shqip\u00ebri Spahiu theksoi se Shqip\u00ebria mund t\u00eb ket\u00eb mafie,\u2026","rel":"","context":"In &quot;Blogu i Udh\u00ebtarit&quot;","block_context":{"text":"Blogu i Udh\u00ebtarit","link":"https:\/\/www.shqiperia.com\/blog\/category\/blogu-i-udhetarit\/"},"img":{"alt_text":"","src":"https:\/\/i0.wp.com\/www.shqiperia.com\/blog\/wp-content\/uploads\/2024\/06\/Euro_500_shume-780x439-1.jpg?fit=780%2C439&ssl=1&resize=350%2C200","width":350,"height":200,"srcset":"https:\/\/i0.wp.com\/www.shqiperia.com\/blog\/wp-content\/uploads\/2024\/06\/Euro_500_shume-780x439-1.jpg?fit=780%2C439&ssl=1&resize=350%2C200 1x, https:\/\/i0.wp.com\/www.shqiperia.com\/blog\/wp-content\/uploads\/2024\/06\/Euro_500_shume-780x439-1.jpg?fit=780%2C439&ssl=1&resize=525%2C300 1.5x, https:\/\/i0.wp.com\/www.shqiperia.com\/blog\/wp-content\/uploads\/2024\/06\/Euro_500_shume-780x439-1.jpg?fit=780%2C439&ssl=1&resize=700%2C400 2x"},"classes":[]}],"_links":{"self":[{"href":"https:\/\/www.shqiperia.com\/blog\/wp-json\/wp\/v2\/posts\/33059","targetHints":{"allow":["GET"]}}],"collection":[{"href":"https:\/\/www.shqiperia.com\/blog\/wp-json\/wp\/v2\/posts"}],"about":[{"href":"https:\/\/www.shqiperia.com\/blog\/wp-json\/wp\/v2\/types\/post"}],"author":[{"embeddable":true,"href":"https:\/\/www.shqiperia.com\/blog\/wp-json\/wp\/v2\/users\/9"}],"replies":[{"embeddable":true,"href":"https:\/\/www.shqiperia.com\/blog\/wp-json\/wp\/v2\/comments?post=33059"}],"version-history":[{"count":1,"href":"https:\/\/www.shqiperia.com\/blog\/wp-json\/wp\/v2\/posts\/33059\/revisions"}],"predecessor-version":[{"id":33062,"href":"https:\/\/www.shqiperia.com\/blog\/wp-json\/wp\/v2\/posts\/33059\/revisions\/33062"}],"wp:featuredmedia":[{"embeddable":true,"href":"https:\/\/www.shqiperia.com\/blog\/wp-json\/wp\/v2\/media\/33060"}],"wp:attachment":[{"href":"https:\/\/www.shqiperia.com\/blog\/wp-json\/wp\/v2\/media?parent=33059"}],"wp:term":[{"taxonomy":"category","embeddable":true,"href":"https:\/\/www.shqiperia.com\/blog\/wp-json\/wp\/v2\/categories?post=33059"},{"taxonomy":"post_tag","embeddable":true,"href":"https:\/\/www.shqiperia.com\/blog\/wp-json\/wp\/v2\/tags?post=33059"}],"curies":[{"name":"wp","href":"https:\/\/api.w.org\/{rel}","templated":true}]}}