{"id":33050,"date":"2020-04-04T15:04:58","date_gmt":"2020-04-04T15:04:58","guid":{"rendered":"https:\/\/www.shqiperia.com\/blog\/?p=33050"},"modified":"2020-04-04T15:27:07","modified_gmt":"2020-04-04T15:27:07","slug":"hajmalia-besim-dhe-frike","status":"publish","type":"post","link":"https:\/\/www.shqiperia.com\/blog\/hajmalia-besim-dhe-frike\/","title":{"rendered":"Hajmalia: &#8211; Besim dhe frik\u00eb"},"content":{"rendered":"<p><img data-recalc-dims=\"1\" loading=\"lazy\" decoding=\"async\" data-attachment-id=\"33051\" data-permalink=\"https:\/\/www.shqiperia.com\/blog\/hajmalia-besim-dhe-frike\/hajmalia-besim-dhe-frike-nga-ermal-sela\/\" data-orig-file=\"https:\/\/i0.wp.com\/www.shqiperia.com\/blog\/wp-content\/uploads\/2020\/04\/Hajmalia-Besim-dhe-frik%C3%AB-nga-Ermal-Sela.jpg?fit=960%2C456&amp;ssl=1\" data-orig-size=\"960,456\" data-comments-opened=\"1\" data-image-meta=\"{&quot;aperture&quot;:&quot;0&quot;,&quot;credit&quot;:&quot;&quot;,&quot;camera&quot;:&quot;&quot;,&quot;caption&quot;:&quot;&quot;,&quot;created_timestamp&quot;:&quot;0&quot;,&quot;copyright&quot;:&quot;&quot;,&quot;focal_length&quot;:&quot;0&quot;,&quot;iso&quot;:&quot;0&quot;,&quot;shutter_speed&quot;:&quot;0&quot;,&quot;title&quot;:&quot;&quot;,&quot;orientation&quot;:&quot;0&quot;}\" data-image-title=\"Hajmalia Besim dhe frik\u00eb nga Ermal Sela\" data-image-description=\"\" data-image-caption=\"\" data-medium-file=\"https:\/\/i0.wp.com\/www.shqiperia.com\/blog\/wp-content\/uploads\/2020\/04\/Hajmalia-Besim-dhe-frik%C3%AB-nga-Ermal-Sela.jpg?fit=300%2C143&amp;ssl=1\" data-large-file=\"https:\/\/i0.wp.com\/www.shqiperia.com\/blog\/wp-content\/uploads\/2020\/04\/Hajmalia-Besim-dhe-frik%C3%AB-nga-Ermal-Sela.jpg?fit=960%2C456&amp;ssl=1\" class=\"alignnone wp-image-33051\" alt=\"\" src=\"https:\/\/i0.wp.com\/www.shqiperia.com\/blog\/wp-content\/uploads\/2020\/04\/Hajmalia-Besim-dhe-frik%C3%AB-nga-Ermal-Sela.jpg?resize=531%2C253&#038;ssl=1\" width=\"531\" height=\"253\" srcset=\"https:\/\/i0.wp.com\/www.shqiperia.com\/blog\/wp-content\/uploads\/2020\/04\/Hajmalia-Besim-dhe-frik%C3%AB-nga-Ermal-Sela.jpg?resize=300%2C143&amp;ssl=1 300w, https:\/\/i0.wp.com\/www.shqiperia.com\/blog\/wp-content\/uploads\/2020\/04\/Hajmalia-Besim-dhe-frik%C3%AB-nga-Ermal-Sela.jpg?resize=768%2C365&amp;ssl=1 768w, https:\/\/i0.wp.com\/www.shqiperia.com\/blog\/wp-content\/uploads\/2020\/04\/Hajmalia-Besim-dhe-frik%C3%AB-nga-Ermal-Sela.jpg?resize=450%2C214&amp;ssl=1 450w, https:\/\/i0.wp.com\/www.shqiperia.com\/blog\/wp-content\/uploads\/2020\/04\/Hajmalia-Besim-dhe-frik%C3%AB-nga-Ermal-Sela.jpg?resize=600%2C285&amp;ssl=1 600w, https:\/\/i0.wp.com\/www.shqiperia.com\/blog\/wp-content\/uploads\/2020\/04\/Hajmalia-Besim-dhe-frik%C3%AB-nga-Ermal-Sela.jpg?resize=400%2C190&amp;ssl=1 400w, https:\/\/i0.wp.com\/www.shqiperia.com\/blog\/wp-content\/uploads\/2020\/04\/Hajmalia-Besim-dhe-frik%C3%AB-nga-Ermal-Sela.jpg?w=960&amp;ssl=1 960w\" sizes=\"auto, (max-width: 531px) 100vw, 531px\" \/><\/p>\n<p>Hajmalia: &#8211; Besim dhe frik\u00eb<\/p>\n<p>Nga Ermal Sela<\/p>\n<p>Nj\u00eb bot\u00eb e mbushur me simbole, me besime dhe frik\u00eb, me d\u00ebshira dhe urime q\u00eb kan\u00eb ardhur nga thell\u00ebsit\u00eb e shekujve deri n\u00eb dit\u00ebt tona . Nj\u00eb pjes\u00eb e shoqeris\u00eb beson tek hajmalit\u00eb, t\u00eb cilat i sjellin atij q\u00eb e mban, lumturi, fat, sh\u00ebndet dhe t\u00eb mira. Kjo shfaqet n\u00eb shum\u00eb kultura ku objekte, relike, sende, gur\u00eb, kafsh\u00eb, simbole etj, mendohet se jan\u00eb fatsjell\u00ebse apo mbrojt\u00ebse dhe individ\u00ebt i mbajn\u00eb me vete ose jua japin t\u00eb dashurve t\u00eb tyre. N\u00eb disa besime fetare gjithashtu, me bekimin e klerikut ato jan\u00eb mbrojt\u00ebse ndaj forcave \u201ct\u00eb liga\u201d.<\/p>\n<div id=\"attachment_33052\" style=\"width: 549px\" class=\"wp-caption alignnone\"><img data-recalc-dims=\"1\" loading=\"lazy\" decoding=\"async\" aria-describedby=\"caption-attachment-33052\" data-attachment-id=\"33052\" data-permalink=\"https:\/\/www.shqiperia.com\/blog\/hajmalia-besim-dhe-frike\/hajmalia-besim-dhe-frike-nga-ermal-sela-4\/\" data-orig-file=\"https:\/\/i0.wp.com\/www.shqiperia.com\/blog\/wp-content\/uploads\/2020\/04\/Hajmalia-Besim-dhe-frik%C3%AB-nga-Ermal-Sela-4.jpg?fit=960%2C720&amp;ssl=1\" data-orig-size=\"960,720\" data-comments-opened=\"1\" data-image-meta=\"{&quot;aperture&quot;:&quot;0&quot;,&quot;credit&quot;:&quot;&quot;,&quot;camera&quot;:&quot;&quot;,&quot;caption&quot;:&quot;&quot;,&quot;created_timestamp&quot;:&quot;0&quot;,&quot;copyright&quot;:&quot;&quot;,&quot;focal_length&quot;:&quot;0&quot;,&quot;iso&quot;:&quot;0&quot;,&quot;shutter_speed&quot;:&quot;0&quot;,&quot;title&quot;:&quot;&quot;,&quot;orientation&quot;:&quot;0&quot;}\" data-image-title=\"Hajmalia Besim dhe frik\u00eb nga Ermal Sela (4)\" data-image-description=\"\" data-image-caption=\"&lt;p&gt;Hajmalia Besim dhe frik\u00eb  nga Ermal Sela &lt;\/p&gt;\n\" data-medium-file=\"https:\/\/i0.wp.com\/www.shqiperia.com\/blog\/wp-content\/uploads\/2020\/04\/Hajmalia-Besim-dhe-frik%C3%AB-nga-Ermal-Sela-4.jpg?fit=300%2C225&amp;ssl=1\" data-large-file=\"https:\/\/i0.wp.com\/www.shqiperia.com\/blog\/wp-content\/uploads\/2020\/04\/Hajmalia-Besim-dhe-frik%C3%AB-nga-Ermal-Sela-4.jpg?fit=960%2C720&amp;ssl=1\" class=\" wp-image-33052\" alt=\"\" src=\"https:\/\/i0.wp.com\/www.shqiperia.com\/blog\/wp-content\/uploads\/2020\/04\/Hajmalia-Besim-dhe-frik%C3%AB-nga-Ermal-Sela-4.jpg?resize=539%2C404&#038;ssl=1\" width=\"539\" height=\"404\" srcset=\"https:\/\/i0.wp.com\/www.shqiperia.com\/blog\/wp-content\/uploads\/2020\/04\/Hajmalia-Besim-dhe-frik%C3%AB-nga-Ermal-Sela-4.jpg?resize=300%2C225&amp;ssl=1 300w, https:\/\/i0.wp.com\/www.shqiperia.com\/blog\/wp-content\/uploads\/2020\/04\/Hajmalia-Besim-dhe-frik%C3%AB-nga-Ermal-Sela-4.jpg?resize=768%2C576&amp;ssl=1 768w, https:\/\/i0.wp.com\/www.shqiperia.com\/blog\/wp-content\/uploads\/2020\/04\/Hajmalia-Besim-dhe-frik%C3%AB-nga-Ermal-Sela-4.jpg?resize=450%2C338&amp;ssl=1 450w, https:\/\/i0.wp.com\/www.shqiperia.com\/blog\/wp-content\/uploads\/2020\/04\/Hajmalia-Besim-dhe-frik%C3%AB-nga-Ermal-Sela-4.jpg?resize=600%2C450&amp;ssl=1 600w, https:\/\/i0.wp.com\/www.shqiperia.com\/blog\/wp-content\/uploads\/2020\/04\/Hajmalia-Besim-dhe-frik%C3%AB-nga-Ermal-Sela-4.jpg?resize=400%2C300&amp;ssl=1 400w, https:\/\/i0.wp.com\/www.shqiperia.com\/blog\/wp-content\/uploads\/2020\/04\/Hajmalia-Besim-dhe-frik%C3%AB-nga-Ermal-Sela-4.jpg?w=960&amp;ssl=1 960w\" sizes=\"auto, (max-width: 539px) 100vw, 539px\" \/><p id=\"caption-attachment-33052\" class=\"wp-caption-text\">Hajmalia Besim dhe frik\u00eb nga Ermal Sela<\/p><\/div>\n<p>Hajmalit\u00eb i gjejm\u00eb dhe n\u00eb kultur\u00ebn shqipetare n\u00eb form\u00eb briri, gjarp\u00ebr sh\u00ebrues, objekte fatsjell\u00ebse t\u00eb k\u00ebnduara nga klerik\u00eb apo persona t\u00eb cil\u00ebt besohet se kan\u00eb fuqi t\u00eb mbinatyrshme. Nj\u00ebkohesisht hajmalit\u00eb mund t\u00eb vendosen n\u00eb vendet e dukshme ose t\u00eb padukshme. Ato p\u00ebrdoren si nga praktikant\u00ebt e besimit t\u00eb krishter\u00eb ashtu dhe mysliman. Hajmalit\u00eb e dukshme jan\u00eb prej metali, lecke dhe rrall\u00eb prej druri.<\/p>\n<div id=\"attachment_33053\" style=\"width: 553px\" class=\"wp-caption alignnone\"><img data-recalc-dims=\"1\" loading=\"lazy\" decoding=\"async\" aria-describedby=\"caption-attachment-33053\" data-attachment-id=\"33053\" data-permalink=\"https:\/\/www.shqiperia.com\/blog\/hajmalia-besim-dhe-frike\/hajmalia-besim-dhe-frike-nga-ermal-sela-3\/\" data-orig-file=\"https:\/\/i0.wp.com\/www.shqiperia.com\/blog\/wp-content\/uploads\/2020\/04\/Hajmalia-Besim-dhe-frik%C3%AB-nga-Ermal-Sela-3.jpg?fit=688%2C960&amp;ssl=1\" data-orig-size=\"688,960\" data-comments-opened=\"1\" data-image-meta=\"{&quot;aperture&quot;:&quot;0&quot;,&quot;credit&quot;:&quot;&quot;,&quot;camera&quot;:&quot;&quot;,&quot;caption&quot;:&quot;&quot;,&quot;created_timestamp&quot;:&quot;0&quot;,&quot;copyright&quot;:&quot;&quot;,&quot;focal_length&quot;:&quot;0&quot;,&quot;iso&quot;:&quot;0&quot;,&quot;shutter_speed&quot;:&quot;0&quot;,&quot;title&quot;:&quot;&quot;,&quot;orientation&quot;:&quot;0&quot;}\" data-image-title=\"Hajmalia Besim dhe frik\u00eb nga Ermal Sela (3)\" data-image-description=\"\" data-image-caption=\"&lt;p&gt;Hajmalia Besim dhe frik\u00eb  nga Ermal Sela &lt;\/p&gt;\n\" data-medium-file=\"https:\/\/i0.wp.com\/www.shqiperia.com\/blog\/wp-content\/uploads\/2020\/04\/Hajmalia-Besim-dhe-frik%C3%AB-nga-Ermal-Sela-3.jpg?fit=215%2C300&amp;ssl=1\" data-large-file=\"https:\/\/i0.wp.com\/www.shqiperia.com\/blog\/wp-content\/uploads\/2020\/04\/Hajmalia-Besim-dhe-frik%C3%AB-nga-Ermal-Sela-3.jpg?fit=688%2C960&amp;ssl=1\" class=\" wp-image-33053\" alt=\"\" src=\"https:\/\/i0.wp.com\/www.shqiperia.com\/blog\/wp-content\/uploads\/2020\/04\/Hajmalia-Besim-dhe-frik%C3%AB-nga-Ermal-Sela-3.jpg?resize=543%2C758&#038;ssl=1\" width=\"543\" height=\"758\" srcset=\"https:\/\/i0.wp.com\/www.shqiperia.com\/blog\/wp-content\/uploads\/2020\/04\/Hajmalia-Besim-dhe-frik%C3%AB-nga-Ermal-Sela-3.jpg?resize=215%2C300&amp;ssl=1 215w, https:\/\/i0.wp.com\/www.shqiperia.com\/blog\/wp-content\/uploads\/2020\/04\/Hajmalia-Besim-dhe-frik%C3%AB-nga-Ermal-Sela-3.jpg?resize=450%2C628&amp;ssl=1 450w, https:\/\/i0.wp.com\/www.shqiperia.com\/blog\/wp-content\/uploads\/2020\/04\/Hajmalia-Besim-dhe-frik%C3%AB-nga-Ermal-Sela-3.jpg?resize=600%2C837&amp;ssl=1 600w, https:\/\/i0.wp.com\/www.shqiperia.com\/blog\/wp-content\/uploads\/2020\/04\/Hajmalia-Besim-dhe-frik%C3%AB-nga-Ermal-Sela-3.jpg?resize=400%2C558&amp;ssl=1 400w, https:\/\/i0.wp.com\/www.shqiperia.com\/blog\/wp-content\/uploads\/2020\/04\/Hajmalia-Besim-dhe-frik%C3%AB-nga-Ermal-Sela-3.jpg?w=688&amp;ssl=1 688w\" sizes=\"auto, (max-width: 543px) 100vw, 543px\" \/><p id=\"caption-attachment-33053\" class=\"wp-caption-text\">Hajmalia Besim dhe frik\u00eb nga Ermal Sela<\/p><\/div>\n<p>Hajmalit\u00eb e dukshme jan\u00eb quajtur edhe stolit\u00eb t\u00eb tilla si varset e pajisura me zinxhir\u00eb dhe t\u00eb zbukuruara me gur\u00eb me ngjyra, top\u00ebza, tuf\u00ebza, t\u00eb punuara me metale t\u00eb ndryshme. Hajmalit\u00eb e p\u00ebrdorura n\u00eb form\u00eb stolish jan\u00eb prej metalesh si argjend, bak\u00ebr, t\u00eb lara me argjend dhe flori. I gjejm\u00eb edhe t\u00eb zbukuruara n\u00eb punimin e filigramit. Hajmalit\u00eb e padukshme mbahen kryesisht n\u00ebn rroba dhe ju vendoseshin individ\u00ebve p\u00ebr t\u2019i ruajtur nga syri i keq. Hajmalia e paraqitur n\u00eb k\u00ebt\u00eb fotografi \u00ebsht\u00eb e zon\u00ebs s\u00eb Tiran\u00ebs. E ve\u00e7anta e k\u00ebtij objekti \u00ebsht\u00eb punimi n\u00eb dru. Brenda saj vendosej nj\u00eb monedh\u00eb ose nj\u00eb fraz\u00eb e shkruar n\u00eb nj\u00eb cop\u00eb let\u00ebr. Hajmalia \u00ebsht\u00eb e gdhendur me brisk. N\u00eb t\u00eb dallojn\u00eb motivie mitike t\u00eb brir\u00ebve t\u00eb cjapit, kok\u00ebs s\u00eb gjarperit, elementi kultik iI diellit, kallinjt\u00eb e grurit. N\u00eb dit\u00ebt e sotme gjejm\u00eb shum\u00eb pak ekzemplar\u00eb nga ky model. Fotografia marr\u00eb nga koleksoni privat i Ermal Seles.<\/p>\n<div id=\"attachment_33054\" style=\"width: 577px\" class=\"wp-caption alignnone\"><img data-recalc-dims=\"1\" loading=\"lazy\" decoding=\"async\" aria-describedby=\"caption-attachment-33054\" data-attachment-id=\"33054\" data-permalink=\"https:\/\/www.shqiperia.com\/blog\/hajmalia-besim-dhe-frike\/hajmalia-besim-dhe-frike-nga-ermal-sela-5\/\" data-orig-file=\"https:\/\/i0.wp.com\/www.shqiperia.com\/blog\/wp-content\/uploads\/2020\/04\/Hajmalia-Besim-dhe-frik%C3%AB-nga-Ermal-Sela-5.jpg?fit=960%2C720&amp;ssl=1\" data-orig-size=\"960,720\" data-comments-opened=\"1\" data-image-meta=\"{&quot;aperture&quot;:&quot;0&quot;,&quot;credit&quot;:&quot;&quot;,&quot;camera&quot;:&quot;&quot;,&quot;caption&quot;:&quot;&quot;,&quot;created_timestamp&quot;:&quot;0&quot;,&quot;copyright&quot;:&quot;&quot;,&quot;focal_length&quot;:&quot;0&quot;,&quot;iso&quot;:&quot;0&quot;,&quot;shutter_speed&quot;:&quot;0&quot;,&quot;title&quot;:&quot;&quot;,&quot;orientation&quot;:&quot;0&quot;}\" data-image-title=\"Hajmalia Besim dhe frik\u00eb nga Ermal Sela (5)\" data-image-description=\"\" data-image-caption=\"&lt;p&gt;Hajmalia Besim dhe frik\u00eb  nga Ermal Sela &lt;\/p&gt;\n\" data-medium-file=\"https:\/\/i0.wp.com\/www.shqiperia.com\/blog\/wp-content\/uploads\/2020\/04\/Hajmalia-Besim-dhe-frik%C3%AB-nga-Ermal-Sela-5.jpg?fit=300%2C225&amp;ssl=1\" data-large-file=\"https:\/\/i0.wp.com\/www.shqiperia.com\/blog\/wp-content\/uploads\/2020\/04\/Hajmalia-Besim-dhe-frik%C3%AB-nga-Ermal-Sela-5.jpg?fit=960%2C720&amp;ssl=1\" class=\" wp-image-33054\" alt=\"\" src=\"https:\/\/i0.wp.com\/www.shqiperia.com\/blog\/wp-content\/uploads\/2020\/04\/Hajmalia-Besim-dhe-frik%C3%AB-nga-Ermal-Sela-5.jpg?resize=567%2C425&#038;ssl=1\" width=\"567\" height=\"425\" srcset=\"https:\/\/i0.wp.com\/www.shqiperia.com\/blog\/wp-content\/uploads\/2020\/04\/Hajmalia-Besim-dhe-frik%C3%AB-nga-Ermal-Sela-5.jpg?resize=300%2C225&amp;ssl=1 300w, https:\/\/i0.wp.com\/www.shqiperia.com\/blog\/wp-content\/uploads\/2020\/04\/Hajmalia-Besim-dhe-frik%C3%AB-nga-Ermal-Sela-5.jpg?resize=768%2C576&amp;ssl=1 768w, https:\/\/i0.wp.com\/www.shqiperia.com\/blog\/wp-content\/uploads\/2020\/04\/Hajmalia-Besim-dhe-frik%C3%AB-nga-Ermal-Sela-5.jpg?resize=450%2C338&amp;ssl=1 450w, https:\/\/i0.wp.com\/www.shqiperia.com\/blog\/wp-content\/uploads\/2020\/04\/Hajmalia-Besim-dhe-frik%C3%AB-nga-Ermal-Sela-5.jpg?resize=600%2C450&amp;ssl=1 600w, https:\/\/i0.wp.com\/www.shqiperia.com\/blog\/wp-content\/uploads\/2020\/04\/Hajmalia-Besim-dhe-frik%C3%AB-nga-Ermal-Sela-5.jpg?resize=400%2C300&amp;ssl=1 400w, https:\/\/i0.wp.com\/www.shqiperia.com\/blog\/wp-content\/uploads\/2020\/04\/Hajmalia-Besim-dhe-frik%C3%AB-nga-Ermal-Sela-5.jpg?w=960&amp;ssl=1 960w\" sizes=\"auto, (max-width: 567px) 100vw, 567px\" \/><p id=\"caption-attachment-33054\" class=\"wp-caption-text\">Hajmalia Besim dhe frik\u00eb nga Ermal Sela<\/p><\/div>\n<p>Foto Koleksioni: Ermal Sela<\/p>\n","protected":false},"excerpt":{"rendered":"<p>Hajmalia: &#8211; Besim dhe frik\u00eb Nga Ermal Sela Nj\u00eb bot\u00eb e mbushur me simbole, me besime dhe frik\u00eb, me d\u00ebshira dhe urime q\u00eb kan\u00eb ardhur nga thell\u00ebsit\u00eb e shekujve deri n\u00eb dit\u00ebt tona . Nj\u00eb pjes\u00eb e shoqeris\u00eb beson tek hajmalit\u00eb, t\u00eb cilat i sjellin atij q\u00eb e mban, lumturi, fat, sh\u00ebndet dhe t\u00eb mira. [&hellip;]<\/p>\n","protected":false},"author":9,"featured_media":33051,"comment_status":"open","ping_status":"open","sticky":false,"template":"","format":"standard","meta":{"jetpack_post_was_ever_published":false,"_jetpack_newsletter_access":"","_jetpack_dont_email_post_to_subs":false,"_jetpack_newsletter_tier_id":0,"_jetpack_memberships_contains_paywalled_content":false,"_jetpack_memberships_contains_paid_content":false,"footnotes":"","jetpack_publicize_message":"","jetpack_publicize_feature_enabled":true,"jetpack_social_post_already_shared":true,"jetpack_social_options":{"image_generator_settings":{"template":"highway","default_image_id":0,"font":"","enabled":false},"version":2}},"categories":[14,35,86],"tags":[],"class_list":["post-33050","post","type-post","status-publish","format-standard","has-post-thumbnail","hentry","category-press-releases","category-shoqerore","category-trashegimi-kulturore"],"jetpack_publicize_connections":[],"jetpack_featured_media_url":"https:\/\/i0.wp.com\/www.shqiperia.com\/blog\/wp-content\/uploads\/2020\/04\/Hajmalia-Besim-dhe-frik%C3%AB-nga-Ermal-Sela.jpg?fit=960%2C456&ssl=1","jetpack_sharing_enabled":true,"jetpack_shortlink":"https:\/\/wp.me\/p5Z6wp-8B4","jetpack-related-posts":[{"id":62602,"url":"https:\/\/www.shqiperia.com\/blog\/kreu-i-kishes-ortodokse-ruse-mos-kini-frike-nga-vdekja-shkoni-me-guxim-ne-lufte\/","url_meta":{"origin":33050,"position":0},"title":"Kreu i Kish\u00ebs Ortodokse Ruse: &#8211; Mos kini frik\u00eb nga vdekja, shkoni me guxim ne Lufte","author":"Kurt Farka","date":"September 23, 2022","format":false,"excerpt":"23 Shtator 2022 Kreu i Kish\u00ebs Ortodokse Ruse, Patriarku Kirill, u b\u00ebri thirrje qytetar\u00ebve rus\u00eb t\u00eb m\u00ebrkur\u00ebn q\u00eb t\u00eb mos ken\u00eb frik\u00eb nga vdekja, pas thirrjes s\u00eb Presidentit Vladimir Putin p\u00ebr mobilizim ushtarak p\u00ebr luft\u00ebn n\u00eb Ukrain\u00eb. \"Shkoni me guxim p\u00ebr t\u00eb p\u00ebrmbushur detyr\u00ebn tuaj ushtarake. Dhe mbani mend se\u2026","rel":"","context":"In &quot;Kultura&quot;","block_context":{"text":"Kultura","link":"https:\/\/www.shqiperia.com\/blog\/category\/kultura\/"},"img":{"alt_text":"","src":"https:\/\/i0.wp.com\/www.shqiperia.com\/blog\/wp-content\/uploads\/2022\/09\/800-0-632df310b45b5.jpg?fit=800%2C454&ssl=1&resize=350%2C200","width":350,"height":200,"srcset":"https:\/\/i0.wp.com\/www.shqiperia.com\/blog\/wp-content\/uploads\/2022\/09\/800-0-632df310b45b5.jpg?fit=800%2C454&ssl=1&resize=350%2C200 1x, https:\/\/i0.wp.com\/www.shqiperia.com\/blog\/wp-content\/uploads\/2022\/09\/800-0-632df310b45b5.jpg?fit=800%2C454&ssl=1&resize=525%2C300 1.5x, https:\/\/i0.wp.com\/www.shqiperia.com\/blog\/wp-content\/uploads\/2022\/09\/800-0-632df310b45b5.jpg?fit=800%2C454&ssl=1&resize=700%2C400 2x"},"classes":[]},{"id":18538,"url":"https:\/\/www.shqiperia.com\/blog\/ekspozita-e-rralle-e-ermal-seles-me-instrumentet-muzikore-2\/","url_meta":{"origin":33050,"position":1},"title":"Ekspozita e rrall\u00eb e Ermal Sel\u00ebs me instrumentet Muzikore.","author":"Kurt Farka","date":"March 18, 2019","format":false,"excerpt":"Ermal Sela \u2013 Ekspozite me Instrumente Muzikore Tradicionale. Me rastin e Dites se Veres ne Parkun Natyror te Liqenit Artificial te Tiranes me Nismen e Bashkise Tirane u hap nje Ekspozite disaoreshe me nje pasuri Etnokulturore te trasheguar nga Te Paret Tone. Ne \u00a0ekspozite u prezantuan vegla muzikoe tradicionale frymore\u2026","rel":"","context":"In &quot;Histori&quot;","block_context":{"text":"Histori","link":"https:\/\/www.shqiperia.com\/blog\/category\/histori\/"},"img":{"alt_text":"","src":"https:\/\/i0.wp.com\/www.shqiperia.com\/blog\/wp-content\/uploads\/2019\/03\/3-1-1.jpg?fit=779%2C442&ssl=1&resize=350%2C200","width":350,"height":200,"srcset":"https:\/\/i0.wp.com\/www.shqiperia.com\/blog\/wp-content\/uploads\/2019\/03\/3-1-1.jpg?fit=779%2C442&ssl=1&resize=350%2C200 1x, https:\/\/i0.wp.com\/www.shqiperia.com\/blog\/wp-content\/uploads\/2019\/03\/3-1-1.jpg?fit=779%2C442&ssl=1&resize=525%2C300 1.5x, https:\/\/i0.wp.com\/www.shqiperia.com\/blog\/wp-content\/uploads\/2019\/03\/3-1-1.jpg?fit=779%2C442&ssl=1&resize=700%2C400 2x"},"classes":[]},{"id":18630,"url":"https:\/\/www.shqiperia.com\/blog\/ekspozita-e-rralle-e-ermal-seles-me-instrumentet-muzikore\/","url_meta":{"origin":33050,"position":2},"title":"Ekspozita e rrall\u00eb e Ermal Sel\u00ebs me instrumentet Muzikore.","author":"Kurt Farka","date":"March 22, 2019","format":false,"excerpt":"Ekspozita e rrall\u00eb e Ermal Sel\u00ebs me instrumentet Muzikore. Interesi p\u00ebr lahut\u00ebn. Sela: Lahuta e shqiptar\u00ebve dallon nga e popujve t\u00eb tjer\u00eb nga p\u00ebrmasat, simbolika, figurat mitike dhe gdhendjet e artit arkaik popullor, duke ofruar pamje me interes dhe befasues. Nga: Jaho Brahaj \u201cNj\u00eb ekspozit\u00eb e rrall\u00eb me Instrumente Muzikore\u2026","rel":"","context":"In &quot;Histori&quot;","block_context":{"text":"Histori","link":"https:\/\/www.shqiperia.com\/blog\/category\/histori\/"},"img":{"alt_text":"","src":"https:\/\/i0.wp.com\/www.shqiperia.com\/blog\/wp-content\/uploads\/2019\/03\/5c9230cd60ffbekspozita-1-Copy.jpg?fit=482%2C287&ssl=1&resize=350%2C200","width":350,"height":200},"classes":[]},{"id":3878,"url":"https:\/\/www.shqiperia.com\/blog\/hapet-canta-dita-e-veres\/","url_meta":{"origin":33050,"position":3},"title":"Do hapet \u00c7anta \u2013 Dita e Veres.","author":"Kurt Farka","date":"February 25, 2018","format":false,"excerpt":"U ndodhem rastesisht kur po kontrolloheshin dhe akordoheshin instrumentet mizikor tradicional, qe perdoren per te zgjuar Pranveren. Diten e Pranveres kryesisht perdoren instrumente muzikor per\u00a0 zgjimin e natyres, shpendeve dhe per te larguar te keqiat nga banesa, arat, bimet frutore, perimeve, kafsheve etj. Diskutimi ishte ne mes te Mjeshtrit Pllum\u2026","rel":"","context":"In &quot;Blogu i Udh\u00ebtarit&quot;","block_context":{"text":"Blogu i Udh\u00ebtarit","link":"https:\/\/www.shqiperia.com\/blog\/category\/blogu-i-udhetarit\/"},"img":{"alt_text":"","src":"https:\/\/i0.wp.com\/www.shqiperia.com\/blog\/wp-content\/uploads\/2018\/02\/2-ok.jpg?fit=1200%2C800&ssl=1&resize=350%2C200","width":350,"height":200,"srcset":"https:\/\/i0.wp.com\/www.shqiperia.com\/blog\/wp-content\/uploads\/2018\/02\/2-ok.jpg?fit=1200%2C800&ssl=1&resize=350%2C200 1x, https:\/\/i0.wp.com\/www.shqiperia.com\/blog\/wp-content\/uploads\/2018\/02\/2-ok.jpg?fit=1200%2C800&ssl=1&resize=525%2C300 1.5x, https:\/\/i0.wp.com\/www.shqiperia.com\/blog\/wp-content\/uploads\/2018\/02\/2-ok.jpg?fit=1200%2C800&ssl=1&resize=700%2C400 2x, https:\/\/i0.wp.com\/www.shqiperia.com\/blog\/wp-content\/uploads\/2018\/02\/2-ok.jpg?fit=1200%2C800&ssl=1&resize=1050%2C600 3x"},"classes":[]},{"id":40289,"url":"https:\/\/www.shqiperia.com\/blog\/botohet-artikulli-i-pare-i-shkruar-nga-nje-kompjuter-njerezimi-mos-te-kete-frike-nuk-do-ta-shkaterrojme\/","url_meta":{"origin":33050,"position":4},"title":"Botohet artikulli i par\u00eb i shkruar nga nj\u00eb kompjuter: &#8211; Njer\u00ebzimi mos t\u00eb ket\u00eb frik\u00eb, nuk do ta shkat\u00ebrrojm\u00eb","author":"Kurt Farka","date":"October 30, 2020","format":false,"excerpt":"Botohet artikulli i par\u00eb i shkruar nga nj\u00eb kompjuter: Njer\u00ebzimi mos t\u00eb ket\u00eb frik\u00eb, nuk do ta shkat\u00ebrrojm\u00eb 30 tetor \u00a02020 Duhet t\u00eb vinte edhe ky moment. Pas 70 vitesh nga novela \u201cUn\u00eb, Roboti\u201d i Isaac Asimov, p\u00ebr her\u00eb t\u00eb par\u00eb n\u00eb historin\u00eb e publicistik\u00ebs botohet nj\u00eb artikull i shkruar\u2026","rel":"","context":"In &quot;Blogu i Udh\u00ebtarit&quot;","block_context":{"text":"Blogu i Udh\u00ebtarit","link":"https:\/\/www.shqiperia.com\/blog\/category\/blogu-i-udhetarit\/"},"img":{"alt_text":"","src":"https:\/\/i0.wp.com\/www.shqiperia.com\/blog\/wp-content\/uploads\/2020\/10\/robot-1024x553-1.jpg?fit=1024%2C553&ssl=1&resize=350%2C200","width":350,"height":200,"srcset":"https:\/\/i0.wp.com\/www.shqiperia.com\/blog\/wp-content\/uploads\/2020\/10\/robot-1024x553-1.jpg?fit=1024%2C553&ssl=1&resize=350%2C200 1x, https:\/\/i0.wp.com\/www.shqiperia.com\/blog\/wp-content\/uploads\/2020\/10\/robot-1024x553-1.jpg?fit=1024%2C553&ssl=1&resize=525%2C300 1.5x, https:\/\/i0.wp.com\/www.shqiperia.com\/blog\/wp-content\/uploads\/2020\/10\/robot-1024x553-1.jpg?fit=1024%2C553&ssl=1&resize=700%2C400 2x"},"classes":[]},{"id":38377,"url":"https:\/\/www.shqiperia.com\/blog\/ish-ministri-nuk-jemi-komb-mysliman-kemi-qene-pagane-si-te-gjithe-sot-jemi-laike-kaq-stop-troc-nga-se-keni-frike-e-ceshte-ky-kompleks-xhanem\/","url_meta":{"origin":33050,"position":5},"title":"Ish-ministri: Nuk jemi komb mysliman. Kemi qen\u00eb pagan\u00eb si t\u00eb gjith\u00eb, sot jemi laik\u00eb. Kaq! Stop! Tro\u00e7! Nga se keni frik\u00eb e \u00e7\u2019\u00ebsht\u00eb ky kompleks xhan\u00ebm!?","author":"Kurt Farka","date":"September 13, 2020","format":false,"excerpt":"Ish-ministri: Nuk jemi komb mysliman. Kemi qen\u00eb pagan\u00eb si t\u00eb gjith\u00eb, sot jemi laik\u00eb. Kaq! Stop! Tro\u00e7! Nga se keni frik\u00eb e \u00e7\u2019\u00ebsht\u00eb ky kompleks xhan\u00ebm!? 13 shtator 2020 Ish-ministri Ylli Pango thot\u00eb se shqiptar\u00ebt nuk jan\u00eb \u201ckomb mysliman\u201d dhe se kjo u duhet b\u00ebr\u00eb t\u00eb qart\u00eb t\u00eb huajve. \u201cJan\u00eb\u2026","rel":"","context":"In &quot;Histori&quot;","block_context":{"text":"Histori","link":"https:\/\/www.shqiperia.com\/blog\/category\/histori\/"},"img":{"alt_text":"","src":"https:\/\/i0.wp.com\/www.shqiperia.com\/blog\/wp-content\/uploads\/2020\/09\/festimet-per-pavarsine-810772097.jpg?fit=635%2C374&ssl=1&resize=350%2C200","width":350,"height":200,"srcset":"https:\/\/i0.wp.com\/www.shqiperia.com\/blog\/wp-content\/uploads\/2020\/09\/festimet-per-pavarsine-810772097.jpg?fit=635%2C374&ssl=1&resize=350%2C200 1x, https:\/\/i0.wp.com\/www.shqiperia.com\/blog\/wp-content\/uploads\/2020\/09\/festimet-per-pavarsine-810772097.jpg?fit=635%2C374&ssl=1&resize=525%2C300 1.5x"},"classes":[]}],"_links":{"self":[{"href":"https:\/\/www.shqiperia.com\/blog\/wp-json\/wp\/v2\/posts\/33050","targetHints":{"allow":["GET"]}}],"collection":[{"href":"https:\/\/www.shqiperia.com\/blog\/wp-json\/wp\/v2\/posts"}],"about":[{"href":"https:\/\/www.shqiperia.com\/blog\/wp-json\/wp\/v2\/types\/post"}],"author":[{"embeddable":true,"href":"https:\/\/www.shqiperia.com\/blog\/wp-json\/wp\/v2\/users\/9"}],"replies":[{"embeddable":true,"href":"https:\/\/www.shqiperia.com\/blog\/wp-json\/wp\/v2\/comments?post=33050"}],"version-history":[{"count":3,"href":"https:\/\/www.shqiperia.com\/blog\/wp-json\/wp\/v2\/posts\/33050\/revisions"}],"predecessor-version":[{"id":33058,"href":"https:\/\/www.shqiperia.com\/blog\/wp-json\/wp\/v2\/posts\/33050\/revisions\/33058"}],"wp:featuredmedia":[{"embeddable":true,"href":"https:\/\/www.shqiperia.com\/blog\/wp-json\/wp\/v2\/media\/33051"}],"wp:attachment":[{"href":"https:\/\/www.shqiperia.com\/blog\/wp-json\/wp\/v2\/media?parent=33050"}],"wp:term":[{"taxonomy":"category","embeddable":true,"href":"https:\/\/www.shqiperia.com\/blog\/wp-json\/wp\/v2\/categories?post=33050"},{"taxonomy":"post_tag","embeddable":true,"href":"https:\/\/www.shqiperia.com\/blog\/wp-json\/wp\/v2\/tags?post=33050"}],"curies":[{"name":"wp","href":"https:\/\/api.w.org\/{rel}","templated":true}]}}