{"id":32917,"date":"2020-03-30T15:29:41","date_gmt":"2020-03-30T15:29:41","guid":{"rendered":"https:\/\/www.shqiperia.com\/blog\/?p=32917"},"modified":"2020-03-30T15:29:41","modified_gmt":"2020-03-30T15:29:41","slug":"berisha-akuzon-te-shikojme-a-do-firmosin-9-deputete-te-taulant-balles-per-denoncimin-e-tij-per-panik-sic-vepruan-me-27-shkurt-pastaj","status":"publish","type":"post","link":"https:\/\/www.shqiperia.com\/blog\/berisha-akuzon-te-shikojme-a-do-firmosin-9-deputete-te-taulant-balles-per-denoncimin-e-tij-per-panik-sic-vepruan-me-27-shkurt-pastaj\/","title":{"rendered":"Berisha akuzon: -Te shikojme a do firmosin 9 deputete te Taulant Balles per denoncimin e tij per panik. sic vepruan me 27 shkurt, pastaj \u2026"},"content":{"rendered":"<p><img data-recalc-dims=\"1\" loading=\"lazy\" decoding=\"async\" data-attachment-id=\"32918\" data-permalink=\"https:\/\/www.shqiperia.com\/blog\/berisha-akuzon-te-shikojme-a-do-firmosin-9-deputete-te-taulant-balles-per-denoncimin-e-tij-per-panik-sic-vepruan-me-27-shkurt-pastaj\/_110895601_gettyimages-1080254120\/\" data-orig-file=\"https:\/\/i0.wp.com\/www.shqiperia.com\/blog\/wp-content\/uploads\/2020\/03\/110895601_gettyimages-1080254120.jpg?fit=1024%2C576&amp;ssl=1\" data-orig-size=\"1024,576\" data-comments-opened=\"1\" data-image-meta=\"{&quot;aperture&quot;:&quot;0&quot;,&quot;credit&quot;:&quot;&quot;,&quot;camera&quot;:&quot;&quot;,&quot;caption&quot;:&quot;&quot;,&quot;created_timestamp&quot;:&quot;0&quot;,&quot;copyright&quot;:&quot;&quot;,&quot;focal_length&quot;:&quot;0&quot;,&quot;iso&quot;:&quot;0&quot;,&quot;shutter_speed&quot;:&quot;0&quot;,&quot;title&quot;:&quot;&quot;,&quot;orientation&quot;:&quot;0&quot;}\" data-image-title=\"_110895601_gettyimages-1080254120\" data-image-description=\"\" data-image-caption=\"\" data-medium-file=\"https:\/\/i0.wp.com\/www.shqiperia.com\/blog\/wp-content\/uploads\/2020\/03\/110895601_gettyimages-1080254120.jpg?fit=300%2C169&amp;ssl=1\" data-large-file=\"https:\/\/i0.wp.com\/www.shqiperia.com\/blog\/wp-content\/uploads\/2020\/03\/110895601_gettyimages-1080254120.jpg?fit=1024%2C576&amp;ssl=1\" class=\"alignnone  wp-image-32918\" alt=\"\" src=\"https:\/\/i0.wp.com\/www.shqiperia.com\/blog\/wp-content\/uploads\/2020\/03\/110895601_gettyimages-1080254120.jpg?resize=540%2C304&#038;ssl=1\" width=\"540\" height=\"304\" srcset=\"https:\/\/i0.wp.com\/www.shqiperia.com\/blog\/wp-content\/uploads\/2020\/03\/110895601_gettyimages-1080254120.jpg?resize=300%2C169&amp;ssl=1 300w, https:\/\/i0.wp.com\/www.shqiperia.com\/blog\/wp-content\/uploads\/2020\/03\/110895601_gettyimages-1080254120.jpg?resize=768%2C432&amp;ssl=1 768w, https:\/\/i0.wp.com\/www.shqiperia.com\/blog\/wp-content\/uploads\/2020\/03\/110895601_gettyimages-1080254120.jpg?resize=450%2C253&amp;ssl=1 450w, https:\/\/i0.wp.com\/www.shqiperia.com\/blog\/wp-content\/uploads\/2020\/03\/110895601_gettyimages-1080254120.jpg?resize=600%2C338&amp;ssl=1 600w, https:\/\/i0.wp.com\/www.shqiperia.com\/blog\/wp-content\/uploads\/2020\/03\/110895601_gettyimages-1080254120.jpg?resize=400%2C225&amp;ssl=1 400w, https:\/\/i0.wp.com\/www.shqiperia.com\/blog\/wp-content\/uploads\/2020\/03\/110895601_gettyimages-1080254120.jpg?w=1024&amp;ssl=1 1024w\" sizes=\"auto, (max-width: 540px) 100vw, 540px\" \/><\/p>\n<p>Berisha akuzon: -Te shikojme a do firmosin 9 deputete te Taulant Balles per denoncimin e tij per panik. sic vepruan me 27 shkurt, pastaj \u2026<\/p>\n<p>30 mars 2020<\/p>\n<p>Pak minuta m\u00eb par\u00eb, Berisha ka reaguar n\u00eb rrjetet sociale, duke hedhur akuza t\u00eb forta ndaj kryeministrit Edi Rama dhe Ministris\u00eb s\u00eb Sh\u00ebndet\u00ebsis\u00eb, nd\u00ebrsa pretendon se situata \u00ebsht\u00eb alarmante dhe se qeveria po fsheh t\u00eb v\u00ebrtet\u00ebn, pasi sipas tij, numri i qytetar\u00ebve t\u00eb infektuar me Covid-19 \u00ebsht\u00eb m\u00eb i madh se ai q\u00eb \u00ebsht\u00eb deklaruar zyrtarisht.<\/p>\n<p>Te shikojme a do firmosin 9 deputet te Taulant Balles per denoncim ndaj Sli Berishes. sic vepruan me 27 shkurt, pastaj\u00a0\u00a0 .<\/p>\n","protected":false},"excerpt":{"rendered":"<p>Berisha akuzon: -Te shikojme a do firmosin 9 deputete te Taulant Balles per denoncimin e tij per panik. sic vepruan me 27 shkurt, pastaj \u2026 30 mars 2020 Pak minuta m\u00eb par\u00eb, Berisha ka reaguar n\u00eb rrjetet sociale, duke hedhur akuza t\u00eb forta ndaj kryeministrit Edi Rama dhe Ministris\u00eb s\u00eb Sh\u00ebndet\u00ebsis\u00eb, nd\u00ebrsa pretendon se situata [&hellip;]<\/p>\n","protected":false},"author":9,"featured_media":32918,"comment_status":"open","ping_status":"open","sticky":false,"template":"","format":"standard","meta":{"jetpack_post_was_ever_published":false,"_jetpack_newsletter_access":"","_jetpack_dont_email_post_to_subs":false,"_jetpack_newsletter_tier_id":0,"_jetpack_memberships_contains_paywalled_content":false,"_jetpack_memberships_contains_paid_content":false,"footnotes":"","jetpack_publicize_message":"","jetpack_publicize_feature_enabled":true,"jetpack_social_post_already_shared":true,"jetpack_social_options":{"image_generator_settings":{"template":"highway","default_image_id":0,"font":"","enabled":false},"version":2}},"categories":[27,14],"tags":[],"class_list":["post-32917","post","type-post","status-publish","format-standard","has-post-thumbnail","hentry","category-blogu-i-udhetarit","category-press-releases"],"jetpack_publicize_connections":[],"jetpack_featured_media_url":"https:\/\/i0.wp.com\/www.shqiperia.com\/blog\/wp-content\/uploads\/2020\/03\/110895601_gettyimages-1080254120.jpg?fit=1024%2C576&ssl=1","jetpack_sharing_enabled":true,"jetpack_shortlink":"https:\/\/wp.me\/p5Z6wp-8yV","jetpack-related-posts":[{"id":104631,"url":"https:\/\/www.shqiperia.com\/blog\/krijohet-komisioni-balla-viktima-e-pare-do-jete-niko-peleshi-ska-bere-statuse-kunder-protestave\/","url_meta":{"origin":32917,"position":0},"title":"Krijohet komisioni \u201cBalla\u201d, \u2018viktima\u2019 e par\u00eb do jet\u00eb Niko Peleshi! &#8211; S\u2019ka b\u00ebr\u00eb statuse kund\u00ebr protestave","author":"Kurt Farka","date":"August 17, 2026","format":false,"excerpt":"17 Gusht 2026 N\u00eb konference me gazetar\u00ebt, Berisha tha se \u00ebsht\u00eb krijuar nj\u00eb struktur\u00eb q\u00eb ai e cil\u00ebsoi me ironi si \u201cKomisioni Balla\u201d. Sipas tij, ky komision po kontrollon statuset n\u00eb rrjetet sociale t\u00eb p\u00ebrfaq\u00ebsuesve t\u00eb qeveris\u00ebse, me synimin p\u00ebr t\u00eb identifikuar personat q\u00eb nuk kan\u00eb b\u00ebr\u00eb postime kund\u00ebr l\u00ebvizjes\u2026","rel":"","context":"In &quot;Blogu i Udh\u00ebtarit&quot;","block_context":{"text":"Blogu i Udh\u00ebtarit","link":"https:\/\/www.shqiperia.com\/blog\/category\/blogu-i-udhetarit\/"},"img":{"alt_text":"","src":"https:\/\/i0.wp.com\/www.shqiperia.com\/blog\/wp-content\/uploads\/2026\/08\/OIP.webp?fit=474%2C316&ssl=1&resize=350%2C200","width":350,"height":200},"classes":[]},{"id":103150,"url":"https:\/\/www.shqiperia.com\/blog\/dosja-e-zeze-e-taulant-balles-nga-akuzat-per-nderhyrje-ne-polici-pergjime-me-krimin-ne-elbasan-asgjesim-provash\/","url_meta":{"origin":32917,"position":1},"title":"\u201cDosja e zez\u00eb\u201d e Taulant Ball\u00ebs, nga akuzat p\u00ebr nd\u00ebrhyrje n\u00eb polici, p\u00ebrgjime me krimin n\u00eb Elbasan, asgj\u00ebsim provash\u2026","author":"Kurt Farka","date":"July 23, 2026","format":false,"excerpt":"23 Korrik 2026 Emri i Taulant Ball\u00ebs vijon t\u00eb jet\u00eb n\u00eb qend\u00ebr t\u00eb debatit publik, i shoq\u00ebruar nga nj\u00eb s\u00ebr\u00eb akuzash dhe \u00e7\u00ebshtjesh q\u00eb kan\u00eb b\u00ebr\u00eb jehon\u00eb nd\u00ebr vite. Nga pretendimet p\u00ebr lidhje me biznesmenin Edmond Bego, akuzat p\u00ebr nd\u00ebrhyrje n\u00eb polici dhe drejt\u00ebsi, p\u00ebrgjimet me grupe kriminale n\u00eb Elbasan,\u2026","rel":"","context":"In &quot;Blogu i Udh\u00ebtarit&quot;","block_context":{"text":"Blogu i Udh\u00ebtarit","link":"https:\/\/www.shqiperia.com\/blog\/category\/blogu-i-udhetarit\/"},"img":{"alt_text":"","src":"https:\/\/i0.wp.com\/www.shqiperia.com\/blog\/wp-content\/uploads\/2026\/07\/taulant-balla-1068x712-1.jpeg?fit=1068%2C712&ssl=1&resize=350%2C200","width":350,"height":200,"srcset":"https:\/\/i0.wp.com\/www.shqiperia.com\/blog\/wp-content\/uploads\/2026\/07\/taulant-balla-1068x712-1.jpeg?fit=1068%2C712&ssl=1&resize=350%2C200 1x, https:\/\/i0.wp.com\/www.shqiperia.com\/blog\/wp-content\/uploads\/2026\/07\/taulant-balla-1068x712-1.jpeg?fit=1068%2C712&ssl=1&resize=525%2C300 1.5x, https:\/\/i0.wp.com\/www.shqiperia.com\/blog\/wp-content\/uploads\/2026\/07\/taulant-balla-1068x712-1.jpeg?fit=1068%2C712&ssl=1&resize=700%2C400 2x, https:\/\/i0.wp.com\/www.shqiperia.com\/blog\/wp-content\/uploads\/2026\/07\/taulant-balla-1068x712-1.jpeg?fit=1068%2C712&ssl=1&resize=1050%2C600 3x"},"classes":[]},{"id":101792,"url":"https:\/\/www.shqiperia.com\/blog\/fatmir-limaj-i-terheq-veshin-taulant-balles-mos-prekni-themelet-e-lirise-per-interesa-ditore\/","url_meta":{"origin":32917,"position":2},"title":"Fatmir Limaj &#8220;i t\u00ebrheq veshin&#8221; Taulant Ball\u00ebs: &#8211; Mos prekni themelet e liris\u00eb p\u00ebr interesa ditore","author":"Kurt Farka","date":"June 25, 2026","format":false,"excerpt":"25 Qershor 2026 Kreu i NISMA-s, Fatmir Limaj, ka publikuar nj\u00eb video nga koha e luft\u00ebs, ku shfaqet s\u00eb bashku me heroin e kombit, Tahir Sinani. P\u00ebrmes nj\u00eb postimi, Limaj ka b\u00ebr\u00eb thirrje q\u00eb t\u00eb mos preken vlerat dhe figurat q\u00eb, p\u00ebrb\u00ebjn\u00eb themelet e liris\u00eb s\u00eb Kosov\u00ebs dhe t\u00eb kombit\u2026","rel":"","context":"In &quot;Blogu i Udh\u00ebtarit&quot;","block_context":{"text":"Blogu i Udh\u00ebtarit","link":"https:\/\/www.shqiperia.com\/blog\/category\/blogu-i-udhetarit\/"},"img":{"alt_text":"","src":"https:\/\/i0.wp.com\/www.shqiperia.com\/blog\/wp-content\/uploads\/2026\/06\/640-0-47739a780873cf6f77cf91f9367f2a58.jpg?fit=640%2C443&ssl=1&resize=350%2C200","width":350,"height":200,"srcset":"https:\/\/i0.wp.com\/www.shqiperia.com\/blog\/wp-content\/uploads\/2026\/06\/640-0-47739a780873cf6f77cf91f9367f2a58.jpg?fit=640%2C443&ssl=1&resize=350%2C200 1x, https:\/\/i0.wp.com\/www.shqiperia.com\/blog\/wp-content\/uploads\/2026\/06\/640-0-47739a780873cf6f77cf91f9367f2a58.jpg?fit=640%2C443&ssl=1&resize=525%2C300 1.5x"},"classes":[]},{"id":91687,"url":"https:\/\/www.shqiperia.com\/blog\/berisha-akuza-balles-eshte-anetar-kryesor-i-grupit-kriminal-toyota-yaris-dhe-suel-celes-por-lihet-i-lire-te-beje-fushate\/","url_meta":{"origin":32917,"position":3},"title":"Berisha akuza Ball\u00ebs: &#8211; \u00cbsht\u00eb an\u00ebtar kryesor i grupit kriminal \u201cToyota Yaris\u201d dhe Suel \u00c7el\u00ebs, por lihet i lir\u00eb t\u00eb b\u00ebj\u00eb fushat\u00eb","author":"Kurt Farka","date":"April 21, 2025","format":false,"excerpt":"21 Prill 2025 N\u00eb sirtar\u00ebt e prokuror\u00ebve t\u00eb SPAK \u00ebsht\u00eb edhe dosja e Taulant Ball\u00ebs, i cili\u00a0 akuzohet si an\u00ebtar kryesor t\u00eb band\u00ebs \u201cToyota Yaris\u201d dhe t\u00eb Suel \u00c7el\u00ebs. Dosjet e Ball\u00ebs -tha Berisha- nuk hetohen, por \u201cai lihet i lir\u00eb t\u00eb b\u00ebj\u00eb fushat\u00eb\u201d. \u201cFtoj \u00e7do qytetar t\u00eb pyes Skapin\u2026","rel":"","context":"In &quot;Blogu i Udh\u00ebtarit&quot;","block_context":{"text":"Blogu i Udh\u00ebtarit","link":"https:\/\/www.shqiperia.com\/blog\/category\/blogu-i-udhetarit\/"},"img":{"alt_text":"","src":"https:\/\/i0.wp.com\/www.shqiperia.com\/blog\/wp-content\/uploads\/2025\/04\/taulant-balla.jpeg?fit=1200%2C800&ssl=1&resize=350%2C200","width":350,"height":200,"srcset":"https:\/\/i0.wp.com\/www.shqiperia.com\/blog\/wp-content\/uploads\/2025\/04\/taulant-balla.jpeg?fit=1200%2C800&ssl=1&resize=350%2C200 1x, https:\/\/i0.wp.com\/www.shqiperia.com\/blog\/wp-content\/uploads\/2025\/04\/taulant-balla.jpeg?fit=1200%2C800&ssl=1&resize=525%2C300 1.5x, https:\/\/i0.wp.com\/www.shqiperia.com\/blog\/wp-content\/uploads\/2025\/04\/taulant-balla.jpeg?fit=1200%2C800&ssl=1&resize=700%2C400 2x, https:\/\/i0.wp.com\/www.shqiperia.com\/blog\/wp-content\/uploads\/2025\/04\/taulant-balla.jpeg?fit=1200%2C800&ssl=1&resize=1050%2C600 3x"},"classes":[]},{"id":103950,"url":"https:\/\/www.shqiperia.com\/blog\/dosje-ne-spak-per-taulant-ballen-fshehje-pasurie-pastrim-parash-dhe-korrupsion-ja-dokumenti-qe-mund-te-hape\/","url_meta":{"origin":32917,"position":4},"title":"Dosje n\u00eb SPAK p\u00ebr Taulant Ball\u00ebn, fshehje pasurie, pastrim parash dhe korrupsion, ja dokumenti q\u00eb mund t\u00eb hap\u00eb\u2026","author":"Kurt Farka","date":"August 7, 2026","format":false,"excerpt":"7 Gusht 2026 Kreu i Grupit Parlamentar t\u00eb Partis\u00eb Socialiste, Taulant Balla, dyshohet p\u00ebr fshehje pasurie, pastrim parash dhe korrupsion. Nj\u00eb prej organizator\u00ebve t\u00eb protestave qytetare n\u00eb Tiran\u00eb, Gentian Progni, ka publikuar n\u00eb rrjetet sociale nj\u00eb faksimile t\u00eb nj\u00eb dokumenti, ku shfaqet, mes t\u00eb tjer\u00ebve, edhe emri i Taulant Ball\u00ebs.\u2026","rel":"","context":"In &quot;Blogu i Udh\u00ebtarit&quot;","block_context":{"text":"Blogu i Udh\u00ebtarit","link":"https:\/\/www.shqiperia.com\/blog\/category\/blogu-i-udhetarit\/"},"img":{"alt_text":"","src":"https:\/\/i0.wp.com\/www.shqiperia.com\/blog\/wp-content\/uploads\/2026\/08\/foto-3-balla-spak-AI-1140x570-1.jpg?fit=1140%2C570&ssl=1&resize=350%2C200","width":350,"height":200,"srcset":"https:\/\/i0.wp.com\/www.shqiperia.com\/blog\/wp-content\/uploads\/2026\/08\/foto-3-balla-spak-AI-1140x570-1.jpg?fit=1140%2C570&ssl=1&resize=350%2C200 1x, https:\/\/i0.wp.com\/www.shqiperia.com\/blog\/wp-content\/uploads\/2026\/08\/foto-3-balla-spak-AI-1140x570-1.jpg?fit=1140%2C570&ssl=1&resize=525%2C300 1.5x, https:\/\/i0.wp.com\/www.shqiperia.com\/blog\/wp-content\/uploads\/2026\/08\/foto-3-balla-spak-AI-1140x570-1.jpg?fit=1140%2C570&ssl=1&resize=700%2C400 2x, https:\/\/i0.wp.com\/www.shqiperia.com\/blog\/wp-content\/uploads\/2026\/08\/foto-3-balla-spak-AI-1140x570-1.jpg?fit=1140%2C570&ssl=1&resize=1050%2C600 3x"},"classes":[]},{"id":63008,"url":"https:\/\/www.shqiperia.com\/blog\/prapaskena-te-sulmit-ndaj-sistemit-tims-dhe-memex-jane-zhdukur-gjurmet-e-udhetimeve-te-taulant-balles-me-trafikantet-jane-54\/","url_meta":{"origin":32917,"position":5},"title":"&#8220;Prapaskena&#8221; te sulmit ndaj sistemit TIMS dhe MEMEX: &#8211; Jan\u00eb zhdukur gjurm\u00ebt e udh\u00ebtimeve t\u00eb Taulant Ball\u00ebs me trafikant\u00ebt! Jan\u00eb 54\u2026","author":"Kurt Farka","date":"October 7, 2022","format":false,"excerpt":"7 Tetor 2022 Kryetari i PD Sali Berisha zbuloi dit\u00ebn e sotme nj\u00eb skenar t\u00eb ri p\u00ebr arsyet pse u godit sistemi TIMS dhe MEMEX nga hakerat. Berisha gjat\u00eb nj\u00eb bashk\u00ebbisedimi me gazetar\u00ebt n\u00eb Gjirokast\u00ebr tha se q\u00ebllimi i v\u00ebrtet\u00ebt ishte p\u00ebr t\u00eb zhdukur gjurm\u00ebt e udh\u00ebtimeve t\u00eb Taulant Ball\u00ebs,\u2026","rel":"","context":"In &quot;Blogu i Udh\u00ebtarit&quot;","block_context":{"text":"Blogu i Udh\u00ebtarit","link":"https:\/\/www.shqiperia.com\/blog\/category\/blogu-i-udhetarit\/"},"img":{"alt_text":"","src":"https:\/\/i0.wp.com\/www.shqiperia.com\/blog\/wp-content\/uploads\/2022\/10\/sistemi-tims.jpg?fit=1200%2C684&ssl=1&resize=350%2C200","width":350,"height":200,"srcset":"https:\/\/i0.wp.com\/www.shqiperia.com\/blog\/wp-content\/uploads\/2022\/10\/sistemi-tims.jpg?fit=1200%2C684&ssl=1&resize=350%2C200 1x, https:\/\/i0.wp.com\/www.shqiperia.com\/blog\/wp-content\/uploads\/2022\/10\/sistemi-tims.jpg?fit=1200%2C684&ssl=1&resize=525%2C300 1.5x, https:\/\/i0.wp.com\/www.shqiperia.com\/blog\/wp-content\/uploads\/2022\/10\/sistemi-tims.jpg?fit=1200%2C684&ssl=1&resize=700%2C400 2x, https:\/\/i0.wp.com\/www.shqiperia.com\/blog\/wp-content\/uploads\/2022\/10\/sistemi-tims.jpg?fit=1200%2C684&ssl=1&resize=1050%2C600 3x"},"classes":[]}],"_links":{"self":[{"href":"https:\/\/www.shqiperia.com\/blog\/wp-json\/wp\/v2\/posts\/32917","targetHints":{"allow":["GET"]}}],"collection":[{"href":"https:\/\/www.shqiperia.com\/blog\/wp-json\/wp\/v2\/posts"}],"about":[{"href":"https:\/\/www.shqiperia.com\/blog\/wp-json\/wp\/v2\/types\/post"}],"author":[{"embeddable":true,"href":"https:\/\/www.shqiperia.com\/blog\/wp-json\/wp\/v2\/users\/9"}],"replies":[{"embeddable":true,"href":"https:\/\/www.shqiperia.com\/blog\/wp-json\/wp\/v2\/comments?post=32917"}],"version-history":[{"count":1,"href":"https:\/\/www.shqiperia.com\/blog\/wp-json\/wp\/v2\/posts\/32917\/revisions"}],"predecessor-version":[{"id":32919,"href":"https:\/\/www.shqiperia.com\/blog\/wp-json\/wp\/v2\/posts\/32917\/revisions\/32919"}],"wp:featuredmedia":[{"embeddable":true,"href":"https:\/\/www.shqiperia.com\/blog\/wp-json\/wp\/v2\/media\/32918"}],"wp:attachment":[{"href":"https:\/\/www.shqiperia.com\/blog\/wp-json\/wp\/v2\/media?parent=32917"}],"wp:term":[{"taxonomy":"category","embeddable":true,"href":"https:\/\/www.shqiperia.com\/blog\/wp-json\/wp\/v2\/categories?post=32917"},{"taxonomy":"post_tag","embeddable":true,"href":"https:\/\/www.shqiperia.com\/blog\/wp-json\/wp\/v2\/tags?post=32917"}],"curies":[{"name":"wp","href":"https:\/\/api.w.org\/{rel}","templated":true}]}}