{"id":32914,"date":"2020-03-30T14:38:23","date_gmt":"2020-03-30T14:38:23","guid":{"rendered":"https:\/\/www.shqiperia.com\/blog\/?p=32914"},"modified":"2020-03-30T14:38:37","modified_gmt":"2020-03-30T14:38:37","slug":"karriere-ne-kohen-e-koronavirusit-lufte-per-kryetar-ne-opoziten-e-re","status":"publish","type":"post","link":"https:\/\/www.shqiperia.com\/blog\/karriere-ne-kohen-e-koronavirusit-lufte-per-kryetar-ne-opoziten-e-re\/","title":{"rendered":"Karriere ne Kohen e Koronavirusit. &#8211; Lufte per Kryetar ne \u201cOpoziten e Re\u201d"},"content":{"rendered":"<p><img data-recalc-dims=\"1\" loading=\"lazy\" decoding=\"async\" data-attachment-id=\"32915\" data-permalink=\"https:\/\/www.shqiperia.com\/blog\/karriere-ne-kohen-e-koronavirusit-lufte-per-kryetar-ne-opoziten-e-re\/640-0-5e81f1d3aebf2\/\" data-orig-file=\"https:\/\/i0.wp.com\/www.shqiperia.com\/blog\/wp-content\/uploads\/2020\/03\/640-0-5e81f1d3aebf2.jpg?fit=410%2C221&amp;ssl=1\" data-orig-size=\"410,221\" data-comments-opened=\"1\" data-image-meta=\"{&quot;aperture&quot;:&quot;0&quot;,&quot;credit&quot;:&quot;&quot;,&quot;camera&quot;:&quot;&quot;,&quot;caption&quot;:&quot;&quot;,&quot;created_timestamp&quot;:&quot;0&quot;,&quot;copyright&quot;:&quot;&quot;,&quot;focal_length&quot;:&quot;0&quot;,&quot;iso&quot;:&quot;0&quot;,&quot;shutter_speed&quot;:&quot;0&quot;,&quot;title&quot;:&quot;&quot;,&quot;orientation&quot;:&quot;0&quot;}\" data-image-title=\"-640-0-5e81f1d3aebf2\" data-image-description=\"\" data-image-caption=\"\" data-medium-file=\"https:\/\/i0.wp.com\/www.shqiperia.com\/blog\/wp-content\/uploads\/2020\/03\/640-0-5e81f1d3aebf2.jpg?fit=300%2C162&amp;ssl=1\" data-large-file=\"https:\/\/i0.wp.com\/www.shqiperia.com\/blog\/wp-content\/uploads\/2020\/03\/640-0-5e81f1d3aebf2.jpg?fit=410%2C221&amp;ssl=1\" class=\"alignnone wp-image-32915\" alt=\"\" src=\"https:\/\/i0.wp.com\/www.shqiperia.com\/blog\/wp-content\/uploads\/2020\/03\/640-0-5e81f1d3aebf2.jpg?resize=370%2C200&#038;ssl=1\" width=\"370\" height=\"200\" srcset=\"https:\/\/i0.wp.com\/www.shqiperia.com\/blog\/wp-content\/uploads\/2020\/03\/640-0-5e81f1d3aebf2.jpg?resize=300%2C162&amp;ssl=1 300w, https:\/\/i0.wp.com\/www.shqiperia.com\/blog\/wp-content\/uploads\/2020\/03\/640-0-5e81f1d3aebf2.jpg?resize=400%2C216&amp;ssl=1 400w, https:\/\/i0.wp.com\/www.shqiperia.com\/blog\/wp-content\/uploads\/2020\/03\/640-0-5e81f1d3aebf2.jpg?w=410&amp;ssl=1 410w\" sizes=\"auto, (max-width: 370px) 100vw, 370px\" \/><\/p>\n<p>Karriere ne Kohen e Koronavirusit. &#8211; Lufte per Kryetar ne \u201cOpoziten e Re\u201d<\/p>\n<p>30 MARS 2020<\/p>\n<p>Deputeti Adriatik Alimadhi \u00ebsht\u00eb tashm\u00eb i konfirmuar si i prekur me COVID-19 dhe po merr trajtimin mjek\u00ebsor pran\u00eb organeve sh\u00ebndet\u00ebsore.<\/p>\n<p>Por krahas k\u00ebsaj, ai \u00ebsht\u00eb shkarkuar edhe si kryetar i grupit parlamentar t\u00eb \u201cPartive t\u00eb Djathta\u201d.<\/p>\n<p>Ky grupim deputet\u00ebsh ka ndryshuar emrin duke u quajtur \u201cDemokraci dhe Drejt\u00ebsi\u201d dhe n\u00eb krye \u00ebsht\u00eb vendosur deputeti Edmond Stojku.<\/p>\n<p>N\u00eb p\u00ebrb\u00ebrje t\u00eb grupit t\u00eb ri jan\u00eb edhe ish-deputet t\u00eb ish-grupit parlamentar t\u00eb Adriatik Alimadhit, si Ko\u00e7i Tahiri, Ramazan Gjuzi, Ervis Me\u00e7o, Kostaq Papa etj.<\/p>\n<p>Deputeti Stojku e nisi pun\u00ebn e tij si kryesues grupi dit\u00ebn e premte ku ishte i pranish\u00ebm edhe n\u00eb mbledhjen e Konferenc\u00ebs s\u00eb Kryetar\u00ebve.<\/p>\n","protected":false},"excerpt":{"rendered":"<p>Karriere ne Kohen e Koronavirusit. &#8211; Lufte per Kryetar ne \u201cOpoziten e Re\u201d 30 MARS 2020 Deputeti Adriatik Alimadhi \u00ebsht\u00eb tashm\u00eb i konfirmuar si i prekur me COVID-19 dhe po merr trajtimin mjek\u00ebsor pran\u00eb organeve sh\u00ebndet\u00ebsore. Por krahas k\u00ebsaj, ai \u00ebsht\u00eb shkarkuar edhe si kryetar i grupit parlamentar t\u00eb \u201cPartive t\u00eb Djathta\u201d. Ky grupim deputet\u00ebsh [&hellip;]<\/p>\n","protected":false},"author":9,"featured_media":32915,"comment_status":"open","ping_status":"open","sticky":false,"template":"","format":"standard","meta":{"jetpack_post_was_ever_published":false,"_jetpack_newsletter_access":"","_jetpack_dont_email_post_to_subs":false,"_jetpack_newsletter_tier_id":0,"_jetpack_memberships_contains_paywalled_content":false,"_jetpack_memberships_contains_paid_content":false,"footnotes":"","jetpack_publicize_message":"","jetpack_publicize_feature_enabled":true,"jetpack_social_post_already_shared":true,"jetpack_social_options":{"image_generator_settings":{"template":"highway","default_image_id":0,"font":"","enabled":false},"version":2}},"categories":[10,14],"tags":[],"class_list":["post-32914","post","type-post","status-publish","format-standard","has-post-thumbnail","hentry","category-kultura","category-press-releases"],"jetpack_publicize_connections":[],"jetpack_featured_media_url":"https:\/\/i0.wp.com\/www.shqiperia.com\/blog\/wp-content\/uploads\/2020\/03\/640-0-5e81f1d3aebf2.jpg?fit=410%2C221&ssl=1","jetpack_sharing_enabled":true,"jetpack_shortlink":"https:\/\/wp.me\/p5Z6wp-8yS","jetpack-related-posts":[{"id":101896,"url":"https:\/\/www.shqiperia.com\/blog\/berisha-vizite-ne-berlin-takime-ne-cdu-dhe-bundestag\/","url_meta":{"origin":32914,"position":0},"title":"Berisha vizit\u00eb n\u00eb Berlin, takime n\u00eb CDU dhe Bundestag","author":"Kurt Farka","date":"June 27, 2026","format":false,"excerpt":"28 Qershor 2026 Aktivitetin jubilar t\u00eb Qarkut Parlamentar t\u00eb Nd\u00ebrmarrjeve t\u00eb Mesme (PKM) t\u00eb grupit parlamentar CDU\/CSU n\u00eb Bundestagun gjerman. N\u00eb kuad\u00ebr t\u00eb k\u00ebsaj vizite, Berisha zhvilloi edhe nj\u00eb s\u00ebr\u00eb takimesh me personalitete t\u00eb r\u00ebnd\u00ebsishme t\u00eb politik\u00ebs gjermane. Kreu i PD-s\u00eb b\u00ebri t\u00eb ditur se gjat\u00eb bisedimeve me deputet\u00eb dhe\u2026","rel":"","context":"In &quot;Blogu i Udh\u00ebtarit&quot;","block_context":{"text":"Blogu i Udh\u00ebtarit","link":"https:\/\/www.shqiperia.com\/blog\/category\/blogu-i-udhetarit\/"},"img":{"alt_text":"","src":"https:\/\/i0.wp.com\/www.shqiperia.com\/blog\/wp-content\/uploads\/2026\/06\/640-0-2-93-1782569816.jpg?fit=640%2C428&ssl=1&resize=350%2C200","width":350,"height":200,"srcset":"https:\/\/i0.wp.com\/www.shqiperia.com\/blog\/wp-content\/uploads\/2026\/06\/640-0-2-93-1782569816.jpg?fit=640%2C428&ssl=1&resize=350%2C200 1x, https:\/\/i0.wp.com\/www.shqiperia.com\/blog\/wp-content\/uploads\/2026\/06\/640-0-2-93-1782569816.jpg?fit=640%2C428&ssl=1&resize=525%2C300 1.5x"},"classes":[]},{"id":103400,"url":"https:\/\/www.shqiperia.com\/blog\/ps-ka-lufte-te-brendshme-brace-ben-deklaraten-e-forte-duan-te-me-eliminojne-politikisht\/","url_meta":{"origin":32914,"position":1},"title":"\u2018PS ka luft\u00eb t\u00eb brendshme\u2019, Bra\u00e7e b\u00ebn deklarat\u00ebn e fort\u00eb: &#8211; Duan t\u00eb m\u00eb eliminojn\u00eb politikisht","author":"Kurt Farka","date":"July 29, 2026","format":false,"excerpt":"29 Korrik 2026 Erion Bra\u00e7e ka folur k\u00ebt\u00eb t\u00eb m\u00ebrkur\u00eb n\u00eb nj\u00eb emision televiziv, lidhur me debatet e brendshme n\u00eb Partin\u00eb Socialiste. Bra\u00e7e ka pranuar se n\u00eb PS ka nj\u00eb luft\u00eb t\u00eb brendshme, duke th\u00ebn\u00eb se ka persona q\u00eb duan ta eliminojn\u00eb politikisht. Bra\u00e7e: I nxjerrin mesazhet sepse kan\u00eb q\u00ebllim\u2026","rel":"","context":"In &quot;Blogu i Udh\u00ebtarit&quot;","block_context":{"text":"Blogu i Udh\u00ebtarit","link":"https:\/\/www.shqiperia.com\/blog\/category\/blogu-i-udhetarit\/"},"img":{"alt_text":"","src":"https:\/\/i0.wp.com\/www.shqiperia.com\/blog\/wp-content\/uploads\/2026\/07\/640-0-640-0-erion-brace-792-1742042302.jpg?fit=640%2C494&ssl=1&resize=350%2C200","width":350,"height":200,"srcset":"https:\/\/i0.wp.com\/www.shqiperia.com\/blog\/wp-content\/uploads\/2026\/07\/640-0-640-0-erion-brace-792-1742042302.jpg?fit=640%2C494&ssl=1&resize=350%2C200 1x, https:\/\/i0.wp.com\/www.shqiperia.com\/blog\/wp-content\/uploads\/2026\/07\/640-0-640-0-erion-brace-792-1742042302.jpg?fit=640%2C494&ssl=1&resize=525%2C300 1.5x"},"classes":[]},{"id":105219,"url":"https:\/\/www.shqiperia.com\/blog\/nga-dietat-te-shpenzimet-per-karburantin-mbi-700-mije-euro-per-deputetet-ne-korrik-u-rimbursuan-per-qirate-edhe-ata-qe-deklaruan-miliona-euro\/","url_meta":{"origin":32914,"position":2},"title":"Nga dietat te shpenzimet p\u00ebr karburantin\/ Mbi 700 mij\u00eb euro p\u00ebr deputet\u00ebt n\u00eb korrik, u rimbursuan p\u00ebr qirat\u00eb edhe ata q\u00eb deklaruan miliona euro","author":"Kurt Farka","date":"August 26, 2026","format":false,"excerpt":"26 Gusht 2026 Kostoja p\u00ebr deputet\u00ebt e Kuvendit gjat\u00eb muajit korrik rezulton t\u00eb jet\u00eb mbi 707 mij\u00eb euro ose rreth 65 milion\u00eb lek\u00eb. P\u00ebrve\u00e7 pag\u00ebs bruto q\u00eb shkon p\u00ebr t\u00eb gjith\u00eb ligjv\u00ebn\u00ebsit m\u00eb shum\u00eb se 42 milion\u00eb lek\u00eb \u00e7do muaj, e p\u00ebr secilin mesatarisht 300 000, deputet\u00ebt kan\u00eb p\u00ebrfituar edhe\u2026","rel":"","context":"In &quot;Blogu i Udh\u00ebtarit&quot;","block_context":{"text":"Blogu i Udh\u00ebtarit","link":"https:\/\/www.shqiperia.com\/blog\/category\/blogu-i-udhetarit\/"},"img":{"alt_text":"","src":"https:\/\/i0.wp.com\/www.shqiperia.com\/blog\/wp-content\/uploads\/2026\/08\/vlcsnap-2026-08-25-19h33m59s780_sd-800x450-1.webp?fit=800%2C450&ssl=1&resize=350%2C200","width":350,"height":200,"srcset":"https:\/\/i0.wp.com\/www.shqiperia.com\/blog\/wp-content\/uploads\/2026\/08\/vlcsnap-2026-08-25-19h33m59s780_sd-800x450-1.webp?fit=800%2C450&ssl=1&resize=350%2C200 1x, https:\/\/i0.wp.com\/www.shqiperia.com\/blog\/wp-content\/uploads\/2026\/08\/vlcsnap-2026-08-25-19h33m59s780_sd-800x450-1.webp?fit=800%2C450&ssl=1&resize=525%2C300 1.5x, https:\/\/i0.wp.com\/www.shqiperia.com\/blog\/wp-content\/uploads\/2026\/08\/vlcsnap-2026-08-25-19h33m59s780_sd-800x450-1.webp?fit=800%2C450&ssl=1&resize=700%2C400 2x"},"classes":[]},{"id":105161,"url":"https:\/\/www.shqiperia.com\/blog\/kriza-qe-po-jetojme-ka-ne-thelb-menyren-se-si-vendosim-brace-po-pres-garen-per-kryetar-bashkie-te-tiranes\/","url_meta":{"origin":32914,"position":3},"title":"Kriza q\u00eb po jetojm\u00eb ka n\u00eb thelb m\u00ebnyr\u00ebn se si vendosim.  Bra\u00e7e: &#8211; Po pres gar\u00ebn p\u00ebr kryetar bashkie t\u00eb Tiran\u00ebs.","author":"Kurt Farka","date":"August 25, 2026","format":false,"excerpt":"25 Gusht 2026 Deputeti socialist Erion Bra\u00e7e ka rikujtuar s\u00ebrish p\u00ebr publikun dhe mb\u00ebshtet\u00ebsit e tij ambicien p\u00ebr t\u2019u zgjedhur kryetar i Bashkis\u00eb Tiran\u00eb n\u00eb zgjedhjet vendore q\u00eb pritet t\u00eb mbahen n\u00eb vitin 2027. P\u00ebrmes nj\u00eb postimi n\u00eb rrjetet sociale, Bra\u00e7e thekson se do t\u2019i sh\u00ebrbej\u00eb Tiran\u00ebs n\u00ebse zgjidhet kryebashkiak\u2026","rel":"","context":"In &quot;Blogu i Udh\u00ebtarit&quot;","block_context":{"text":"Blogu i Udh\u00ebtarit","link":"https:\/\/www.shqiperia.com\/blog\/category\/blogu-i-udhetarit\/"},"img":{"alt_text":"","src":"https:\/\/i0.wp.com\/www.shqiperia.com\/blog\/wp-content\/uploads\/2026\/08\/Erion-Brace.png?fit=800%2C450&ssl=1&resize=350%2C200","width":350,"height":200,"srcset":"https:\/\/i0.wp.com\/www.shqiperia.com\/blog\/wp-content\/uploads\/2026\/08\/Erion-Brace.png?fit=800%2C450&ssl=1&resize=350%2C200 1x, https:\/\/i0.wp.com\/www.shqiperia.com\/blog\/wp-content\/uploads\/2026\/08\/Erion-Brace.png?fit=800%2C450&ssl=1&resize=525%2C300 1.5x, https:\/\/i0.wp.com\/www.shqiperia.com\/blog\/wp-content\/uploads\/2026\/08\/Erion-Brace.png?fit=800%2C450&ssl=1&resize=700%2C400 2x"},"classes":[]},{"id":100540,"url":"https:\/\/www.shqiperia.com\/blog\/propozimi-per-kredi-hua-100-mln-euro-per-shkodren-bozdo-ministrit-karakaci-na-thoni-nje-projekt-konkret\/","url_meta":{"origin":32914,"position":4},"title":"Propozimi p\u00ebr kredi (hua) 100 mln euro p\u00ebr Shkodr\u00ebn, Bozdo, ministrit Karaka\u00e7i: &#8211; Na thoni nj\u00eb projekt konkret\u2026","author":"Kurt Farka","date":"May 21, 2026","format":false,"excerpt":"21 Maji 2026 Nj\u00eb fond prej 100 milion\u00eb eurosh, i parashikuar si hua p\u00ebr projekte infrastrukturore n\u00eb veri t\u00eb vendit, ka ndezur nj\u00eb debat t\u00eb ashp\u00ebr gjat\u00eb komisionit parlamentar. P\u00ebrplasja ka ndodhur mes p\u00ebrfaq\u00ebsuesit t\u00eb opozit\u00ebs dhe Ministrit t\u00eb Infrastruktur\u00ebs Enea Karaka\u00e7i,, lidhur me munges\u00ebn e transparenc\u00ebs mbi destinacionin e\u2026","rel":"","context":"In &quot;Blogu i Udh\u00ebtarit&quot;","block_context":{"text":"Blogu i Udh\u00ebtarit","link":"https:\/\/www.shqiperia.com\/blog\/category\/blogu-i-udhetarit\/"},"img":{"alt_text":"","src":"https:\/\/i0.wp.com\/www.shqiperia.com\/blog\/wp-content\/uploads\/2026\/05\/eno-bozdo.jpg?fit=640%2C424&ssl=1&resize=350%2C200","width":350,"height":200,"srcset":"https:\/\/i0.wp.com\/www.shqiperia.com\/blog\/wp-content\/uploads\/2026\/05\/eno-bozdo.jpg?fit=640%2C424&ssl=1&resize=350%2C200 1x, https:\/\/i0.wp.com\/www.shqiperia.com\/blog\/wp-content\/uploads\/2026\/05\/eno-bozdo.jpg?fit=640%2C424&ssl=1&resize=525%2C300 1.5x"},"classes":[]},{"id":102645,"url":"https:\/\/www.shqiperia.com\/blog\/albanian-files-pd-kallezon-ne-spak-ramen-libri-tregon-se-kryeministri-ka-krijuar-nje-strukture-te-mirefillte-kriminale-te-hetohet-per-shperdorim-detyre-korrupsion-e-pastrim-paras\/","url_meta":{"origin":32914,"position":5},"title":"\u201cAlbanian Files\u201d, PD kall\u00ebzon n\u00eb SPAK Ram\u00ebn: Libri tregon se kryeministri ka krijuar nj\u00eb struktur\u00eb t\u00eb mir\u00ebfillt\u00eb kriminale! T\u00eb hetohet p\u00ebr shp\u00ebrdorim detyre, korrupsion e pastrim parash","author":"Kurt Farka","date":"July 14, 2026","format":false,"excerpt":"14 Korrik 2026 Sipas grupit parlamentar demokrat, libri \u201cThe Albanian Files \u2013 Freedom and Architecture\u201d, i botuar n\u00eb qershor 2026, p\u00ebrshkruan nj\u00eb skem\u00eb ku Edi Rama, n\u00eb cil\u00ebsin\u00eb e Kryeministrit dhe Kryetarit t\u00eb K\u00ebshillit Komb\u00ebtar t\u00eb Territorit (KKT), p\u00ebrzgjidhte dhe kontaktonte studio t\u00eb huaja arkitekturore, t\u00eb cilat m\u00eb pas lidheshin\u2026","rel":"","context":"In &quot;Blogu i Udh\u00ebtarit&quot;","block_context":{"text":"Blogu i Udh\u00ebtarit","link":"https:\/\/www.shqiperia.com\/blog\/category\/blogu-i-udhetarit\/"},"img":{"alt_text":"","src":"https:\/\/i0.wp.com\/www.shqiperia.com\/blog\/wp-content\/uploads\/2026\/07\/rama-ne-spak-.jpg?fit=753%2C429&ssl=1&resize=350%2C200","width":350,"height":200,"srcset":"https:\/\/i0.wp.com\/www.shqiperia.com\/blog\/wp-content\/uploads\/2026\/07\/rama-ne-spak-.jpg?fit=753%2C429&ssl=1&resize=350%2C200 1x, https:\/\/i0.wp.com\/www.shqiperia.com\/blog\/wp-content\/uploads\/2026\/07\/rama-ne-spak-.jpg?fit=753%2C429&ssl=1&resize=525%2C300 1.5x, https:\/\/i0.wp.com\/www.shqiperia.com\/blog\/wp-content\/uploads\/2026\/07\/rama-ne-spak-.jpg?fit=753%2C429&ssl=1&resize=700%2C400 2x"},"classes":[]}],"_links":{"self":[{"href":"https:\/\/www.shqiperia.com\/blog\/wp-json\/wp\/v2\/posts\/32914","targetHints":{"allow":["GET"]}}],"collection":[{"href":"https:\/\/www.shqiperia.com\/blog\/wp-json\/wp\/v2\/posts"}],"about":[{"href":"https:\/\/www.shqiperia.com\/blog\/wp-json\/wp\/v2\/types\/post"}],"author":[{"embeddable":true,"href":"https:\/\/www.shqiperia.com\/blog\/wp-json\/wp\/v2\/users\/9"}],"replies":[{"embeddable":true,"href":"https:\/\/www.shqiperia.com\/blog\/wp-json\/wp\/v2\/comments?post=32914"}],"version-history":[{"count":1,"href":"https:\/\/www.shqiperia.com\/blog\/wp-json\/wp\/v2\/posts\/32914\/revisions"}],"predecessor-version":[{"id":32916,"href":"https:\/\/www.shqiperia.com\/blog\/wp-json\/wp\/v2\/posts\/32914\/revisions\/32916"}],"wp:featuredmedia":[{"embeddable":true,"href":"https:\/\/www.shqiperia.com\/blog\/wp-json\/wp\/v2\/media\/32915"}],"wp:attachment":[{"href":"https:\/\/www.shqiperia.com\/blog\/wp-json\/wp\/v2\/media?parent=32914"}],"wp:term":[{"taxonomy":"category","embeddable":true,"href":"https:\/\/www.shqiperia.com\/blog\/wp-json\/wp\/v2\/categories?post=32914"},{"taxonomy":"post_tag","embeddable":true,"href":"https:\/\/www.shqiperia.com\/blog\/wp-json\/wp\/v2\/tags?post=32914"}],"curies":[{"name":"wp","href":"https:\/\/api.w.org\/{rel}","templated":true}]}}