{"id":32905,"date":"2020-03-30T00:04:54","date_gmt":"2020-03-30T00:04:54","guid":{"rendered":"https:\/\/www.shqiperia.com\/blog\/?p=32905"},"modified":"2020-03-30T00:04:54","modified_gmt":"2020-03-30T00:04:54","slug":"do-te-paguhet-18-milione-euro-nga-rama-pd-paralajmeron-kryeministrin-ne-kohe-lufte-e-di-se-cfare-i-pret-hajdutet","status":"publish","type":"post","link":"https:\/\/www.shqiperia.com\/blog\/do-te-paguhet-18-milione-euro-nga-rama-pd-paralajmeron-kryeministrin-ne-kohe-lufte-e-di-se-cfare-i-pret-hajdutet\/","title":{"rendered":"\u201cDo t\u00eb paguhet 18 milion\u00eb euro nga Rama\u201d, PD paralajm\u00ebron kryeministrin: N\u00eb koh\u00eb lufte e di se \u00e7far\u00eb i pret hajdut\u00ebt&#8230;"},"content":{"rendered":"<p><img data-recalc-dims=\"1\" loading=\"lazy\" decoding=\"async\" data-attachment-id=\"32906\" data-permalink=\"https:\/\/www.shqiperia.com\/blog\/do-te-paguhet-18-milione-euro-nga-rama-pd-paralajmeron-kryeministrin-ne-kohe-lufte-e-di-se-cfare-i-pret-hajdutet\/800-0-5e80f980b6516\/\" data-orig-file=\"https:\/\/i0.wp.com\/www.shqiperia.com\/blog\/wp-content\/uploads\/2020\/03\/800-0-5e80f980b6516.jpg?fit=800%2C419&amp;ssl=1\" data-orig-size=\"800,419\" data-comments-opened=\"1\" data-image-meta=\"{&quot;aperture&quot;:&quot;0&quot;,&quot;credit&quot;:&quot;&quot;,&quot;camera&quot;:&quot;&quot;,&quot;caption&quot;:&quot;&quot;,&quot;created_timestamp&quot;:&quot;0&quot;,&quot;copyright&quot;:&quot;&quot;,&quot;focal_length&quot;:&quot;0&quot;,&quot;iso&quot;:&quot;0&quot;,&quot;shutter_speed&quot;:&quot;0&quot;,&quot;title&quot;:&quot;&quot;,&quot;orientation&quot;:&quot;0&quot;}\" data-image-title=\"-800-0-5e80f980b6516\" data-image-description=\"\" data-image-caption=\"\" data-medium-file=\"https:\/\/i0.wp.com\/www.shqiperia.com\/blog\/wp-content\/uploads\/2020\/03\/800-0-5e80f980b6516.jpg?fit=300%2C157&amp;ssl=1\" data-large-file=\"https:\/\/i0.wp.com\/www.shqiperia.com\/blog\/wp-content\/uploads\/2020\/03\/800-0-5e80f980b6516.jpg?fit=800%2C419&amp;ssl=1\" class=\"alignnone  wp-image-32906\" alt=\"\" src=\"https:\/\/i0.wp.com\/www.shqiperia.com\/blog\/wp-content\/uploads\/2020\/03\/800-0-5e80f980b6516.jpg?resize=388%2C203&#038;ssl=1\" width=\"388\" height=\"203\" srcset=\"https:\/\/i0.wp.com\/www.shqiperia.com\/blog\/wp-content\/uploads\/2020\/03\/800-0-5e80f980b6516.jpg?resize=300%2C157&amp;ssl=1 300w, https:\/\/i0.wp.com\/www.shqiperia.com\/blog\/wp-content\/uploads\/2020\/03\/800-0-5e80f980b6516.jpg?resize=768%2C402&amp;ssl=1 768w, https:\/\/i0.wp.com\/www.shqiperia.com\/blog\/wp-content\/uploads\/2020\/03\/800-0-5e80f980b6516.jpg?resize=450%2C236&amp;ssl=1 450w, https:\/\/i0.wp.com\/www.shqiperia.com\/blog\/wp-content\/uploads\/2020\/03\/800-0-5e80f980b6516.jpg?resize=600%2C314&amp;ssl=1 600w, https:\/\/i0.wp.com\/www.shqiperia.com\/blog\/wp-content\/uploads\/2020\/03\/800-0-5e80f980b6516.jpg?resize=400%2C210&amp;ssl=1 400w, https:\/\/i0.wp.com\/www.shqiperia.com\/blog\/wp-content\/uploads\/2020\/03\/800-0-5e80f980b6516.jpg?w=800&amp;ssl=1 800w\" sizes=\"auto, (max-width: 388px) 100vw, 388px\" \/><\/p>\n<p>\u201cDo t\u00eb paguhet 18 milion\u00eb euro nga Rama\u201d, PD paralajm\u00ebron kryeministrin: N\u00eb koh\u00eb lufte e di se \u00e7far\u00eb i pret hajdut\u00ebt&#8230;<\/p>\n<p>29 MARS 2020<\/p>\n<p>Demokrati Eno Bozdo, shprehet se kryeministri Rama do t\u00eb paguaj\u00eb 18 milion\u00eb euro Klodian Zoton k\u00ebt\u00eb vit.<\/p>\n<p>Sipas tij, Rama do u jap\u00eb edhe 11 miq e shok\u00eb t\u00eb tjer\u00eb, 120 milion\u00eb euro n\u00eb total, n\u00eb mes t\u00eb k\u00ebsaj krize t\u00eb jasht\u00ebzakonshme.<\/p>\n<p>Bozdo shkruan:<\/p>\n<p>Klodian Zoto do paguhet k\u00ebt\u00eb vit nga Rama plot 18 milion\u00eb euro, p\u00ebr incenerator\u00ebt q\u00eb n\u00eb fakt nuk ekzistojn\u00eb. Ashtu si edhe 11 miq e shok\u00eb t\u00eb tjer\u00eb t\u00eb Edi Ram\u00ebs. T\u00eb gjith\u00eb do t\u00eb paguhen n\u00eb total 120 milion\u00eb euro, p\u00ebr pun\u00eb q\u00eb nuk jan\u00eb b\u00ebr\u00eb apo nuk kan\u00eb pse t\u00eb b\u00ebhen n\u00eb mes t\u00eb k\u00ebsaj krize t\u00eb jasht\u00ebzakonshme.<\/p>\n<p>Gazetarit, i cili dje gjat\u00eb intervist\u00ebs i k\u00ebrkoi kryeministrit arsyen pse shqiptar\u00ebt nuk ndihmohen financiarisht ashtu si\u00e7 po vepron \u00e7do vend tjet\u00ebr rreth nesh, Rama iu p\u00ebrgjigj that\u00eb se nuk kishte lek\u00eb. \u201c ..S`kemi ku i gjejm\u00eb\u2026\u201d-tha, pa iu dridhur qerpiku. Vet\u00ebm 12 or\u00eb m\u00eb von\u00eb shpalli tenderin 410 milion\u00eb lek\u00eb p\u00ebr kolltuqe dhe perde zyrash. Nj\u00eb jav\u00eb m\u00eb par\u00eb tenderoi plot 50 milion\u00eb euro p\u00ebr beton. Para q\u00eb duhet t\u00eb shkonin n\u00eb ndihm\u00eb t\u00eb qytetar\u00ebve dhe ekonomis\u00eb ton\u00eb, por q\u00eb si zakonisht p\u00ebrfundojn\u00eb n\u00eb xhepat e miqve t\u00eb tij.<\/p>\n<p>Qytetar\u00ebt t\u00eb cil\u00ebt i shkruajn\u00eb p\u00ebr faktin se familjet jan\u00eb pa buk\u00eb, se pensionist\u00ebt nuk kan\u00eb me cfar\u00eb t\u00eb ushqehen, se bizneset jan\u00eb mbyllur dhe se f\u00ebmij\u00ebt po flen\u00eb t\u00eb uritur, Rama tallet me ata duke i k\u00ebrkuar llogari p\u00ebr lek\u00ebt q\u00eb paguajn\u00eb internetin.<\/p>\n<p>Ka zgjedhur t\u00eb talllet n\u00eb k\u00ebt\u00eb koh\u00eb shum\u00eb t\u00eb v\u00ebshtir\u00eb. E b\u00ebn me nd\u00ebrgjegje dhe d\u00ebshir\u00eb t\u00eb plot\u00eb. Mendon se gjith\u00e7ka harrohet, por nuk \u00ebsht\u00eb aspak k\u00ebshtu. Sepse nj\u00eb gj\u00eb duhet t\u00eb ket\u00eb mir\u00eb parasysh: meq\u00ebn\u00ebs\u00eb i p\u00eblqen t\u00eb thot\u00eb s\u00eb \u201c..jemi n\u00eb luft\u00eb, dhe se n\u00eb luft\u00eb dezertor\u00ebt d\u00ebnohen..\u201d, at\u00ebh\u00ebr\u00eb \u00ebsht\u00eb mir\u00eb t`i kujtojm\u00eb se \u00e7far\u00eb ndodh me spekulant\u00ebt dhe hajdut\u00ebt n\u00eb koh\u00eb lufte dhe se cfar\u00eb fati i pret ata.<\/p>\n<p>Sepse lufta per shqiptar\u00ebt nj\u00eb dit\u00eb do t\u00eb p\u00ebrfundoj\u00eb, por jo ndjesia e p\u00ebrbuzjes, m\u00ebp\u00ebrk\u00ebmbjes dhe talljes s\u00eb kryeministrit!<\/p>\n<p>Gazeta Sot<\/p>\n","protected":false},"excerpt":{"rendered":"<p>\u201cDo t\u00eb paguhet 18 milion\u00eb euro nga Rama\u201d, PD paralajm\u00ebron kryeministrin: N\u00eb koh\u00eb lufte e di se \u00e7far\u00eb i pret hajdut\u00ebt&#8230; 29 MARS 2020 Demokrati Eno Bozdo, shprehet se kryeministri Rama do t\u00eb paguaj\u00eb 18 milion\u00eb euro Klodian Zoton k\u00ebt\u00eb vit. Sipas tij, Rama do u jap\u00eb edhe 11 miq e shok\u00eb t\u00eb tjer\u00eb, 120 [&hellip;]<\/p>\n","protected":false},"author":9,"featured_media":32906,"comment_status":"open","ping_status":"open","sticky":false,"template":"","format":"standard","meta":{"jetpack_post_was_ever_published":false,"_jetpack_newsletter_access":"","_jetpack_dont_email_post_to_subs":false,"_jetpack_newsletter_tier_id":0,"_jetpack_memberships_contains_paywalled_content":false,"_jetpack_memberships_contains_paid_content":false,"footnotes":"","jetpack_publicize_message":"","jetpack_publicize_feature_enabled":true,"jetpack_social_post_already_shared":true,"jetpack_social_options":{"image_generator_settings":{"template":"highway","default_image_id":0,"font":"","enabled":false},"version":2}},"categories":[27,2,35],"tags":[],"class_list":["post-32905","post","type-post","status-publish","format-standard","has-post-thumbnail","hentry","category-blogu-i-udhetarit","category-politika","category-shoqerore"],"jetpack_publicize_connections":[],"jetpack_featured_media_url":"https:\/\/i0.wp.com\/www.shqiperia.com\/blog\/wp-content\/uploads\/2020\/03\/800-0-5e80f980b6516.jpg?fit=800%2C419&ssl=1","jetpack_sharing_enabled":true,"jetpack_shortlink":"https:\/\/wp.me\/p5Z6wp-8yJ","jetpack-related-posts":[{"id":103097,"url":"https:\/\/www.shqiperia.com\/blog\/becchetti-qytetaret-shqiptare-paguan-10-3-milione-euro-vetem-per-avokatet\/","url_meta":{"origin":32905,"position":0},"title":"Becchetti, qytetar\u00ebt shqiptar\u00eb paguan 10.3 milion\u00eb euro vet\u00ebm p\u00ebr avokat\u00ebt","author":"Kurt Farka","date":"July 22, 2026","format":false,"excerpt":"22 Korrik 2026 Fatura e sherrit personal mes kryemnistrit Edi Rama dhe biznesmenit italian Francesco Becchetti nuk ka t\u00eb mbaruar dhe vet\u00ebm r\u00ebndohet. Ministria e Financave zbuloi se vet\u00ebm fatura e avokat\u00ebve q\u00eb shteti shqiptar ka p\u00ebrdorur n\u00eb konfliktin me Becchettin ka arritur n\u00eb shifr\u00ebn trondit\u00ebse 10.26 milion\u00eb euro. Sipas\u2026","rel":"","context":"In &quot;Blogu i Udh\u00ebtarit&quot;","block_context":{"text":"Blogu i Udh\u00ebtarit","link":"https:\/\/www.shqiperia.com\/blog\/category\/blogu-i-udhetarit\/"},"img":{"alt_text":"","src":"https:\/\/i0.wp.com\/www.shqiperia.com\/blog\/wp-content\/uploads\/2026\/07\/Bechet-Rama.jpg?fit=900%2C518&ssl=1&resize=350%2C200","width":350,"height":200,"srcset":"https:\/\/i0.wp.com\/www.shqiperia.com\/blog\/wp-content\/uploads\/2026\/07\/Bechet-Rama.jpg?fit=900%2C518&ssl=1&resize=350%2C200 1x, https:\/\/i0.wp.com\/www.shqiperia.com\/blog\/wp-content\/uploads\/2026\/07\/Bechet-Rama.jpg?fit=900%2C518&ssl=1&resize=525%2C300 1.5x, https:\/\/i0.wp.com\/www.shqiperia.com\/blog\/wp-content\/uploads\/2026\/07\/Bechet-Rama.jpg?fit=900%2C518&ssl=1&resize=700%2C400 2x"},"classes":[]},{"id":103023,"url":"https:\/\/www.shqiperia.com\/blog\/be-fut-ne-lupe-financat-e-edi-rames-eurodeputeti-plas-bomben-zbulon-se-kryeministri-perdor-familjen-e-tij-per\/","url_meta":{"origin":32905,"position":1},"title":"BE fut n\u00eb \u201clup\u00eb\u201d financat e Edi Ram\u00ebs, eurodeputeti plas \u201cbomb\u00ebn\u201d, zbulon se kryeministri p\u00ebrdor familjen e tij p\u00ebr\u2026","author":"Kurt Farka","date":"July 21, 2026","format":false,"excerpt":"21 Korrik 2026 Nga Gazeta Sot Bashkimi Europian po monitoron nga af\u00ebr situat\u00ebn n\u00eb Shqip\u00ebri dhe paralelisht po ndjek edhe l\u00ebvizjet financiare q\u00eb, sipas eurodeputetit t\u00eb grupit t\u00eb Partis\u00eb Popullore Europiane (EPP), Tom\u00e1\u0161 Zdechovsk\u00fd, lidhen me kryeministrin Edi Rama dhe familjen e tij. Gjat\u00eb nj\u00eb interviste televizive, eurodeputeti deklaroi se\u2026","rel":"","context":"In &quot;Blogu i Udh\u00ebtarit&quot;","block_context":{"text":"Blogu i Udh\u00ebtarit","link":"https:\/\/www.shqiperia.com\/blog\/category\/blogu-i-udhetarit\/"},"img":{"alt_text":"","src":"https:\/\/i0.wp.com\/www.shqiperia.com\/blog\/wp-content\/uploads\/2026\/07\/foto-3-6-1140x570-1.jpg?fit=1056%2C570&ssl=1&resize=350%2C200","width":350,"height":200,"srcset":"https:\/\/i0.wp.com\/www.shqiperia.com\/blog\/wp-content\/uploads\/2026\/07\/foto-3-6-1140x570-1.jpg?fit=1056%2C570&ssl=1&resize=350%2C200 1x, https:\/\/i0.wp.com\/www.shqiperia.com\/blog\/wp-content\/uploads\/2026\/07\/foto-3-6-1140x570-1.jpg?fit=1056%2C570&ssl=1&resize=525%2C300 1.5x, https:\/\/i0.wp.com\/www.shqiperia.com\/blog\/wp-content\/uploads\/2026\/07\/foto-3-6-1140x570-1.jpg?fit=1056%2C570&ssl=1&resize=700%2C400 2x, https:\/\/i0.wp.com\/www.shqiperia.com\/blog\/wp-content\/uploads\/2026\/07\/foto-3-6-1140x570-1.jpg?fit=1056%2C570&ssl=1&resize=1050%2C600 3x"},"classes":[]},{"id":103343,"url":"https:\/\/www.shqiperia.com\/blog\/afera-e-kazinose-ne-air-albania-ekspertja-te-hetohet-pastrimi-i-parave-ku-qarkullojne-33-milione-euro\/","url_meta":{"origin":32905,"position":2},"title":"Afera e kazinos\u00eb n\u00eb \u2018Air Albania\u2019, ekspertja: &#8211; T\u00eb hetohet pastrimi i parave, ku qarkullojn\u00eb 33 milion\u00eb euro?","author":"Kurt Farka","date":"July 28, 2026","format":false,"excerpt":"28 Korrik 2026 Mbi skem\u00ebn e licencimit t\u00eb kazinos\u00eb n\u00eb Kull\u00ebn e stadiumit \u201cAir Albania\u201d, pas t\u00eb cilit q\u00ebndrojn\u00eb njer\u00ebz t\u00eb lidhur ngusht\u00ebsisht me Olsi Ram\u00ebn, q\u00eb dyshohet t\u00eb jen\u00eb p\u00ebrdorur si prestanome nga v\u00ebllai I kryeministrit. N\u00eb k\u00ebt\u00eb afer\u00eb nj\u00eb prej skandaleve m\u00eb t\u00eb m\u00ebdha \u00ebsht\u00eb mashtrimi dhe blerja\u2026","rel":"","context":"In &quot;Blogu i Udh\u00ebtarit&quot;","block_context":{"text":"Blogu i Udh\u00ebtarit","link":"https:\/\/www.shqiperia.com\/blog\/category\/blogu-i-udhetarit\/"},"img":{"alt_text":"","src":"https:\/\/i0.wp.com\/www.shqiperia.com\/blog\/wp-content\/uploads\/2026\/07\/Ols-Rama.png?fit=600%2C400&ssl=1&resize=350%2C200","width":350,"height":200,"srcset":"https:\/\/i0.wp.com\/www.shqiperia.com\/blog\/wp-content\/uploads\/2026\/07\/Ols-Rama.png?fit=600%2C400&ssl=1&resize=350%2C200 1x, https:\/\/i0.wp.com\/www.shqiperia.com\/blog\/wp-content\/uploads\/2026\/07\/Ols-Rama.png?fit=600%2C400&ssl=1&resize=525%2C300 1.5x"},"classes":[]},{"id":103645,"url":"https:\/\/www.shqiperia.com\/blog\/fabrika-e-makinave-ushtarake-e-rames-ka-vetem-14-punonjes-dhe-1500-euro-pajisje\/","url_meta":{"origin":32905,"position":3},"title":"&#8216;Fabrika&#8217; e makinave ushtarake e Rames ka vet\u00ebm 14 punonj\u00ebs dhe 1500 euro pajisje","author":"Kurt Farka","date":"August 2, 2026","format":false,"excerpt":"2 Gusht 2026 Nga Klodian Tomorri\/ Kryeministri Edi Rama promovoi dje me buj\u00eb t\u00eb madhe 40 makinat e para ushtarake, sipas tij t\u00eb prodhuara n\u00eb Shqip\u00ebri, nga partneriteti mes shoq\u00ebris\u00eb publike Kayo dhe asaj private Timak. Por kur qytetar\u00ebt v\u00ebrshuan me komente n\u00eb rrjetet sociale se si nj\u00eb kompani shqiptare\u2026","rel":"","context":"In &quot;Blogu i Udh\u00ebtarit&quot;","block_context":{"text":"Blogu i Udh\u00ebtarit","link":"https:\/\/www.shqiperia.com\/blog\/category\/blogu-i-udhetarit\/"},"img":{"alt_text":"","src":"https:\/\/i0.wp.com\/www.shqiperia.com\/blog\/wp-content\/uploads\/2026\/08\/auto_9ed9b55d-6ec0-412b-ba0f-d8a8fe64953e1785602916.jpg?fit=710%2C442&ssl=1&resize=350%2C200","width":350,"height":200,"srcset":"https:\/\/i0.wp.com\/www.shqiperia.com\/blog\/wp-content\/uploads\/2026\/08\/auto_9ed9b55d-6ec0-412b-ba0f-d8a8fe64953e1785602916.jpg?fit=710%2C442&ssl=1&resize=350%2C200 1x, https:\/\/i0.wp.com\/www.shqiperia.com\/blog\/wp-content\/uploads\/2026\/08\/auto_9ed9b55d-6ec0-412b-ba0f-d8a8fe64953e1785602916.jpg?fit=710%2C442&ssl=1&resize=525%2C300 1.5x, https:\/\/i0.wp.com\/www.shqiperia.com\/blog\/wp-content\/uploads\/2026\/08\/auto_9ed9b55d-6ec0-412b-ba0f-d8a8fe64953e1785602916.jpg?fit=710%2C442&ssl=1&resize=700%2C400 2x"},"classes":[]},{"id":102359,"url":"https:\/\/www.shqiperia.com\/blog\/kur-flitet-per-miliona-rama-sheh-vetem-korba-e-sorra\/","url_meta":{"origin":32905,"position":4},"title":"Kur flitet p\u00ebr miliona, Rama sheh vet\u00ebm korba e sorra","author":"Kurt Farka","date":"July 8, 2026","format":false,"excerpt":"8 Korrik 2026 Mediat amerikane i kan\u00eb kushtuar v\u00ebmendje vendimit t\u00eb qeveris\u00eb shqiptare p\u00ebr financimin me 4 milion\u00eb euro t\u00eb koncertit t\u00eb reperit amerikan Kanye West n\u00eb Tiran\u00eb. N\u00eb artikullin e saj, NBC News raporton se artisti, i njohur edhe si Ye, \u00ebsht\u00eb ndaluar t\u00eb performoj\u00eb n\u00eb disa vende evropiane\u2026","rel":"","context":"In &quot;Kultura&quot;","block_context":{"text":"Kultura","link":"https:\/\/www.shqiperia.com\/blog\/category\/kultura\/"},"img":{"alt_text":"","src":"https:\/\/i0.wp.com\/www.shqiperia.com\/blog\/wp-content\/uploads\/2026\/07\/b7c67458-453d-4456-abdf-55721022dced-1140x570-2.jpg?fit=702%2C457&ssl=1&resize=350%2C200","width":350,"height":200,"srcset":"https:\/\/i0.wp.com\/www.shqiperia.com\/blog\/wp-content\/uploads\/2026\/07\/b7c67458-453d-4456-abdf-55721022dced-1140x570-2.jpg?fit=702%2C457&ssl=1&resize=350%2C200 1x, https:\/\/i0.wp.com\/www.shqiperia.com\/blog\/wp-content\/uploads\/2026\/07\/b7c67458-453d-4456-abdf-55721022dced-1140x570-2.jpg?fit=702%2C457&ssl=1&resize=525%2C300 1.5x, https:\/\/i0.wp.com\/www.shqiperia.com\/blog\/wp-content\/uploads\/2026\/07\/b7c67458-453d-4456-abdf-55721022dced-1140x570-2.jpg?fit=702%2C457&ssl=1&resize=700%2C400 2x"},"classes":[]},{"id":100540,"url":"https:\/\/www.shqiperia.com\/blog\/propozimi-per-kredi-hua-100-mln-euro-per-shkodren-bozdo-ministrit-karakaci-na-thoni-nje-projekt-konkret\/","url_meta":{"origin":32905,"position":5},"title":"Propozimi p\u00ebr kredi (hua) 100 mln euro p\u00ebr Shkodr\u00ebn, Bozdo, ministrit Karaka\u00e7i: &#8211; Na thoni nj\u00eb projekt konkret\u2026","author":"Kurt Farka","date":"May 21, 2026","format":false,"excerpt":"21 Maji 2026 Nj\u00eb fond prej 100 milion\u00eb eurosh, i parashikuar si hua p\u00ebr projekte infrastrukturore n\u00eb veri t\u00eb vendit, ka ndezur nj\u00eb debat t\u00eb ashp\u00ebr gjat\u00eb komisionit parlamentar. P\u00ebrplasja ka ndodhur mes p\u00ebrfaq\u00ebsuesit t\u00eb opozit\u00ebs dhe Ministrit t\u00eb Infrastruktur\u00ebs Enea Karaka\u00e7i,, lidhur me munges\u00ebn e transparenc\u00ebs mbi destinacionin e\u2026","rel":"","context":"In &quot;Blogu i Udh\u00ebtarit&quot;","block_context":{"text":"Blogu i Udh\u00ebtarit","link":"https:\/\/www.shqiperia.com\/blog\/category\/blogu-i-udhetarit\/"},"img":{"alt_text":"","src":"https:\/\/i0.wp.com\/www.shqiperia.com\/blog\/wp-content\/uploads\/2026\/05\/eno-bozdo.jpg?fit=640%2C424&ssl=1&resize=350%2C200","width":350,"height":200,"srcset":"https:\/\/i0.wp.com\/www.shqiperia.com\/blog\/wp-content\/uploads\/2026\/05\/eno-bozdo.jpg?fit=640%2C424&ssl=1&resize=350%2C200 1x, https:\/\/i0.wp.com\/www.shqiperia.com\/blog\/wp-content\/uploads\/2026\/05\/eno-bozdo.jpg?fit=640%2C424&ssl=1&resize=525%2C300 1.5x"},"classes":[]}],"_links":{"self":[{"href":"https:\/\/www.shqiperia.com\/blog\/wp-json\/wp\/v2\/posts\/32905","targetHints":{"allow":["GET"]}}],"collection":[{"href":"https:\/\/www.shqiperia.com\/blog\/wp-json\/wp\/v2\/posts"}],"about":[{"href":"https:\/\/www.shqiperia.com\/blog\/wp-json\/wp\/v2\/types\/post"}],"author":[{"embeddable":true,"href":"https:\/\/www.shqiperia.com\/blog\/wp-json\/wp\/v2\/users\/9"}],"replies":[{"embeddable":true,"href":"https:\/\/www.shqiperia.com\/blog\/wp-json\/wp\/v2\/comments?post=32905"}],"version-history":[{"count":1,"href":"https:\/\/www.shqiperia.com\/blog\/wp-json\/wp\/v2\/posts\/32905\/revisions"}],"predecessor-version":[{"id":32907,"href":"https:\/\/www.shqiperia.com\/blog\/wp-json\/wp\/v2\/posts\/32905\/revisions\/32907"}],"wp:featuredmedia":[{"embeddable":true,"href":"https:\/\/www.shqiperia.com\/blog\/wp-json\/wp\/v2\/media\/32906"}],"wp:attachment":[{"href":"https:\/\/www.shqiperia.com\/blog\/wp-json\/wp\/v2\/media?parent=32905"}],"wp:term":[{"taxonomy":"category","embeddable":true,"href":"https:\/\/www.shqiperia.com\/blog\/wp-json\/wp\/v2\/categories?post=32905"},{"taxonomy":"post_tag","embeddable":true,"href":"https:\/\/www.shqiperia.com\/blog\/wp-json\/wp\/v2\/tags?post=32905"}],"curies":[{"name":"wp","href":"https:\/\/api.w.org\/{rel}","templated":true}]}}