{"id":32902,"date":"2020-03-29T20:07:29","date_gmt":"2020-03-29T20:07:29","guid":{"rendered":"https:\/\/www.shqiperia.com\/blog\/?p=32902"},"modified":"2020-03-29T20:07:29","modified_gmt":"2020-03-29T20:07:29","slug":"ndodh-edhe-keshtu-keshilltari-i-shtepise-se-bardhe-ne-sh-b-a-do-te-kemi-midis-100-dhe-200-mije-vdekje","status":"publish","type":"post","link":"https:\/\/www.shqiperia.com\/blog\/ndodh-edhe-keshtu-keshilltari-i-shtepise-se-bardhe-ne-sh-b-a-do-te-kemi-midis-100-dhe-200-mije-vdekje\/","title":{"rendered":"Ndodh edhe keshtu: &#8211; K\u00ebshilltari i Sht\u00ebpis\u00eb s\u00eb Bardh\u00eb: N\u00eb SH.B.A. do t\u00eb kemi midis 100 dhe 200 mij\u00eb vdekje"},"content":{"rendered":"<p><img data-recalc-dims=\"1\" loading=\"lazy\" decoding=\"async\" data-attachment-id=\"32903\" data-permalink=\"https:\/\/www.shqiperia.com\/blog\/ndodh-edhe-keshtu-keshilltari-i-shtepise-se-bardhe-ne-sh-b-a-do-te-kemi-midis-100-dhe-200-mije-vdekje\/anthony-fauci\/\" data-orig-file=\"https:\/\/i0.wp.com\/www.shqiperia.com\/blog\/wp-content\/uploads\/2020\/03\/Anthony-Fauci.jpg?fit=800%2C469&amp;ssl=1\" data-orig-size=\"800,469\" data-comments-opened=\"1\" data-image-meta=\"{&quot;aperture&quot;:&quot;0&quot;,&quot;credit&quot;:&quot;&quot;,&quot;camera&quot;:&quot;&quot;,&quot;caption&quot;:&quot;&quot;,&quot;created_timestamp&quot;:&quot;0&quot;,&quot;copyright&quot;:&quot;&quot;,&quot;focal_length&quot;:&quot;0&quot;,&quot;iso&quot;:&quot;0&quot;,&quot;shutter_speed&quot;:&quot;0&quot;,&quot;title&quot;:&quot;&quot;,&quot;orientation&quot;:&quot;0&quot;}\" data-image-title=\"Anthony Fauci\" data-image-description=\"\" data-image-caption=\"\" data-medium-file=\"https:\/\/i0.wp.com\/www.shqiperia.com\/blog\/wp-content\/uploads\/2020\/03\/Anthony-Fauci.jpg?fit=300%2C176&amp;ssl=1\" data-large-file=\"https:\/\/i0.wp.com\/www.shqiperia.com\/blog\/wp-content\/uploads\/2020\/03\/Anthony-Fauci.jpg?fit=800%2C469&amp;ssl=1\" class=\"alignnone  wp-image-32903\" alt=\"\" src=\"https:\/\/i0.wp.com\/www.shqiperia.com\/blog\/wp-content\/uploads\/2020\/03\/Anthony-Fauci.jpg?resize=476%2C279&#038;ssl=1\" width=\"476\" height=\"279\" srcset=\"https:\/\/i0.wp.com\/www.shqiperia.com\/blog\/wp-content\/uploads\/2020\/03\/Anthony-Fauci.jpg?resize=300%2C176&amp;ssl=1 300w, https:\/\/i0.wp.com\/www.shqiperia.com\/blog\/wp-content\/uploads\/2020\/03\/Anthony-Fauci.jpg?resize=768%2C450&amp;ssl=1 768w, https:\/\/i0.wp.com\/www.shqiperia.com\/blog\/wp-content\/uploads\/2020\/03\/Anthony-Fauci.jpg?resize=450%2C264&amp;ssl=1 450w, https:\/\/i0.wp.com\/www.shqiperia.com\/blog\/wp-content\/uploads\/2020\/03\/Anthony-Fauci.jpg?resize=600%2C352&amp;ssl=1 600w, https:\/\/i0.wp.com\/www.shqiperia.com\/blog\/wp-content\/uploads\/2020\/03\/Anthony-Fauci.jpg?resize=400%2C235&amp;ssl=1 400w, https:\/\/i0.wp.com\/www.shqiperia.com\/blog\/wp-content\/uploads\/2020\/03\/Anthony-Fauci.jpg?w=800&amp;ssl=1 800w\" sizes=\"auto, (max-width: 476px) 100vw, 476px\" \/><\/p>\n<p>Ndodh edhe keshtu: &#8211; K\u00ebshilltari i Sht\u00ebpis\u00eb s\u00eb Bardh\u00eb: N\u00eb SH.B.A. do t\u00eb kemi midis 100 dhe 200 mij\u00eb vdekje<\/p>\n<p>29 MARS 2020<\/p>\n<p>Miliona amerikan\u00eb do t\u00eb infektohen me koronavirus dhe 100 deri 200,000 do t\u00eb vdesin. Parashikimi i zymt\u00eb vjen nga Anthony Fauci, eksperti m\u00eb i mir\u00eb i s\u00ebmundjes infektive n\u00eb Amerik\u00eb dhe k\u00ebshilltari i Sht\u00ebpis\u00eb s\u00eb Bardh\u00eb, drejtori i Institutit Komb\u00ebtar t\u00eb Alergjis\u00eb dhe S\u00ebmundjeve Infektive.<\/p>\n<p>Gazeta Sot<\/p>\n","protected":false},"excerpt":{"rendered":"<p>Ndodh edhe keshtu: &#8211; K\u00ebshilltari i Sht\u00ebpis\u00eb s\u00eb Bardh\u00eb: N\u00eb SH.B.A. do t\u00eb kemi midis 100 dhe 200 mij\u00eb vdekje 29 MARS 2020 Miliona amerikan\u00eb do t\u00eb infektohen me koronavirus dhe 100 deri 200,000 do t\u00eb vdesin. Parashikimi i zymt\u00eb vjen nga Anthony Fauci, eksperti m\u00eb i mir\u00eb i s\u00ebmundjes infektive n\u00eb Amerik\u00eb dhe k\u00ebshilltari [&hellip;]<\/p>\n","protected":false},"author":9,"featured_media":32903,"comment_status":"open","ping_status":"open","sticky":false,"template":"","format":"standard","meta":{"jetpack_post_was_ever_published":false,"_jetpack_newsletter_access":"","_jetpack_dont_email_post_to_subs":false,"_jetpack_newsletter_tier_id":0,"_jetpack_memberships_contains_paywalled_content":false,"_jetpack_memberships_contains_paid_content":false,"footnotes":"","jetpack_publicize_message":"","jetpack_publicize_feature_enabled":true,"jetpack_social_post_already_shared":true,"jetpack_social_options":{"image_generator_settings":{"template":"highway","default_image_id":0,"font":"","enabled":false},"version":2}},"categories":[27,35],"tags":[],"class_list":["post-32902","post","type-post","status-publish","format-standard","has-post-thumbnail","hentry","category-blogu-i-udhetarit","category-shoqerore"],"jetpack_publicize_connections":[],"jetpack_featured_media_url":"https:\/\/i0.wp.com\/www.shqiperia.com\/blog\/wp-content\/uploads\/2020\/03\/Anthony-Fauci.jpg?fit=800%2C469&ssl=1","jetpack_sharing_enabled":true,"jetpack_shortlink":"https:\/\/wp.me\/p5Z6wp-8yG","jetpack-related-posts":[{"id":40513,"url":"https:\/\/www.shqiperia.com\/blog\/zgjedhjet-ne-shba-perleshje-dhe-tensione-mes-protestuesve-para-shtepise-se-bardhe\/","url_meta":{"origin":32902,"position":0},"title":"Zgjedhjet n\u00eb SHBA , p\u00ebrleshje dhe tensione mes protestuesve para Shtepis\u00eb s\u00eb Bardh\u00eb","author":"Kurt Farka","date":"November 4, 2020","format":false,"excerpt":"Zgjedhjet n\u00eb SHBA , p\u00ebrleshje dhe tensione mes protestuesve para Shtepis\u00eb s\u00eb Bardh\u00eb 04\/11\/2020 - 11:48 N\u00eb mbyllje t\u00eb procesit t\u00eb votimit dhe nisjes s\u00eb num\u00ebrimit protestuesit zbrit\u00ebn n\u00eb rrug\u00eb n\u00eb Washington, ku u pan\u00eb skena t\u00eb tensionuara. Qindra protestues marshuan n\u00ebp\u00ebr rrug\u00ebt e Kapitolit, duke bllokuar trafikun dhe ndez\u00ebn\u2026","rel":"","context":"In &quot;Blogu i Udh\u00ebtarit&quot;","block_context":{"text":"Blogu i Udh\u00ebtarit","link":"https:\/\/www.shqiperia.com\/blog\/category\/blogu-i-udhetarit\/"},"img":{"alt_text":"","src":"https:\/\/i0.wp.com\/www.shqiperia.com\/blog\/wp-content\/uploads\/2020\/11\/protestues-1-1.jpg?fit=962%2C522&ssl=1&resize=350%2C200","width":350,"height":200,"srcset":"https:\/\/i0.wp.com\/www.shqiperia.com\/blog\/wp-content\/uploads\/2020\/11\/protestues-1-1.jpg?fit=962%2C522&ssl=1&resize=350%2C200 1x, https:\/\/i0.wp.com\/www.shqiperia.com\/blog\/wp-content\/uploads\/2020\/11\/protestues-1-1.jpg?fit=962%2C522&ssl=1&resize=525%2C300 1.5x, https:\/\/i0.wp.com\/www.shqiperia.com\/blog\/wp-content\/uploads\/2020\/11\/protestues-1-1.jpg?fit=962%2C522&ssl=1&resize=700%2C400 2x"},"classes":[]},{"id":37921,"url":"https:\/\/www.shqiperia.com\/blog\/zeri-i-amerikes-zbulon-prapaskenat-e-takimit-kosove-serbi-ne-shtepine-e-bardhe\/","url_meta":{"origin":32902,"position":1},"title":"Z\u00ebri i Amerik\u00ebs zbulon prapaskenat e takimit Kosov\u00eb \u2013 Serbi n\u00eb Sht\u00ebpin\u00eb e Bardh\u00eb","author":"Kurt Farka","date":"September 1, 2020","format":false,"excerpt":"Z\u00ebri i Amerik\u00ebs zbulon prapaskenat e takimit Kosov\u00eb \u2013 Serbi n\u00eb Sht\u00ebpin\u00eb e Bardh\u00eb 1 shtator 2020 Nj\u00eb k\u00ebshilltar i posa\u00e7\u00ebm i Presidentit Donald Trump tha t\u00eb mart\u00ebn se bisedimet mes Kosov\u00ebs dhe Serbis\u00eb k\u00ebt\u00eb jav\u00eb do t\u00eb p\u00ebrqendrohen tek zhvillimi i bashk\u00ebpunimit ekonomik mes dy vendeve, si nj\u00eb stimul\u2026","rel":"","context":"In &quot;Blogu i Udh\u00ebtarit&quot;","block_context":{"text":"Blogu i Udh\u00ebtarit","link":"https:\/\/www.shqiperia.com\/blog\/category\/blogu-i-udhetarit\/"},"img":{"alt_text":"","src":"https:\/\/i0.wp.com\/www.shqiperia.com\/blog\/wp-content\/uploads\/2020\/09\/4E36418F-1D7C-441D-9CE8-6B005629D32F_w1023_r1_s.jpg?fit=1023%2C575&ssl=1&resize=350%2C200","width":350,"height":200,"srcset":"https:\/\/i0.wp.com\/www.shqiperia.com\/blog\/wp-content\/uploads\/2020\/09\/4E36418F-1D7C-441D-9CE8-6B005629D32F_w1023_r1_s.jpg?fit=1023%2C575&ssl=1&resize=350%2C200 1x, https:\/\/i0.wp.com\/www.shqiperia.com\/blog\/wp-content\/uploads\/2020\/09\/4E36418F-1D7C-441D-9CE8-6B005629D32F_w1023_r1_s.jpg?fit=1023%2C575&ssl=1&resize=525%2C300 1.5x, https:\/\/i0.wp.com\/www.shqiperia.com\/blog\/wp-content\/uploads\/2020\/09\/4E36418F-1D7C-441D-9CE8-6B005629D32F_w1023_r1_s.jpg?fit=1023%2C575&ssl=1&resize=700%2C400 2x"},"classes":[]},{"id":21867,"url":"https:\/\/www.shqiperia.com\/blog\/veproni-tani-shtepia-e-bardhe-thirrje-kosoves-e-serbise\/","url_meta":{"origin":32902,"position":2},"title":"\u201cVeproni tani\u201d, Sht\u00ebpia e Bardh\u00eb thirrje Kosov\u00ebs e Serbis\u00eb. &#8211;","author":"Kurt Farka","date":"June 11, 2019","format":false,"excerpt":"\u201cVeproni tani\u201d, Sht\u00ebpia e Bardh\u00eb thirrje Kosov\u00ebs e Serbis\u00eb. - 11 qershor 2019 Sht\u00ebpia e Bardh\u00eb i b\u00ebri thirrje Kosov\u00ebs dhe Serbis\u00eb t\u00eb len\u00eb m\u00ebnjan\u00eb retorik\u00ebn ekstremiste dhe t\u00eb punojn\u00eb p\u00ebr nj\u00eb marr\u00ebveshje q\u00eb p\u00ebrqendrohet n\u00eb njohjen reciproke mes tyre. N\u00eb nj\u00eb deklarat\u00eb me rastin e 20 vjetorit t\u00eb p\u00ebrfundimit\u2026","rel":"","context":"In &quot;Blogu i Udh\u00ebtarit&quot;","block_context":{"text":"Blogu i Udh\u00ebtarit","link":"https:\/\/www.shqiperia.com\/blog\/category\/blogu-i-udhetarit\/"},"img":{"alt_text":"","src":"https:\/\/i0.wp.com\/www.shqiperia.com\/blog\/wp-content\/uploads\/2019\/06\/BA-BL879_Penta__M_20160811172134-905x450.jpg?fit=905%2C450&ssl=1&resize=350%2C200","width":350,"height":200,"srcset":"https:\/\/i0.wp.com\/www.shqiperia.com\/blog\/wp-content\/uploads\/2019\/06\/BA-BL879_Penta__M_20160811172134-905x450.jpg?fit=905%2C450&ssl=1&resize=350%2C200 1x, https:\/\/i0.wp.com\/www.shqiperia.com\/blog\/wp-content\/uploads\/2019\/06\/BA-BL879_Penta__M_20160811172134-905x450.jpg?fit=905%2C450&ssl=1&resize=525%2C300 1.5x, https:\/\/i0.wp.com\/www.shqiperia.com\/blog\/wp-content\/uploads\/2019\/06\/BA-BL879_Penta__M_20160811172134-905x450.jpg?fit=905%2C450&ssl=1&resize=700%2C400 2x"},"classes":[]},{"id":22892,"url":"https:\/\/www.shqiperia.com\/blog\/nis-pas-pak-minutash-protesta-shqiptare-anti-soros-para-shtepise-se-bardhe\/","url_meta":{"origin":32902,"position":3},"title":"Nis pas pak minutash protesta shqiptare anti-Soros para Sht\u00ebpis\u00eb s\u00eb Bardh\u00eb","author":"Kurt Farka","date":"July 7, 2019","format":false,"excerpt":"Nis pas pak minutash protesta shqiptare anti-Soros para Sht\u00ebpis\u00eb s\u00eb Bardh\u00eb 17:42,\u00a007\/07\/2019 Pas pak minutash, ora 18:00, nis para Sht\u00ebpis\u00eb s\u00eb Bardh\u00eb, protesta e komunitetit shqiptar n\u00eb SHBA. Gjat\u00eb protest\u00ebs do ti k\u00ebrkohet presidentit Donald Trump shp\u00ebtimi i Shqip\u00ebris\u00eb nga George Soros dhe veglat e tij. Sot, 7 Korrik 2019,\u2026","rel":"","context":"In &quot;Blogu i Udh\u00ebtarit&quot;","block_context":{"text":"Blogu i Udh\u00ebtarit","link":"https:\/\/www.shqiperia.com\/blog\/category\/blogu-i-udhetarit\/"},"img":{"alt_text":"","src":"https:\/\/i0.wp.com\/www.shqiperia.com\/blog\/wp-content\/uploads\/2019\/07\/auto_trump-soros1562360168.jpg?fit=900%2C535&ssl=1&resize=350%2C200","width":350,"height":200,"srcset":"https:\/\/i0.wp.com\/www.shqiperia.com\/blog\/wp-content\/uploads\/2019\/07\/auto_trump-soros1562360168.jpg?fit=900%2C535&ssl=1&resize=350%2C200 1x, https:\/\/i0.wp.com\/www.shqiperia.com\/blog\/wp-content\/uploads\/2019\/07\/auto_trump-soros1562360168.jpg?fit=900%2C535&ssl=1&resize=525%2C300 1.5x, https:\/\/i0.wp.com\/www.shqiperia.com\/blog\/wp-content\/uploads\/2019\/07\/auto_trump-soros1562360168.jpg?fit=900%2C535&ssl=1&resize=700%2C400 2x"},"classes":[]},{"id":38019,"url":"https:\/\/www.shqiperia.com\/blog\/trump-koke-me-koke-me-hotin-dhe-vucic-nenshkruhet-sot-dokumenti-i-rendesishem\/","url_meta":{"origin":32902,"position":4},"title":"Trump \u2018kok\u00eb m\u00eb kok\u00eb\u2019 me Hotin dhe Vu\u00e7i\u00e7, n\u00ebnshkruhet sot dokumenti i r\u00ebnd\u00ebsish\u00ebm","author":"Kurt Farka","date":"September 4, 2020","format":false,"excerpt":"Trump \u2018kok\u00eb m\u00eb kok\u00eb\u2019 me Hotin dhe Vu\u00e7i\u00e7, n\u00ebnshkruhet sot dokumenti i r\u00ebnd\u00ebsish\u00ebm E PREMTE 4 SHTATOR 2020 Sipas nj\u00eb njoftimi t\u00eb Sht\u00ebpis\u00eb s\u00eb Bardh\u00eb, Presidenti Trump do takohet sot me Kryeministrin e Kosov\u00ebs, Avdullah Hoti dhe Presidentin e Serbis\u00eb. Njoftimi i s\u00eb enjtes n\u00eb mbr\u00ebmje i Sht\u00ebpis\u00eb s\u00eb Bardh\u00eb\u2026","rel":"","context":"In &quot;Blogu i Udh\u00ebtarit&quot;","block_context":{"text":"Blogu i Udh\u00ebtarit","link":"https:\/\/www.shqiperia.com\/blog\/category\/blogu-i-udhetarit\/"},"img":{"alt_text":"","src":"https:\/\/i0.wp.com\/www.shqiperia.com\/blog\/wp-content\/uploads\/2020\/09\/640-0-5f51d6d73d8c7.jpg?fit=640%2C360&ssl=1&resize=350%2C200","width":350,"height":200,"srcset":"https:\/\/i0.wp.com\/www.shqiperia.com\/blog\/wp-content\/uploads\/2020\/09\/640-0-5f51d6d73d8c7.jpg?fit=640%2C360&ssl=1&resize=350%2C200 1x, https:\/\/i0.wp.com\/www.shqiperia.com\/blog\/wp-content\/uploads\/2020\/09\/640-0-5f51d6d73d8c7.jpg?fit=640%2C360&ssl=1&resize=525%2C300 1.5x"},"classes":[]},{"id":39816,"url":"https:\/\/www.shqiperia.com\/blog\/arome-lufteshba-rusi-tregojne-dhembet-azia-do-te-mbushet-me-raketa-strategjike\/","url_meta":{"origin":32902,"position":5},"title":"Arom\u00eb lufte?SHBA-Rusi tregojn\u00eb dh\u00ebmb\u00ebt: Azia do t\u00eb mbushet me raketa strategjike","author":"Kurt Farka","date":"October 18, 2020","format":false,"excerpt":"Arom\u00eb lufte?SHBA-Rusi tregojn\u00eb dh\u00ebmb\u00ebt: Azia do t\u00eb mbushet me raketa strategjike 18 Tetor 2020 Mediat ruse kan\u00eb l\u00ebshuar alarmin q\u00eb n\u00eb or\u00ebt e m\u00ebngjesit p\u00ebr nj\u00eb version q\u00eb ata e quajn\u00eb t\u00eb mbyllur sipas t\u00eb cilit SHBA do t\u00eb vendos\u00eb raketa strategjike n\u00eb zon\u00ebn e Azi-Paq\u00ebsorit. Sputnik b\u00ebn t\u00eb ditur\u2026","rel":"","context":"In &quot;Blogu i Udh\u00ebtarit&quot;","block_context":{"text":"Blogu i Udh\u00ebtarit","link":"https:\/\/www.shqiperia.com\/blog\/category\/blogu-i-udhetarit\/"},"img":{"alt_text":"","src":"https:\/\/i0.wp.com\/www.shqiperia.com\/blog\/wp-content\/uploads\/2020\/10\/2-17.jpg?fit=962%2C642&ssl=1&resize=350%2C200","width":350,"height":200,"srcset":"https:\/\/i0.wp.com\/www.shqiperia.com\/blog\/wp-content\/uploads\/2020\/10\/2-17.jpg?fit=962%2C642&ssl=1&resize=350%2C200 1x, https:\/\/i0.wp.com\/www.shqiperia.com\/blog\/wp-content\/uploads\/2020\/10\/2-17.jpg?fit=962%2C642&ssl=1&resize=525%2C300 1.5x, https:\/\/i0.wp.com\/www.shqiperia.com\/blog\/wp-content\/uploads\/2020\/10\/2-17.jpg?fit=962%2C642&ssl=1&resize=700%2C400 2x"},"classes":[]}],"_links":{"self":[{"href":"https:\/\/www.shqiperia.com\/blog\/wp-json\/wp\/v2\/posts\/32902","targetHints":{"allow":["GET"]}}],"collection":[{"href":"https:\/\/www.shqiperia.com\/blog\/wp-json\/wp\/v2\/posts"}],"about":[{"href":"https:\/\/www.shqiperia.com\/blog\/wp-json\/wp\/v2\/types\/post"}],"author":[{"embeddable":true,"href":"https:\/\/www.shqiperia.com\/blog\/wp-json\/wp\/v2\/users\/9"}],"replies":[{"embeddable":true,"href":"https:\/\/www.shqiperia.com\/blog\/wp-json\/wp\/v2\/comments?post=32902"}],"version-history":[{"count":1,"href":"https:\/\/www.shqiperia.com\/blog\/wp-json\/wp\/v2\/posts\/32902\/revisions"}],"predecessor-version":[{"id":32904,"href":"https:\/\/www.shqiperia.com\/blog\/wp-json\/wp\/v2\/posts\/32902\/revisions\/32904"}],"wp:featuredmedia":[{"embeddable":true,"href":"https:\/\/www.shqiperia.com\/blog\/wp-json\/wp\/v2\/media\/32903"}],"wp:attachment":[{"href":"https:\/\/www.shqiperia.com\/blog\/wp-json\/wp\/v2\/media?parent=32902"}],"wp:term":[{"taxonomy":"category","embeddable":true,"href":"https:\/\/www.shqiperia.com\/blog\/wp-json\/wp\/v2\/categories?post=32902"},{"taxonomy":"post_tag","embeddable":true,"href":"https:\/\/www.shqiperia.com\/blog\/wp-json\/wp\/v2\/tags?post=32902"}],"curies":[{"name":"wp","href":"https:\/\/api.w.org\/{rel}","templated":true}]}}