{"id":32884,"date":"2020-03-29T15:52:52","date_gmt":"2020-03-29T15:52:52","guid":{"rendered":"https:\/\/www.shqiperia.com\/blog\/?p=32884"},"modified":"2020-03-29T15:52:52","modified_gmt":"2020-03-29T15:52:52","slug":"situata-eshte-menaxhuar-shume-keq-mjeku-flamur-topi-apel-te-forte-qytetareve-keto-dy-veprime-te-vlefshme-ju-mbajne-larg-virusit","status":"publish","type":"post","link":"https:\/\/www.shqiperia.com\/blog\/situata-eshte-menaxhuar-shume-keq-mjeku-flamur-topi-apel-te-forte-qytetareve-keto-dy-veprime-te-vlefshme-ju-mbajne-larg-virusit\/","title":{"rendered":"\u201cSituata \u00ebsht\u00eb menaxhuar shum\u00eb keq\u201d, mjeku Flamur Topi apel t\u00eb fort\u00eb qytetar\u00ebve: K\u00ebto dy veprime t\u00eb vlefshme ju mbajn\u00eb larg virusit"},"content":{"rendered":"<p><img data-recalc-dims=\"1\" loading=\"lazy\" decoding=\"async\" data-attachment-id=\"32885\" data-permalink=\"https:\/\/www.shqiperia.com\/blog\/situata-eshte-menaxhuar-shume-keq-mjeku-flamur-topi-apel-te-forte-qytetareve-keto-dy-veprime-te-vlefshme-ju-mbajne-larg-virusit\/640-0-5e7dc996b1d7a\/\" data-orig-file=\"https:\/\/i0.wp.com\/www.shqiperia.com\/blog\/wp-content\/uploads\/2020\/03\/640-0-5e7dc996b1d7a.jpg?fit=640%2C331&amp;ssl=1\" data-orig-size=\"640,331\" data-comments-opened=\"1\" data-image-meta=\"{&quot;aperture&quot;:&quot;0&quot;,&quot;credit&quot;:&quot;&quot;,&quot;camera&quot;:&quot;&quot;,&quot;caption&quot;:&quot;&quot;,&quot;created_timestamp&quot;:&quot;0&quot;,&quot;copyright&quot;:&quot;&quot;,&quot;focal_length&quot;:&quot;0&quot;,&quot;iso&quot;:&quot;0&quot;,&quot;shutter_speed&quot;:&quot;0&quot;,&quot;title&quot;:&quot;&quot;,&quot;orientation&quot;:&quot;0&quot;}\" data-image-title=\"-640-0-5e7dc996b1d7a\" data-image-description=\"\" data-image-caption=\"\" data-medium-file=\"https:\/\/i0.wp.com\/www.shqiperia.com\/blog\/wp-content\/uploads\/2020\/03\/640-0-5e7dc996b1d7a.jpg?fit=300%2C155&amp;ssl=1\" data-large-file=\"https:\/\/i0.wp.com\/www.shqiperia.com\/blog\/wp-content\/uploads\/2020\/03\/640-0-5e7dc996b1d7a.jpg?fit=640%2C331&amp;ssl=1\" class=\"alignnone  wp-image-32885\" alt=\"\" src=\"https:\/\/i0.wp.com\/www.shqiperia.com\/blog\/wp-content\/uploads\/2020\/03\/640-0-5e7dc996b1d7a.jpg?resize=449%2C232&#038;ssl=1\" width=\"449\" height=\"232\" srcset=\"https:\/\/i0.wp.com\/www.shqiperia.com\/blog\/wp-content\/uploads\/2020\/03\/640-0-5e7dc996b1d7a.jpg?resize=300%2C155&amp;ssl=1 300w, https:\/\/i0.wp.com\/www.shqiperia.com\/blog\/wp-content\/uploads\/2020\/03\/640-0-5e7dc996b1d7a.jpg?resize=450%2C233&amp;ssl=1 450w, https:\/\/i0.wp.com\/www.shqiperia.com\/blog\/wp-content\/uploads\/2020\/03\/640-0-5e7dc996b1d7a.jpg?resize=600%2C310&amp;ssl=1 600w, https:\/\/i0.wp.com\/www.shqiperia.com\/blog\/wp-content\/uploads\/2020\/03\/640-0-5e7dc996b1d7a.jpg?resize=400%2C207&amp;ssl=1 400w, https:\/\/i0.wp.com\/www.shqiperia.com\/blog\/wp-content\/uploads\/2020\/03\/640-0-5e7dc996b1d7a.jpg?w=640&amp;ssl=1 640w\" sizes=\"auto, (max-width: 449px) 100vw, 449px\" \/><\/p>\n<p>\u201cSituata \u00ebsht\u00eb menaxhuar shum\u00eb keq\u201d, mjeku Flamur Topi apel t\u00eb fort\u00eb qytetar\u00ebve: K\u00ebto dy veprime t\u00eb vlefshme ju mbajn\u00eb larg virusit<\/p>\n<p>27 MARS 2020<\/p>\n<p>Doktori i njohur, Flamur Topi n\u00eb nj\u00eb lidhje skype n\u00eb emisionin &#8220;Rreze Dielli&#8221; ka folur p\u00ebr situat\u00ebn e krijuar nga koronavirusi n\u00eb Shqip\u00ebri dhe bot\u00eb.<\/p>\n<p>Ai thot\u00eb se situata n\u00eb bot\u00eb \u00ebsht\u00eb keqmenaxhuar pasi shkenca duhet t\u00eb kishte nxjerr\u00eb m\u00ebsim q\u00eb prej 17 vitesh m\u00eb par\u00eb, kur bota u p\u00ebrball me Sars.<\/p>\n<p>&#8220;Situata n\u00eb bot\u00eb \u00ebsht\u00eb menaxhuar shum\u00eb keq. Shkenca bot\u00ebrore ka patur koh\u00eb t\u00eb mjaftueshme 17 vjet q\u00eb nga sarsi n\u00eb 2002, mund t\u00eb ishin p\u00ebrgatitur p\u00ebr nj\u00eb vaksin\u00eb t\u00eb p\u00ebraf\u00ebrt, megjithat\u00eb misioni i shkenc\u00ebs \u00ebsht\u00eb t\u00eb parashikoj\u00eb. Mund t\u00eb kishte studiuar virusin sars, megjithat\u00eb shkenc\u00ebtar\u00ebt e kan\u00eb marr\u00eb\u00a0leht\u00eb&#8221; shprehet mjeku.<\/p>\n<p>Ai thot\u00eb se k\u00ebt\u00eb her\u00eb shkenca bot\u00ebrore duhet t\u00eb marr\u00eb m\u00ebsim, n\u00eb m\u00ebnyr\u00eb q\u00eb n\u00eb t\u00eb ardhmen t\u00eb mos kemi nj\u00eb val\u00eb m\u00eb t\u00eb ashp\u00ebr epidemie.<\/p>\n<p>&#8220;Shkenca bot\u00ebrore duhet t\u00eb nxjerr\u00eb m\u00ebsime q\u00eb t\u00eb mos kemi nj\u00eb val\u00eb m\u00eb t\u00eb ashp\u00ebr tjet\u00ebr. Nuk p\u00ebrjashtohet t\u00eb kemi nj\u00eb vale m\u00eb t\u00eb ashp\u00ebr n\u00ebse nuk krijojm\u00eb nj\u00eb vaksin\u00eb p\u00ebr t\u00eb mundur &#8216;sars cov 2.&#8217; Kjo do t\u00eb thot\u00eb q\u00eb struktura ishte e ngjashme. Shkenca do ishte m\u00eb pran\u00eb vaksin\u00ebs n\u00ebse do t\u00eb ishte marr\u00eb m\u00eb me seriozitet Sars n\u00eb 2002. Nuk do t\u00eb kishim k\u00ebto jet\u00eb t\u00eb humbura, n\u00ebse do kishte ndodhur kjo. Situata \u00ebsht\u00eb shum\u00eb e r\u00ebnduar n\u00eb Evrop\u00eb&#8221; shprehet Flamur Topi.<\/p>\n<p>P\u00ebrsa i p\u00ebrket k\u00ebshillave kryesore, ai thot\u00eb se prekja sa m\u00eb pak e parave, larja e duarve jan\u00eb k\u00ebshilla t\u00eb vlefshme q\u00eb ju mbajn\u00eb larg virusit.<\/p>\n<p>Gazeta Sot<\/p>\n","protected":false},"excerpt":{"rendered":"<p>\u201cSituata \u00ebsht\u00eb menaxhuar shum\u00eb keq\u201d, mjeku Flamur Topi apel t\u00eb fort\u00eb qytetar\u00ebve: K\u00ebto dy veprime t\u00eb vlefshme ju mbajn\u00eb larg virusit 27 MARS 2020 Doktori i njohur, Flamur Topi n\u00eb nj\u00eb lidhje skype n\u00eb emisionin &#8220;Rreze Dielli&#8221; ka folur p\u00ebr situat\u00ebn e krijuar nga koronavirusi n\u00eb Shqip\u00ebri dhe bot\u00eb. Ai thot\u00eb se situata n\u00eb bot\u00eb [&hellip;]<\/p>\n","protected":false},"author":9,"featured_media":32885,"comment_status":"open","ping_status":"open","sticky":false,"template":"","format":"standard","meta":{"jetpack_post_was_ever_published":false,"_jetpack_newsletter_access":"","_jetpack_dont_email_post_to_subs":false,"_jetpack_newsletter_tier_id":0,"_jetpack_memberships_contains_paywalled_content":false,"_jetpack_memberships_contains_paid_content":false,"footnotes":"","jetpack_publicize_message":"","jetpack_publicize_feature_enabled":true,"jetpack_social_post_already_shared":true,"jetpack_social_options":{"image_generator_settings":{"template":"highway","default_image_id":0,"font":"","enabled":false},"version":2}},"categories":[27,35],"tags":[],"class_list":["post-32884","post","type-post","status-publish","format-standard","has-post-thumbnail","hentry","category-blogu-i-udhetarit","category-shoqerore"],"jetpack_publicize_connections":[],"jetpack_featured_media_url":"https:\/\/i0.wp.com\/www.shqiperia.com\/blog\/wp-content\/uploads\/2020\/03\/640-0-5e7dc996b1d7a.jpg?fit=640%2C331&ssl=1","jetpack_sharing_enabled":true,"jetpack_shortlink":"https:\/\/wp.me\/p5Z6wp-8yo","jetpack-related-posts":[{"id":51858,"url":"https:\/\/www.shqiperia.com\/blog\/partia-nuk-eshte-nje-vendim-gjykate-situata-brenda-selise-blu-bamir-topi-basha-eshte-shume-larg-berishes-2\/","url_meta":{"origin":32884,"position":0},"title":"\u201cPartia nuk \u00ebsht\u00eb nj\u00eb vendim gjykate\u201d: &#8211;\u00a0 Situata brenda selis\u00eb blu, Bamir Topi: Basha \u00ebsht\u00eb shum\u00eb larg Berish\u00ebs","author":"Kurt Farka","date":"November 30, 2021","format":false,"excerpt":"\u201cPartia nuk \u00ebsht\u00eb nj\u00eb vendim gjykate\u201d: -\u00a0 Situata brenda selis\u00eb blu, Bamir Topi: Basha \u00ebsht\u00eb shum\u00eb larg Berish\u00ebs 14 N\u00cbNTOR 2021 Bamir Topi theksoi se Basha \u00ebsht\u00eb produkt i Berish\u00ebs, dhe fakti q\u00eb ish-kryeministri ka marr\u00eb foltoren e po mbush sallat, \u00ebsht\u00eb nj\u00eb betej\u00eb e humbur p\u00ebr Bash\u00ebn. \u201cPartia nuk\u2026","rel":"","context":"In &quot;Blogu i Udh\u00ebtarit&quot;","block_context":{"text":"Blogu i Udh\u00ebtarit","link":"https:\/\/www.shqiperia.com\/blog\/category\/blogu-i-udhetarit\/"},"img":{"alt_text":"","src":"https:\/\/i0.wp.com\/www.shqiperia.com\/blog\/wp-content\/uploads\/2021\/11\/Bamir-Topi.jpg?fit=1129%2C685&ssl=1&resize=350%2C200","width":350,"height":200,"srcset":"https:\/\/i0.wp.com\/www.shqiperia.com\/blog\/wp-content\/uploads\/2021\/11\/Bamir-Topi.jpg?fit=1129%2C685&ssl=1&resize=350%2C200 1x, https:\/\/i0.wp.com\/www.shqiperia.com\/blog\/wp-content\/uploads\/2021\/11\/Bamir-Topi.jpg?fit=1129%2C685&ssl=1&resize=525%2C300 1.5x, https:\/\/i0.wp.com\/www.shqiperia.com\/blog\/wp-content\/uploads\/2021\/11\/Bamir-Topi.jpg?fit=1129%2C685&ssl=1&resize=700%2C400 2x, https:\/\/i0.wp.com\/www.shqiperia.com\/blog\/wp-content\/uploads\/2021\/11\/Bamir-Topi.jpg?fit=1129%2C685&ssl=1&resize=1050%2C600 3x"},"classes":[]},{"id":51395,"url":"https:\/\/www.shqiperia.com\/blog\/partia-nuk-eshte-nje-vendim-gjykate-situata-brenda-selise-blu-bamir-topi-basha-eshte-shume-larg-berishes\/","url_meta":{"origin":32884,"position":1},"title":"\u201cPartia nuk \u00ebsht\u00eb nj\u00eb vendim gjykate\u201d: &#8211;\u00a0 Situata brenda selis\u00eb blu, Bamir Topi: Basha \u00ebsht\u00eb shum\u00eb larg Berish\u00ebs","author":"Kurt Farka","date":"November 15, 2021","format":false,"excerpt":"\u201cPartia nuk \u00ebsht\u00eb nj\u00eb vendim gjykate\u201d: -\u00a0 Situata brenda selis\u00eb blu, Bamir Topi: Basha \u00ebsht\u00eb shum\u00eb larg Berish\u00ebs 14 N\u00cbNTOR 2021 Bamir Topi theksoi se Basha \u00ebsht\u00eb produkt i Berish\u00ebs, dhe fakti q\u00eb ish-kryeministri ka marr\u00eb foltoren e po mbush sallat, \u00ebsht\u00eb nj\u00eb betej\u00eb e humbur p\u00ebr Bash\u00ebn. \u201cPartia nuk\u2026","rel":"","context":"In &quot;Blogu i Udh\u00ebtarit&quot;","block_context":{"text":"Blogu i Udh\u00ebtarit","link":"https:\/\/www.shqiperia.com\/blog\/category\/blogu-i-udhetarit\/"},"img":{"alt_text":"","src":"https:\/\/i0.wp.com\/www.shqiperia.com\/blog\/wp-content\/uploads\/2021\/11\/Bamir-Topi-2.jpg?fit=1129%2C685&ssl=1&resize=350%2C200","width":350,"height":200,"srcset":"https:\/\/i0.wp.com\/www.shqiperia.com\/blog\/wp-content\/uploads\/2021\/11\/Bamir-Topi-2.jpg?fit=1129%2C685&ssl=1&resize=350%2C200 1x, https:\/\/i0.wp.com\/www.shqiperia.com\/blog\/wp-content\/uploads\/2021\/11\/Bamir-Topi-2.jpg?fit=1129%2C685&ssl=1&resize=525%2C300 1.5x, https:\/\/i0.wp.com\/www.shqiperia.com\/blog\/wp-content\/uploads\/2021\/11\/Bamir-Topi-2.jpg?fit=1129%2C685&ssl=1&resize=700%2C400 2x, https:\/\/i0.wp.com\/www.shqiperia.com\/blog\/wp-content\/uploads\/2021\/11\/Bamir-Topi-2.jpg?fit=1129%2C685&ssl=1&resize=1050%2C600 3x"},"classes":[]},{"id":45318,"url":"https:\/\/www.shqiperia.com\/blog\/u-eshte-kerkuar-ndihme-banditeve-situata-e-tensionuar-politike-ne-vend-artan-hoxha-nxjerr-prapaskenat-dhe-leshon-paralajmerimin-bombe-opozita-te-qendroje-larg\/","url_meta":{"origin":32884,"position":2},"title":"\u201cU \u00ebsht\u00eb k\u00ebrkuar ndihm\u00eb bandit\u00ebve\u201d\/ Situata e tensionuar politike n\u00eb vend, Artan Hoxha nxjerr prapaskenat dhe l\u00ebshon paralajm\u00ebrimin \u2018bomb\u00eb\u2019: &#8211; Opozita t\u00eb q\u00ebndroj\u00eb larg!","author":"Kurt Farka","date":"March 15, 2021","format":false,"excerpt":"\u201cU \u00ebsht\u00eb k\u00ebrkuar ndihm\u00eb bandit\u00ebve\u201d\/ Situata e tensionuar politike n\u00eb vend, Artan Hoxha nxjerr prapaskenat dhe l\u00ebshon paralajm\u00ebrimin \u2018bomb\u00eb\u2019: - Opozita t\u00eb q\u00ebndroj\u00eb larg! 15 MARS 2021 Afrimi i zgjedhjeve t\u00eb 25 prillit po shoq\u00ebrohet nga dita n\u00eb dit\u00eb me rritje t\u00eb tensionit mes partive politike. Gazetari investigativ Artan Hoxha\u2026","rel":"","context":"In &quot;Blogu i Udh\u00ebtarit&quot;","block_context":{"text":"Blogu i Udh\u00ebtarit","link":"https:\/\/www.shqiperia.com\/blog\/category\/blogu-i-udhetarit\/"},"img":{"alt_text":"","src":"https:\/\/i0.wp.com\/www.shqiperia.com\/blog\/wp-content\/uploads\/2021\/03\/Artan-Hoxha.jpg?fit=800%2C415&ssl=1&resize=350%2C200","width":350,"height":200,"srcset":"https:\/\/i0.wp.com\/www.shqiperia.com\/blog\/wp-content\/uploads\/2021\/03\/Artan-Hoxha.jpg?fit=800%2C415&ssl=1&resize=350%2C200 1x, https:\/\/i0.wp.com\/www.shqiperia.com\/blog\/wp-content\/uploads\/2021\/03\/Artan-Hoxha.jpg?fit=800%2C415&ssl=1&resize=525%2C300 1.5x, https:\/\/i0.wp.com\/www.shqiperia.com\/blog\/wp-content\/uploads\/2021\/03\/Artan-Hoxha.jpg?fit=800%2C415&ssl=1&resize=700%2C400 2x"},"classes":[]},{"id":65286,"url":"https:\/\/www.shqiperia.com\/blog\/kembane-alarmi-bamir-topi-te-hetohet-ne-qelize-dhuna-ndaj-berishes-precedent-i-rrezikshem\/","url_meta":{"origin":32884,"position":3},"title":"\u201cK\u00ebmban\u00eb alarmi\u201d. Bamir Topi: &#8211; T\u00eb hetohet n\u00eb qeliz\u00eb dhuna ndaj Berish\u00ebs, precedent i rreziksh\u00ebm","author":"Kurt Farka","date":"December 7, 2022","format":false,"excerpt":"7 Dhjetor 2022 \u201cKy rast duhet t\u00eb hetohet dhe ka nevoj\u00eb t\u00eb hetohet n\u00eb qeliz\u00eb\u201d. K\u00ebshtu deklaroi ish-presidenti Bamir Topi, teksa foli p\u00ebr goditjen me grusht nga Gerti Shehu ndaj kryetarit t\u00eb PD-s\u00eb, Sali Berisha, q\u00eb n\u00eb hyrje t\u00eb protest\u00ebs s\u00eb sotme. Topi d\u00ebnoi sulmin n\u00eb emisionin \u201cFrontline\u201d, nd\u00ebrsa deklaroi\u2026","rel":"","context":"In &quot;Blogu i Udh\u00ebtarit&quot;","block_context":{"text":"Blogu i Udh\u00ebtarit","link":"https:\/\/www.shqiperia.com\/blog\/category\/blogu-i-udhetarit\/"},"img":{"alt_text":"","src":"https:\/\/i0.wp.com\/www.shqiperia.com\/blog\/wp-content\/uploads\/2022\/12\/640-0-638f07ce68359-2.png?fit=640%2C360&ssl=1&resize=350%2C200","width":350,"height":200,"srcset":"https:\/\/i0.wp.com\/www.shqiperia.com\/blog\/wp-content\/uploads\/2022\/12\/640-0-638f07ce68359-2.png?fit=640%2C360&ssl=1&resize=350%2C200 1x, https:\/\/i0.wp.com\/www.shqiperia.com\/blog\/wp-content\/uploads\/2022\/12\/640-0-638f07ce68359-2.png?fit=640%2C360&ssl=1&resize=525%2C300 1.5x"},"classes":[]},{"id":46381,"url":"https:\/\/www.shqiperia.com\/blog\/shifrat-reale-te-covid-19-mjeku-alimehmeti-disa-fish-me-te-larta-imuniteti-i-tufes-do-te-arrihet-kur\/","url_meta":{"origin":32884,"position":4},"title":"Shifrat reale t\u00eb COVID-19, mjeku Alimehmeti: Disa fish m\u00eb t\u00eb larta! Imuniteti i tuf\u00ebs do t\u00eb arrihet kur\u2026","author":"Kurt Farka","date":"April 14, 2021","format":false,"excerpt":"Shifrat reale t\u00eb COVID-19, mjeku Alimehmeti: Disa fish m\u00eb t\u00eb larta! Imuniteti i tuf\u00ebs do t\u00eb arrihet kur\u2026 14 prill 2021 Situata reale e COVID-19 nuk \u00ebsht\u00eb ajo q\u00eb paraqitet n\u00eb shifrat zyrtare.\u00a0Sipas mjekut epidemiolog, nj\u00ebher\u00ebsh an\u00ebtar i Komisionit t\u00eb Sh\u00ebndet\u00ebsis\u00eb n\u00eb Akademin\u00eb e Shkencave,\u00a0Ilir\u00a0 Alimehmeti, numri i t\u00eb infektuarve\u2026","rel":"","context":"In &quot;Blogu i Udh\u00ebtarit&quot;","block_context":{"text":"Blogu i Udh\u00ebtarit","link":"https:\/\/www.shqiperia.com\/blog\/category\/blogu-i-udhetarit\/"},"img":{"alt_text":"","src":"https:\/\/i0.wp.com\/www.shqiperia.com\/blog\/wp-content\/uploads\/2021\/04\/spitali-covid-rama-pamjet3.png?fit=756%2C376&ssl=1&resize=350%2C200","width":350,"height":200,"srcset":"https:\/\/i0.wp.com\/www.shqiperia.com\/blog\/wp-content\/uploads\/2021\/04\/spitali-covid-rama-pamjet3.png?fit=756%2C376&ssl=1&resize=350%2C200 1x, https:\/\/i0.wp.com\/www.shqiperia.com\/blog\/wp-content\/uploads\/2021\/04\/spitali-covid-rama-pamjet3.png?fit=756%2C376&ssl=1&resize=525%2C300 1.5x, https:\/\/i0.wp.com\/www.shqiperia.com\/blog\/wp-content\/uploads\/2021\/04\/spitali-covid-rama-pamjet3.png?fit=756%2C376&ssl=1&resize=700%2C400 2x"},"classes":[]},{"id":83678,"url":"https:\/\/www.shqiperia.com\/blog\/a-do-te-shkaktoje-lija-e-majmunit-nje-pandemi-te-ngjashme-me-covid-situata-eshte-shqetesuese\/","url_meta":{"origin":32884,"position":5},"title":"A do t\u00eb shkaktoj\u00eb Lija e Majmunit nj\u00eb pandemi t\u00eb ngjashme me COVID? Situata \u00ebsht\u00eb \u2018shqet\u00ebsuese\u2019\u2026","author":"Kurt Farka","date":"August 25, 2024","format":false,"excerpt":"25 Gusht 2024 Nd\u00ebrsa shp\u00ebrthimi i Lis\u00eb s\u00eb Majmunit (mpox) n\u00eb shum\u00eb vende afrikane \u00ebsht\u00eb shqet\u00ebsues, situata ndryshon nga ajo q\u00eb bota kaloi vet\u00ebm kat\u00ebr vjet m\u00eb par\u00eb me COVID-19. Megjithat\u00eb, ekziston nj\u00eb urgjenc\u00eb p\u00ebr t\u2019iu p\u00ebrgjigjur mpox, ve\u00e7an\u00ebrisht pasi rastet e nj\u00eb varianti t\u00eb ri t\u00eb mundsh\u00ebm m\u00eb t\u00eb\u2026","rel":"","context":"In &quot;Blogu i Udh\u00ebtarit&quot;","block_context":{"text":"Blogu i Udh\u00ebtarit","link":"https:\/\/www.shqiperia.com\/blog\/category\/blogu-i-udhetarit\/"},"img":{"alt_text":"","src":"https:\/\/i0.wp.com\/www.shqiperia.com\/blog\/wp-content\/uploads\/2024\/08\/640-0-492573fb2b87bc56d2850a91425994df.jpg?fit=640%2C360&ssl=1&resize=350%2C200","width":350,"height":200,"srcset":"https:\/\/i0.wp.com\/www.shqiperia.com\/blog\/wp-content\/uploads\/2024\/08\/640-0-492573fb2b87bc56d2850a91425994df.jpg?fit=640%2C360&ssl=1&resize=350%2C200 1x, https:\/\/i0.wp.com\/www.shqiperia.com\/blog\/wp-content\/uploads\/2024\/08\/640-0-492573fb2b87bc56d2850a91425994df.jpg?fit=640%2C360&ssl=1&resize=525%2C300 1.5x"},"classes":[]}],"_links":{"self":[{"href":"https:\/\/www.shqiperia.com\/blog\/wp-json\/wp\/v2\/posts\/32884","targetHints":{"allow":["GET"]}}],"collection":[{"href":"https:\/\/www.shqiperia.com\/blog\/wp-json\/wp\/v2\/posts"}],"about":[{"href":"https:\/\/www.shqiperia.com\/blog\/wp-json\/wp\/v2\/types\/post"}],"author":[{"embeddable":true,"href":"https:\/\/www.shqiperia.com\/blog\/wp-json\/wp\/v2\/users\/9"}],"replies":[{"embeddable":true,"href":"https:\/\/www.shqiperia.com\/blog\/wp-json\/wp\/v2\/comments?post=32884"}],"version-history":[{"count":1,"href":"https:\/\/www.shqiperia.com\/blog\/wp-json\/wp\/v2\/posts\/32884\/revisions"}],"predecessor-version":[{"id":32886,"href":"https:\/\/www.shqiperia.com\/blog\/wp-json\/wp\/v2\/posts\/32884\/revisions\/32886"}],"wp:featuredmedia":[{"embeddable":true,"href":"https:\/\/www.shqiperia.com\/blog\/wp-json\/wp\/v2\/media\/32885"}],"wp:attachment":[{"href":"https:\/\/www.shqiperia.com\/blog\/wp-json\/wp\/v2\/media?parent=32884"}],"wp:term":[{"taxonomy":"category","embeddable":true,"href":"https:\/\/www.shqiperia.com\/blog\/wp-json\/wp\/v2\/categories?post=32884"},{"taxonomy":"post_tag","embeddable":true,"href":"https:\/\/www.shqiperia.com\/blog\/wp-json\/wp\/v2\/tags?post=32884"}],"curies":[{"name":"wp","href":"https:\/\/api.w.org\/{rel}","templated":true}]}}