{"id":32874,"date":"2020-03-29T08:22:50","date_gmt":"2020-03-29T08:22:50","guid":{"rendered":"https:\/\/www.shqiperia.com\/blog\/?p=32874"},"modified":"2020-03-29T08:22:50","modified_gmt":"2020-03-29T08:22:50","slug":"monstra-kane-fshehur-nje-rast-me-koronavirus-ish-deputetja-i-kthehet-keq-drejtoreshes-se-spitalit-te-durresit-je-dhe-femer-ti-turp-turp-turp","status":"publish","type":"post","link":"https:\/\/www.shqiperia.com\/blog\/monstra-kane-fshehur-nje-rast-me-koronavirus-ish-deputetja-i-kthehet-keq-drejtoreshes-se-spitalit-te-durresit-je-dhe-femer-ti-turp-turp-turp\/","title":{"rendered":"\u201cMonstra: &#8211; Kan\u00eb fshehur nj\u00eb rast me koronavirus\u201d, ish-deputetja i kthehet keq drejtoresh\u00ebs s\u00eb spitalit t\u00eb Durr\u00ebsit: Je dhe fem\u00ebr ti, \u2018turp, turp, turp\u2019!"},"content":{"rendered":"<p><img data-recalc-dims=\"1\" loading=\"lazy\" decoding=\"async\" data-attachment-id=\"32876\" data-permalink=\"https:\/\/www.shqiperia.com\/blog\/monstra-kane-fshehur-nje-rast-me-koronavirus-ish-deputetja-i-kthehet-keq-drejtoreshes-se-spitalit-te-durresit-je-dhe-femer-ti-turp-turp-turp\/52417910_303\/\" data-orig-file=\"https:\/\/i0.wp.com\/www.shqiperia.com\/blog\/wp-content\/uploads\/2020\/03\/52417910_303.jpg?fit=700%2C394&amp;ssl=1\" data-orig-size=\"700,394\" data-comments-opened=\"1\" data-image-meta=\"{&quot;aperture&quot;:&quot;0&quot;,&quot;credit&quot;:&quot;&quot;,&quot;camera&quot;:&quot;&quot;,&quot;caption&quot;:&quot;&quot;,&quot;created_timestamp&quot;:&quot;0&quot;,&quot;copyright&quot;:&quot;&quot;,&quot;focal_length&quot;:&quot;0&quot;,&quot;iso&quot;:&quot;0&quot;,&quot;shutter_speed&quot;:&quot;0&quot;,&quot;title&quot;:&quot;&quot;,&quot;orientation&quot;:&quot;0&quot;}\" data-image-title=\"52417910_303\" data-image-description=\"\" data-image-caption=\"\" data-medium-file=\"https:\/\/i0.wp.com\/www.shqiperia.com\/blog\/wp-content\/uploads\/2020\/03\/52417910_303.jpg?fit=300%2C169&amp;ssl=1\" data-large-file=\"https:\/\/i0.wp.com\/www.shqiperia.com\/blog\/wp-content\/uploads\/2020\/03\/52417910_303.jpg?fit=700%2C394&amp;ssl=1\" class=\"alignnone  wp-image-32876\" alt=\"\" src=\"https:\/\/i0.wp.com\/www.shqiperia.com\/blog\/wp-content\/uploads\/2020\/03\/52417910_303.jpg?resize=412%2C232&#038;ssl=1\" width=\"412\" height=\"232\" srcset=\"https:\/\/i0.wp.com\/www.shqiperia.com\/blog\/wp-content\/uploads\/2020\/03\/52417910_303.jpg?resize=300%2C169&amp;ssl=1 300w, https:\/\/i0.wp.com\/www.shqiperia.com\/blog\/wp-content\/uploads\/2020\/03\/52417910_303.jpg?resize=450%2C253&amp;ssl=1 450w, https:\/\/i0.wp.com\/www.shqiperia.com\/blog\/wp-content\/uploads\/2020\/03\/52417910_303.jpg?resize=600%2C338&amp;ssl=1 600w, https:\/\/i0.wp.com\/www.shqiperia.com\/blog\/wp-content\/uploads\/2020\/03\/52417910_303.jpg?resize=400%2C225&amp;ssl=1 400w, https:\/\/i0.wp.com\/www.shqiperia.com\/blog\/wp-content\/uploads\/2020\/03\/52417910_303.jpg?w=700&amp;ssl=1 700w\" sizes=\"auto, (max-width: 412px) 100vw, 412px\" \/><\/p>\n<p>\u201cMonstra: &#8211; Kan\u00eb fshehur nj\u00eb rast me koronavirus\u201d, ish-deputetja i kthehet keq drejtoresh\u00ebs s\u00eb spitalit t\u00eb Durr\u00ebsit: Je dhe fem\u00ebr ti, \u2018turp, turp, turp\u2019!<\/p>\n<p>29 MARS 2020<\/p>\n<p>Nd\u00ebrkoh\u00eb q\u00eb rastet me koronavirus shtohen n\u00eb t\u00eb gjith\u00eb vendin, nuk mungojn\u00eb as denoncimet nga radh\u00ebt e politik\u00ebs. Ish-deputetja e PD, Fatbardha Kadiu denoncoi disa dit\u00eb m\u00eb par\u00eb se n\u00eb spitalin e Durr\u00ebsit kishte rezultuar nj\u00eb rast pozitiv me koronavirus, dhe se ngjarja po mbahej e fsheht\u00eb duke v\u00ebn\u00eb n\u00eb rrezik jet\u00ebn e mjek\u00ebve q\u00eb i kishin sh\u00ebrbyer.<\/p>\n<p>Pas k\u00ebsaj deklarate nuk ka vonuar as kund\u00ebrp\u00ebrgjigja e drejtoresh\u00ebs s\u00eb spitalit n\u00eb Durr\u00ebs Nadire Jani, e cila \u00ebsht\u00eb shprehur se\u00a0 \u201cne Spitalin e Durresit vine te gjithe pacientet qe dyshohen per Covid 19, kjo nuk eshte e fshehte pasi te gjithe e dine se pacientet qe shkojme ne Tirane, nga spitali i Durresit nisen, nuk nisen nga ajri! Ne Spital ketyre pacienteve i behen te gjitha ekzaminimet e nevojshme duke filluar nga gjaku, CT, u meret tamponi me corona virus dhe pritet pergjigja! Nqs tamponi vjen pozitiv, pacienti dergohet ne Tr, ndryshe mjekohet per semundjen qe ka!\u201d<\/p>\n<p>N\u00eb t\u00eb nj\u00ebjt\u00ebn koh\u00eb, Jani reagon ashp\u00ebr p\u00ebr nj\u00eb etiketim t\u00eb b\u00ebr\u00eb nga Kadiu, e cila e mbyllte postimin e saj me fjal\u00ebn mostra.<\/p>\n<p>\u201cSi mundet te nxjeri nga goja nje femer te tilla fjale MOSTRA!!! Po zor nuk te vjen Fatbardha, se nuk e meriton fjalen zonje, kur na shan me fjalen MOSTER!!!\u201d, shkruan Jani n\u00eb reagimin e saj.<\/p>\n<p>Por replikat nuk mbyllen k\u00ebtu, pasi ka reaguar s\u00ebrish ish-deputetja demokrate, e cila i k\u00ebrkon drejtoresh\u00ebs q\u00eb t\u00eb b\u00ebj\u00eb detyr\u00ebn dhe t\u00eb mos sillen si nj\u00eb militante partiake.<\/p>\n<p>\u201cN\u00ebse mendoni q\u00eb keni detyre primare edhe sot n\u00eb keto dite t\u00eb v\u00ebshtira pandemie t\u00eb mbroni vij\u00ebn e partis\u00eb at\u00ebhere Turp Turp Turp shum\u00eb turp p\u00ebr ju mi zonj\u00eb\u201d, shkruan mes t\u00eb tjerave Kadiu n\u00eb drejtim t\u00eb Janit.<\/p>\n<p>Postimi i plot\u00eb i Kadiut:<\/p>\n<p>Gjithmon\u00eb me mjek\u00ebt dhe p\u00ebr mjek\u00ebt<\/p>\n<p>Dje pasi m\u00eb njoftuan p\u00ebr shqet\u00ebsimin e tyre disa mjek\u00eb nga spitali i Durresit b\u00ebra t\u00eb ditur lajmin e nj\u00eb pacienti t\u00eb infektuar pran\u00eb k\u00ebtij spitali.<\/p>\n<p>Mesa duket adminstrata e partis\u00eb s\u00eb spitalit beson ashtu sikurse dhe shefi i tyre q\u00eb jemi n\u00eb koh\u00eb fushate zgjedhore dhe jo n\u00eb koh\u00eb krize.<\/p>\n<p>Po i them sot drejtoresh\u00ebs s\u00eb spitalit q\u00eb ajo nuk b\u00ebn teste n\u00eb spital, ndaj t\u00eb qet\u00ebsohet.<\/p>\n<p>Madje t\u00eb mos shqet\u00ebsohet fare se k\u00ebt\u00eb monopol e ka vet\u00ebm Rama, sepse partia ta b\u00ebn testin e partia ta heq testin, partia ti sjell p\u00ebrgjigjet.<\/p>\n<p>N\u00ebse mendoni q\u00eb keni detyre primare edhe sot n\u00eb keto dite t\u00eb v\u00ebshtira pandemie t\u00eb mbroni vij\u00ebn e partis\u00eb at\u00ebhere Turp Turp Turp shum\u00eb turp p\u00ebr ju mi zonj\u00eb.<\/p>\n<p>Sot ju duhet t\u00eb ishit z\u00ebri i par\u00eb ku ti \u00e7irrnit mask\u00ebn k\u00ebsaj situate.<\/p>\n<p>Sot ju duhet t\u00eb ishit z\u00ebri i par\u00eb ku ti \u00e7irrnit mask\u00ebn rezultateve t\u00eb korruspsionit galopant nd\u00ebr vite t\u00eb k\u00ebtij sistemi.<\/p>\n<p>Sot ju n\u00eb v\u00ebnd q\u00eb t\u00eb jeni t\u00eb par\u00ebt ti k\u00ebrkoni llogari Ram\u00ebs p\u00ebr testet, ku jan\u00eb testet, p\u00ebrse nuk testohen njer\u00ebzit?<\/p>\n<p>N\u00eb vend q\u00eb ti hiqni mask\u00ebn k\u00ebtij sistemi, m\u00eb shume se n\u00eb \u00e7do moment tjeter, sot ju po zhgarraviteni si ushtar partie n\u00eb media sociale me tuf\u00ebn e faqeve fallco.<\/p>\n<p>Ju nuk folet kurr\u00eb p\u00ebr tenderat e spitalit, ju nuk fol\u00ebt kurr\u00eb p\u00ebr milionat e eurove t\u00eb tenderave skandazos t\u00eb \u00e7ar\u00e7af\u00ebve po vijni sot e shqet\u00ebsoheni se moj ju shaj njeri partin\u00eb.<\/p>\n<p>Ju nuk fol\u00ebt kurr\u00eb q\u00eb sanitaret dhe mjek\u00ebt deri para k\u00ebsaj pandemie nuk kishin as sapuna n\u00eb tualetet e spitalit.<\/p>\n<p>Por mjaft m\u00eb me propaganden tuaj kineze, dilni nga mend\u00ebsia shekullore \u201c Parti Ernver jemi gati kurdoher\u00eb\u201d e flisni at\u00eb q\u00eb shikoni vet\u00eb dhe jo at\u00eb q\u00eb jua sjellin n\u00ebper grupet e what\u2019s upp-it PR-\u00ebt e partis\u00eb.<\/p>\n<p>Gazeta Sot<\/p>\n","protected":false},"excerpt":{"rendered":"<p>\u201cMonstra: &#8211; Kan\u00eb fshehur nj\u00eb rast me koronavirus\u201d, ish-deputetja i kthehet keq drejtoresh\u00ebs s\u00eb spitalit t\u00eb Durr\u00ebsit: Je dhe fem\u00ebr ti, \u2018turp, turp, turp\u2019! 29 MARS 2020 Nd\u00ebrkoh\u00eb q\u00eb rastet me koronavirus shtohen n\u00eb t\u00eb gjith\u00eb vendin, nuk mungojn\u00eb as denoncimet nga radh\u00ebt e politik\u00ebs. Ish-deputetja e PD, Fatbardha Kadiu denoncoi disa dit\u00eb m\u00eb par\u00eb [&hellip;]<\/p>\n","protected":false},"author":9,"featured_media":32876,"comment_status":"open","ping_status":"open","sticky":false,"template":"","format":"standard","meta":{"jetpack_post_was_ever_published":false,"_jetpack_newsletter_access":"","_jetpack_dont_email_post_to_subs":false,"_jetpack_newsletter_tier_id":0,"_jetpack_memberships_contains_paywalled_content":false,"_jetpack_memberships_contains_paid_content":false,"footnotes":"","jetpack_publicize_message":"","jetpack_publicize_feature_enabled":true,"jetpack_social_post_already_shared":true,"jetpack_social_options":{"image_generator_settings":{"template":"highway","default_image_id":0,"font":"","enabled":false},"version":2}},"categories":[27,1,35],"tags":[],"class_list":["post-32874","post","type-post","status-publish","format-standard","has-post-thumbnail","hentry","category-blogu-i-udhetarit","category-njoftime-shtypi","category-shoqerore"],"jetpack_publicize_connections":[],"jetpack_featured_media_url":"https:\/\/i0.wp.com\/www.shqiperia.com\/blog\/wp-content\/uploads\/2020\/03\/52417910_303.jpg?fit=700%2C394&ssl=1","jetpack_sharing_enabled":true,"jetpack_shortlink":"https:\/\/wp.me\/p5Z6wp-8ye","jetpack-related-posts":[{"id":32211,"url":"https:\/\/www.shqiperia.com\/blog\/me-urgjence-drejt-tiranes-te-kthyer-nga-italia-4-persona-nga-skrapari-dyshohen-me-koronavirus\/","url_meta":{"origin":32874,"position":0},"title":"\u201cMe urgjenc\u00eb drejt Tiran\u00ebs\u201d\/ T\u00eb kthyer nga Italia, 4 persona nga Skrapari dyshohen me koronavirus","author":"Kurt Farka","date":"March 9, 2020","format":false,"excerpt":"\u00a0\u201cMe urgjenc\u00eb drejt Tiran\u00ebs\u201d\/ T\u00eb kthyer nga Italia, 4 persona nga Skrapari dyshohen me koronavirus 09\/03\/20 | Kat\u00ebr pacient\u00eb nga Skrapari dhe Berati jan\u00eb nisur drejt QSUT-s\u00eb Tiran\u00eb. Ndon\u00ebse ende nuk dihet se nga se vuajn\u00eb, pacient\u00ebt shfaqnin simptoma t\u00eb nj\u00ebjta me COVID-19, temperatur\u00eb t\u00eb lart\u00eb dhe bllokim n\u00eb frym\u00ebmarrje.\u2026","rel":"","context":"In &quot;Blogu i Udh\u00ebtarit&quot;","block_context":{"text":"Blogu i Udh\u00ebtarit","link":"https:\/\/www.shqiperia.com\/blog\/category\/blogu-i-udhetarit\/"},"img":{"alt_text":"","src":"https:\/\/i0.wp.com\/www.shqiperia.com\/blog\/wp-content\/uploads\/2020\/03\/auto_karantina81583780815.jpg?fit=900%2C501&ssl=1&resize=350%2C200","width":350,"height":200,"srcset":"https:\/\/i0.wp.com\/www.shqiperia.com\/blog\/wp-content\/uploads\/2020\/03\/auto_karantina81583780815.jpg?fit=900%2C501&ssl=1&resize=350%2C200 1x, https:\/\/i0.wp.com\/www.shqiperia.com\/blog\/wp-content\/uploads\/2020\/03\/auto_karantina81583780815.jpg?fit=900%2C501&ssl=1&resize=525%2C300 1.5x, https:\/\/i0.wp.com\/www.shqiperia.com\/blog\/wp-content\/uploads\/2020\/03\/auto_karantina81583780815.jpg?fit=900%2C501&ssl=1&resize=700%2C400 2x"},"classes":[]},{"id":57101,"url":"https:\/\/www.shqiperia.com\/blog\/plas-keq-turp-te-kesh-vjen-reagimi-i-pare-nderkombetar-per-perplasjen-e-forte-mes-berishes-dhe-yuri-kim-ish-eurodeputetja-doris-pack-shperthen-me-tone-te-ashpra-ambasadore-kjo\/","url_meta":{"origin":32874,"position":1},"title":"Plas keq! &#8220;Turp t\u00eb kesh&#8221;.  &#8211; Vjen reagimi i par\u00eb nd\u00ebrkomb\u00ebtar p\u00ebr p\u00ebrplasjen e fort\u00eb mes Berish\u00ebs dhe Yuri Kim, ish-eurodeputetja Doris Pack shp\u00ebrthen me tone t\u00eb ashpra: &#8211; \u201cAmbasadore&#8221; kjo \u00ebsht\u00eb e paligjshme!","author":"Kurt Farka","date":"April 23, 2022","format":false,"excerpt":"Plas keq! \"Turp t\u00eb kesh\". - Vjen reagimi i par\u00eb nd\u00ebrkomb\u00ebtar p\u00ebr p\u00ebrplasjen e fort\u00eb mes Berish\u00ebs dhe Yuri Kim, ish-eurodeputetja Doris Pack shp\u00ebrthen me tone t\u00eb ashpra: - \u201cAmbasadore\" kjo \u00ebsht\u00eb e paligjshme! 23 PRILL 2022 Ish-eurodeputetja dhe nj\u00ebher\u00ebsh Presidentja e Forumit t\u00eb Grave t\u00eb PPE-s\u00eb, Doris Pack, n\u00eb\u2026","rel":"","context":"In &quot;Blogu i Udh\u00ebtarit&quot;","block_context":{"text":"Blogu i Udh\u00ebtarit","link":"https:\/\/www.shqiperia.com\/blog\/category\/blogu-i-udhetarit\/"},"img":{"alt_text":"","src":"https:\/\/i0.wp.com\/www.shqiperia.com\/blog\/wp-content\/uploads\/2022\/04\/Plas-keq-Turp-te-kesh-Yuri-Kim-1.jpg?fit=640%2C368&ssl=1&resize=350%2C200","width":350,"height":200,"srcset":"https:\/\/i0.wp.com\/www.shqiperia.com\/blog\/wp-content\/uploads\/2022\/04\/Plas-keq-Turp-te-kesh-Yuri-Kim-1.jpg?fit=640%2C368&ssl=1&resize=350%2C200 1x, https:\/\/i0.wp.com\/www.shqiperia.com\/blog\/wp-content\/uploads\/2022\/04\/Plas-keq-Turp-te-kesh-Yuri-Kim-1.jpg?fit=640%2C368&ssl=1&resize=525%2C300 1.5x"},"classes":[]},{"id":38275,"url":"https:\/\/www.shqiperia.com\/blog\/edi-jam-turp-te-kesh-rama-kercenon-ne-telefon-nenen-e-alesio-cakonit-duma-akt-kriminal\/","url_meta":{"origin":32874,"position":2},"title":"\u201cEdi jam, turp t\u00eb kesh\u201d\/ &#8211; Rama k\u00ebrc\u00ebnon n\u00eb telefon n\u00ebn\u00ebn e Alesio Cakonit, Duma: Akt kriminal","author":"Kurt Farka","date":"September 10, 2020","format":false,"excerpt":"\u201cEdi jam, turp t\u00eb kesh\u201d\/ - Rama k\u00ebrc\u00ebnon n\u00eb telefon n\u00ebn\u00ebn e Alesio Cakonit, Duma: Akt kriminal - 10\/09\/20 Bie propaganda e kryeministrit Edi Rama me viktimat e t\u00ebrmetit t\u00eb 26 n\u00ebntorit. Partia Demokratike denoncoi sot me prova se si familja simbol e show-it t\u00eb kryeministrit \u00ebsht\u00eb braktisur dhe l\u00ebn\u00eb\u2026","rel":"","context":"In &quot;Blogu i Udh\u00ebtarit&quot;","block_context":{"text":"Blogu i Udh\u00ebtarit","link":"https:\/\/www.shqiperia.com\/blog\/category\/blogu-i-udhetarit\/"},"img":{"alt_text":"","src":"https:\/\/i0.wp.com\/www.shqiperia.com\/blog\/wp-content\/uploads\/2020\/09\/117300855_3787056621322719_6326150779374374930_o-Copy.jpg?fit=480%2C264&ssl=1&resize=350%2C200","width":350,"height":200},"classes":[]},{"id":32264,"url":"https:\/\/www.shqiperia.com\/blog\/mjeku-flet-per-rastin-e-rende-ne-durres-te-gjithe-qe-kane-kontaktuar-me-te-do-dalin-pozitiv\/","url_meta":{"origin":32874,"position":3},"title":"Mjeku flet p\u00ebr rastin e r\u00ebnd\u00eb n\u00eb Durr\u00ebs: T\u00eb gjith\u00eb q\u00eb kan\u00eb kontaktuar m\u00eb t\u00eb do dalin pozitiv","author":"Kurt Farka","date":"March 11, 2020","format":false,"excerpt":"Mjeku flet p\u00ebr rastin e r\u00ebnd\u00eb n\u00eb Durr\u00ebs: T\u00eb gjith\u00eb q\u00eb kan\u00eb kontaktuar m\u00eb t\u00eb do dalin pozitiv 10 MARS 2020 Numri i t\u00eb prekurve me koronavirus n\u00eb Shqip\u00ebri ka shkuar n\u00eb 10. Mjeku P\u00ebllumb Pipero tha se gruaja q\u00eb ndodhet e shtruar n\u00eb spitalin e Durr\u00ebsit, me shum\u00eb mund\u00ebsi\u2026","rel":"","context":"In &quot;Blogu i Udh\u00ebtarit&quot;","block_context":{"text":"Blogu i Udh\u00ebtarit","link":"https:\/\/www.shqiperia.com\/blog\/category\/blogu-i-udhetarit\/"},"img":{"alt_text":"","src":"https:\/\/i0.wp.com\/www.shqiperia.com\/blog\/wp-content\/uploads\/2020\/03\/800-0-5e680aaa8b7bb.png?fit=800%2C446&ssl=1&resize=350%2C200","width":350,"height":200,"srcset":"https:\/\/i0.wp.com\/www.shqiperia.com\/blog\/wp-content\/uploads\/2020\/03\/800-0-5e680aaa8b7bb.png?fit=800%2C446&ssl=1&resize=350%2C200 1x, https:\/\/i0.wp.com\/www.shqiperia.com\/blog\/wp-content\/uploads\/2020\/03\/800-0-5e680aaa8b7bb.png?fit=800%2C446&ssl=1&resize=525%2C300 1.5x, https:\/\/i0.wp.com\/www.shqiperia.com\/blog\/wp-content\/uploads\/2020\/03\/800-0-5e680aaa8b7bb.png?fit=800%2C446&ssl=1&resize=700%2C400 2x"},"classes":[]},{"id":55417,"url":"https:\/\/www.shqiperia.com\/blog\/rama-sulmon-serish-protesten-turp-kombetar-si-mund-te-jemi-kaq-pa-moral-dhe-dinjitet-kjo-i-pelqen-rusise\/","url_meta":{"origin":32874,"position":4},"title":"Rama sulmon s\u00ebrish protest\u00ebn: &#8211; Turp komb\u00ebtar! &#8211; Si mund t\u00eb jemi kaq pa moral dhe dinjitet? Kjo i p\u00eblqen Rusis\u00eb","author":"Kurt Farka","date":"March 14, 2022","format":false,"excerpt":"Rama sulmon s\u00ebrish protest\u00ebn: - Turp komb\u00ebtar! - Si mund t\u00eb jemi kaq pa moral dhe dinjitet? Kjo i p\u00eblqen Rusis\u00eb 14 Mars 2022 N\u00eb takimin me pensionist\u00eb ku prezantoi paket\u00ebn e rezistenc\u00ebs sociale, Rama zgjodhi q\u00eb p\u00ebrmes p\u00ebrgjigjes n\u00eb adres\u00eb t\u00eb Fatos Tarif\u00ebs q\u00eb e kritikonte p\u00ebr sjelljen ndaj\u2026","rel":"","context":"In &quot;Blogu i Udh\u00ebtarit&quot;","block_context":{"text":"Blogu i Udh\u00ebtarit","link":"https:\/\/www.shqiperia.com\/blog\/category\/blogu-i-udhetarit\/"},"img":{"alt_text":"","src":"https:\/\/i0.wp.com\/www.shqiperia.com\/blog\/wp-content\/uploads\/2022\/03\/Edi-Rama.jpeg?fit=640%2C382&ssl=1&resize=350%2C200","width":350,"height":200,"srcset":"https:\/\/i0.wp.com\/www.shqiperia.com\/blog\/wp-content\/uploads\/2022\/03\/Edi-Rama.jpeg?fit=640%2C382&ssl=1&resize=350%2C200 1x, https:\/\/i0.wp.com\/www.shqiperia.com\/blog\/wp-content\/uploads\/2022\/03\/Edi-Rama.jpeg?fit=640%2C382&ssl=1&resize=525%2C300 1.5x"},"classes":[]},{"id":65066,"url":"https:\/\/www.shqiperia.com\/blog\/sulmi-i-paligjshem-ndaj-prestige-resort-jehon-deri-ne-shba-ish-kongresmeni-amerikan-hakmarrje-shkaterruese-turp-per-shqiperine\/","url_meta":{"origin":32874,"position":5},"title":"Sulmi i paligjsh\u00ebm ndaj \u201cPrestige Resort\u201d jehon deri n\u00eb SHBA, ish-kongresmeni amerikan: Hakmarrje shkat\u00ebrruese, turp p\u00ebr Shqip\u00ebrin\u00eb!","author":"Kurt Farka","date":"December 2, 2022","format":false,"excerpt":"2 Dhjetor 2022 Sulmi i paligjsh\u00ebm ndaj \u201cPrestige Resort\u201d \u00ebsht\u00eb b\u00ebr\u00eb \u00e7\u00ebshtje edhe n\u00eb SHBA. Ish-kongresmeni i SHBA Jim Moran, ka reaguar pas sulmit t\u00eb paprecedent\u00eb q\u00eb i \u00ebsht\u00eb b\u00ebr\u00eb dit\u00ebn e sotme \u201cPrestige Resort\u201d, ku pas urdhrit t\u00eb qeveris\u00eb, IKMT dhe forcat Xheniere kan\u00eb zbarkuar n\u00eb hotel dhe kan\u00eb\u2026","rel":"","context":"In &quot;Blogu i Udh\u00ebtarit&quot;","block_context":{"text":"Blogu i Udh\u00ebtarit","link":"https:\/\/www.shqiperia.com\/blog\/category\/blogu-i-udhetarit\/"},"img":{"alt_text":"","src":"https:\/\/i0.wp.com\/www.shqiperia.com\/blog\/wp-content\/uploads\/2022\/12\/Moran-770x433-1.jpg?fit=770%2C433&ssl=1&resize=350%2C200","width":350,"height":200,"srcset":"https:\/\/i0.wp.com\/www.shqiperia.com\/blog\/wp-content\/uploads\/2022\/12\/Moran-770x433-1.jpg?fit=770%2C433&ssl=1&resize=350%2C200 1x, https:\/\/i0.wp.com\/www.shqiperia.com\/blog\/wp-content\/uploads\/2022\/12\/Moran-770x433-1.jpg?fit=770%2C433&ssl=1&resize=525%2C300 1.5x, https:\/\/i0.wp.com\/www.shqiperia.com\/blog\/wp-content\/uploads\/2022\/12\/Moran-770x433-1.jpg?fit=770%2C433&ssl=1&resize=700%2C400 2x"},"classes":[]}],"_links":{"self":[{"href":"https:\/\/www.shqiperia.com\/blog\/wp-json\/wp\/v2\/posts\/32874","targetHints":{"allow":["GET"]}}],"collection":[{"href":"https:\/\/www.shqiperia.com\/blog\/wp-json\/wp\/v2\/posts"}],"about":[{"href":"https:\/\/www.shqiperia.com\/blog\/wp-json\/wp\/v2\/types\/post"}],"author":[{"embeddable":true,"href":"https:\/\/www.shqiperia.com\/blog\/wp-json\/wp\/v2\/users\/9"}],"replies":[{"embeddable":true,"href":"https:\/\/www.shqiperia.com\/blog\/wp-json\/wp\/v2\/comments?post=32874"}],"version-history":[{"count":1,"href":"https:\/\/www.shqiperia.com\/blog\/wp-json\/wp\/v2\/posts\/32874\/revisions"}],"predecessor-version":[{"id":32877,"href":"https:\/\/www.shqiperia.com\/blog\/wp-json\/wp\/v2\/posts\/32874\/revisions\/32877"}],"wp:featuredmedia":[{"embeddable":true,"href":"https:\/\/www.shqiperia.com\/blog\/wp-json\/wp\/v2\/media\/32876"}],"wp:attachment":[{"href":"https:\/\/www.shqiperia.com\/blog\/wp-json\/wp\/v2\/media?parent=32874"}],"wp:term":[{"taxonomy":"category","embeddable":true,"href":"https:\/\/www.shqiperia.com\/blog\/wp-json\/wp\/v2\/categories?post=32874"},{"taxonomy":"post_tag","embeddable":true,"href":"https:\/\/www.shqiperia.com\/blog\/wp-json\/wp\/v2\/tags?post=32874"}],"curies":[{"name":"wp","href":"https:\/\/api.w.org\/{rel}","templated":true}]}}