{"id":32869,"date":"2020-03-28T16:30:55","date_gmt":"2020-03-28T16:30:55","guid":{"rendered":"https:\/\/www.shqiperia.com\/blog\/?p=32869"},"modified":"2020-03-28T16:33:51","modified_gmt":"2020-03-28T16:33:51","slug":"rama-shpalle-veten-baba-i-kombit-nderkohe-qe-po-dalin-denoncime-se-si-miliona-euro-po-shkojne-ne-drejtim-te-paditur","status":"publish","type":"post","link":"https:\/\/www.shqiperia.com\/blog\/rama-shpalle-veten-baba-i-kombit-nderkohe-qe-po-dalin-denoncime-se-si-miliona-euro-po-shkojne-ne-drejtim-te-paditur\/","title":{"rendered":"Rama shpalle veten Baba i Kombit, \u00a0nd\u00ebrkoh\u00eb q\u00eb po dalin denoncime se si miliona euro po shkojn\u00eb \u00a0ne drejtim te paditur."},"content":{"rendered":"<p><img data-recalc-dims=\"1\" loading=\"lazy\" decoding=\"async\" data-attachment-id=\"32870\" data-permalink=\"https:\/\/www.shqiperia.com\/blog\/rama-shpalle-veten-baba-i-kombit-nderkohe-qe-po-dalin-denoncime-se-si-miliona-euro-po-shkojne-ne-drejtim-te-paditur\/edi-rama-dua-nje-kurore\/\" data-orig-file=\"https:\/\/i0.wp.com\/www.shqiperia.com\/blog\/wp-content\/uploads\/2020\/03\/Edi-Rama-Dua-nje-Kurore.jpg?fit=600%2C400&amp;ssl=1\" data-orig-size=\"600,400\" data-comments-opened=\"1\" data-image-meta=\"{&quot;aperture&quot;:&quot;0&quot;,&quot;credit&quot;:&quot;&quot;,&quot;camera&quot;:&quot;&quot;,&quot;caption&quot;:&quot;&quot;,&quot;created_timestamp&quot;:&quot;0&quot;,&quot;copyright&quot;:&quot;&quot;,&quot;focal_length&quot;:&quot;0&quot;,&quot;iso&quot;:&quot;0&quot;,&quot;shutter_speed&quot;:&quot;0&quot;,&quot;title&quot;:&quot;&quot;,&quot;orientation&quot;:&quot;0&quot;}\" data-image-title=\"Edi-Rama -Dua nje Kurore\" data-image-description=\"\" data-image-caption=\"\" data-medium-file=\"https:\/\/i0.wp.com\/www.shqiperia.com\/blog\/wp-content\/uploads\/2020\/03\/Edi-Rama-Dua-nje-Kurore.jpg?fit=300%2C200&amp;ssl=1\" data-large-file=\"https:\/\/i0.wp.com\/www.shqiperia.com\/blog\/wp-content\/uploads\/2020\/03\/Edi-Rama-Dua-nje-Kurore.jpg?fit=600%2C400&amp;ssl=1\" class=\"alignnone wp-image-32870\" alt=\"\" src=\"https:\/\/i0.wp.com\/www.shqiperia.com\/blog\/wp-content\/uploads\/2020\/03\/Edi-Rama-Dua-nje-Kurore.jpg?resize=492%2C328&#038;ssl=1\" width=\"492\" height=\"328\" srcset=\"https:\/\/i0.wp.com\/www.shqiperia.com\/blog\/wp-content\/uploads\/2020\/03\/Edi-Rama-Dua-nje-Kurore.jpg?resize=300%2C200&amp;ssl=1 300w, https:\/\/i0.wp.com\/www.shqiperia.com\/blog\/wp-content\/uploads\/2020\/03\/Edi-Rama-Dua-nje-Kurore.jpg?resize=450%2C300&amp;ssl=1 450w, https:\/\/i0.wp.com\/www.shqiperia.com\/blog\/wp-content\/uploads\/2020\/03\/Edi-Rama-Dua-nje-Kurore.jpg?resize=400%2C267&amp;ssl=1 400w, https:\/\/i0.wp.com\/www.shqiperia.com\/blog\/wp-content\/uploads\/2020\/03\/Edi-Rama-Dua-nje-Kurore.jpg?w=600&amp;ssl=1 600w\" sizes=\"auto, (max-width: 492px) 100vw, 492px\" \/><\/p>\n<p><strong>Rama shpalle veten Baba i Kombit, \u00a0<\/strong>nd\u00ebrkoh\u00eb q\u00eb po dalin denoncime se si miliona euro po shkojn\u00eb \u00a0ne drejtim te paditur.<\/p>\n<p>28 mars 2020<\/p>\n<p>Prej dit\u00ebsh, i nj\u00ebjti refren. Edi Rama del dhe merr koh\u00eb t\u00eb \u00e7muar, p\u00ebr t\u00eb treguar se sa stres po i shkaktojn\u00eb ata q\u00eb ankohen p\u00ebr buk\u00eb, apo q\u00eb kritikojn\u00eb qeverin\u00eb p\u00ebr kufizimet e ashpra, apo q\u00eb denoncojn\u00eb masat e pamarra n\u00eb koh\u00eb. I p\u00ebrqesh, i shk\u00ebrben ata, dhe i tall hak\u00e7e.<\/p>\n<p>Sot, kjo arriti kulmin.<\/p>\n<p>Rama u vetshpall baba i kombit, dhe iu l\u00ebshua bijve mosmir\u00ebnjoh\u00ebs q\u00eb guxojn\u00eb t\u00eb jen\u00eb t\u00eb pak\u00ebnaqur, teksa ai po sakrifikohet \u00e7do dit\u00eb.<\/p>\n<div id=\"attachment_32871\" style=\"width: 627px\" class=\"wp-caption alignnone\"><img data-recalc-dims=\"1\" loading=\"lazy\" decoding=\"async\" aria-describedby=\"caption-attachment-32871\" data-attachment-id=\"32871\" data-permalink=\"https:\/\/www.shqiperia.com\/blog\/rama-shpalle-veten-baba-i-kombit-nderkohe-qe-po-dalin-denoncime-se-si-miliona-euro-po-shkojne-ne-drejtim-te-paditur\/edi-rama-dua-nje-kurore-2\/\" data-orig-file=\"https:\/\/i0.wp.com\/www.shqiperia.com\/blog\/wp-content\/uploads\/2020\/03\/Edi-Rama-Dua-nje-Kurore-1.jpg?fit=600%2C400&amp;ssl=1\" data-orig-size=\"600,400\" data-comments-opened=\"1\" data-image-meta=\"{&quot;aperture&quot;:&quot;0&quot;,&quot;credit&quot;:&quot;&quot;,&quot;camera&quot;:&quot;&quot;,&quot;caption&quot;:&quot;&quot;,&quot;created_timestamp&quot;:&quot;0&quot;,&quot;copyright&quot;:&quot;&quot;,&quot;focal_length&quot;:&quot;0&quot;,&quot;iso&quot;:&quot;0&quot;,&quot;shutter_speed&quot;:&quot;0&quot;,&quot;title&quot;:&quot;&quot;,&quot;orientation&quot;:&quot;0&quot;}\" data-image-title=\"Edi-Rama -Dua nje Kurore\" data-image-description=\"\" data-image-caption=\"&lt;p&gt;Edi-Rama -Dua nje Kurore&lt;\/p&gt;\n\" data-medium-file=\"https:\/\/i0.wp.com\/www.shqiperia.com\/blog\/wp-content\/uploads\/2020\/03\/Edi-Rama-Dua-nje-Kurore-1.jpg?fit=300%2C200&amp;ssl=1\" data-large-file=\"https:\/\/i0.wp.com\/www.shqiperia.com\/blog\/wp-content\/uploads\/2020\/03\/Edi-Rama-Dua-nje-Kurore-1.jpg?fit=600%2C400&amp;ssl=1\" class=\" wp-image-32871\" alt=\"\" src=\"https:\/\/i0.wp.com\/www.shqiperia.com\/blog\/wp-content\/uploads\/2020\/03\/Edi-Rama-Dua-nje-Kurore-1.jpg?resize=617%2C411&#038;ssl=1\" width=\"617\" height=\"411\" srcset=\"https:\/\/i0.wp.com\/www.shqiperia.com\/blog\/wp-content\/uploads\/2020\/03\/Edi-Rama-Dua-nje-Kurore-1.jpg?resize=300%2C200&amp;ssl=1 300w, https:\/\/i0.wp.com\/www.shqiperia.com\/blog\/wp-content\/uploads\/2020\/03\/Edi-Rama-Dua-nje-Kurore-1.jpg?resize=450%2C300&amp;ssl=1 450w, https:\/\/i0.wp.com\/www.shqiperia.com\/blog\/wp-content\/uploads\/2020\/03\/Edi-Rama-Dua-nje-Kurore-1.jpg?resize=400%2C267&amp;ssl=1 400w, https:\/\/i0.wp.com\/www.shqiperia.com\/blog\/wp-content\/uploads\/2020\/03\/Edi-Rama-Dua-nje-Kurore-1.jpg?w=600&amp;ssl=1 600w\" sizes=\"auto, (max-width: 617px) 100vw, 617px\" \/><p id=\"caption-attachment-32871\" class=\"wp-caption-text\">Edi-Rama -Dua nje Kurore<\/p><\/div>\n<p>Nd\u00ebrkoh\u00eb q\u00eb po dalin denoncime se si miliona euro po shkojn\u00eb s\u00ebrish tek nj\u00eb grusht oligark\u00ebsh dhe kontratat koncesionare nuk po njohin kriz\u00eb, Rama p\u00ebrtall ata q\u00eb pretendojn\u00eb se qeveria duhet t\u2019u kishte d\u00ebrguar me vakt ndihma, dhe para, duke q\u00ebne se marsi po mbyllet dhe nj\u00eb pjes\u00eb e mir\u00eb e njer\u00ebzve jan\u00eb n\u00eb qindarkat e fundit.<\/p>\n<p>Kryeministri parashikoi sot dit\u00eb t\u00eb v\u00ebshtira p\u00ebr t\u00eb ardhmen e ekonomis\u00eb, foli p\u00ebr rritje t\u00eb papun\u00ebsis\u00eb, dhe pasoja t\u00eb tjera t\u00eb r\u00ebnda. Po duket qart\u00eb, se ai hallin kryesor e ka se kjo do ti l\u00ebkund\u00eb pushtetin e tij personal. Ai \u00ebsht\u00eb i shqet\u00ebsuar p\u00ebr veten e tij.<\/p>\n<p>Publiku ka par\u00eb gjith\u00eb k\u00ebto dit\u00eb kryeministra t\u00eb Europ\u00ebs q\u00eb dalin e flasin.<\/p>\n<p>Asnj\u00ebri prej tyre nuk ankohet se po e kritikojn\u00eb, se po e stresojn\u00eb. Asnj\u00ebri nuk shpallet si baba i k\u00ebrrusur nga hallet q\u00eb mban mbi shpin\u00eb. Asnj\u00ebri nuk ngjan i merakosur p\u00ebr karrigen e tij, apo imazhin e d\u00ebmtuar n\u00eb syt\u00eb e qytetar\u00ebve dhe votuese. Halli i vet\u00ebm q\u00eb kan\u00eb, \u00ebsht\u00eb p\u00ebrballimi dhe dalja nga kriza. Ndaj ata marrin \u00e7do dit\u00eb vendime, nd\u00ebrmarrim leht\u00ebsira dhe l\u00ebvrojn\u00eb para.<\/p>\n<p>Vet\u00ebm tek ne, kemi fjal\u00eb e propagand\u00eb dhe ende asgj\u00eb konkrete. Fjal\u00eb, propagand\u00eb, kuj\u00eb e vajtime, po jo ekzekutim, jo akte konkrete, jo pun\u00eb t\u00eb kryera. Fjal\u00eb imzot fjal\u00eb, ta shtyjm\u00eb dhe nj\u00eb dit\u00eb, nj\u00eb jav\u00eb, nj\u00eb muaj. Se do ta b\u00ebj\u00eb per\u00ebndia mir\u00eb, njer\u00ebzit do harrojn\u00eb. Dhe shpresa \u00ebsht\u00eb q\u00eb n\u00eb fund, do t\u00eb kujtojn\u00eb imazhin e p\u00ebrd\u00ebllyer t\u00eb babait q\u00eb u detyrua t\u00eb mbyllte njer\u00ebzit brenda, p\u00ebr t\u00eb shp\u00ebtuar kombin. Do t\u00eb kujtojn\u00eb, babain e p\u00ebrkushtuar, po edhe t\u00eb keqkuptuar. E do ta nderojn\u00eb, si\u00e7 i takon.<\/p>\n","protected":false},"excerpt":{"rendered":"<p>Rama shpalle veten Baba i Kombit, \u00a0nd\u00ebrkoh\u00eb q\u00eb po dalin denoncime se si miliona euro po shkojn\u00eb \u00a0ne drejtim te paditur. 28 mars 2020 Prej dit\u00ebsh, i nj\u00ebjti refren. Edi Rama del dhe merr koh\u00eb t\u00eb \u00e7muar, p\u00ebr t\u00eb treguar se sa stres po i shkaktojn\u00eb ata q\u00eb ankohen p\u00ebr buk\u00eb, apo q\u00eb kritikojn\u00eb qeverin\u00eb [&hellip;]<\/p>\n","protected":false},"author":9,"featured_media":32870,"comment_status":"open","ping_status":"open","sticky":false,"template":"","format":"standard","meta":{"jetpack_post_was_ever_published":false,"_jetpack_newsletter_access":"","_jetpack_dont_email_post_to_subs":false,"_jetpack_newsletter_tier_id":0,"_jetpack_memberships_contains_paywalled_content":false,"_jetpack_memberships_contains_paid_content":false,"footnotes":"","jetpack_publicize_message":"","jetpack_publicize_feature_enabled":true,"jetpack_social_post_already_shared":true,"jetpack_social_options":{"image_generator_settings":{"template":"highway","default_image_id":0,"font":"","enabled":false},"version":2}},"categories":[27,1],"tags":[],"class_list":["post-32869","post","type-post","status-publish","format-standard","has-post-thumbnail","hentry","category-blogu-i-udhetarit","category-njoftime-shtypi"],"jetpack_publicize_connections":[],"jetpack_featured_media_url":"https:\/\/i0.wp.com\/www.shqiperia.com\/blog\/wp-content\/uploads\/2020\/03\/Edi-Rama-Dua-nje-Kurore.jpg?fit=600%2C400&ssl=1","jetpack_sharing_enabled":true,"jetpack_shortlink":"https:\/\/wp.me\/p5Z6wp-8y9","jetpack-related-posts":[{"id":46126,"url":"https:\/\/www.shqiperia.com\/blog\/rama-thote-se-pavaresisht-se-mesuesit-dhe-infermieret-kane-hyre-ne-pune-me-merite-duhet-ta-mbrojne-se-me-voten-ne-drejtim-te-paditur-iken-ne-drejtim-te-paditur\/","url_meta":{"origin":32869,"position":0},"title":"Rama thote se pavar\u00ebsisht se m\u00ebsuesit dhe infermier\u00ebt kan\u00eb hyr\u00eb n\u00eb pun\u00eb me merit\u00eb, \u201cduhet ta mbrojn\u00eb, se me vot\u00ebn n\u00eb drejtim t\u00eb paditur ik\u00ebn n\u00eb drejtim t\u00eb paditur\u201d.","author":"Kurt Farka","date":"April 7, 2021","format":false,"excerpt":"Rama thote se pavar\u00ebsisht se m\u00ebsuesit dhe infermier\u00ebt kan\u00eb hyr\u00eb n\u00eb pun\u00eb me merit\u00eb, \u201cduhet ta mbrojn\u00eb, se me vot\u00ebn n\u00eb drejtim t\u00eb paditur ik\u00ebn n\u00eb drejtim t\u00eb paditur\u201d. 6 prill 2021 Duke u ndalur tek procesi i vaksinimit, Rama tha se do t\u00eb ulet fasha e personave q\u00eb duhet\u2026","rel":"","context":"In &quot;Blogu i Udh\u00ebtarit&quot;","block_context":{"text":"Blogu i Udh\u00ebtarit","link":"https:\/\/www.shqiperia.com\/blog\/category\/blogu-i-udhetarit\/"},"img":{"alt_text":"","src":"https:\/\/i0.wp.com\/www.shqiperia.com\/blog\/wp-content\/uploads\/2021\/04\/Edi-Rama.png?resize=350%2C200&ssl=1","width":350,"height":200},"classes":[]},{"id":28967,"url":"https:\/\/www.shqiperia.com\/blog\/me-shihni-mua-jo-katrahuren\/","url_meta":{"origin":32869,"position":1},"title":"M\u00eb shihni mua, jo katrahur\u00ebn.-","author":"Kurt Farka","date":"December 5, 2019","format":false,"excerpt":"M\u00eb shihni mua, jo katrahur\u00ebn Mapo.al Edi Rama e tregoi veten se \u00ebsht\u00eb nj\u00eb lojtar i fort\u00eb n\u00eb politik\u00eb, dhe nj\u00eb mjesht\u00ebr i PR, pik\u00ebrisht n\u00eb dit\u00ebt m\u00eb t\u00eb v\u00ebshtira t\u00eb vendit, si k\u00ebto pas r\u00ebnies s\u00eb t\u00ebrmetit.\u00a0Propaganda ishte patjet\u00ebr stili i tij i qeverisjes dhe m\u00ebnyra e t\u00eb q\u00ebnit,\u2026","rel":"","context":"In &quot;Blogu i Udh\u00ebtarit&quot;","block_context":{"text":"Blogu i Udh\u00ebtarit","link":"https:\/\/www.shqiperia.com\/blog\/category\/blogu-i-udhetarit\/"},"img":{"alt_text":"","src":"https:\/\/i0.wp.com\/www.shqiperia.com\/blog\/wp-content\/uploads\/2019\/12\/Rame-me-tv.jpg?fit=744%2C387&ssl=1&resize=350%2C200","width":350,"height":200,"srcset":"https:\/\/i0.wp.com\/www.shqiperia.com\/blog\/wp-content\/uploads\/2019\/12\/Rame-me-tv.jpg?fit=744%2C387&ssl=1&resize=350%2C200 1x, https:\/\/i0.wp.com\/www.shqiperia.com\/blog\/wp-content\/uploads\/2019\/12\/Rame-me-tv.jpg?fit=744%2C387&ssl=1&resize=525%2C300 1.5x, https:\/\/i0.wp.com\/www.shqiperia.com\/blog\/wp-content\/uploads\/2019\/12\/Rame-me-tv.jpg?fit=744%2C387&ssl=1&resize=700%2C400 2x"},"classes":[]},{"id":62045,"url":"https:\/\/www.shqiperia.com\/blog\/rama-si-robin-hudi-pas-10-vitesh-ne-qeverisje-loja-me-oligarket-ne-prag-te-zgjedhjeve\/","url_meta":{"origin":32869,"position":2},"title":"Rama si Robin Hudi pas 10 vitesh n\u00eb qeverisje. Loja me oligark\u00ebt n\u00eb prag t\u00eb zgjedhjeve!","author":"Kurt Farka","date":"September 10, 2022","format":false,"excerpt":"10 Shtator 2022 Nd\u00ebrkoh\u00eb q\u00eb gjat\u00eb qeverisjes 10-vje\u00e7are t\u00eb Ram\u00ebs, qytetar\u00eb t\u00eb thjesht\u00eb u b\u00ebn\u00eb viktima pas d\u00ebnimeve p\u00ebr nd\u00ebrtimin e nj\u00eb avllie apo p\u00ebr mospagim t\u00eb energjis\u00eb elektrike, oligark\u00ebt jan\u00eb pasuruar edhe m\u00eb shum\u00eb me para publike dhe koncesione. Pik\u00ebrisht tani, Rama i \u00ebsht\u00eb rikthyer propagand\u00ebs duke folur p\u00ebr\u2026","rel":"","context":"In &quot;Blogu i Udh\u00ebtarit&quot;","block_context":{"text":"Blogu i Udh\u00ebtarit","link":"https:\/\/www.shqiperia.com\/blog\/category\/blogu-i-udhetarit\/"},"img":{"alt_text":"","src":"https:\/\/i0.wp.com\/www.shqiperia.com\/blog\/wp-content\/uploads\/2022\/09\/Edi-Rama-si-Robin-Hudi.jpg?fit=721%2C395&ssl=1&resize=350%2C200","width":350,"height":200,"srcset":"https:\/\/i0.wp.com\/www.shqiperia.com\/blog\/wp-content\/uploads\/2022\/09\/Edi-Rama-si-Robin-Hudi.jpg?fit=721%2C395&ssl=1&resize=350%2C200 1x, https:\/\/i0.wp.com\/www.shqiperia.com\/blog\/wp-content\/uploads\/2022\/09\/Edi-Rama-si-Robin-Hudi.jpg?fit=721%2C395&ssl=1&resize=525%2C300 1.5x, https:\/\/i0.wp.com\/www.shqiperia.com\/blog\/wp-content\/uploads\/2022\/09\/Edi-Rama-si-Robin-Hudi.jpg?fit=721%2C395&ssl=1&resize=700%2C400 2x"},"classes":[]},{"id":13248,"url":"https:\/\/www.shqiperia.com\/blog\/spartak-ngjela-bravo-kukesi-e-debuat-kryeministrin-rama\/","url_meta":{"origin":32869,"position":3},"title":"Spartak Ngjela: Bravo Kuk\u00ebsi! E d\u00ebbuat Kryeministrin Rama. &#8211;","author":"Kurt Farka","date":"November 1, 2018","format":false,"excerpt":"Spartak Ngjela: Bravo Kuk\u00ebsi! E d\u00ebbuat Kryeministrin Rama. - Kryeministri Edi Rama u\u00a0prit me protesta t\u00eb forta nga qytetar\u00ebt Hasit dhe Kuk\u00ebsit. Nd\u00ebrkoh\u00eb lidhur me k\u00ebt\u00eb ngjarje ka reaguar edhe avokat Spartak Ngjela. Ngjela p\u00ebrmes nj\u00eb postimi n\u00eb \u201cFacebook\u201d ka p\u00ebrg\u00ebzuar banor\u00ebt e Kuk\u00ebsit p\u00ebr veprimin e djesh\u00ebm, nd\u00ebrsa shton\u2026","rel":"","context":"In &quot;Blogu i Udh\u00ebtarit&quot;","block_context":{"text":"Blogu i Udh\u00ebtarit","link":"https:\/\/www.shqiperia.com\/blog\/category\/blogu-i-udhetarit\/"},"img":{"alt_text":"","src":"https:\/\/i0.wp.com\/www.shqiperia.com\/blog\/wp-content\/uploads\/2018\/11\/Spartak-Ngjela.jpg?fit=696%2C401&ssl=1&resize=350%2C200","width":350,"height":200,"srcset":"https:\/\/i0.wp.com\/www.shqiperia.com\/blog\/wp-content\/uploads\/2018\/11\/Spartak-Ngjela.jpg?fit=696%2C401&ssl=1&resize=350%2C200 1x, https:\/\/i0.wp.com\/www.shqiperia.com\/blog\/wp-content\/uploads\/2018\/11\/Spartak-Ngjela.jpg?fit=696%2C401&ssl=1&resize=525%2C300 1.5x"},"classes":[]},{"id":47771,"url":"https:\/\/www.shqiperia.com\/blog\/cili-do-te-jete-fati-i-ilir-metes-pas-shkarkimit-artur-zheji-dhe-mentor-nazarko-dalin-me-paralajmerimet-e-forta-rama-lexoi-epitaf-per-shokun-e-tij-po-shkojme-ne-skenar\/","url_meta":{"origin":32869,"position":4},"title":"Cili do t\u00eb jet\u00eb fati i Ilir Met\u00ebs pas shkarkimit? Artur Zheji dhe Mentor Nazarko dalin me paralajm\u00ebrimet e forta: Rama lexoi epitaf p\u00ebr shokun e tij, po shkojm\u00eb n\u00eb skenar&#8230;","author":"Kurt Farka","date":"June 9, 2021","format":false,"excerpt":"Cili do t\u00eb jet\u00eb fati i Ilir Met\u00ebs pas shkarkimit? Artur Zheji dhe Mentor Nazarko dalin me paralajm\u00ebrimet e forta: Rama lexoi epitaf p\u00ebr shokun e tij, po shkojm\u00eb n\u00eb skenar... 9 QERSHOR 2021 \"Nazarko: - Me k\u00ebt\u00eb veprim, do t\u00eb shkojm\u00eb n\u00eb nj\u00eb skenar monist, e prandaj ky vendim\u2026","rel":"","context":"In &quot;Blogu i Udh\u00ebtarit&quot;","block_context":{"text":"Blogu i Udh\u00ebtarit","link":"https:\/\/www.shqiperia.com\/blog\/category\/blogu-i-udhetarit\/"},"img":{"alt_text":"","src":"https:\/\/i0.wp.com\/www.shqiperia.com\/blog\/wp-content\/uploads\/2021\/06\/800-0-60c0c5eb5eded.jpg?fit=800%2C414&ssl=1&resize=350%2C200","width":350,"height":200,"srcset":"https:\/\/i0.wp.com\/www.shqiperia.com\/blog\/wp-content\/uploads\/2021\/06\/800-0-60c0c5eb5eded.jpg?fit=800%2C414&ssl=1&resize=350%2C200 1x, https:\/\/i0.wp.com\/www.shqiperia.com\/blog\/wp-content\/uploads\/2021\/06\/800-0-60c0c5eb5eded.jpg?fit=800%2C414&ssl=1&resize=525%2C300 1.5x, https:\/\/i0.wp.com\/www.shqiperia.com\/blog\/wp-content\/uploads\/2021\/06\/800-0-60c0c5eb5eded.jpg?fit=800%2C414&ssl=1&resize=700%2C400 2x"},"classes":[]},{"id":22389,"url":"https:\/\/www.shqiperia.com\/blog\/zgjedhjet-po-sikur-meta-me-bashen-te-caktojne-date-tjeter-rama-ai-mund-te-marre-vendim-ti-shpalle-lufte-edhe-shba-por\/","url_meta":{"origin":32869,"position":5},"title":"Zgjedhjet\/ \u201cPo sikur Meta me Bash\u00ebn t\u00eb caktojn\u00eb dat\u00eb tjet\u00ebr?\u201d, Rama: Ai mund t\u00eb marr\u00eb vendim t\u2019i shpall\u00eb luft\u00eb edhe SHBA, por\u2026","author":"Kurt Farka","date":"June 27, 2019","format":false,"excerpt":"Zgjedhjet\/ \u201cPo sikur Meta me Bash\u00ebn t\u00eb caktojn\u00eb dat\u00eb tjet\u00ebr?\u201d, Rama: Ai mund t\u00eb marr\u00eb vendim t\u2019i shpall\u00eb luft\u00eb edhe SHBA, por\u2026 \u00a027 qershor 2019 Presidenti i vendit Ilir Meta dhe kreu i opozit\u00ebs, Basha, kan\u00eb qen\u00eb pjes\u00eb e bisedave q\u00eb sot kreu i qeveris\u00eb, Edi Rama ka zhvilluar me\u2026","rel":"","context":"In &quot;Blogu i Udh\u00ebtarit&quot;","block_context":{"text":"Blogu i Udh\u00ebtarit","link":"https:\/\/www.shqiperia.com\/blog\/category\/blogu-i-udhetarit\/"},"img":{"alt_text":"","src":"https:\/\/i0.wp.com\/www.shqiperia.com\/blog\/wp-content\/uploads\/2019\/06\/albanain-scum.jpg?fit=633%2C347&ssl=1&resize=350%2C200","width":350,"height":200,"srcset":"https:\/\/i0.wp.com\/www.shqiperia.com\/blog\/wp-content\/uploads\/2019\/06\/albanain-scum.jpg?fit=633%2C347&ssl=1&resize=350%2C200 1x, https:\/\/i0.wp.com\/www.shqiperia.com\/blog\/wp-content\/uploads\/2019\/06\/albanain-scum.jpg?fit=633%2C347&ssl=1&resize=525%2C300 1.5x"},"classes":[]}],"_links":{"self":[{"href":"https:\/\/www.shqiperia.com\/blog\/wp-json\/wp\/v2\/posts\/32869","targetHints":{"allow":["GET"]}}],"collection":[{"href":"https:\/\/www.shqiperia.com\/blog\/wp-json\/wp\/v2\/posts"}],"about":[{"href":"https:\/\/www.shqiperia.com\/blog\/wp-json\/wp\/v2\/types\/post"}],"author":[{"embeddable":true,"href":"https:\/\/www.shqiperia.com\/blog\/wp-json\/wp\/v2\/users\/9"}],"replies":[{"embeddable":true,"href":"https:\/\/www.shqiperia.com\/blog\/wp-json\/wp\/v2\/comments?post=32869"}],"version-history":[{"count":2,"href":"https:\/\/www.shqiperia.com\/blog\/wp-json\/wp\/v2\/posts\/32869\/revisions"}],"predecessor-version":[{"id":32873,"href":"https:\/\/www.shqiperia.com\/blog\/wp-json\/wp\/v2\/posts\/32869\/revisions\/32873"}],"wp:featuredmedia":[{"embeddable":true,"href":"https:\/\/www.shqiperia.com\/blog\/wp-json\/wp\/v2\/media\/32870"}],"wp:attachment":[{"href":"https:\/\/www.shqiperia.com\/blog\/wp-json\/wp\/v2\/media?parent=32869"}],"wp:term":[{"taxonomy":"category","embeddable":true,"href":"https:\/\/www.shqiperia.com\/blog\/wp-json\/wp\/v2\/categories?post=32869"},{"taxonomy":"post_tag","embeddable":true,"href":"https:\/\/www.shqiperia.com\/blog\/wp-json\/wp\/v2\/tags?post=32869"}],"curies":[{"name":"wp","href":"https:\/\/api.w.org\/{rel}","templated":true}]}}