{"id":32865,"date":"2020-03-28T12:01:44","date_gmt":"2020-03-28T12:01:44","guid":{"rendered":"https:\/\/www.shqiperia.com\/blog\/?p=32865"},"modified":"2020-03-28T12:02:26","modified_gmt":"2020-03-28T12:02:26","slug":"30-mjeke-shqiptare-nisen-sot-drejt-italise-do-jene-per-1-muaj-ne-frontin-e-luftes","status":"publish","type":"post","link":"https:\/\/www.shqiperia.com\/blog\/30-mjeke-shqiptare-nisen-sot-drejt-italise-do-jene-per-1-muaj-ne-frontin-e-luftes\/","title":{"rendered":"30 mjek\u00eb shqiptar\u00eb nisen sot drejt Italis\u00eb, do jen\u00eb p\u00ebr 1 muaj n\u00eb frontin e luft\u00ebs"},"content":{"rendered":"<div class=\"c-main\">\n<div class=\"c-header-content\">\n<h1><img data-recalc-dims=\"1\" loading=\"lazy\" decoding=\"async\" data-attachment-id=\"32863\" data-permalink=\"https:\/\/www.shqiperia.com\/blog\/?attachment_id=32863\" data-orig-file=\"https:\/\/i0.wp.com\/www.shqiperia.com\/blog\/wp-content\/uploads\/2020\/03\/640-0-5e7f39efa88c3-Copy.jpg?fit=640%2C323&amp;ssl=1\" data-orig-size=\"640,323\" data-comments-opened=\"1\" data-image-meta=\"{&quot;aperture&quot;:&quot;0&quot;,&quot;credit&quot;:&quot;&quot;,&quot;camera&quot;:&quot;&quot;,&quot;caption&quot;:&quot;&quot;,&quot;created_timestamp&quot;:&quot;0&quot;,&quot;copyright&quot;:&quot;&quot;,&quot;focal_length&quot;:&quot;0&quot;,&quot;iso&quot;:&quot;0&quot;,&quot;shutter_speed&quot;:&quot;0&quot;,&quot;title&quot;:&quot;&quot;,&quot;orientation&quot;:&quot;0&quot;}\" data-image-title=\"-640-0-5e7f39efa88c3 &#8211; Copy\" data-image-description=\"\" data-image-caption=\"\" data-medium-file=\"https:\/\/i0.wp.com\/www.shqiperia.com\/blog\/wp-content\/uploads\/2020\/03\/640-0-5e7f39efa88c3-Copy.jpg?fit=300%2C151&amp;ssl=1\" data-large-file=\"https:\/\/i0.wp.com\/www.shqiperia.com\/blog\/wp-content\/uploads\/2020\/03\/640-0-5e7f39efa88c3-Copy.jpg?fit=640%2C323&amp;ssl=1\" class=\"alignnone size-medium wp-image-32863\" alt=\"\" src=\"https:\/\/i0.wp.com\/www.shqiperia.com\/blog\/wp-content\/uploads\/2020\/03\/640-0-5e7f39efa88c3-Copy.jpg?resize=300%2C151&#038;ssl=1\" width=\"300\" height=\"151\" srcset=\"https:\/\/i0.wp.com\/www.shqiperia.com\/blog\/wp-content\/uploads\/2020\/03\/640-0-5e7f39efa88c3-Copy.jpg?resize=300%2C151&amp;ssl=1 300w, https:\/\/i0.wp.com\/www.shqiperia.com\/blog\/wp-content\/uploads\/2020\/03\/640-0-5e7f39efa88c3-Copy.jpg?resize=450%2C227&amp;ssl=1 450w, https:\/\/i0.wp.com\/www.shqiperia.com\/blog\/wp-content\/uploads\/2020\/03\/640-0-5e7f39efa88c3-Copy.jpg?resize=600%2C303&amp;ssl=1 600w, https:\/\/i0.wp.com\/www.shqiperia.com\/blog\/wp-content\/uploads\/2020\/03\/640-0-5e7f39efa88c3-Copy.jpg?resize=400%2C202&amp;ssl=1 400w, https:\/\/i0.wp.com\/www.shqiperia.com\/blog\/wp-content\/uploads\/2020\/03\/640-0-5e7f39efa88c3-Copy.jpg?w=640&amp;ssl=1 640w\" sizes=\"auto, (max-width: 300px) 100vw, 300px\" \/><\/h1>\n<h1>30 mjek\u00eb shqiptar\u00eb nisen sot drejt Italis\u00eb, do jen\u00eb p\u00ebr 1 muaj n\u00eb frontin e luft\u00ebs me koronavirusin n\u00eb qytetin m\u00eb t\u00eb prekur<\/h1>\n<p>28 mars 2020<\/p>\n<\/div>\n<\/div>\n<div class=\"c-main\">\n<div class=\"c-flexy flex-m\">\n<div class=\"c-open-content c-left\">\n<div class=\"open-a-content\">\n<p>30 mjek\u00eb nga Shqip\u00ebria do t\u00eb shkojn\u00eb n\u00eb Bergamo t\u00eb Italis\u00eb n\u00eb kuad\u00ebr t\u00eb situat\u00ebs alarmante t\u00eb Covid-19.\u00a0\u00a0M\u00ebsohet se ata do t\u00eb nisen sot n\u00eb or\u00ebn 16:00 nga Tirana p\u00ebr n\u00eb Bergamo, ku do t\u00eb q\u00ebndrojn\u00eb p\u00ebr nj\u00eb muaj.<\/p>\n<p>Sakaq, b\u00ebhet me dije se mjek\u00ebt do t\u00eb ndihmojn\u00eb rajonin e Lombardis\u00eb p\u00ebr p\u00ebrballimin e situat\u00ebs dhe do t\u00eb paguhen nga qeveria shqiptare.<\/p>\n<p><a target=\"_blank\" href=\"https:\/\/www.corriere.it\/politica\/20_marzo_28\/coronavirus-30-medici-dall-albania-arrivo-bergamo-accordo-maio-rama-7476c844-70d8-11ea-a7a2-3889c819a91b.shtml\" rel=\"noopener noreferrer\">Corriere<\/a>\u00a0raporton sot se mjek\u00ebt do t\u00eb zbresin pasdite n\u00eb Rom\u00eb, por t\u00eb gjith\u00eb do t\u00eb operojn\u00eb n\u00eb Bergamo, qyteti m\u00eb i prekur nga koronavirusi.<\/p>\n<p>Dergimi i personelit sh\u00ebndetesor shqiptar atje, sipas medias italiane, \u00ebsht\u00eb rezultat i nj\u00eb bisede q\u00eb u zhvillua t\u00eb premten n\u00eb mes t\u00eb Kryeministrit shqiptar Edi Rama dhe Ministrit t\u00eb Jasht\u00ebm Luigi Di Maio dhe ndjek linj\u00ebn e solidaritetit dhe ndihm\u00ebs nd\u00ebrkomb\u00ebtare \u2013 si\u00e7 ndodhi tashm\u00eb me Kin\u00ebn dhe Rusine.<\/p>\n<p>Mjek\u00ebt do t\u00eb q\u00ebndrojn\u00eb n\u00eb Itali p\u00ebr nj\u00eb muaj dhe do t\u00eb paguhen nga Shqip\u00ebria.<\/p>\n<p>\u201cMjek\u00ebt po kursejn\u00eb jet\u00eb dhe tani\u00a0 ne po rizbulojm\u00eb vler\u00ebn m\u00eb t\u00eb r\u00ebnd\u00ebsishme q\u00eb \u00ebsht\u00eb jeta \u201d, komentoi Di Maio i cili do t\u00eb shkoj\u00eb n\u00eb aeroport p\u00ebr t\u00eb mir\u00ebpritur mjek\u00ebt shqiptar\u00eb.<\/p>\n<\/div>\n<div id=\"taboola\"><\/div>\n<div class=\" trc_related_container trc_spotlight_widget tbl-feed-container tbl-feed-frame-DIVIDER render-late-effect\" id=\"taboola-sponsored-below-article\" data-feed-container-num=\"1\" data-feed-main-container-id=\"taboola-sponsored-below-article\" data-parent-placement-name=\"Sponsored Below Article\" data-pub-lang=\"sq\">\n<div class=\" tbl-feed-header tbl-logo-right-position\">\n<div class=\"tbl-feed-header-logo\"><img data-recalc-dims=\"1\" loading=\"lazy\" decoding=\"async\" data-attachment-id=\"32866\" data-permalink=\"https:\/\/www.shqiperia.com\/blog\/30-mjeke-shqiptare-nisen-sot-drejt-italise-do-jene-per-1-muaj-ne-frontin-e-luftes\/640-0-5e7f39efa88c3-2\/\" data-orig-file=\"https:\/\/i0.wp.com\/www.shqiperia.com\/blog\/wp-content\/uploads\/2020\/03\/640-0-5e7f39efa88c3-1.jpg?fit=640%2C637&amp;ssl=1\" data-orig-size=\"640,637\" data-comments-opened=\"1\" data-image-meta=\"{&quot;aperture&quot;:&quot;0&quot;,&quot;credit&quot;:&quot;&quot;,&quot;camera&quot;:&quot;&quot;,&quot;caption&quot;:&quot;&quot;,&quot;created_timestamp&quot;:&quot;0&quot;,&quot;copyright&quot;:&quot;&quot;,&quot;focal_length&quot;:&quot;0&quot;,&quot;iso&quot;:&quot;0&quot;,&quot;shutter_speed&quot;:&quot;0&quot;,&quot;title&quot;:&quot;&quot;,&quot;orientation&quot;:&quot;0&quot;}\" data-image-title=\"-640-0-5e7f39efa88c3\" data-image-description=\"\" data-image-caption=\"\" data-medium-file=\"https:\/\/i0.wp.com\/www.shqiperia.com\/blog\/wp-content\/uploads\/2020\/03\/640-0-5e7f39efa88c3-1.jpg?fit=300%2C300&amp;ssl=1\" data-large-file=\"https:\/\/i0.wp.com\/www.shqiperia.com\/blog\/wp-content\/uploads\/2020\/03\/640-0-5e7f39efa88c3-1.jpg?fit=640%2C637&amp;ssl=1\" class=\"alignnone wp-image-32866\" alt=\"\" src=\"https:\/\/i0.wp.com\/www.shqiperia.com\/blog\/wp-content\/uploads\/2020\/03\/640-0-5e7f39efa88c3-1.jpg?resize=643%2C643&#038;ssl=1\" width=\"643\" height=\"643\" srcset=\"https:\/\/i0.wp.com\/www.shqiperia.com\/blog\/wp-content\/uploads\/2020\/03\/640-0-5e7f39efa88c3-1.jpg?resize=300%2C300&amp;ssl=1 300w, https:\/\/i0.wp.com\/www.shqiperia.com\/blog\/wp-content\/uploads\/2020\/03\/640-0-5e7f39efa88c3-1.jpg?resize=150%2C150&amp;ssl=1 150w, https:\/\/i0.wp.com\/www.shqiperia.com\/blog\/wp-content\/uploads\/2020\/03\/640-0-5e7f39efa88c3-1.jpg?resize=65%2C65&amp;ssl=1 65w, https:\/\/i0.wp.com\/www.shqiperia.com\/blog\/wp-content\/uploads\/2020\/03\/640-0-5e7f39efa88c3-1.jpg?resize=50%2C50&amp;ssl=1 50w\" sizes=\"auto, (max-width: 643px) 100vw, 643px\" \/><\/div>\n<\/div>\n<\/div>\n<\/div>\n<\/div>\n<\/div>\n","protected":false},"excerpt":{"rendered":"<p>30 mjek\u00eb shqiptar\u00eb nisen sot drejt Italis\u00eb, do jen\u00eb p\u00ebr 1 muaj n\u00eb frontin e luft\u00ebs me koronavirusin n\u00eb qytetin m\u00eb t\u00eb prekur 28 mars 2020 30 mjek\u00eb nga Shqip\u00ebria do t\u00eb shkojn\u00eb n\u00eb Bergamo t\u00eb Italis\u00eb n\u00eb kuad\u00ebr t\u00eb situat\u00ebs alarmante t\u00eb Covid-19.\u00a0\u00a0M\u00ebsohet se ata do t\u00eb nisen sot n\u00eb or\u00ebn 16:00 nga Tirana [&hellip;]<\/p>\n","protected":false},"author":9,"featured_media":32866,"comment_status":"open","ping_status":"open","sticky":false,"template":"","format":"standard","meta":{"jetpack_post_was_ever_published":false,"_jetpack_newsletter_access":"","_jetpack_dont_email_post_to_subs":false,"_jetpack_newsletter_tier_id":0,"_jetpack_memberships_contains_paywalled_content":false,"_jetpack_memberships_contains_paid_content":false,"footnotes":"","jetpack_publicize_message":"","jetpack_publicize_feature_enabled":true,"jetpack_social_post_already_shared":true,"jetpack_social_options":{"image_generator_settings":{"template":"highway","default_image_id":0,"font":"","enabled":false},"version":2}},"categories":[10,1,35],"tags":[],"class_list":["post-32865","post","type-post","status-publish","format-standard","has-post-thumbnail","hentry","category-kultura","category-njoftime-shtypi","category-shoqerore"],"jetpack_publicize_connections":[],"jetpack_featured_media_url":"https:\/\/i0.wp.com\/www.shqiperia.com\/blog\/wp-content\/uploads\/2020\/03\/640-0-5e7f39efa88c3-1.jpg?fit=640%2C637&ssl=1","jetpack_sharing_enabled":true,"jetpack_shortlink":"https:\/\/wp.me\/p5Z6wp-8y5","jetpack-related-posts":[{"id":29706,"url":"https:\/\/www.shqiperia.com\/blog\/mjeke-infermiere-dhe-it-drejt-gjermanise-dalin-shifrat-si-eshte-rritur-atje-numri-i-emigranteve-shqiptare\/","url_meta":{"origin":32865,"position":0},"title":"Mjek\u00eb, infermier\u00eb dhe IT drejt Gjermanis\u00eb, dalin shifrat. Si \u00ebsht\u00eb rritur atje numri i emigrant\u00ebve shqiptar\u00eb.-","author":"Kurt Farka","date":"December 25, 2019","format":false,"excerpt":"Mjek\u00eb, infermier\u00eb dhe IT drejt Gjermanis\u00eb, dalin shifrat. Si \u00ebsht\u00eb rritur atje numri i emigrant\u00ebve shqiptar\u00eb 24 dhjetor 2019 Gjermania \u00ebsht\u00eb nj\u00eb prej destinacioneve kryesore t\u00eb emigrant\u00ebve shqiptar\u00eb, ku si me magnet n\u00eb vitet e fundit po t\u00ebrheq profesionist\u00ebt, si mjek\u00ebt, infermier\u00ebt, apo edhe IT-t\u00eb. K\u00ebt\u00eb e tregojn\u00eb edhe shifrat\u2026","rel":"","context":"In &quot;Blogu i Udh\u00ebtarit&quot;","block_context":{"text":"Blogu i Udh\u00ebtarit","link":"https:\/\/www.shqiperia.com\/blog\/category\/blogu-i-udhetarit\/"},"img":{"alt_text":"","src":"https:\/\/i0.wp.com\/www.shqiperia.com\/blog\/wp-content\/uploads\/2019\/12\/azil-1.jpg?fit=700%2C394&ssl=1&resize=350%2C200","width":350,"height":200,"srcset":"https:\/\/i0.wp.com\/www.shqiperia.com\/blog\/wp-content\/uploads\/2019\/12\/azil-1.jpg?fit=700%2C394&ssl=1&resize=350%2C200 1x, https:\/\/i0.wp.com\/www.shqiperia.com\/blog\/wp-content\/uploads\/2019\/12\/azil-1.jpg?fit=700%2C394&ssl=1&resize=525%2C300 1.5x, https:\/\/i0.wp.com\/www.shqiperia.com\/blog\/wp-content\/uploads\/2019\/12\/azil-1.jpg?fit=700%2C394&ssl=1&resize=700%2C400 2x"},"classes":[]},{"id":35549,"url":"https:\/\/www.shqiperia.com\/blog\/gazeta-italiane-taksite-e-droges-cdo-nate-nga-shqiperia-ne-itali\/","url_meta":{"origin":32865,"position":1},"title":"Gazeta italiane: \u00a0&#8211; Taksit\u00eb e drog\u00ebs, \u00e7do nat\u00eb nga Shqip\u00ebria n\u00eb Itali","author":"Kurt Farka","date":"June 9, 2020","format":false,"excerpt":"Gazeta italiane: \u00a0- Taksit\u00eb e drog\u00ebs, \u00e7do nat\u00eb nga Shqip\u00ebria n\u00eb Itali \u00a0\u00a0- 08\/06\/20 | Gazeta autoritare italiane, \u201cLa Gazzetta del Mezzogiorno\u201d, n\u00eb nj\u00eb shkrim t\u00eb sot\u00ebm me autor Gaetano Campione, raporton se taksit\u00eb e drog\u00ebs, skafet e ngarkuar me marijuan\u00eb nisen \u00e7do nat\u00eb nga brigjet shqiptare dhe mb\u00ebrrijn\u00eb n\u00eb\u2026","rel":"","context":"In &quot;Blogu i Udh\u00ebtarit&quot;","block_context":{"text":"Blogu i Udh\u00ebtarit","link":"https:\/\/www.shqiperia.com\/blog\/category\/blogu-i-udhetarit\/"},"img":{"alt_text":"","src":"https:\/\/i0.wp.com\/www.shqiperia.com\/blog\/wp-content\/uploads\/2020\/06\/1591599921708.jpg-un_mare_di_droga_dall_albania__ogni_notte_verso_le_coste_italiane.jpg?fit=655%2C360&ssl=1&resize=350%2C200","width":350,"height":200,"srcset":"https:\/\/i0.wp.com\/www.shqiperia.com\/blog\/wp-content\/uploads\/2020\/06\/1591599921708.jpg-un_mare_di_droga_dall_albania__ogni_notte_verso_le_coste_italiane.jpg?fit=655%2C360&ssl=1&resize=350%2C200 1x, https:\/\/i0.wp.com\/www.shqiperia.com\/blog\/wp-content\/uploads\/2020\/06\/1591599921708.jpg-un_mare_di_droga_dall_albania__ogni_notte_verso_le_coste_italiane.jpg?fit=655%2C360&ssl=1&resize=525%2C300 1.5x"},"classes":[]},{"id":70313,"url":"https:\/\/www.shqiperia.com\/blog\/5-mije-mjeke-e-infermiere-ne-gjermani-dollenberg-largimet-ne-rritje-brataj-te-vleresohen-nga-institucionet\/","url_meta":{"origin":32865,"position":2},"title":"5 mij\u00eb mjek\u00eb e infermier\u00eb n\u00eb Gjermani.  Dollenberg: &#8211; Largimet n\u00eb rritje. &#8211; Brataj: T\u00eb vler\u00ebsohen nga institucionet","author":"Kurt Farka","date":"March 31, 2023","format":false,"excerpt":"31 Mars 2023 M\u00eb shum\u00eb se 5 mij\u00eb mjek\u00eb e infermier\u00eb shqiptar\u00eb p\u00ebrllogaritet se jan\u00eb larguar vet\u00ebm drejt Gjermanis\u00eb n\u00eb 10 vitet e fundit, duke krijuar v\u00ebshtir\u00ebsi n\u00eb sistemin sh\u00ebndet\u00ebsor! P\u00ebr ata q\u00eb kan\u00eb mbetur k\u00ebrkohet v\u00ebmendje e vler\u00ebsim i shtuar. Mbi 5 mij\u00eb mjek\u00eb e infermier\u00eb p\u00ebrllogaritet t\u00eb jen\u00eb\u2026","rel":"","context":"In &quot;Blogu i Udh\u00ebtarit&quot;","block_context":{"text":"Blogu i Udh\u00ebtarit","link":"https:\/\/www.shqiperia.com\/blog\/category\/blogu-i-udhetarit\/"},"img":{"alt_text":"","src":"https:\/\/i0.wp.com\/www.shqiperia.com\/blog\/wp-content\/uploads\/2023\/03\/tyrse.jpg?fit=708%2C386&ssl=1&resize=350%2C200","width":350,"height":200,"srcset":"https:\/\/i0.wp.com\/www.shqiperia.com\/blog\/wp-content\/uploads\/2023\/03\/tyrse.jpg?fit=708%2C386&ssl=1&resize=350%2C200 1x, https:\/\/i0.wp.com\/www.shqiperia.com\/blog\/wp-content\/uploads\/2023\/03\/tyrse.jpg?fit=708%2C386&ssl=1&resize=525%2C300 1.5x, https:\/\/i0.wp.com\/www.shqiperia.com\/blog\/wp-content\/uploads\/2023\/03\/tyrse.jpg?fit=708%2C386&ssl=1&resize=700%2C400 2x"},"classes":[]},{"id":56224,"url":"https:\/\/www.shqiperia.com\/blog\/me-shume-se-10-mjeke-shqiptare-ne-kufirin-polak-per-te-ndihmuar-ukrainasit-aparate-mjekesore-veshje-dhe-para\/","url_meta":{"origin":32865,"position":3},"title":"M\u00eb shum\u00eb se 10 mjek\u00eb shqiptar\u00eb n\u00eb kufirin polak, p\u00ebr t\u00eb ndihmuar ukrainasit. &#8211; Aparate mjek\u00ebsore, veshje dhe para.","author":"Kurt Farka","date":"April 1, 2022","format":false,"excerpt":"M\u00eb shum\u00eb se 10 mjek\u00eb shqiptar\u00eb n\u00eb kufirin polak, p\u00ebr t\u00eb ndihmuar ukrainasit. - Aparate mjek\u00ebsore, veshje dhe para. 1 PRILL 2022 Mjek\u00ebt shqiptar\u00eb n\u00ebp\u00ebr vende t\u00eb ndryshme t\u00eb bot\u00ebs, nuk kan\u00eb q\u00ebndruar indiferent\u00eb ndaj luft\u00ebs n\u00eb Ukrain\u00eb. M\u00eb shum\u00eb se 10 mjek\u00eb, pjes\u00eb e Federat\u00ebs s\u00eb Mjek\u00ebve Shqiptar\u00eb n\u00eb\u2026","rel":"","context":"In &quot;Blogu i Udh\u00ebtarit&quot;","block_context":{"text":"Blogu i Udh\u00ebtarit","link":"https:\/\/www.shqiperia.com\/blog\/category\/blogu-i-udhetarit\/"},"img":{"alt_text":"","src":"https:\/\/i0.wp.com\/www.shqiperia.com\/blog\/wp-content\/uploads\/2022\/04\/640-0-62472cc29c49f.jpg?fit=640%2C360&ssl=1&resize=350%2C200","width":350,"height":200,"srcset":"https:\/\/i0.wp.com\/www.shqiperia.com\/blog\/wp-content\/uploads\/2022\/04\/640-0-62472cc29c49f.jpg?fit=640%2C360&ssl=1&resize=350%2C200 1x, https:\/\/i0.wp.com\/www.shqiperia.com\/blog\/wp-content\/uploads\/2022\/04\/640-0-62472cc29c49f.jpg?fit=640%2C360&ssl=1&resize=525%2C300 1.5x"},"classes":[]},{"id":95825,"url":"https:\/\/www.shqiperia.com\/blog\/protesta-e-opozites-sot-ne-tirane-mbeshtetesit-e-pd-se-nga-fieri-nisen-drejt-kryeqytetit\/","url_meta":{"origin":32865,"position":4},"title":"Protesta e opozit\u00ebs sot n\u00eb Tiran\u00eb\/ Mb\u00ebshtet\u00ebsit e PD-s\u00eb nga Fieri nisen drejt kryeqytetit","author":"Kurt Farka","date":"December 22, 2025","format":false,"excerpt":"22 Dhjetor 2025 Sot n\u00eb Tiran\u00eb organizohet protesta e opozit\u00ebs, e thirrur nga Partia Demokratike, nd\u00ebrsa mb\u00ebshtet\u00ebs nga qytete t\u00eb ndryshme t\u00eb vendit jan\u00eb nisur drejt kryeqytetit p\u00ebr t\u2019u bashkuar me tubimin para Kryeministris\u00eb. Mb\u00ebshtet\u00ebs t\u00eb Partis\u00eb Demokratike nga Fieri kan\u00eb nisur udh\u00ebtimin drejt Tiran\u00ebs q\u00eb n\u00eb or\u00ebt e paradites.\u2026","rel":"","context":"In &quot;Blogu i Udh\u00ebtarit&quot;","block_context":{"text":"Blogu i Udh\u00ebtarit","link":"https:\/\/www.shqiperia.com\/blog\/category\/blogu-i-udhetarit\/"},"img":{"alt_text":"","src":"https:\/\/i0.wp.com\/www.shqiperia.com\/blog\/wp-content\/uploads\/2025\/12\/640-0-capturepng-1766407741.png?fit=640%2C368&ssl=1&resize=350%2C200","width":350,"height":200,"srcset":"https:\/\/i0.wp.com\/www.shqiperia.com\/blog\/wp-content\/uploads\/2025\/12\/640-0-capturepng-1766407741.png?fit=640%2C368&ssl=1&resize=350%2C200 1x, https:\/\/i0.wp.com\/www.shqiperia.com\/blog\/wp-content\/uploads\/2025\/12\/640-0-capturepng-1766407741.png?fit=640%2C368&ssl=1&resize=525%2C300 1.5x"},"classes":[]},{"id":87165,"url":"https:\/\/www.shqiperia.com\/blog\/reshje-te-dendura-shiu-ne-durres-permbyten-disa-akse-rrugore\/","url_meta":{"origin":32865,"position":5},"title":"Reshje t\u00eb dendura shiu n\u00eb Durr\u00ebs, p\u00ebrmbyten disa akse rrugore","author":"Kurt Farka","date":"December 7, 2024","format":false,"excerpt":"7 Nentor 2024 Qyteti i Durr\u00ebsit \u00ebsht\u00eb p\u00ebrfshir\u00eb mbrame nga reshje t\u00eb dendura shiu, nd\u00ebrkoh\u00eb q\u00eb menj\u00ebher\u00eb disa rrug\u00eb t\u00eb qytetit u p\u00ebrmbyt\u00ebn. Reshjet nis\u00ebn me itensitet t\u00eb lart\u00eb gjat\u00eb mbr\u00ebmjes s\u00eb sotme dhe p\u00ebr k\u00ebt\u00eb arsye rrug\u00ebt pran\u00eb kry\u00ebzimit t\u00eb stadiumit n\u00eb lagjen 18 si dhe pjes\u00ebrisht n\u00eb lagjen\u2026","rel":"","context":"In &quot;Blogu i Udh\u00ebtarit&quot;","block_context":{"text":"Blogu i Udh\u00ebtarit","link":"https:\/\/www.shqiperia.com\/blog\/category\/blogu-i-udhetarit\/"},"img":{"alt_text":"","src":"https:\/\/i0.wp.com\/www.shqiperia.com\/blog\/wp-content\/uploads\/2024\/12\/a-87-752x440-1.png?fit=752%2C440&ssl=1&resize=350%2C200","width":350,"height":200,"srcset":"https:\/\/i0.wp.com\/www.shqiperia.com\/blog\/wp-content\/uploads\/2024\/12\/a-87-752x440-1.png?fit=752%2C440&ssl=1&resize=350%2C200 1x, https:\/\/i0.wp.com\/www.shqiperia.com\/blog\/wp-content\/uploads\/2024\/12\/a-87-752x440-1.png?fit=752%2C440&ssl=1&resize=525%2C300 1.5x, https:\/\/i0.wp.com\/www.shqiperia.com\/blog\/wp-content\/uploads\/2024\/12\/a-87-752x440-1.png?fit=752%2C440&ssl=1&resize=700%2C400 2x"},"classes":[]}],"_links":{"self":[{"href":"https:\/\/www.shqiperia.com\/blog\/wp-json\/wp\/v2\/posts\/32865","targetHints":{"allow":["GET"]}}],"collection":[{"href":"https:\/\/www.shqiperia.com\/blog\/wp-json\/wp\/v2\/posts"}],"about":[{"href":"https:\/\/www.shqiperia.com\/blog\/wp-json\/wp\/v2\/types\/post"}],"author":[{"embeddable":true,"href":"https:\/\/www.shqiperia.com\/blog\/wp-json\/wp\/v2\/users\/9"}],"replies":[{"embeddable":true,"href":"https:\/\/www.shqiperia.com\/blog\/wp-json\/wp\/v2\/comments?post=32865"}],"version-history":[{"count":2,"href":"https:\/\/www.shqiperia.com\/blog\/wp-json\/wp\/v2\/posts\/32865\/revisions"}],"predecessor-version":[{"id":32868,"href":"https:\/\/www.shqiperia.com\/blog\/wp-json\/wp\/v2\/posts\/32865\/revisions\/32868"}],"wp:featuredmedia":[{"embeddable":true,"href":"https:\/\/www.shqiperia.com\/blog\/wp-json\/wp\/v2\/media\/32866"}],"wp:attachment":[{"href":"https:\/\/www.shqiperia.com\/blog\/wp-json\/wp\/v2\/media?parent=32865"}],"wp:term":[{"taxonomy":"category","embeddable":true,"href":"https:\/\/www.shqiperia.com\/blog\/wp-json\/wp\/v2\/categories?post=32865"},{"taxonomy":"post_tag","embeddable":true,"href":"https:\/\/www.shqiperia.com\/blog\/wp-json\/wp\/v2\/tags?post=32865"}],"curies":[{"name":"wp","href":"https:\/\/api.w.org\/{rel}","templated":true}]}}