{"id":32859,"date":"2020-03-28T10:09:31","date_gmt":"2020-03-28T10:09:31","guid":{"rendered":"https:\/\/www.shqiperia.com\/blog\/?p=32859"},"modified":"2020-03-28T10:09:31","modified_gmt":"2020-03-28T10:09:31","slug":"jeni-te-pergatitur-nderron-ora-ja-kur-dhe-si-do-te-levizin-akrepat","status":"publish","type":"post","link":"https:\/\/www.shqiperia.com\/blog\/jeni-te-pergatitur-nderron-ora-ja-kur-dhe-si-do-te-levizin-akrepat\/","title":{"rendered":"Jeni t\u00eb p\u00ebrgatitur? Nd\u00ebrron ora, ja kur dhe si do t\u00eb l\u00ebvizin akrepat"},"content":{"rendered":"<p><img data-recalc-dims=\"1\" loading=\"lazy\" decoding=\"async\" data-attachment-id=\"32860\" data-permalink=\"https:\/\/www.shqiperia.com\/blog\/jeni-te-pergatitur-nderron-ora-ja-kur-dhe-si-do-te-levizin-akrepat\/800-0-5e7df95182ad5\/\" data-orig-file=\"https:\/\/i0.wp.com\/www.shqiperia.com\/blog\/wp-content\/uploads\/2020\/03\/800-0-5e7df95182ad5.jpg?fit=800%2C435&amp;ssl=1\" data-orig-size=\"800,435\" data-comments-opened=\"1\" data-image-meta=\"{&quot;aperture&quot;:&quot;0&quot;,&quot;credit&quot;:&quot;&quot;,&quot;camera&quot;:&quot;&quot;,&quot;caption&quot;:&quot;&quot;,&quot;created_timestamp&quot;:&quot;0&quot;,&quot;copyright&quot;:&quot;&quot;,&quot;focal_length&quot;:&quot;0&quot;,&quot;iso&quot;:&quot;0&quot;,&quot;shutter_speed&quot;:&quot;0&quot;,&quot;title&quot;:&quot;&quot;,&quot;orientation&quot;:&quot;0&quot;}\" data-image-title=\"-800-0-5e7df95182ad5\" data-image-description=\"\" data-image-caption=\"\" data-medium-file=\"https:\/\/i0.wp.com\/www.shqiperia.com\/blog\/wp-content\/uploads\/2020\/03\/800-0-5e7df95182ad5.jpg?fit=300%2C163&amp;ssl=1\" data-large-file=\"https:\/\/i0.wp.com\/www.shqiperia.com\/blog\/wp-content\/uploads\/2020\/03\/800-0-5e7df95182ad5.jpg?fit=800%2C435&amp;ssl=1\" class=\"alignnone  wp-image-32860\" alt=\"\" src=\"https:\/\/i0.wp.com\/www.shqiperia.com\/blog\/wp-content\/uploads\/2020\/03\/800-0-5e7df95182ad5.jpg?resize=458%2C249&#038;ssl=1\" width=\"458\" height=\"249\" srcset=\"https:\/\/i0.wp.com\/www.shqiperia.com\/blog\/wp-content\/uploads\/2020\/03\/800-0-5e7df95182ad5.jpg?resize=300%2C163&amp;ssl=1 300w, https:\/\/i0.wp.com\/www.shqiperia.com\/blog\/wp-content\/uploads\/2020\/03\/800-0-5e7df95182ad5.jpg?resize=768%2C418&amp;ssl=1 768w, https:\/\/i0.wp.com\/www.shqiperia.com\/blog\/wp-content\/uploads\/2020\/03\/800-0-5e7df95182ad5.jpg?resize=450%2C245&amp;ssl=1 450w, https:\/\/i0.wp.com\/www.shqiperia.com\/blog\/wp-content\/uploads\/2020\/03\/800-0-5e7df95182ad5.jpg?resize=600%2C326&amp;ssl=1 600w, https:\/\/i0.wp.com\/www.shqiperia.com\/blog\/wp-content\/uploads\/2020\/03\/800-0-5e7df95182ad5.jpg?resize=400%2C218&amp;ssl=1 400w, https:\/\/i0.wp.com\/www.shqiperia.com\/blog\/wp-content\/uploads\/2020\/03\/800-0-5e7df95182ad5.jpg?w=800&amp;ssl=1 800w\" sizes=\"auto, (max-width: 458px) 100vw, 458px\" \/><\/p>\n<p>Jeni t\u00eb p\u00ebrgatitur? Nd\u00ebrron ora, ja kur dhe si do t\u00eb l\u00ebvizin akrepat<\/p>\n<p>Nga e diela fillon llogaritja verore e koh\u00ebs. Nat\u00ebn mes t\u00eb shtun\u00ebs dhe t\u00eb diel\u00ebs akrepat e or\u00ebs do t\u00eb zhvendosen p\u00ebr nj\u00eb or\u00eb p\u00ebrpara, q\u00eb do t\u00eb thot\u00eb se n\u00eb vend dy ora do t\u00eb jet\u00eb tre.<\/p>\n<p>Llogaritja verore e koh\u00ebs p\u00ebrfundon m\u00eb 25 tetor n\u00eb or\u00ebn 3 pas mesnate. Nga viti 2021 duhet t\u00eb hyj\u00eb n\u00eb fuqi propozimi p\u00ebr shfuqizimin e llogaritjes s\u00eb obligueshme t\u00eb zhvendosjes s\u00eb or\u00ebs n\u00eb vendet e Bashkimit Evropian.<\/p>\n<p>Propozimi u miratua nga ana e Parlamenti Evropian, por megjithat\u00eb \u00e7do an\u00ebtar i Unionit do t\u00eb ket\u00eb mund\u00ebsi t\u00eb zgjedh\u00eb n\u00ebse do t\u00eb mbetet n\u00eb llogaritjen verore ose n\u00eb llogaritjen e dim\u00ebrore t\u00eb koh\u00ebs.<\/p>\n","protected":false},"excerpt":{"rendered":"<p>Jeni t\u00eb p\u00ebrgatitur? Nd\u00ebrron ora, ja kur dhe si do t\u00eb l\u00ebvizin akrepat Nga e diela fillon llogaritja verore e koh\u00ebs. Nat\u00ebn mes t\u00eb shtun\u00ebs dhe t\u00eb diel\u00ebs akrepat e or\u00ebs do t\u00eb zhvendosen p\u00ebr nj\u00eb or\u00eb p\u00ebrpara, q\u00eb do t\u00eb thot\u00eb se n\u00eb vend dy ora do t\u00eb jet\u00eb tre. Llogaritja verore e koh\u00ebs [&hellip;]<\/p>\n","protected":false},"author":9,"featured_media":32860,"comment_status":"open","ping_status":"open","sticky":false,"template":"","format":"standard","meta":{"jetpack_post_was_ever_published":false,"_jetpack_newsletter_access":"","_jetpack_dont_email_post_to_subs":false,"_jetpack_newsletter_tier_id":0,"_jetpack_memberships_contains_paywalled_content":false,"_jetpack_memberships_contains_paid_content":false,"footnotes":"","jetpack_publicize_message":"","jetpack_publicize_feature_enabled":true,"jetpack_social_post_already_shared":true,"jetpack_social_options":{"image_generator_settings":{"template":"highway","default_image_id":0,"font":"","enabled":false},"version":2}},"categories":[27,1],"tags":[],"class_list":["post-32859","post","type-post","status-publish","format-standard","has-post-thumbnail","hentry","category-blogu-i-udhetarit","category-njoftime-shtypi"],"jetpack_publicize_connections":[],"jetpack_featured_media_url":"https:\/\/i0.wp.com\/www.shqiperia.com\/blog\/wp-content\/uploads\/2020\/03\/800-0-5e7df95182ad5.jpg?fit=800%2C435&ssl=1","jetpack_sharing_enabled":true,"jetpack_shortlink":"https:\/\/wp.me\/p5Z6wp-8xZ","jetpack-related-posts":[{"id":70034,"url":"https:\/\/www.shqiperia.com\/blog\/kthehet-ora-pranverore-akrepat-levizin-60-minuta-para\/","url_meta":{"origin":32859,"position":0},"title":"Kthehet ora pranverore, akrepat l\u00ebvizin 60 minuta para","author":"Kurt Farka","date":"March 24, 2023","format":false,"excerpt":"24 Mars 2023 Pra do t\u00eb flini pak m\u00eb pak, por nga ana tjet\u00ebr regjimi i ri do t\u2019ju lejoj\u00eb t\u00eb p\u00ebrfitoni nga rrezet e diellit deri von\u00eb, edhe fal\u00eb zgjatjes s\u00eb dit\u00ebve q\u00eb sjell vera. Ndryshimi i akrepave \u00ebsht\u00eb nj\u00eb proces i unifikuar n\u00eb gjith\u00eb vendet e Evrop\u00ebs. Ndryshimi\u2026","rel":"","context":"In &quot;Blogu i Udh\u00ebtarit&quot;","block_context":{"text":"Blogu i Udh\u00ebtarit","link":"https:\/\/www.shqiperia.com\/blog\/category\/blogu-i-udhetarit\/"},"img":{"alt_text":"","src":"https:\/\/i0.wp.com\/www.shqiperia.com\/blog\/wp-content\/uploads\/2023\/03\/800-0-0e645dd23e04d7b70a266f768ae58cea.jpg?fit=800%2C450&ssl=1&resize=350%2C200","width":350,"height":200,"srcset":"https:\/\/i0.wp.com\/www.shqiperia.com\/blog\/wp-content\/uploads\/2023\/03\/800-0-0e645dd23e04d7b70a266f768ae58cea.jpg?fit=800%2C450&ssl=1&resize=350%2C200 1x, https:\/\/i0.wp.com\/www.shqiperia.com\/blog\/wp-content\/uploads\/2023\/03\/800-0-0e645dd23e04d7b70a266f768ae58cea.jpg?fit=800%2C450&ssl=1&resize=525%2C300 1.5x, https:\/\/i0.wp.com\/www.shqiperia.com\/blog\/wp-content\/uploads\/2023\/03\/800-0-0e645dd23e04d7b70a266f768ae58cea.jpg?fit=800%2C450&ssl=1&resize=700%2C400 2x"},"classes":[]},{"id":90884,"url":"https:\/\/www.shqiperia.com\/blog\/rikthehet-ora-verore-akrepat-shkuan-60-minuta-para\/","url_meta":{"origin":32859,"position":1},"title":"Rikthehet ora verore, akrepat shkuan 60 minuta para","author":"Kurt Farka","date":"March 30, 2025","format":false,"excerpt":"30 Mars 2025 N\u00eb or\u00ebt e para t\u00eb s\u00eb diel\u00ebs, 30 mars, u nd\u00ebrrua ora. N\u00eb or\u00ebn 02:00, akrepat e or\u00ebs shkuan 60 minuta para. Q\u00ebllimi i ndryshimit t\u00eb or\u00ebs \u00ebsht\u00eb p\u00ebr t\u00eb p\u00ebrfituar sa m\u00eb shum\u00eb nga energjia diellore si dhe kursimi i energjis\u00eb elektrike. Ora verore do t\u00eb\u2026","rel":"","context":"In &quot;Blogu i Udh\u00ebtarit&quot;","block_context":{"text":"Blogu i Udh\u00ebtarit","link":"https:\/\/www.shqiperia.com\/blog\/category\/blogu-i-udhetarit\/"},"img":{"alt_text":"","src":"https:\/\/i0.wp.com\/www.shqiperia.com\/blog\/wp-content\/uploads\/2025\/03\/ora-verore.jpg?fit=663%2C377&ssl=1&resize=350%2C200","width":350,"height":200,"srcset":"https:\/\/i0.wp.com\/www.shqiperia.com\/blog\/wp-content\/uploads\/2025\/03\/ora-verore.jpg?fit=663%2C377&ssl=1&resize=350%2C200 1x, https:\/\/i0.wp.com\/www.shqiperia.com\/blog\/wp-content\/uploads\/2025\/03\/ora-verore.jpg?fit=663%2C377&ssl=1&resize=525%2C300 1.5x"},"classes":[]},{"id":69926,"url":"https:\/\/www.shqiperia.com\/blog\/ora-verore-kur-do-i-cojme-akrepat-nje-ore-perpara\/","url_meta":{"origin":32859,"position":2},"title":"Ora verore, kur do i \u00e7ojm\u00eb akrepat nj\u00eb or\u00eb p\u00ebrpara?","author":"Kurt Farka","date":"March 21, 2023","format":false,"excerpt":"21 Mars 2023 N\u00eb agimin e t\u00eb diel\u00ebs s\u00eb fundit t\u00eb marsit do t\u00eb kemi ndryshimin e or\u00ebs, si \u00e7do vit. M\u00eb 26 mars, akrepat e or\u00ebve do t\u00eb shkojn\u00eb nj\u00eb or\u00eb p\u00ebrpara. Konkretisht, kur ora jon\u00eb t\u00eb tregoj\u00eb 03:00, do ta kthejm\u00eb nj\u00eb or\u00eb p\u00ebrpara do e \u00e7ojm\u00eb n\u00eb\u2026","rel":"","context":"In &quot;Blogu i Udh\u00ebtarit&quot;","block_context":{"text":"Blogu i Udh\u00ebtarit","link":"https:\/\/www.shqiperia.com\/blog\/category\/blogu-i-udhetarit\/"},"img":{"alt_text":"","src":"https:\/\/i0.wp.com\/www.shqiperia.com\/blog\/wp-content\/uploads\/2023\/03\/ora-1.png?fit=1166%2C876&ssl=1&resize=350%2C200","width":350,"height":200,"srcset":"https:\/\/i0.wp.com\/www.shqiperia.com\/blog\/wp-content\/uploads\/2023\/03\/ora-1.png?fit=1166%2C876&ssl=1&resize=350%2C200 1x, https:\/\/i0.wp.com\/www.shqiperia.com\/blog\/wp-content\/uploads\/2023\/03\/ora-1.png?fit=1166%2C876&ssl=1&resize=525%2C300 1.5x, https:\/\/i0.wp.com\/www.shqiperia.com\/blog\/wp-content\/uploads\/2023\/03\/ora-1.png?fit=1166%2C876&ssl=1&resize=700%2C400 2x, https:\/\/i0.wp.com\/www.shqiperia.com\/blog\/wp-content\/uploads\/2023\/03\/ora-1.png?fit=1166%2C876&ssl=1&resize=1050%2C600 3x"},"classes":[]},{"id":79308,"url":"https:\/\/www.shqiperia.com\/blog\/kur-do-ti-kthejme-akrepet-nje-ore-perpara\/","url_meta":{"origin":32859,"position":3},"title":"Kur do t\u2019i kthejm\u00eb akrep\u00ebt nj\u00eb or\u00eb p\u00ebrpara","author":"Kurt Farka","date":"March 16, 2024","format":false,"excerpt":"16 Mars 2014 Prej dekadash, vendet e Bashkimit Europian aplikojn\u00eb dy or\u00eb, at\u00eb t\u00eb dimrit, q\u00eb nis t\u00eb diel\u00ebn e fundit t\u00eb tetorit dhe or\u00ebn verore q\u00eb kthehet t\u00eb diel\u00ebn e fundit t\u00eb marsit. Krahas shteteve q\u00eb e kan\u00eb p\u00ebrkrahur nism\u00ebn e nd\u00ebrmarr\u00eb p\u00ebr kursimin e energjis\u00eb elektrike, ka vende\u2026","rel":"","context":"In &quot;Blogu i Udh\u00ebtarit&quot;","block_context":{"text":"Blogu i Udh\u00ebtarit","link":"https:\/\/www.shqiperia.com\/blog\/category\/blogu-i-udhetarit\/"},"img":{"alt_text":"","src":"https:\/\/i0.wp.com\/www.shqiperia.com\/blog\/wp-content\/uploads\/2024\/03\/IMG_0929.png?fit=750%2C375&ssl=1&resize=350%2C200","width":350,"height":200,"srcset":"https:\/\/i0.wp.com\/www.shqiperia.com\/blog\/wp-content\/uploads\/2024\/03\/IMG_0929.png?fit=750%2C375&ssl=1&resize=350%2C200 1x, https:\/\/i0.wp.com\/www.shqiperia.com\/blog\/wp-content\/uploads\/2024\/03\/IMG_0929.png?fit=750%2C375&ssl=1&resize=525%2C300 1.5x, https:\/\/i0.wp.com\/www.shqiperia.com\/blog\/wp-content\/uploads\/2024\/03\/IMG_0929.png?fit=750%2C375&ssl=1&resize=700%2C400 2x"},"classes":[]},{"id":26023,"url":"https:\/\/www.shqiperia.com\/blog\/be-qe-nga-tetori-ora-nuk-do-te-ndryshoje-me-dy-here-ne-vit\/","url_meta":{"origin":32859,"position":4},"title":"BE: Q\u00eb nga tetori, ora nuk do t\u00eb ndryshoj\u00eb m\u00eb dy her\u00eb n\u00eb vit","author":"Kurt Farka","date":"September 18, 2019","format":false,"excerpt":"BE: Q\u00eb nga tetori, ora nuk do t\u00eb ndryshoj\u00eb m\u00eb dy her\u00eb n\u00eb vit 17 shtator 2019 Ora nuk\u00a0 do t\u00eb ndryshoj\u00eb s\u00ebrish dy her\u00eb n\u00eb vit dhe kjo do t\u00eb nis\u00eb nga tetori i k\u00ebtij viti. Bashkimi Evropian, p\u00ebrmes Komisioneres Evropiane\u00a0 p\u00ebr Transportin, Violeta Bulc, ka njoftuar se ndryshimi\u2026","rel":"","context":"In &quot;Blogu i Udh\u00ebtarit&quot;","block_context":{"text":"Blogu i Udh\u00ebtarit","link":"https:\/\/www.shqiperia.com\/blog\/category\/blogu-i-udhetarit\/"},"img":{"alt_text":"","src":"https:\/\/i0.wp.com\/www.shqiperia.com\/blog\/wp-content\/uploads\/2019\/09\/11475808-0-image-a-37_1553608121281-905x450.jpg?fit=905%2C450&ssl=1&resize=350%2C200","width":350,"height":200,"srcset":"https:\/\/i0.wp.com\/www.shqiperia.com\/blog\/wp-content\/uploads\/2019\/09\/11475808-0-image-a-37_1553608121281-905x450.jpg?fit=905%2C450&ssl=1&resize=350%2C200 1x, https:\/\/i0.wp.com\/www.shqiperia.com\/blog\/wp-content\/uploads\/2019\/09\/11475808-0-image-a-37_1553608121281-905x450.jpg?fit=905%2C450&ssl=1&resize=525%2C300 1.5x, https:\/\/i0.wp.com\/www.shqiperia.com\/blog\/wp-content\/uploads\/2019\/09\/11475808-0-image-a-37_1553608121281-905x450.jpg?fit=905%2C450&ssl=1&resize=700%2C400 2x"},"classes":[]},{"id":63522,"url":"https:\/\/www.shqiperia.com\/blog\/a-do-te-nderrohet-ora-kete-vit\/","url_meta":{"origin":32859,"position":5},"title":"A do t\u00eb nd\u00ebrrohet ora k\u00ebt\u00eb vit?","author":"Kurt Farka","date":"October 24, 2022","format":false,"excerpt":"23 Tetor 2022 Qeveria gjat\u00eb jav\u00ebs s\u00eb ardhshme duhet t\u00eb vendos n\u00ebse do t\u00eb vazhdoj\u00eb p\u00ebrllogaritja verore e koh\u00ebs n\u00eb vend, p\u00ebr t\u00eb kursyer energjin\u00eb elektrike. Ministria e Ekonomis\u00eb ka k\u00ebrkuar nga meteorologjia dhe ASHAM-i t\u00eb b\u00ebjn\u00eb studim q\u00eb do t\u00eb tregoj\u00eb n\u00ebse kthimi i akrepave t\u00eb or\u00ebs k\u00ebt\u00eb dim\u00ebr\u2026","rel":"","context":"In &quot;Blogu i Udh\u00ebtarit&quot;","block_context":{"text":"Blogu i Udh\u00ebtarit","link":"https:\/\/www.shqiperia.com\/blog\/category\/blogu-i-udhetarit\/"},"img":{"alt_text":"","src":"https:\/\/i0.wp.com\/www.shqiperia.com\/blog\/wp-content\/uploads\/2022\/10\/800-0-635588ffbb0dd.png?fit=800%2C419&ssl=1&resize=350%2C200","width":350,"height":200,"srcset":"https:\/\/i0.wp.com\/www.shqiperia.com\/blog\/wp-content\/uploads\/2022\/10\/800-0-635588ffbb0dd.png?fit=800%2C419&ssl=1&resize=350%2C200 1x, https:\/\/i0.wp.com\/www.shqiperia.com\/blog\/wp-content\/uploads\/2022\/10\/800-0-635588ffbb0dd.png?fit=800%2C419&ssl=1&resize=525%2C300 1.5x, https:\/\/i0.wp.com\/www.shqiperia.com\/blog\/wp-content\/uploads\/2022\/10\/800-0-635588ffbb0dd.png?fit=800%2C419&ssl=1&resize=700%2C400 2x"},"classes":[]}],"_links":{"self":[{"href":"https:\/\/www.shqiperia.com\/blog\/wp-json\/wp\/v2\/posts\/32859","targetHints":{"allow":["GET"]}}],"collection":[{"href":"https:\/\/www.shqiperia.com\/blog\/wp-json\/wp\/v2\/posts"}],"about":[{"href":"https:\/\/www.shqiperia.com\/blog\/wp-json\/wp\/v2\/types\/post"}],"author":[{"embeddable":true,"href":"https:\/\/www.shqiperia.com\/blog\/wp-json\/wp\/v2\/users\/9"}],"replies":[{"embeddable":true,"href":"https:\/\/www.shqiperia.com\/blog\/wp-json\/wp\/v2\/comments?post=32859"}],"version-history":[{"count":1,"href":"https:\/\/www.shqiperia.com\/blog\/wp-json\/wp\/v2\/posts\/32859\/revisions"}],"predecessor-version":[{"id":32861,"href":"https:\/\/www.shqiperia.com\/blog\/wp-json\/wp\/v2\/posts\/32859\/revisions\/32861"}],"wp:featuredmedia":[{"embeddable":true,"href":"https:\/\/www.shqiperia.com\/blog\/wp-json\/wp\/v2\/media\/32860"}],"wp:attachment":[{"href":"https:\/\/www.shqiperia.com\/blog\/wp-json\/wp\/v2\/media?parent=32859"}],"wp:term":[{"taxonomy":"category","embeddable":true,"href":"https:\/\/www.shqiperia.com\/blog\/wp-json\/wp\/v2\/categories?post=32859"},{"taxonomy":"post_tag","embeddable":true,"href":"https:\/\/www.shqiperia.com\/blog\/wp-json\/wp\/v2\/tags?post=32859"}],"curies":[{"name":"wp","href":"https:\/\/api.w.org\/{rel}","templated":true}]}}