{"id":32792,"date":"2020-03-26T20:49:29","date_gmt":"2020-03-26T20:49:29","guid":{"rendered":"https:\/\/www.shqiperia.com\/blog\/?p=32792"},"modified":"2020-03-26T20:49:29","modified_gmt":"2020-03-26T20:49:29","slug":"riatdhesimi-i-shqiptareve-te-bllokuar-ne-vendet-e-botes-rama-kush-degjon-kete-komunikim-te-identifikohet-permes-ketij-kanali","status":"publish","type":"post","link":"https:\/\/www.shqiperia.com\/blog\/riatdhesimi-i-shqiptareve-te-bllokuar-ne-vendet-e-botes-rama-kush-degjon-kete-komunikim-te-identifikohet-permes-ketij-kanali\/","title":{"rendered":"Riatdhesimi i shqiptar\u00ebve t\u00eb bllokuar n\u00eb vendet e bot\u00ebs, Rama: Kush d\u00ebgjon k\u00ebt\u00eb komunikim t\u00eb identifikohet p\u00ebrmes k\u00ebtij kanali!"},"content":{"rendered":"<p><img data-recalc-dims=\"1\" loading=\"lazy\" decoding=\"async\" data-attachment-id=\"32793\" data-permalink=\"https:\/\/www.shqiperia.com\/blog\/riatdhesimi-i-shqiptareve-te-bllokuar-ne-vendet-e-botes-rama-kush-degjon-kete-komunikim-te-identifikohet-permes-ketij-kanali\/aeroport\/\" data-orig-file=\"https:\/\/i0.wp.com\/www.shqiperia.com\/blog\/wp-content\/uploads\/2020\/03\/aeroport.jpg?fit=432%2C197&amp;ssl=1\" data-orig-size=\"432,197\" data-comments-opened=\"1\" data-image-meta=\"{&quot;aperture&quot;:&quot;0&quot;,&quot;credit&quot;:&quot;&quot;,&quot;camera&quot;:&quot;&quot;,&quot;caption&quot;:&quot;&quot;,&quot;created_timestamp&quot;:&quot;0&quot;,&quot;copyright&quot;:&quot;&quot;,&quot;focal_length&quot;:&quot;0&quot;,&quot;iso&quot;:&quot;0&quot;,&quot;shutter_speed&quot;:&quot;0&quot;,&quot;title&quot;:&quot;&quot;,&quot;orientation&quot;:&quot;0&quot;}\" data-image-title=\"aeroport\" data-image-description=\"\" data-image-caption=\"\" data-medium-file=\"https:\/\/i0.wp.com\/www.shqiperia.com\/blog\/wp-content\/uploads\/2020\/03\/aeroport.jpg?fit=300%2C137&amp;ssl=1\" data-large-file=\"https:\/\/i0.wp.com\/www.shqiperia.com\/blog\/wp-content\/uploads\/2020\/03\/aeroport.jpg?fit=432%2C197&amp;ssl=1\" class=\"alignnone size-medium wp-image-32793\" alt=\"\" src=\"https:\/\/i0.wp.com\/www.shqiperia.com\/blog\/wp-content\/uploads\/2020\/03\/aeroport.jpg?resize=300%2C137&#038;ssl=1\" width=\"300\" height=\"137\" srcset=\"https:\/\/i0.wp.com\/www.shqiperia.com\/blog\/wp-content\/uploads\/2020\/03\/aeroport.jpg?resize=300%2C137&amp;ssl=1 300w, https:\/\/i0.wp.com\/www.shqiperia.com\/blog\/wp-content\/uploads\/2020\/03\/aeroport.jpg?resize=400%2C182&amp;ssl=1 400w, https:\/\/i0.wp.com\/www.shqiperia.com\/blog\/wp-content\/uploads\/2020\/03\/aeroport.jpg?w=432&amp;ssl=1 432w\" sizes=\"auto, (max-width: 300px) 100vw, 300px\" \/><\/p>\n<p>Riatdhesimi i shqiptar\u00ebve t\u00eb bllokuar n\u00eb vendet e bot\u00ebs, Rama: Kush d\u00ebgjon k\u00ebt\u00eb komunikim t\u00eb identifikohet p\u00ebrmes k\u00ebtij kanali!<\/p>\n<p>26 mars 2020<\/p>\n<p>Kryeministri Edi Rama ka folur p\u00ebr riatdhesimin e t\u00eb gjith\u00eb shqiptar\u00ebve q\u00eb jan\u00eb bllokuar n\u00eb vende t\u00eb ndryshme t\u00eb bot\u00ebs. Rama tha se jan\u00eb 1379 q\u00eb kan\u00eb d\u00ebrguar shqet\u00ebsimin e tyre n\u00eb kanalin e emergjenc\u00ebs, por gjithsej jan\u00eb 2163.\u00a0 Kreu i qeveris\u00eb tha se do vijohet me kthimet n\u00eb atdhe dhe po b\u00ebhet nj\u00eb pun\u00eb e p\u00ebrbashk\u00ebt dhe me Presidentin.<\/p>\n<p>\u201cTani dhe nj\u00eb gj\u00eb specifike q\u00eb e kemi diskutuar dhe dje n\u00eb mbledhje e K\u00ebshillit t\u00eb Siguris\u00eb Komb\u00ebtare q\u00eb \u00ebsht\u00eb p\u00ebr kthimin e shqiptar\u00ebve n\u00eb atdhe. E kemi ndar\u00eb k\u00ebt\u00eb shqet\u00ebsim edhe zyra e Presidenti \u00ebsht\u00eb e p\u00ebrfshir\u00eb intensivisht me ministris\u00eb s\u00eb Evrop\u00ebs dhe Pun\u00ebt e Jashtme, me ministrin\u00eb e Infrastruktur\u00ebs dhe ministrin p\u00ebr Rind\u00ebrtimin. Aktualisht jan\u00eb t\u00eb identifikuar dhe listuar 1379 shtetas, dhe jan\u00eb 2163 t\u00eb raportuar. Kush d\u00ebgjon dhe ndjek k\u00ebt\u00eb komunikim t\u00eb identifikohet p\u00ebrmes kanalit t\u00eb urgjenc\u00ebs. Ju lutem mos u ankoni p\u00ebr ambasadat se telefoni del i z\u00ebn\u00eb. Mos u ankoni se jan\u00eb t\u00eb z\u00ebn\u00eb. Kemi nisur pun\u00ebn p\u00ebr t\u00eb leht\u00ebsuar ardhjen e tyre n\u00eb Shqip\u00ebri. Nd\u00ebrkoh\u00eb jan\u00eb b\u00ebr\u00eb dhe shum\u00eb zgjidhje, kemi t\u00ebrhequr nga Spanja dhe Gjermania, Rumania dhe vende t\u00eb tjera\u201d, u shpreh Rama.<\/p>\n<p>Gazeta Sot<\/p>\n","protected":false},"excerpt":{"rendered":"<p>Riatdhesimi i shqiptar\u00ebve t\u00eb bllokuar n\u00eb vendet e bot\u00ebs, Rama: Kush d\u00ebgjon k\u00ebt\u00eb komunikim t\u00eb identifikohet p\u00ebrmes k\u00ebtij kanali! 26 mars 2020 Kryeministri Edi Rama ka folur p\u00ebr riatdhesimin e t\u00eb gjith\u00eb shqiptar\u00ebve q\u00eb jan\u00eb bllokuar n\u00eb vende t\u00eb ndryshme t\u00eb bot\u00ebs. Rama tha se jan\u00eb 1379 q\u00eb kan\u00eb d\u00ebrguar shqet\u00ebsimin e tyre n\u00eb kanalin [&hellip;]<\/p>\n","protected":false},"author":9,"featured_media":32793,"comment_status":"open","ping_status":"open","sticky":false,"template":"","format":"standard","meta":{"jetpack_post_was_ever_published":false,"_jetpack_newsletter_access":"","_jetpack_dont_email_post_to_subs":false,"_jetpack_newsletter_tier_id":0,"_jetpack_memberships_contains_paywalled_content":false,"_jetpack_memberships_contains_paid_content":false,"footnotes":"","jetpack_publicize_message":"","jetpack_publicize_feature_enabled":true,"jetpack_social_post_already_shared":true,"jetpack_social_options":{"image_generator_settings":{"template":"highway","default_image_id":0,"font":"","enabled":false},"version":2}},"categories":[27,1,35],"tags":[],"class_list":["post-32792","post","type-post","status-publish","format-standard","has-post-thumbnail","hentry","category-blogu-i-udhetarit","category-njoftime-shtypi","category-shoqerore"],"jetpack_publicize_connections":[],"jetpack_featured_media_url":"https:\/\/i0.wp.com\/www.shqiperia.com\/blog\/wp-content\/uploads\/2020\/03\/aeroport.jpg?fit=432%2C197&ssl=1","jetpack_sharing_enabled":true,"jetpack_shortlink":"https:\/\/wp.me\/p5Z6wp-8wU","jetpack-related-posts":[{"id":103027,"url":"https:\/\/www.shqiperia.com\/blog\/rama-ata-qe-bertasin-per-shqiperine-e-shqiptareve-jane-e-keqja-me-e-madhe-qe-mund-ti-ndodhe-ketij-vendi\/","url_meta":{"origin":32792,"position":0},"title":"Rama: &#8211; Ata q\u00eb b\u00ebrtasin p\u00ebr \u201cShqip\u00ebrin\u00eb e shqiptar\u00ebve\u201d jan\u00eb e keqja m\u00eb e madhe q\u00eb mund t\u2019i ndodh\u00eb k\u00ebtij vendi","author":"Kurt Farka","date":"July 21, 2026","format":false,"excerpt":"21 Korrik 2026 Kryeministri Edi Rama refuzon k\u00ebrkes\u00ebn e protestuesve p\u00ebr t\u00eb anuluar Paket\u00ebn e Maleve. N\u00eb nj\u00eb video live n\u00eb Facebook,\u00a0kryeministri deklaroi se\u00a0Paketa e Maleve po shitet si nj\u00eb \u201cakt tradhtie\u201d nga ana e tij, nd\u00ebrsa e mbrojti ligjin duke th\u00ebn\u00eb se \u00ebsht\u00eb nj\u00eb mund\u00ebsi p\u00ebr emigrant\u00ebt q\u00eb duan\u2026","rel":"","context":"In &quot;Blogu i Udh\u00ebtarit&quot;","block_context":{"text":"Blogu i Udh\u00ebtarit","link":"https:\/\/www.shqiperia.com\/blog\/category\/blogu-i-udhetarit\/"},"img":{"alt_text":"","src":"https:\/\/i0.wp.com\/www.shqiperia.com\/blog\/wp-content\/uploads\/2026\/07\/Edi-Rama-3-1.jpg?fit=640%2C487&ssl=1&resize=350%2C200","width":350,"height":200,"srcset":"https:\/\/i0.wp.com\/www.shqiperia.com\/blog\/wp-content\/uploads\/2026\/07\/Edi-Rama-3-1.jpg?fit=640%2C487&ssl=1&resize=350%2C200 1x, https:\/\/i0.wp.com\/www.shqiperia.com\/blog\/wp-content\/uploads\/2026\/07\/Edi-Rama-3-1.jpg?fit=640%2C487&ssl=1&resize=525%2C300 1.5x"},"classes":[]},{"id":101258,"url":"https:\/\/www.shqiperia.com\/blog\/edi-rama-i-rri-qeverise-si-zhele-e-zgjyrosur-gabi-pas-13-vitesh-pushtet-te-degraduar\/","url_meta":{"origin":32792,"position":1},"title":"Edi Rama i rri qeveris\u00eb si zhele e zgjyrosur gabi pas 13 vitesh pushtet t\u00eb degraduar","author":"Kurt Farka","date":"June 8, 2026","format":false,"excerpt":"8 Qershor 2026 Nga: Ilir Dako Pas 13 vitesh pushtet ka filluar t\u00eb ndihet degradimi i Edi Ram\u00ebs n\u00eb raport me qeverisjen dhe realitetin. K\u00ebto dit\u00eb protestash, kryeministri shqiptar ka filluar t\u00eb flas\u00eb me engj\u00ebjt dhe po manifeston qartazi degradimin e tij mental si nj\u00eb personazh q\u00eb jeton n\u00eb nj\u00eb\u2026","rel":"","context":"In &quot;Njoftime Shtypi&quot;","block_context":{"text":"Njoftime Shtypi","link":"https:\/\/www.shqiperia.com\/blog\/category\/njoftime-shtypi\/"},"img":{"alt_text":"","src":"https:\/\/i0.wp.com\/www.shqiperia.com\/blog\/wp-content\/uploads\/2026\/06\/edi-rama.jpg?fit=1200%2C785&ssl=1&resize=350%2C200","width":350,"height":200,"srcset":"https:\/\/i0.wp.com\/www.shqiperia.com\/blog\/wp-content\/uploads\/2026\/06\/edi-rama.jpg?fit=1200%2C785&ssl=1&resize=350%2C200 1x, https:\/\/i0.wp.com\/www.shqiperia.com\/blog\/wp-content\/uploads\/2026\/06\/edi-rama.jpg?fit=1200%2C785&ssl=1&resize=525%2C300 1.5x, https:\/\/i0.wp.com\/www.shqiperia.com\/blog\/wp-content\/uploads\/2026\/06\/edi-rama.jpg?fit=1200%2C785&ssl=1&resize=700%2C400 2x, https:\/\/i0.wp.com\/www.shqiperia.com\/blog\/wp-content\/uploads\/2026\/06\/edi-rama.jpg?fit=1200%2C785&ssl=1&resize=1050%2C600 3x"},"classes":[]},{"id":100139,"url":"https:\/\/www.shqiperia.com\/blog\/dera-e-be-se-eshte-mbyllur-dhe-raporti-i-ibar-eshte-bllokuar-lisander-hoxha-ku-e-coi-mbyllja-e-gojes-pd-ne\/","url_meta":{"origin":32792,"position":2},"title":"\u201cDera e BE-s\u00eb \u00ebsht\u00eb mbyllur dhe raporti i IBAR \u00ebsht\u00eb bllokuar\u201d\/ Lisand\u00ebr Hoxha: Ku e \u00e7oi mbyllja e goj\u00ebs PD-n\u00eb","author":"Kurt Farka","date":"May 12, 2026","format":false,"excerpt":"12 Maji 2026 ...Rama do b\u00ebj\u00eb gjith\u00e7ka vet\u00ebm q\u00eb t\u00eb mos flitet p\u00ebr k\u00ebto gj\u00ebra\u201d. \u201cShqip\u00ebria, e bllokuar n\u00eb mbylljen e grupkapitujve\u201d, k\u00ebshtu u shpreh Lisand\u00ebr Hoxha n\u00eb nj\u00eb intervist\u00eb n\u00eb News24. Ai theksoi se qytetar\u00ebt jan\u00eb lodhur nga regjimi i Ram\u00ebs, nd\u00ebrsa theksoi se Shqip\u00ebria \u00ebsht\u00eb vendi m\u00eb i\u2026","rel":"","context":"In &quot;Njoftime Shtypi&quot;","block_context":{"text":"Njoftime Shtypi","link":"https:\/\/www.shqiperia.com\/blog\/category\/njoftime-shtypi\/"},"img":{"alt_text":"","src":"https:\/\/i0.wp.com\/www.shqiperia.com\/blog\/wp-content\/uploads\/2026\/05\/lisander-hoxha-.jpg?fit=1200%2C616&ssl=1&resize=350%2C200","width":350,"height":200,"srcset":"https:\/\/i0.wp.com\/www.shqiperia.com\/blog\/wp-content\/uploads\/2026\/05\/lisander-hoxha-.jpg?fit=1200%2C616&ssl=1&resize=350%2C200 1x, https:\/\/i0.wp.com\/www.shqiperia.com\/blog\/wp-content\/uploads\/2026\/05\/lisander-hoxha-.jpg?fit=1200%2C616&ssl=1&resize=525%2C300 1.5x, https:\/\/i0.wp.com\/www.shqiperia.com\/blog\/wp-content\/uploads\/2026\/05\/lisander-hoxha-.jpg?fit=1200%2C616&ssl=1&resize=700%2C400 2x, https:\/\/i0.wp.com\/www.shqiperia.com\/blog\/wp-content\/uploads\/2026\/05\/lisander-hoxha-.jpg?fit=1200%2C616&ssl=1&resize=1050%2C600 3x"},"classes":[]},{"id":100700,"url":"https:\/\/www.shqiperia.com\/blog\/robert-papa-i-plas-skandalet-edi-rames-nga-pazari-8-milione-euro-per-blerjen-e-ps-te-fatos-nano-miliardat-e\/","url_meta":{"origin":32792,"position":3},"title":"Robert Papa i plas skandalet Edi Ram\u00ebs, nga pazari 8 milion\u00eb euro p\u00ebr blerjen e PS te Fatos Nano, miliardat e\u2026","author":"Kurt Farka","date":"May 27, 2026","format":false,"excerpt":"27 Maji 2026 Gazetari Robert Papa ka hedhur akuza t\u00eb forta ndaj kryeministrit Edi Rama gjat\u00eb nj\u00eb analize n\u00eb emisionin \u201cFokus\u201d, ku foli p\u00ebr at\u00eb q\u00eb e cil\u00ebsoi si \u201cplan i err\u00ebt\u201d i kreut t\u00eb qeveris\u00eb p\u00ebr Shqip\u00ebrin\u00eb dhe shqiptar\u00ebt. N\u00eb deklarat\u00ebn e tij, Papa u ndal te disa \u00e7\u00ebshtje\u2026","rel":"","context":"In &quot;Blogu i Udh\u00ebtarit&quot;","block_context":{"text":"Blogu i Udh\u00ebtarit","link":"https:\/\/www.shqiperia.com\/blog\/category\/blogu-i-udhetarit\/"},"img":{"alt_text":"","src":"https:\/\/i0.wp.com\/www.shqiperia.com\/blog\/wp-content\/uploads\/2026\/05\/640-0-edi-rama-fatos-nano-1761982403.jpg?fit=640%2C428&ssl=1&resize=350%2C200","width":350,"height":200,"srcset":"https:\/\/i0.wp.com\/www.shqiperia.com\/blog\/wp-content\/uploads\/2026\/05\/640-0-edi-rama-fatos-nano-1761982403.jpg?fit=640%2C428&ssl=1&resize=350%2C200 1x, https:\/\/i0.wp.com\/www.shqiperia.com\/blog\/wp-content\/uploads\/2026\/05\/640-0-edi-rama-fatos-nano-1761982403.jpg?fit=640%2C428&ssl=1&resize=525%2C300 1.5x"},"classes":[]},{"id":100063,"url":"https:\/\/www.shqiperia.com\/blog\/batutat-e-rames-gjermanet-jane-prapa-nesh-me-dixhitalizimin-neper-ministri-punojne-akoma-me-fax\/","url_meta":{"origin":32792,"position":4},"title":"Batutat e Ram\u00ebs: &#8211; Gjerman\u00ebt jan\u00eb prapa nesh me dixhitalizimin. &#8211; N\u00ebp\u00ebr ministri punojn\u00eb akoma me \u2018fax\u2019!","author":"Kurt Farka","date":"May 9, 2026","format":false,"excerpt":"9 Maji 2026 Kryeministri Edi Rama deklaroi se programi \u201cEU4Municipalities II\u201d \u00ebsht\u00eb nj\u00eb instrument i r\u00ebnd\u00ebsish\u00ebm p\u00ebr modernizimin e institucioneve vendore dhe rritjen e kapaciteteve njer\u00ebzore n\u00eb bashkit\u00eb shqiptare. Gjat\u00eb fjal\u00ebs s\u00eb tij n\u00eb aktivitetin e nisjes s\u00eb programit, Rama tha se sfida m\u00eb e madhe aktuale mbetet forcimi i\u2026","rel":"","context":"In &quot;Blogu i Udh\u00ebtarit&quot;","block_context":{"text":"Blogu i Udh\u00ebtarit","link":"https:\/\/www.shqiperia.com\/blog\/category\/blogu-i-udhetarit\/"},"img":{"alt_text":"","src":"https:\/\/i0.wp.com\/www.shqiperia.com\/blog\/wp-content\/uploads\/2026\/05\/rama-kuvend_1-1.jpg?fit=640%2C433&ssl=1&resize=350%2C200","width":350,"height":200,"srcset":"https:\/\/i0.wp.com\/www.shqiperia.com\/blog\/wp-content\/uploads\/2026\/05\/rama-kuvend_1-1.jpg?fit=640%2C433&ssl=1&resize=350%2C200 1x, https:\/\/i0.wp.com\/www.shqiperia.com\/blog\/wp-content\/uploads\/2026\/05\/rama-kuvend_1-1.jpg?fit=640%2C433&ssl=1&resize=525%2C300 1.5x"},"classes":[]},{"id":105565,"url":"https:\/\/www.shqiperia.com\/blog\/duhet-te-mobilizohemi-per-mosbindje-civile-me-12-shtator-diaspora-zbarkon-fuqimisht-ne-tirane\/","url_meta":{"origin":32792,"position":5},"title":"&#8220;Duhet t\u00eb mobilizohemi p\u00ebr mosbindje civile&#8221;\/ M\u00eb 12 shtator diaspora &#8216;zbarkon&#8217; fuqimisht n\u00eb Tiran\u00eb.","author":"Kurt Farka","date":"August 31, 2026","format":false,"excerpt":"31 Gusht 2026 Aktivisti shqiptar q\u00eb jeton n\u00eb Britani, Ilir Dedej, i ftuar ne nje lidhje te drejteperdrejte televizive ka komentuar protestat kund\u00ebr qeveris\u00eb, duke deklaruar se pas 93 dit\u00ebsh mobilizimi qytetar, sipas tij, pushteti i kryeministrit Edi Rama \u00ebsht\u00eb dob\u00ebsuar. Dedej tha se protesta duhet t\u00eb shkoj\u00eb p\u00ebrtej tubimeve\u2026","rel":"","context":"In &quot;Blogu i Udh\u00ebtarit&quot;","block_context":{"text":"Blogu i Udh\u00ebtarit","link":"https:\/\/www.shqiperia.com\/blog\/category\/blogu-i-udhetarit\/"},"img":{"alt_text":"","src":"https:\/\/i0.wp.com\/www.shqiperia.com\/blog\/wp-content\/uploads\/2026\/08\/Mijera-emigrante-shqiptare-proteste-ne-Londer.-Foto-Arkiv.jpg?fit=1200%2C675&ssl=1&resize=350%2C200","width":350,"height":200,"srcset":"https:\/\/i0.wp.com\/www.shqiperia.com\/blog\/wp-content\/uploads\/2026\/08\/Mijera-emigrante-shqiptare-proteste-ne-Londer.-Foto-Arkiv.jpg?fit=1200%2C675&ssl=1&resize=350%2C200 1x, https:\/\/i0.wp.com\/www.shqiperia.com\/blog\/wp-content\/uploads\/2026\/08\/Mijera-emigrante-shqiptare-proteste-ne-Londer.-Foto-Arkiv.jpg?fit=1200%2C675&ssl=1&resize=525%2C300 1.5x, https:\/\/i0.wp.com\/www.shqiperia.com\/blog\/wp-content\/uploads\/2026\/08\/Mijera-emigrante-shqiptare-proteste-ne-Londer.-Foto-Arkiv.jpg?fit=1200%2C675&ssl=1&resize=700%2C400 2x, https:\/\/i0.wp.com\/www.shqiperia.com\/blog\/wp-content\/uploads\/2026\/08\/Mijera-emigrante-shqiptare-proteste-ne-Londer.-Foto-Arkiv.jpg?fit=1200%2C675&ssl=1&resize=1050%2C600 3x"},"classes":[]}],"_links":{"self":[{"href":"https:\/\/www.shqiperia.com\/blog\/wp-json\/wp\/v2\/posts\/32792","targetHints":{"allow":["GET"]}}],"collection":[{"href":"https:\/\/www.shqiperia.com\/blog\/wp-json\/wp\/v2\/posts"}],"about":[{"href":"https:\/\/www.shqiperia.com\/blog\/wp-json\/wp\/v2\/types\/post"}],"author":[{"embeddable":true,"href":"https:\/\/www.shqiperia.com\/blog\/wp-json\/wp\/v2\/users\/9"}],"replies":[{"embeddable":true,"href":"https:\/\/www.shqiperia.com\/blog\/wp-json\/wp\/v2\/comments?post=32792"}],"version-history":[{"count":1,"href":"https:\/\/www.shqiperia.com\/blog\/wp-json\/wp\/v2\/posts\/32792\/revisions"}],"predecessor-version":[{"id":32794,"href":"https:\/\/www.shqiperia.com\/blog\/wp-json\/wp\/v2\/posts\/32792\/revisions\/32794"}],"wp:featuredmedia":[{"embeddable":true,"href":"https:\/\/www.shqiperia.com\/blog\/wp-json\/wp\/v2\/media\/32793"}],"wp:attachment":[{"href":"https:\/\/www.shqiperia.com\/blog\/wp-json\/wp\/v2\/media?parent=32792"}],"wp:term":[{"taxonomy":"category","embeddable":true,"href":"https:\/\/www.shqiperia.com\/blog\/wp-json\/wp\/v2\/categories?post=32792"},{"taxonomy":"post_tag","embeddable":true,"href":"https:\/\/www.shqiperia.com\/blog\/wp-json\/wp\/v2\/tags?post=32792"}],"curies":[{"name":"wp","href":"https:\/\/api.w.org\/{rel}","templated":true}]}}