{"id":32783,"date":"2020-03-26T15:59:09","date_gmt":"2020-03-26T15:59:09","guid":{"rendered":"https:\/\/www.shqiperia.com\/blog\/?p=32783"},"modified":"2020-03-26T15:59:22","modified_gmt":"2020-03-26T15:59:22","slug":"policani-i-vendosur-per-vetizolim-nga-korona-virusi-cpo-ndodh","status":"publish","type":"post","link":"https:\/\/www.shqiperia.com\/blog\/policani-i-vendosur-per-vetizolim-nga-korona-virusi-cpo-ndodh\/","title":{"rendered":"Policani i vendosur per vetizolim nga Korona virusi. Cpo ndodh \u2026"},"content":{"rendered":"<p><img data-recalc-dims=\"1\" loading=\"lazy\" decoding=\"async\" data-attachment-id=\"32784\" data-permalink=\"https:\/\/www.shqiperia.com\/blog\/policani-i-vendosur-per-vetizolim-nga-korona-virusi-cpo-ndodh\/800-0-5e7ca94167401\/\" data-orig-file=\"https:\/\/i0.wp.com\/www.shqiperia.com\/blog\/wp-content\/uploads\/2020\/03\/800-0-5e7ca94167401.jpg?fit=800%2C475&amp;ssl=1\" data-orig-size=\"800,475\" data-comments-opened=\"1\" data-image-meta=\"{&quot;aperture&quot;:&quot;0&quot;,&quot;credit&quot;:&quot;&quot;,&quot;camera&quot;:&quot;&quot;,&quot;caption&quot;:&quot;&quot;,&quot;created_timestamp&quot;:&quot;0&quot;,&quot;copyright&quot;:&quot;&quot;,&quot;focal_length&quot;:&quot;0&quot;,&quot;iso&quot;:&quot;0&quot;,&quot;shutter_speed&quot;:&quot;0&quot;,&quot;title&quot;:&quot;&quot;,&quot;orientation&quot;:&quot;0&quot;}\" data-image-title=\"-800-0-5e7ca94167401\" data-image-description=\"\" data-image-caption=\"\" data-medium-file=\"https:\/\/i0.wp.com\/www.shqiperia.com\/blog\/wp-content\/uploads\/2020\/03\/800-0-5e7ca94167401.jpg?fit=300%2C178&amp;ssl=1\" data-large-file=\"https:\/\/i0.wp.com\/www.shqiperia.com\/blog\/wp-content\/uploads\/2020\/03\/800-0-5e7ca94167401.jpg?fit=800%2C475&amp;ssl=1\" class=\"alignnone size-medium wp-image-32784\" alt=\"\" src=\"https:\/\/i0.wp.com\/www.shqiperia.com\/blog\/wp-content\/uploads\/2020\/03\/800-0-5e7ca94167401.jpg?resize=300%2C178&#038;ssl=1\" width=\"300\" height=\"178\" srcset=\"https:\/\/i0.wp.com\/www.shqiperia.com\/blog\/wp-content\/uploads\/2020\/03\/800-0-5e7ca94167401.jpg?resize=300%2C178&amp;ssl=1 300w, https:\/\/i0.wp.com\/www.shqiperia.com\/blog\/wp-content\/uploads\/2020\/03\/800-0-5e7ca94167401.jpg?resize=768%2C456&amp;ssl=1 768w, https:\/\/i0.wp.com\/www.shqiperia.com\/blog\/wp-content\/uploads\/2020\/03\/800-0-5e7ca94167401.jpg?resize=450%2C267&amp;ssl=1 450w, https:\/\/i0.wp.com\/www.shqiperia.com\/blog\/wp-content\/uploads\/2020\/03\/800-0-5e7ca94167401.jpg?resize=600%2C356&amp;ssl=1 600w, https:\/\/i0.wp.com\/www.shqiperia.com\/blog\/wp-content\/uploads\/2020\/03\/800-0-5e7ca94167401.jpg?resize=400%2C238&amp;ssl=1 400w, https:\/\/i0.wp.com\/www.shqiperia.com\/blog\/wp-content\/uploads\/2020\/03\/800-0-5e7ca94167401.jpg?w=800&amp;ssl=1 800w\" sizes=\"auto, (max-width: 300px) 100vw, 300px\" \/><\/p>\n<p>Policani i vendosur per vetizolim nga Korona virusi. Cpo ndodh \u2026<\/p>\n<p>26 MARS 2020<\/p>\n<p>Nga Artan Hoxha.<\/p>\n<p>Artan Hoxha publikon pamjet dhe ngre alarmin: E nj\u00ebjta gj\u00eb ndodhi edhe gjat\u00eb trazirave t\u00eb 1997-\u00ebs!<\/p>\n<p>Gazetari Artan Hoxha n\u00ebp\u00ebrmjet nj\u00eb postimi n\u00eb rrjetet sociale ka treguar nj\u00eb konflikt q\u00eb po ndodh mes policis\u00eb bashkiake t\u00eb Poli\u00e7anit, dhe Drejtoris\u00eb s\u00eb Policis\u00eb s\u00eb Beratit.<\/p>\n<p>Hoxha zbulon se Drejtoria e Policis\u00eb s\u00eb Beratit ka dh\u00ebn\u00eb urdh\u00ebr q\u00eb t\u00eb largohen forcat policore nga postblloku q\u00eb \u00ebsht\u00eb krijuar n\u00eb hyrje t\u00eb Poli\u00e7anit.<\/p>\n<p>Ky urdh\u00ebr \u00ebsht\u00eb kund\u00ebrshtuar nga forcat policore bashkiake t\u00eb Poli\u00e7anit, t\u00eb cilat sikurse n\u00eb \u201997-\u00ebn kan\u00eb vendosur t\u00eb mos largohen nga postblloku, n\u00eb m\u00ebnyr\u00eb q\u00eb t\u00eb mos lejojn\u00eb p\u00ebrhapjen e koronavirusit n\u00eb zon\u00ebn e tyre, kur dihet se n\u00eb k\u00ebt\u00eb bashki jan\u00eb t\u00eb regjistruar m\u00eb shum\u00eb se 800 t\u00eb s\u00ebmur\u00eb kronik\u00eb.<\/p>\n<p>Postimi i plot\u00eb:<\/p>\n<p>Postblloku i Policanit, s\u2019lejohet askush qe nuk eshte banor i qytetit.<\/p>\n<p>Njesia Administrative Bashkia Polican, prej 48 oresh ka organizuar nje plan masash krejt unik nga pjesa tjeter e vendit per te penguar dhe parandaluar perhapjen e covid-19 brenda territorit te saj. Prej dy ditesh nje postbllok i perforcuar ka bllokuar qarkullimin e te vetmit aksi rrugor qe lidh Policanin me pjesen tjeter te vendit,<\/p>\n<p>Kjo bashki ka te rregjistruar zyrtarisht 800 te semure kronike per shkak te punes se veshtire dhe semundjeve profesionale te marra sidomos nga moshat e medha qe kane punuar per dekada me radhe ne kombinatin e ushtarak te ketij qyteti.<\/p>\n<p>Policani eshte themeluar si qytet industrial ne vitet \u201860-\u201870 te shekullit te kaluar, kur nisi dhe ndertimi i kombinatit ushtarak per prodhimin e armatimeve dhe municioneve luftarake. Pikerisht per kete fakt afro 15% e popullates se ketij qyteti te vogel, vuan aktualisht nga semundje kronike dhe sidomos ato qe kane te bejne me rruget e frymemarrjes.<\/p>\n<p>Per kete shkak ne bashkepunim edhe me komisariatin vendor te policise, kryebashkiaku Adriatik Zotkaj i mbeshtetur nga keshilli bashkiak ka urdheruar ngritjen e nje postblloku ne hyrje te qytetit.<\/p>\n<p>Postblloku perbehet nga forca te policise se shtetit dhe policise bashkiake dhe qendron 24 ore ne sherbim. Policani eshte nje qytet gati i izoluar per shkak te terrenit malor dhe te faktit qe ka vetem nje rruge nacionale e cila e lidh me pjesen tjeter te vendit, aksin Polican- Berat.<\/p>\n<p>Drejtimi tjeter dales nga Policani, eshte drejt nje bashkie me te vogel, asaj te Skraparit, e cila ka nje terren edhe me te thyer malor dhe ndodhet gati e izoluar nga pjesa tjeter e vendit.<\/p>\n<p>Duke qene dy nga bashkite me te varfera ne vend, me te izoluara gjeografikisht dhe me sherbim spitalor fare minimal, edhe Bashkia e Skraparit i ka mbeshtetur masat e marra nga Policani, pasi e njejta rruge nacionale sherben per te lidhur edhe Skraparin me pjesen tjeter te vendit.<\/p>\n<p>Por cuditerisht, disa ore me pare Drejtoria e Policise e qarkut Berat, nga e cila varet komisariati i Policanit, ka dhene urdher qe trupat policore te largohen nga postblloku. Ne keto kushte Bashkia Polican ka vendosur ta mbaje postbllokun vetem me policet e vet bashkiake.<\/p>\n<p>Detyra e postbllokut eshte te ndaloje hyrjen ne drejtim te Policanit, te cdo personi qe vjen nga jashte vendit, apo dhe nga qytetet e tjera ku tashme eshte verifikuar se ka patur raste te qytetareve te infektuar me covid-19. Praktikisht ne drejtim te Policanit dhe Skraparit lejohet kalimi vetem i tregetareve vendas, ambulancave mjeksore apo mjeteve te policise.<\/p>\n<p>Nuk lejohet kalimi i asnje mjeti tjeter privat apo personi qe nuk eshte banor i qytetit pavarsisht motiveve qe ai ka.<\/p>\n<p>Po ashtu ndalohet hyrja e cdo personi me origjine nga kjo zone i cili nuk ka nje arsye te forte pse kerkon te hyje ne qytetin e Policanit. Te vetmit persona qe lejohen te kalojne postbllokun si ne hyrje ashtu dhe ne dalje jane tregetaret e identifikuar saktesisht si banore te qytetit, te cilet mbajne me furnizim popullaten.<\/p>\n<p>Madje dhe atyre u eshte kerkuar qe te marrin furnizime afatgjata qe te mos dalin shpesh nga qyteti.<\/p>\n<p>Urdheri i ardhur nga Drejtoria e Qarkut Berat per ta larguar policine e shtetit nga postblloku eshte pritur me irritim nga autoritetet lokale te cilat kane deklaruar se nuk do ta largojne postbllokun per asnje arsye edhe pse policia e shtetit eshte larguar.<\/p>\n<p>Qellimi i kesaj mase ekstreme eshte mbrojtja e afro 6 mije banoreve rezident ne Polican nga perhapja e Covid-19. Spitalet si nga Skrapar ashtu dhe ne Polican sherbejne thjeshte si ambulanca dhe nuk kane mundesi te perballojne qofte dhe nje rast te vetem qe kerkon sherbim te specializuar mjeksor.<\/p>\n<p>Qyteti me i afert, qe ndodhet vetem 20 km larg, Berati, tashme jo vetem eshte ne listen e te infektuareve nga Covid-19, por edhe nje pjese e mire e personelit mjekesor te spitalit te ketij qyteti eshte ne vetkarantinim per shkak te dyshimeve se mund te jene infektuar nga paciente qe nuk e dinin se ishin bartes te virusit.<\/p>\n<p>Nje postbllok i tille nga banoret e Policanit eshte vendosur edhe gjate trazirave te vitit 1997, dhe ne fakt e shpetoi qytetin nga ngjarjet e renda, vrasjet dhe grabitjet me arme.<\/p>\n<p>Ne foto dhe video, pamje te postbllokut ne hyrje te Policanit sot ne mesdite.<\/p>\n","protected":false},"excerpt":{"rendered":"<p>Policani i vendosur per vetizolim nga Korona virusi. Cpo ndodh \u2026 26 MARS 2020 Nga Artan Hoxha. Artan Hoxha publikon pamjet dhe ngre alarmin: E nj\u00ebjta gj\u00eb ndodhi edhe gjat\u00eb trazirave t\u00eb 1997-\u00ebs! Gazetari Artan Hoxha n\u00ebp\u00ebrmjet nj\u00eb postimi n\u00eb rrjetet sociale ka treguar nj\u00eb konflikt q\u00eb po ndodh mes policis\u00eb bashkiake t\u00eb Poli\u00e7anit, dhe [&hellip;]<\/p>\n","protected":false},"author":9,"featured_media":32784,"comment_status":"open","ping_status":"open","sticky":false,"template":"","format":"standard","meta":{"jetpack_post_was_ever_published":false,"_jetpack_newsletter_access":"","_jetpack_dont_email_post_to_subs":false,"_jetpack_newsletter_tier_id":0,"_jetpack_memberships_contains_paywalled_content":false,"_jetpack_memberships_contains_paid_content":false,"footnotes":"","jetpack_publicize_message":"","jetpack_publicize_feature_enabled":true,"jetpack_social_post_already_shared":true,"jetpack_social_options":{"image_generator_settings":{"template":"highway","default_image_id":0,"font":"","enabled":false},"version":2}},"categories":[27,1],"tags":[],"class_list":["post-32783","post","type-post","status-publish","format-standard","has-post-thumbnail","hentry","category-blogu-i-udhetarit","category-njoftime-shtypi"],"jetpack_publicize_connections":[],"jetpack_featured_media_url":"https:\/\/i0.wp.com\/www.shqiperia.com\/blog\/wp-content\/uploads\/2020\/03\/800-0-5e7ca94167401.jpg?fit=800%2C475&ssl=1","jetpack_sharing_enabled":true,"jetpack_shortlink":"https:\/\/wp.me\/p5Z6wp-8wL","jetpack-related-posts":[{"id":102860,"url":"https:\/\/www.shqiperia.com\/blog\/artan-hoxha-zbardh-prapaskenat-e-takimit-ne-aruba-ja-si-pergjimet-e-autoriteteve-belge-nxoren-ne-drite-planet-e\/","url_meta":{"origin":32783,"position":0},"title":"Artan Hoxha zbardh prapaskenat e takimit n\u00eb Aruba, ja si p\u00ebrgjimet e autoriteteve belge nxor\u00ebn n\u00eb drit\u00eb planet e\u2026","author":"Kurt Farka","date":"July 18, 2026","format":false,"excerpt":"18 Korrik 2026 Gazetari investigativ, Artan Hoxha ka zbardhur detaje t\u00eb reja n\u00eb \u201cRadar\u201d rreth takimit misterioz n\u00eb ishullin e Arub\u00ebs, duke treguar se si autoritetet belge ran\u00eb n\u00eb gjurm\u00ebt e nj\u00eb skeme gjigante q\u00eb synonte pastrimin e parave t\u00eb krimit p\u00ebrmes investimeve n\u00eb turiz\u00ebm dhe nd\u00ebrtim n\u00eb Shqip\u00ebri. Hoxha\u2026","rel":"","context":"In &quot;Blogu i Udh\u00ebtarit&quot;","block_context":{"text":"Blogu i Udh\u00ebtarit","link":"https:\/\/www.shqiperia.com\/blog\/category\/blogu-i-udhetarit\/"},"img":{"alt_text":"","src":"https:\/\/i0.wp.com\/www.shqiperia.com\/blog\/wp-content\/uploads\/2026\/07\/foto-4-5.jpg?fit=1200%2C800&ssl=1&resize=350%2C200","width":350,"height":200,"srcset":"https:\/\/i0.wp.com\/www.shqiperia.com\/blog\/wp-content\/uploads\/2026\/07\/foto-4-5.jpg?fit=1200%2C800&ssl=1&resize=350%2C200 1x, https:\/\/i0.wp.com\/www.shqiperia.com\/blog\/wp-content\/uploads\/2026\/07\/foto-4-5.jpg?fit=1200%2C800&ssl=1&resize=525%2C300 1.5x, https:\/\/i0.wp.com\/www.shqiperia.com\/blog\/wp-content\/uploads\/2026\/07\/foto-4-5.jpg?fit=1200%2C800&ssl=1&resize=700%2C400 2x, https:\/\/i0.wp.com\/www.shqiperia.com\/blog\/wp-content\/uploads\/2026\/07\/foto-4-5.jpg?fit=1200%2C800&ssl=1&resize=1050%2C600 3x"},"classes":[]},{"id":104363,"url":"https:\/\/www.shqiperia.com\/blog\/rama-perze-nga-mbledhja-kryetarin-e-policanit-mbeshteti-banoret-per-mosshkrirjen-e-bashkise\/","url_meta":{"origin":32783,"position":1},"title":"Rama p\u00ebrze nga mbledhja kryetarin e Poli\u00e7anit. &#8211; Mb\u00ebshteti banor\u00ebt p\u00ebr mosshkrirjen e bashkis\u00eb","author":"Kurt Farka","date":"August 13, 2026","format":false,"excerpt":"13 Gusht 2026 Kryeministri Edi Rama dhe kryetari i Bashkis\u00eb s\u00eb Poli\u00e7anit, Adriatik Zotkaj, jan\u00eb p\u00ebrfshir\u00eb n\u00eb nj\u00eb debat gjat\u00eb mbledhjes me dyer t\u00eb mbyllura, ku m\u00ebsohet se kryeministri ka vendosur q\u00eb kryebashkiaku t\u00eb largohet nga takimi q\u00eb n\u00eb nisje t\u00eb tij. Burime p\u00ebr mediat, b\u00ebjn\u00eb me dije se mbledhja\u2026","rel":"","context":"In &quot;Blogu i Udh\u00ebtarit&quot;","block_context":{"text":"Blogu i Udh\u00ebtarit","link":"https:\/\/www.shqiperia.com\/blog\/category\/blogu-i-udhetarit\/"},"img":{"alt_text":"","src":"https:\/\/i0.wp.com\/www.shqiperia.com\/blog\/wp-content\/uploads\/2026\/08\/Edi-Rama-1.jpg?fit=657%2C430&ssl=1&resize=350%2C200","width":350,"height":200,"srcset":"https:\/\/i0.wp.com\/www.shqiperia.com\/blog\/wp-content\/uploads\/2026\/08\/Edi-Rama-1.jpg?fit=657%2C430&ssl=1&resize=350%2C200 1x, https:\/\/i0.wp.com\/www.shqiperia.com\/blog\/wp-content\/uploads\/2026\/08\/Edi-Rama-1.jpg?fit=657%2C430&ssl=1&resize=525%2C300 1.5x"},"classes":[]},{"id":103480,"url":"https:\/\/www.shqiperia.com\/blog\/banoret-e-policanit-protestojne-kunder-reformes-territoriale-kundershtojne-planin-per-bashkimin-me-beratin\/","url_meta":{"origin":32783,"position":2},"title":"Banor\u00ebt e Poli\u00e7anit protestojn\u00eb kund\u00ebr Reform\u00ebs Territoriale, kund\u00ebrshtojn\u00eb planin p\u00ebr bashkimin me Beratin","author":"Kurt Farka","date":"July 30, 2026","format":false,"excerpt":"30 Korrik 2026 Mijera qytetar\u00eb u mblodh\u00ebn k\u00ebt\u00eb t\u00eb enjte n\u00eb Poli\u00e7an p\u00ebr t\u00eb protestuar kund\u00ebr planit p\u00ebr shkrirjen e bashkis\u00eb s\u00eb tyre n\u00eb kuad\u00ebr t\u00eb Reform\u00ebs Territoriale 2.0. \u201cF\u00ebmij\u00ebt na i larguat, tani doni t\u00eb na fshini nga harta\u201d, shkruhej n\u00eb nj\u00eb nga pankartat e mbajtura nga protestuesit, t\u00eb\u2026","rel":"","context":"In &quot;Blogu i Udh\u00ebtarit&quot;","block_context":{"text":"Blogu i Udh\u00ebtarit","link":"https:\/\/www.shqiperia.com\/blog\/category\/blogu-i-udhetarit\/"},"img":{"alt_text":"","src":"https:\/\/i0.wp.com\/www.shqiperia.com\/blog\/wp-content\/uploads\/2026\/07\/Proteste-ne-Polican.jpg?fit=780%2C440&ssl=1&resize=350%2C200","width":350,"height":200,"srcset":"https:\/\/i0.wp.com\/www.shqiperia.com\/blog\/wp-content\/uploads\/2026\/07\/Proteste-ne-Polican.jpg?fit=780%2C440&ssl=1&resize=350%2C200 1x, https:\/\/i0.wp.com\/www.shqiperia.com\/blog\/wp-content\/uploads\/2026\/07\/Proteste-ne-Polican.jpg?fit=780%2C440&ssl=1&resize=525%2C300 1.5x, https:\/\/i0.wp.com\/www.shqiperia.com\/blog\/wp-content\/uploads\/2026\/07\/Proteste-ne-Polican.jpg?fit=780%2C440&ssl=1&resize=700%2C400 2x"},"classes":[]},{"id":100045,"url":"https:\/\/www.shqiperia.com\/blog\/perplasje-ne-protesten-e-opozites-kikia-veprimet-e-policise-ishin-te-pajustifikuara-dhe-disproporcionale\/","url_meta":{"origin":32783,"position":3},"title":"P\u00ebrplasje n\u00eb protest\u00ebn e opozit\u00ebs, Kikia: &#8211; Veprimet e policis\u00eb ishin t\u00eb pajustifikuara dhe disproporcionale!","author":"Kurt Farka","date":"May 9, 2026","format":false,"excerpt":"9 Maji 2026 Protesta e radh\u00ebs e organizuar nga Partia Demokratike u shoq\u00ebrua me tensione dhe p\u00ebrplasje mes protestuesve dhe forcave t\u00eb policis\u00eb. Sipas analistit Mentor Kikia, nd\u00ebrhyrja e policis\u00eb k\u00ebt\u00eb her\u00eb ishte duksh\u00ebm m\u00eb e shpejt\u00eb dhe m\u00eb agresive, duke sinjalizuar nj\u00eb ndryshim t\u00eb qart\u00eb t\u00eb strategjis\u00eb n\u00eb krahasim\u2026","rel":"","context":"In &quot;Blogu i Udh\u00ebtarit&quot;","block_context":{"text":"Blogu i Udh\u00ebtarit","link":"https:\/\/www.shqiperia.com\/blog\/category\/blogu-i-udhetarit\/"},"img":{"alt_text":"","src":"https:\/\/i0.wp.com\/www.shqiperia.com\/blog\/wp-content\/uploads\/2026\/05\/kkkj.jpg?fit=784%2C431&ssl=1&resize=350%2C200","width":350,"height":200,"srcset":"https:\/\/i0.wp.com\/www.shqiperia.com\/blog\/wp-content\/uploads\/2026\/05\/kkkj.jpg?fit=784%2C431&ssl=1&resize=350%2C200 1x, https:\/\/i0.wp.com\/www.shqiperia.com\/blog\/wp-content\/uploads\/2026\/05\/kkkj.jpg?fit=784%2C431&ssl=1&resize=525%2C300 1.5x, https:\/\/i0.wp.com\/www.shqiperia.com\/blog\/wp-content\/uploads\/2026\/05\/kkkj.jpg?fit=784%2C431&ssl=1&resize=700%2C400 2x"},"classes":[]},{"id":101893,"url":"https:\/\/www.shqiperia.com\/blog\/spartak-ngjela-paralajmeron-fundin-e-edi-rames-ja-levizja-e-gabuar-qe-do-ta-coje-kryeministrin-para-spak-ut\/","url_meta":{"origin":32783,"position":4},"title":"Spartak Ngjela paralajm\u00ebron fundin e Edi Ram\u00ebs, ja l\u00ebvizja e gabuar q\u00eb do ta \u00e7oj\u00eb kryeministrin para SPAK-ut","author":"Kurt Farka","date":"June 27, 2026","format":false,"excerpt":"28 Qershor 2026 Avokati i njohur, Spartak Ngjela, ka reaguar dje ashp\u00ebr n\u00eb rrjetet sociale, duke l\u00ebshuar paralajm\u00ebrime t\u00eb r\u00ebnda p\u00ebr telashe t\u00eb m\u00ebdha politike dhe juridike ndaj kryeministrit Edi Rama. P\u00ebrmes nj\u00eb analize t\u00eb prer\u00eb, z. Ngjela ka theksuar se Gjiri i Vlor\u00ebs dhe Ishulli i Sazanit p\u00ebrb\u00ebjn\u00eb territore\u2026","rel":"","context":"In &quot;Blogu i Udh\u00ebtarit&quot;","block_context":{"text":"Blogu i Udh\u00ebtarit","link":"https:\/\/www.shqiperia.com\/blog\/category\/blogu-i-udhetarit\/"},"img":{"alt_text":"","src":"https:\/\/i0.wp.com\/www.shqiperia.com\/blog\/wp-content\/uploads\/2026\/06\/ngjela-rama-1-1.jpg?fit=863%2C432&ssl=1&resize=350%2C200","width":350,"height":200,"srcset":"https:\/\/i0.wp.com\/www.shqiperia.com\/blog\/wp-content\/uploads\/2026\/06\/ngjela-rama-1-1.jpg?fit=863%2C432&ssl=1&resize=350%2C200 1x, https:\/\/i0.wp.com\/www.shqiperia.com\/blog\/wp-content\/uploads\/2026\/06\/ngjela-rama-1-1.jpg?fit=863%2C432&ssl=1&resize=525%2C300 1.5x, https:\/\/i0.wp.com\/www.shqiperia.com\/blog\/wp-content\/uploads\/2026\/06\/ngjela-rama-1-1.jpg?fit=863%2C432&ssl=1&resize=700%2C400 2x"},"classes":[]},{"id":102777,"url":"https:\/\/www.shqiperia.com\/blog\/rama-si-enver-hoxha-nuk-flet-per-kosoven\/","url_meta":{"origin":32783,"position":5},"title":"\u201cRama si Enver Hoxha, nuk flet p\u00ebr Kosov\u00ebn\u201d","author":"Kurt Farka","date":"July 16, 2026","format":false,"excerpt":"16 Korrik 2026 Deputeti i \u201cMund\u00ebsia\u201d, Erald Kapri akuzoi kryeministrin Edi Rama p\u00ebr faktin se nuk ka b\u00ebr\u00eb asnj\u00eb reagim n\u00eb lidhje me deklarat\u00ebn skandaloze t\u00eb ministres serbe \u00a0Snezhana Paunovi\u00e7 se do t\u00eb b\u00ebnte spastrim etnik n\u00eb Kosov\u00eb. N\u00eb Kuvend, ai tha se kryeministri po sillet nj\u00ebsoj sikurse Enver Hoxha,\u2026","rel":"","context":"In &quot;Blogu i Udh\u00ebtarit&quot;","block_context":{"text":"Blogu i Udh\u00ebtarit","link":"https:\/\/www.shqiperia.com\/blog\/category\/blogu-i-udhetarit\/"},"img":{"alt_text":"","src":"https:\/\/i0.wp.com\/www.shqiperia.com\/blog\/wp-content\/uploads\/2026\/07\/490749578_4163715850518353_8749168321955968330_n.jpg?fit=640%2C487&ssl=1&resize=350%2C200","width":350,"height":200,"srcset":"https:\/\/i0.wp.com\/www.shqiperia.com\/blog\/wp-content\/uploads\/2026\/07\/490749578_4163715850518353_8749168321955968330_n.jpg?fit=640%2C487&ssl=1&resize=350%2C200 1x, https:\/\/i0.wp.com\/www.shqiperia.com\/blog\/wp-content\/uploads\/2026\/07\/490749578_4163715850518353_8749168321955968330_n.jpg?fit=640%2C487&ssl=1&resize=525%2C300 1.5x"},"classes":[]}],"_links":{"self":[{"href":"https:\/\/www.shqiperia.com\/blog\/wp-json\/wp\/v2\/posts\/32783","targetHints":{"allow":["GET"]}}],"collection":[{"href":"https:\/\/www.shqiperia.com\/blog\/wp-json\/wp\/v2\/posts"}],"about":[{"href":"https:\/\/www.shqiperia.com\/blog\/wp-json\/wp\/v2\/types\/post"}],"author":[{"embeddable":true,"href":"https:\/\/www.shqiperia.com\/blog\/wp-json\/wp\/v2\/users\/9"}],"replies":[{"embeddable":true,"href":"https:\/\/www.shqiperia.com\/blog\/wp-json\/wp\/v2\/comments?post=32783"}],"version-history":[{"count":2,"href":"https:\/\/www.shqiperia.com\/blog\/wp-json\/wp\/v2\/posts\/32783\/revisions"}],"predecessor-version":[{"id":32786,"href":"https:\/\/www.shqiperia.com\/blog\/wp-json\/wp\/v2\/posts\/32783\/revisions\/32786"}],"wp:featuredmedia":[{"embeddable":true,"href":"https:\/\/www.shqiperia.com\/blog\/wp-json\/wp\/v2\/media\/32784"}],"wp:attachment":[{"href":"https:\/\/www.shqiperia.com\/blog\/wp-json\/wp\/v2\/media?parent=32783"}],"wp:term":[{"taxonomy":"category","embeddable":true,"href":"https:\/\/www.shqiperia.com\/blog\/wp-json\/wp\/v2\/categories?post=32783"},{"taxonomy":"post_tag","embeddable":true,"href":"https:\/\/www.shqiperia.com\/blog\/wp-json\/wp\/v2\/tags?post=32783"}],"curies":[{"name":"wp","href":"https:\/\/api.w.org\/{rel}","templated":true}]}}