{"id":32421,"date":"2020-03-16T13:33:29","date_gmt":"2020-03-16T13:33:29","guid":{"rendered":"https:\/\/www.shqiperia.com\/blog\/?p=32421"},"modified":"2020-03-16T13:33:29","modified_gmt":"2020-03-16T13:33:29","slug":"rendohet-situate-nje-tjeter-pacient-shkon-me-barrele-ne-infektiv","status":"publish","type":"post","link":"https:\/\/www.shqiperia.com\/blog\/rendohet-situate-nje-tjeter-pacient-shkon-me-barrele-ne-infektiv\/","title":{"rendered":"R\u00ebndohet situate; &#8211; Nj\u00eb tjet\u00ebr pacient shkon me barrel\u00eb n\u00eb Infektiv."},"content":{"rendered":"<p><img data-recalc-dims=\"1\" loading=\"lazy\" decoding=\"async\" data-attachment-id=\"32422\" data-permalink=\"https:\/\/www.shqiperia.com\/blog\/rendohet-situate-nje-tjeter-pacient-shkon-me-barrele-ne-infektiv\/800-0-5e6f7eed07321\/\" data-orig-file=\"https:\/\/i0.wp.com\/www.shqiperia.com\/blog\/wp-content\/uploads\/2020\/03\/800-0-5e6f7eed07321.png?fit=800%2C416&amp;ssl=1\" data-orig-size=\"800,416\" data-comments-opened=\"1\" data-image-meta=\"{&quot;aperture&quot;:&quot;0&quot;,&quot;credit&quot;:&quot;&quot;,&quot;camera&quot;:&quot;&quot;,&quot;caption&quot;:&quot;&quot;,&quot;created_timestamp&quot;:&quot;0&quot;,&quot;copyright&quot;:&quot;&quot;,&quot;focal_length&quot;:&quot;0&quot;,&quot;iso&quot;:&quot;0&quot;,&quot;shutter_speed&quot;:&quot;0&quot;,&quot;title&quot;:&quot;&quot;,&quot;orientation&quot;:&quot;0&quot;}\" data-image-title=\"-800-0-5e6f7eed07321\" data-image-description=\"\" data-image-caption=\"\" data-medium-file=\"https:\/\/i0.wp.com\/www.shqiperia.com\/blog\/wp-content\/uploads\/2020\/03\/800-0-5e6f7eed07321.png?fit=300%2C156&amp;ssl=1\" data-large-file=\"https:\/\/i0.wp.com\/www.shqiperia.com\/blog\/wp-content\/uploads\/2020\/03\/800-0-5e6f7eed07321.png?fit=800%2C416&amp;ssl=1\" class=\"alignnone  wp-image-32422\" alt=\"\" src=\"https:\/\/i0.wp.com\/www.shqiperia.com\/blog\/wp-content\/uploads\/2020\/03\/800-0-5e6f7eed07321.png?resize=696%2C362&#038;ssl=1\" width=\"696\" height=\"362\" srcset=\"https:\/\/i0.wp.com\/www.shqiperia.com\/blog\/wp-content\/uploads\/2020\/03\/800-0-5e6f7eed07321.png?resize=300%2C156&amp;ssl=1 300w, https:\/\/i0.wp.com\/www.shqiperia.com\/blog\/wp-content\/uploads\/2020\/03\/800-0-5e6f7eed07321.png?resize=768%2C399&amp;ssl=1 768w, https:\/\/i0.wp.com\/www.shqiperia.com\/blog\/wp-content\/uploads\/2020\/03\/800-0-5e6f7eed07321.png?resize=450%2C234&amp;ssl=1 450w, https:\/\/i0.wp.com\/www.shqiperia.com\/blog\/wp-content\/uploads\/2020\/03\/800-0-5e6f7eed07321.png?resize=600%2C312&amp;ssl=1 600w, https:\/\/i0.wp.com\/www.shqiperia.com\/blog\/wp-content\/uploads\/2020\/03\/800-0-5e6f7eed07321.png?resize=400%2C208&amp;ssl=1 400w, https:\/\/i0.wp.com\/www.shqiperia.com\/blog\/wp-content\/uploads\/2020\/03\/800-0-5e6f7eed07321.png?w=800&amp;ssl=1 800w\" sizes=\"auto, (max-width: 696px) 100vw, 696px\" \/><\/p>\n<p>R\u00ebndohet situate; &#8211; Nj\u00eb tjet\u00ebr pacient shkon me barrel\u00eb n\u00eb Infektiv.<\/p>\n<p>16 MARS 2020<\/p>\n<p>Nj\u00eb tjet\u00ebr person i prekur nga COVID-19 \u00ebsht\u00eb transportuar n\u00eb ambientet e spitalit Infektiv, ku po trajtohen pacient\u00ebt e tjer\u00eb. N\u00eb nj\u00eb lidhje live p\u00ebr \u2018News24\u2019 nga jasht\u00eb spitalit t\u00eb kthyer tashm\u00eb n\u00eb karantin\u00eb, gazetarja Aurora Golemi pohoi se personi n\u00eb fjal\u00eb \u00ebsht\u00eb i vet\u00ebdijsh\u00ebm, (burr\u00eb) nd\u00ebrsa \u00ebsht\u00eb transportuar nga spitali \u201cShefqet Ndroqi\u201d n\u00eb Infektiv.<\/p>\n<p>Po ashtu ajo ndahu me publikin edhe rastin e nj\u00eb gruaje q\u00eb kishte mb\u00ebrritur pak m\u00eb par\u00eb me ambulanc\u00eb n\u00eb k\u00ebt\u00eb spital, nd\u00ebrsa shoq\u00ebrohej nga bashk\u00ebshorti i saj.<\/p>\n<p>Golemi ka arritur t\u00eb d\u00ebgjoj\u00eb edhe at\u00eb \u00e7ka ka deklaruar burri i saj pasi ka zbritur nga ambulanca, i cili nuk ishte i maskuar.<\/p>\n<p>\u201cN\u00ebse e ke marr\u00eb, e kemi marr\u00eb t\u00eb gjith\u00eb\u201d, m\u00ebsohet t\u00eb jet\u00eb shprehur personi q\u00eb shoq\u00ebronte gruan e dyshuar me COVID-19.<\/p>\n<p>Gazeta Sot<\/p>\n","protected":false},"excerpt":{"rendered":"<p>R\u00ebndohet situate; &#8211; Nj\u00eb tjet\u00ebr pacient shkon me barrel\u00eb n\u00eb Infektiv. 16 MARS 2020 Nj\u00eb tjet\u00ebr person i prekur nga COVID-19 \u00ebsht\u00eb transportuar n\u00eb ambientet e spitalit Infektiv, ku po trajtohen pacient\u00ebt e tjer\u00eb. N\u00eb nj\u00eb lidhje live p\u00ebr \u2018News24\u2019 nga jasht\u00eb spitalit t\u00eb kthyer tashm\u00eb n\u00eb karantin\u00eb, gazetarja Aurora Golemi pohoi se personi n\u00eb [&hellip;]<\/p>\n","protected":false},"author":9,"featured_media":32422,"comment_status":"open","ping_status":"open","sticky":false,"template":"","format":"standard","meta":{"jetpack_post_was_ever_published":false,"_jetpack_newsletter_access":"","_jetpack_dont_email_post_to_subs":false,"_jetpack_newsletter_tier_id":0,"_jetpack_memberships_contains_paywalled_content":false,"_jetpack_memberships_contains_paid_content":false,"footnotes":"","jetpack_publicize_message":"","jetpack_publicize_feature_enabled":true,"jetpack_social_post_already_shared":true,"jetpack_social_options":{"image_generator_settings":{"template":"highway","default_image_id":0,"font":"","enabled":false},"version":2}},"categories":[27,1],"tags":[],"class_list":["post-32421","post","type-post","status-publish","format-standard","has-post-thumbnail","hentry","category-blogu-i-udhetarit","category-njoftime-shtypi"],"jetpack_publicize_connections":[],"jetpack_featured_media_url":"https:\/\/i0.wp.com\/www.shqiperia.com\/blog\/wp-content\/uploads\/2020\/03\/800-0-5e6f7eed07321.png?fit=800%2C416&ssl=1","jetpack_sharing_enabled":true,"jetpack_shortlink":"https:\/\/wp.me\/p5Z6wp-8qV","jetpack-related-posts":[{"id":52724,"url":"https:\/\/www.shqiperia.com\/blog\/rendohet-bilanci-i-viktimave-ne-2-spitalet-covid-5-humbje-jete-deri-ne-mesdite\/","url_meta":{"origin":32421,"position":0},"title":"R\u00ebndohet bilanci i viktimave n\u00eb 2 spitalet COVID, 5 humbje jete deri n\u00eb mesdit\u00eb","author":"Kurt Farka","date":"December 27, 2021","format":false,"excerpt":"R\u00ebndohet bilanci i viktimave n\u00eb 2 spitalet COVID, 5 humbje jete deri n\u00eb mesdit\u00eb - 27.12.21 Sot r\u00ebndohet bilanci i viktimave n\u00eb dy spitalet COVID n\u00eb Tiran\u00eb. Prej m\u00ebngjesit e deri n\u00eb mesdit\u00ebn e dit\u00ebs s\u00eb h\u00ebn\u00eb raportohen jo-zyrtarisht 5 humbje jete n\u00eb nj\u00eb koh\u00eb q\u00eb dy spitalet s\u00eb bashku\u2026","rel":"","context":"In &quot;Blogu i Udh\u00ebtarit&quot;","block_context":{"text":"Blogu i Udh\u00ebtarit","link":"https:\/\/www.shqiperia.com\/blog\/category\/blogu-i-udhetarit\/"},"img":{"alt_text":"","src":"https:\/\/i0.wp.com\/www.shqiperia.com\/blog\/wp-content\/uploads\/2021\/12\/covid19.jpg?fit=632%2C372&ssl=1&resize=350%2C200","width":350,"height":200,"srcset":"https:\/\/i0.wp.com\/www.shqiperia.com\/blog\/wp-content\/uploads\/2021\/12\/covid19.jpg?fit=632%2C372&ssl=1&resize=350%2C200 1x, https:\/\/i0.wp.com\/www.shqiperia.com\/blog\/wp-content\/uploads\/2021\/12\/covid19.jpg?fit=632%2C372&ssl=1&resize=525%2C300 1.5x"},"classes":[]},{"id":32462,"url":"https:\/\/www.shqiperia.com\/blog\/16-mars-drama-e-sanatoriumit-tre-mjeke-dhe-tre-infermiere-te-infektuar-me-koronavirus\/","url_meta":{"origin":32421,"position":1},"title":"16 mars &#8211; Drama e Sanatoriumit, tre mjek\u00eb dhe tre infermier\u00eb t\u00eb infektuar me koronavirus","author":"Kurt Farka","date":"March 17, 2020","format":false,"excerpt":"16 mars - Drama e Sanatoriumit, tre mjek\u00eb dhe tre infermier\u00eb t\u00eb infektuar me koronavirus - 16\/03\/20 Tre mjek\u00eb dhe tre infermiere t\u00eb spitalit \u201cShefqet Ndroqi\u201d n\u00eb Tiran\u00eb jan\u00eb bart\u00ebs t\u00eb virusit COVID-19. Dy mjek\u00eb rezultuan pozitiv\u00eb nj\u00eb dit\u00eb m\u00eb par\u00eb, nd\u00ebrsa 4 t\u00eb tjer\u00ebt nga personeli sh\u00ebndet\u00ebsor i k\u00ebtij\u2026","rel":"","context":"In &quot;Blogu i Udh\u00ebtarit&quot;","block_context":{"text":"Blogu i Udh\u00ebtarit","link":"https:\/\/www.shqiperia.com\/blog\/category\/blogu-i-udhetarit\/"},"img":{"alt_text":"","src":"https:\/\/i0.wp.com\/www.shqiperia.com\/blog\/wp-content\/uploads\/2020\/03\/koronavirus-1-1024x576-1-905x450-1.jpg?fit=905%2C450&ssl=1&resize=350%2C200","width":350,"height":200,"srcset":"https:\/\/i0.wp.com\/www.shqiperia.com\/blog\/wp-content\/uploads\/2020\/03\/koronavirus-1-1024x576-1-905x450-1.jpg?fit=905%2C450&ssl=1&resize=350%2C200 1x, https:\/\/i0.wp.com\/www.shqiperia.com\/blog\/wp-content\/uploads\/2020\/03\/koronavirus-1-1024x576-1-905x450-1.jpg?fit=905%2C450&ssl=1&resize=525%2C300 1.5x, https:\/\/i0.wp.com\/www.shqiperia.com\/blog\/wp-content\/uploads\/2020\/03\/koronavirus-1-1024x576-1-905x450-1.jpg?fit=905%2C450&ssl=1&resize=700%2C400 2x"},"classes":[]},{"id":32988,"url":"https:\/\/www.shqiperia.com\/blog\/aparaturat-shpetuese-shqiperia-siguron-5-respiratore-te-rinj-per-spitalin-shefqet-ndroqi\/","url_meta":{"origin":32421,"position":2},"title":"Aparaturat shp\u00ebtuese, Shqip\u00ebria siguron 5 respirator\u00eb t\u00eb rinj p\u00ebr Spitalin \u201cShefqet Ndroqi\u201d","author":"Kurt Farka","date":"April 2, 2020","format":false,"excerpt":"Aparaturat shp\u00ebtuese, Shqip\u00ebria siguron 5 respirator\u00eb t\u00eb rinj p\u00ebr Spitalin \u201cShefqet Ndroqi\u201d 2 Prill 2020 Vjen sasia e par\u00eb e respirator\u00ebve t\u00eb rinj, financim i qeveris\u00eb shqiptare p\u00ebr forcimin e kapaciteteve n\u00eb p\u00ebrballimin e situat\u00ebs s\u00eb COVID-19. Ministrja e Sh\u00ebndet\u00ebsis\u00eb dhe Mbrojtjes Sociale Ogerta Manastirliu ka komunikuar drejtp\u00ebrdrejt me ekipin\u2026","rel":"","context":"In &quot;Blogu i Udh\u00ebtarit&quot;","block_context":{"text":"Blogu i Udh\u00ebtarit","link":"https:\/\/www.shqiperia.com\/blog\/category\/blogu-i-udhetarit\/"},"img":{"alt_text":"","src":"https:\/\/i0.wp.com\/www.shqiperia.com\/blog\/wp-content\/uploads\/2020\/04\/auto_Foto-Respiratore_NEONATOLOGJIA_11556190945.jpg?fit=900%2C515&ssl=1&resize=350%2C200","width":350,"height":200,"srcset":"https:\/\/i0.wp.com\/www.shqiperia.com\/blog\/wp-content\/uploads\/2020\/04\/auto_Foto-Respiratore_NEONATOLOGJIA_11556190945.jpg?fit=900%2C515&ssl=1&resize=350%2C200 1x, https:\/\/i0.wp.com\/www.shqiperia.com\/blog\/wp-content\/uploads\/2020\/04\/auto_Foto-Respiratore_NEONATOLOGJIA_11556190945.jpg?fit=900%2C515&ssl=1&resize=525%2C300 1.5x, https:\/\/i0.wp.com\/www.shqiperia.com\/blog\/wp-content\/uploads\/2020\/04\/auto_Foto-Respiratore_NEONATOLOGJIA_11556190945.jpg?fit=900%2C515&ssl=1&resize=700%2C400 2x"},"classes":[]},{"id":37170,"url":"https:\/\/www.shqiperia.com\/blog\/alfred-cako-plas-bomben-antenat-5g-tek-senatoriumi-po-vrasin-te-semuret\/","url_meta":{"origin":32421,"position":3},"title":"Alfred Cako plas \u2018bomb\u00ebn\u2019: Antenat 5G tek senatoriumi po vrasin t\u00eb s\u00ebmur\u00ebt","author":"Kurt Farka","date":"August 13, 2020","format":false,"excerpt":"Alfred Cako plas \u2018bomb\u00ebn\u2019: Antenat 5G tek senatoriumi po vrasin t\u00eb s\u00ebmur\u00ebt Nga\u00a0 Gazeta Telegraf 10 Gusht, 2020 Konspiracionisti dhe studiuesi i njohur, Alfred Cako, pas shum\u00eb e shum\u00eb reagimeve mbi situat\u00ebn e koronavirusit ka hedhur edhe sot dyshime p\u00ebr s\u00ebmundjen q\u00eb ka gjunj\u00ebzuar bot\u00ebn. P\u00ebrmes nj\u00eb postimi n\u00eb Facebook,\u2026","rel":"","context":"In &quot;Blogu i Udh\u00ebtarit&quot;","block_context":{"text":"Blogu i Udh\u00ebtarit","link":"https:\/\/www.shqiperia.com\/blog\/category\/blogu-i-udhetarit\/"},"img":{"alt_text":"","src":"https:\/\/i0.wp.com\/www.shqiperia.com\/blog\/wp-content\/uploads\/2020\/08\/Antenat-tek-Sanotariumi.jpg?fit=545%2C305&ssl=1&resize=350%2C200","width":350,"height":200,"srcset":"https:\/\/i0.wp.com\/www.shqiperia.com\/blog\/wp-content\/uploads\/2020\/08\/Antenat-tek-Sanotariumi.jpg?fit=545%2C305&ssl=1&resize=350%2C200 1x, https:\/\/i0.wp.com\/www.shqiperia.com\/blog\/wp-content\/uploads\/2020\/08\/Antenat-tek-Sanotariumi.jpg?fit=545%2C305&ssl=1&resize=525%2C300 1.5x"},"classes":[]},{"id":44941,"url":"https:\/\/www.shqiperia.com\/blog\/do-jete-kandidate-e-ps-ilir-demalia-tregon-se-cfare-fshihet-pas-vendimit-te-rames-per-najada-comon\/","url_meta":{"origin":32421,"position":4},"title":"Do jet\u00eb kandidate e PS! Ilir Demalia tregon se \u00e7far\u00eb fshihet pas vendimit t\u00eb Ram\u00ebs p\u00ebr Najada \u00c7omon","author":"Kurt Farka","date":"March 4, 2021","format":false,"excerpt":"Do jet\u00eb kandidate e PS! Ilir Demalia tregon se \u00e7far\u00eb fshihet pas vendimit t\u00eb Ram\u00ebs p\u00ebr Najada \u00c7omon 4 MARS 2021 Shefja e Spitalit Infektiv do t\u00eb kandidoj\u00eb n\u00eb Tiran\u00eb, nd\u00ebrsa lajmi i u b\u00eb publik pik\u00ebrisht n\u00eb dit\u00ebn kur Tritan Kalo, nj\u00eb nga mjek\u00ebt infeksionist\u00eb t\u00eb njohur t\u00eb Shqip\u00ebris\u00eb\u2026","rel":"","context":"In &quot;Blogu i Udh\u00ebtarit&quot;","block_context":{"text":"Blogu i Udh\u00ebtarit","link":"https:\/\/www.shqiperia.com\/blog\/category\/blogu-i-udhetarit\/"},"img":{"alt_text":"","src":"https:\/\/i0.wp.com\/www.shqiperia.com\/blog\/wp-content\/uploads\/2021\/03\/Najada-Como.jpg?fit=899%2C475&ssl=1&resize=350%2C200","width":350,"height":200,"srcset":"https:\/\/i0.wp.com\/www.shqiperia.com\/blog\/wp-content\/uploads\/2021\/03\/Najada-Como.jpg?fit=899%2C475&ssl=1&resize=350%2C200 1x, https:\/\/i0.wp.com\/www.shqiperia.com\/blog\/wp-content\/uploads\/2021\/03\/Najada-Como.jpg?fit=899%2C475&ssl=1&resize=525%2C300 1.5x, https:\/\/i0.wp.com\/www.shqiperia.com\/blog\/wp-content\/uploads\/2021\/03\/Najada-Como.jpg?fit=899%2C475&ssl=1&resize=700%2C400 2x"},"classes":[]},{"id":33303,"url":"https:\/\/www.shqiperia.com\/blog\/tek-infektivi-ishte-nje-tmerr-i-vertete-berisha-reagon-pas-deklaratave-te-ish-futbollistit-ndersa-mjeku-pipero-preferon-te\/","url_meta":{"origin":32421,"position":5},"title":"\u201cTek Infektivi ishte nj\u00eb tmerr i v\u00ebrtet\u00eb\u201d- Berisha reagon pas deklaratave t\u00eb ish-futbollistit, nd\u00ebrsa mjeku Pipero preferon t\u00eb\u2026","author":"Kurt Farka","date":"April 11, 2020","format":false,"excerpt":"\u201cTek Infektivi ishte nj\u00eb tmerr i v\u00ebrtet\u00eb\u201d- Berisha reagon pas deklaratave t\u00eb ish-futbollistit, nd\u00ebrsa mjeku Pipero preferon t\u00eb\u2026 10 prill \u00a02020 Ish-futbollisti i Tiran\u00ebs Florian Riza denoncoi nj\u00eb dit\u00eb m\u00eb par\u00eb munges\u00ebn e kushteteve elementare n\u00eb Spitalin Infektiv n\u00eb Tiran\u00eb ku q\u00ebndroi i shtruar prej disa dit\u00ebsh. Duke marr\u00eb shkas\u00eb\u2026","rel":"","context":"In &quot;Blogu i Udh\u00ebtarit&quot;","block_context":{"text":"Blogu i Udh\u00ebtarit","link":"https:\/\/www.shqiperia.com\/blog\/category\/blogu-i-udhetarit\/"},"img":{"alt_text":"","src":"https:\/\/i0.wp.com\/www.shqiperia.com\/blog\/wp-content\/uploads\/2020\/04\/urgjenca-infektive-tirane.jpeg?fit=574%2C365&ssl=1&resize=350%2C200","width":350,"height":200,"srcset":"https:\/\/i0.wp.com\/www.shqiperia.com\/blog\/wp-content\/uploads\/2020\/04\/urgjenca-infektive-tirane.jpeg?fit=574%2C365&ssl=1&resize=350%2C200 1x, https:\/\/i0.wp.com\/www.shqiperia.com\/blog\/wp-content\/uploads\/2020\/04\/urgjenca-infektive-tirane.jpeg?fit=574%2C365&ssl=1&resize=525%2C300 1.5x"},"classes":[]}],"_links":{"self":[{"href":"https:\/\/www.shqiperia.com\/blog\/wp-json\/wp\/v2\/posts\/32421","targetHints":{"allow":["GET"]}}],"collection":[{"href":"https:\/\/www.shqiperia.com\/blog\/wp-json\/wp\/v2\/posts"}],"about":[{"href":"https:\/\/www.shqiperia.com\/blog\/wp-json\/wp\/v2\/types\/post"}],"author":[{"embeddable":true,"href":"https:\/\/www.shqiperia.com\/blog\/wp-json\/wp\/v2\/users\/9"}],"replies":[{"embeddable":true,"href":"https:\/\/www.shqiperia.com\/blog\/wp-json\/wp\/v2\/comments?post=32421"}],"version-history":[{"count":1,"href":"https:\/\/www.shqiperia.com\/blog\/wp-json\/wp\/v2\/posts\/32421\/revisions"}],"predecessor-version":[{"id":32423,"href":"https:\/\/www.shqiperia.com\/blog\/wp-json\/wp\/v2\/posts\/32421\/revisions\/32423"}],"wp:featuredmedia":[{"embeddable":true,"href":"https:\/\/www.shqiperia.com\/blog\/wp-json\/wp\/v2\/media\/32422"}],"wp:attachment":[{"href":"https:\/\/www.shqiperia.com\/blog\/wp-json\/wp\/v2\/media?parent=32421"}],"wp:term":[{"taxonomy":"category","embeddable":true,"href":"https:\/\/www.shqiperia.com\/blog\/wp-json\/wp\/v2\/categories?post=32421"},{"taxonomy":"post_tag","embeddable":true,"href":"https:\/\/www.shqiperia.com\/blog\/wp-json\/wp\/v2\/tags?post=32421"}],"curies":[{"name":"wp","href":"https:\/\/api.w.org\/{rel}","templated":true}]}}