{"id":32040,"date":"2020-03-04T14:36:15","date_gmt":"2020-03-04T14:36:15","guid":{"rendered":"https:\/\/www.shqiperia.com\/blog\/?p=32040"},"modified":"2020-03-04T14:36:15","modified_gmt":"2020-03-04T14:36:15","slug":"ambasadorja-kim-e-prere-per-donacionet-e-mbledhura-te-shkojne-sot-ne-komitetin-e-rindertimit","status":"publish","type":"post","link":"https:\/\/www.shqiperia.com\/blog\/ambasadorja-kim-e-prere-per-donacionet-e-mbledhura-te-shkojne-sot-ne-komitetin-e-rindertimit\/","title":{"rendered":"Ambasadorja KIM e prer\u00eb p\u00ebr donacionet e mbledhura, t\u00eb shkojn\u00eb\u2026\u00a0 Sot ne Komitetin e Rind\u00ebrtimit."},"content":{"rendered":"<p><img data-recalc-dims=\"1\" loading=\"lazy\" decoding=\"async\" data-attachment-id=\"32041\" data-permalink=\"https:\/\/www.shqiperia.com\/blog\/ambasadorja-kim-e-prere-per-donacionet-e-mbledhura-te-shkojne-sot-ne-komitetin-e-rindertimit\/20200304_130300-768x388\/\" data-orig-file=\"https:\/\/i0.wp.com\/www.shqiperia.com\/blog\/wp-content\/uploads\/2020\/03\/20200304_130300-768x388-1.jpg?fit=768%2C388&amp;ssl=1\" data-orig-size=\"768,388\" data-comments-opened=\"1\" data-image-meta=\"{&quot;aperture&quot;:&quot;0&quot;,&quot;credit&quot;:&quot;&quot;,&quot;camera&quot;:&quot;&quot;,&quot;caption&quot;:&quot;&quot;,&quot;created_timestamp&quot;:&quot;0&quot;,&quot;copyright&quot;:&quot;&quot;,&quot;focal_length&quot;:&quot;0&quot;,&quot;iso&quot;:&quot;0&quot;,&quot;shutter_speed&quot;:&quot;0&quot;,&quot;title&quot;:&quot;&quot;,&quot;orientation&quot;:&quot;0&quot;}\" data-image-title=\"20200304_130300-768&#215;388\" data-image-description=\"\" data-image-caption=\"\" data-medium-file=\"https:\/\/i0.wp.com\/www.shqiperia.com\/blog\/wp-content\/uploads\/2020\/03\/20200304_130300-768x388-1.jpg?fit=300%2C152&amp;ssl=1\" data-large-file=\"https:\/\/i0.wp.com\/www.shqiperia.com\/blog\/wp-content\/uploads\/2020\/03\/20200304_130300-768x388-1.jpg?fit=768%2C388&amp;ssl=1\" class=\"alignnone  wp-image-32041\" alt=\"\" src=\"https:\/\/i0.wp.com\/www.shqiperia.com\/blog\/wp-content\/uploads\/2020\/03\/20200304_130300-768x388-1.jpg?resize=737%2C376&#038;ssl=1\" width=\"737\" height=\"376\" \/><\/p>\n<p><strong>Ambasadorja KIM e prer\u00eb p\u00ebr donacionet e mbledhura, t\u00eb shkojn\u00eb\u2026\u00a0 Sot ne Komitetin e Rind\u00ebrtimit.<\/strong><\/p>\n<p>Mars 4, 2020<\/p>\n<p>Ambasadorja amerikane, Yuri Kim ka mbajtur nj\u00eb fjal\u00eb t\u00eb shkurt\u00ebr n\u00eb mbledhjen e Komitetit t\u00eb Rind\u00ebrtimit i cili po mbahet n\u00eb k\u00ebto momente i udh\u00ebhequr nga kryeministri Rama.<\/p>\n<p>Duke folur p\u00ebr t\u00eb gjith\u00eb donacionet q\u00eb Shqip\u00ebria ka marr\u00eb p\u00ebr rind\u00ebrtimin, ajo tha se Amerika do ofroj\u00eb ndihm\u00eb teknike q\u00eb donacionet t\u00eb shpenzohen n\u00eb m\u00ebnyr\u00eb t\u00eb duhur.<\/p>\n<p>\u201c I mir\u00ebprit\u00ebm planet tuaja p\u00ebr rind\u00ebrtimin. Rezultatet e konferenc\u00ebs , p\u00ebrb\u00ebjn\u00eb nj\u00eb investim simbolik dhe real p\u00ebr Shqip\u00ebrin\u00eb.Shum\u00eb mir\u00eb q\u00eb po organizoheni brenda vetit. Do jemi krah jush, edhe p\u00ebr ndihm\u00eb teknike q\u00eb donacionet do shpenzohen n\u00eb m\u00ebnyr\u00eb t\u00eb duhur\u201d, tha ajo.<\/p>\n<p>Nga: <a href=\"https:\/\/www.faktor.al\/2020\/03\/04\/komitetin-e-rindertimit-ambasadorja-kim-e-prere-per-donacionet-e-mbledhura-te-shkojne\/\">faktor.al<\/a><\/p>\n","protected":false},"excerpt":{"rendered":"<p>Ambasadorja KIM e prer\u00eb p\u00ebr donacionet e mbledhura, t\u00eb shkojn\u00eb\u2026\u00a0 Sot ne Komitetin e Rind\u00ebrtimit. Mars 4, 2020 Ambasadorja amerikane, Yuri Kim ka mbajtur nj\u00eb fjal\u00eb t\u00eb shkurt\u00ebr n\u00eb mbledhjen e Komitetit t\u00eb Rind\u00ebrtimit i cili po mbahet n\u00eb k\u00ebto momente i udh\u00ebhequr nga kryeministri Rama. Duke folur p\u00ebr t\u00eb gjith\u00eb donacionet q\u00eb Shqip\u00ebria ka [&hellip;]<\/p>\n","protected":false},"author":9,"featured_media":32041,"comment_status":"open","ping_status":"open","sticky":false,"template":"","format":"standard","meta":{"jetpack_post_was_ever_published":false,"_jetpack_newsletter_access":"","_jetpack_dont_email_post_to_subs":false,"_jetpack_newsletter_tier_id":0,"_jetpack_memberships_contains_paywalled_content":false,"_jetpack_memberships_contains_paid_content":false,"footnotes":"","jetpack_publicize_message":"","jetpack_publicize_feature_enabled":true,"jetpack_social_post_already_shared":true,"jetpack_social_options":{"image_generator_settings":{"template":"highway","default_image_id":0,"font":"","enabled":false},"version":2}},"categories":[27,2],"tags":[],"class_list":["post-32040","post","type-post","status-publish","format-standard","has-post-thumbnail","hentry","category-blogu-i-udhetarit","category-politika"],"jetpack_publicize_connections":[],"jetpack_featured_media_url":"https:\/\/i0.wp.com\/www.shqiperia.com\/blog\/wp-content\/uploads\/2020\/03\/20200304_130300-768x388-1.jpg?fit=768%2C388&ssl=1","jetpack_sharing_enabled":true,"jetpack_shortlink":"https:\/\/wp.me\/p5Z6wp-8kM","jetpack-related-posts":[{"id":31653,"url":"https:\/\/www.shqiperia.com\/blog\/soreca-donacionet-800-milione-jane-hua-ka-9-kushte-llogaridhenie\/","url_meta":{"origin":32040,"position":0},"title":"Soreca: Donacionet, 800 milion\u00eb jan\u00eb hua, ka 9 kushte llogaridh\u00ebnie","author":"Kurt Farka","date":"February 21, 2020","format":false,"excerpt":"Soreca: Donacionet, 800 milion\u00eb jan\u00eb hua, ka 9 kushte llogaridh\u00ebnie 20 shkurt\u00a0 2020 Kreu i delegacionit t\u00eb BE n\u00eb Tiran\u00eb, Luigi Soreca, tre dit\u00eb m\u00eb pas nga konferenca e donator\u00ebve n\u00eb Bruksel, ku u mblodh\u00ebn 1.15 miliard\u00eb euro, n\u00eb nj\u00eb intervist\u00eb p\u00ebr TCH, i p\u00ebrgjigjet pyetjes se nga kjo kjo\u2026","rel":"","context":"In &quot;Blogu i Udh\u00ebtarit&quot;","block_context":{"text":"Blogu i Udh\u00ebtarit","link":"https:\/\/www.shqiperia.com\/blog\/category\/blogu-i-udhetarit\/"},"img":{"alt_text":"","src":"https:\/\/i0.wp.com\/www.shqiperia.com\/blog\/wp-content\/uploads\/2020\/02\/soreca-1-905x450-1.jpg?fit=905%2C450&ssl=1&resize=350%2C200","width":350,"height":200,"srcset":"https:\/\/i0.wp.com\/www.shqiperia.com\/blog\/wp-content\/uploads\/2020\/02\/soreca-1-905x450-1.jpg?fit=905%2C450&ssl=1&resize=350%2C200 1x, https:\/\/i0.wp.com\/www.shqiperia.com\/blog\/wp-content\/uploads\/2020\/02\/soreca-1-905x450-1.jpg?fit=905%2C450&ssl=1&resize=525%2C300 1.5x, https:\/\/i0.wp.com\/www.shqiperia.com\/blog\/wp-content\/uploads\/2020\/02\/soreca-1-905x450-1.jpg?fit=905%2C450&ssl=1&resize=700%2C400 2x"},"classes":[]},{"id":31530,"url":"https:\/\/www.shqiperia.com\/blog\/ambasada-amerikane-paralajmeron-ahmetajn-mos-vidh-fondet-e-termetit\/","url_meta":{"origin":32040,"position":1},"title":"Ambasada Amerikane paralajm\u00ebron Ahmetajn: &#8211; Mos vidh fondet e t\u00ebrmetit!","author":"Kurt Farka","date":"February 15, 2020","format":false,"excerpt":"Ambasada Amerikane paralajm\u00ebron Ahmetajn: - Mos vidh fondet e t\u00ebrmetit! 14 Shkurt 2020 Arben Ahmetaj, nj\u00eb prej ministrave m\u00eb t\u00eb akuzuar p\u00ebr korrupsion dhe shpenzime luksi, \u00ebsht\u00eb takuar sot me ambasadoren e SHBA, Yuri Kim. P\u00ebrmes nj\u00eb deklarate, ambasada ka dh\u00ebn\u00eb detaje nga takimi, ku n\u00ebnvizohet se i ka k\u00ebrkuar\u2026","rel":"","context":"In &quot;Blogu i Udh\u00ebtarit&quot;","block_context":{"text":"Blogu i Udh\u00ebtarit","link":"https:\/\/www.shqiperia.com\/blog\/category\/blogu-i-udhetarit\/"},"img":{"alt_text":"","src":"https:\/\/i0.wp.com\/www.shqiperia.com\/blog\/wp-content\/uploads\/2020\/02\/Ambasadoria-e-SHBA-Yuri-Kim-dhe-Arben-Ahmetaj..png?fit=637%2C331&ssl=1&resize=350%2C200","width":350,"height":200,"srcset":"https:\/\/i0.wp.com\/www.shqiperia.com\/blog\/wp-content\/uploads\/2020\/02\/Ambasadoria-e-SHBA-Yuri-Kim-dhe-Arben-Ahmetaj..png?fit=637%2C331&ssl=1&resize=350%2C200 1x, https:\/\/i0.wp.com\/www.shqiperia.com\/blog\/wp-content\/uploads\/2020\/02\/Ambasadoria-e-SHBA-Yuri-Kim-dhe-Arben-Ahmetaj..png?fit=637%2C331&ssl=1&resize=525%2C300 1.5x"},"classes":[]},{"id":92935,"url":"https:\/\/www.shqiperia.com\/blog\/fondet-e-rindertimit-te-termetit-miliona-euro-te-mbledhura-nga-shoqatat-e-bamiresise-u-zhduken\/","url_meta":{"origin":32040,"position":2},"title":"Fondet e rind\u00ebrtimit te termetit: &#8211; Miliona euro t\u00eb mbledhura nga shoqatat e bamir\u00ebsis\u00eb, u  zhduk\u00ebn.","author":"Kurt Farka","date":"August 12, 2025","format":false,"excerpt":"12 Gusht 2025 Ilir Hoxholli n\u00eb k\u00ebt\u00eb pozicion u em\u00ebrua nga vet\u00eb Kryeministri n\u00eb 30 dhjetor t\u00eb vitit 2019. Pas sht\u00ebpis\u00eb modeste t\u00eb hoxh\u00ebs me hije 'kumbari' Elvis Na\u00e7i n\u00eb periferi t\u00eb Tiran\u00ebs, fshihet nj\u00eb perandori e frikshme financiare, produkt i vjedhjes s\u00eb fondeve t\u00eb t\u00ebrmetit dhe donacioneve p\u00ebr t\u00eb\u2026","rel":"","context":"In &quot;Blogu i Udh\u00ebtarit&quot;","block_context":{"text":"Blogu i Udh\u00ebtarit","link":"https:\/\/www.shqiperia.com\/blog\/category\/blogu-i-udhetarit\/"},"img":{"alt_text":"","src":"https:\/\/i0.wp.com\/www.shqiperia.com\/blog\/wp-content\/uploads\/2025\/08\/640-0-capturepng-1755022602.png?fit=640%2C427&ssl=1&resize=350%2C200","width":350,"height":200,"srcset":"https:\/\/i0.wp.com\/www.shqiperia.com\/blog\/wp-content\/uploads\/2025\/08\/640-0-capturepng-1755022602.png?fit=640%2C427&ssl=1&resize=350%2C200 1x, https:\/\/i0.wp.com\/www.shqiperia.com\/blog\/wp-content\/uploads\/2025\/08\/640-0-capturepng-1755022602.png?fit=640%2C427&ssl=1&resize=525%2C300 1.5x"},"classes":[]},{"id":41219,"url":"https:\/\/www.shqiperia.com\/blog\/1-vit-pas-termetit-kemi-minister-per-rindertimin-por-shume-pak-shtepi-te-reja\/","url_meta":{"origin":32040,"position":3},"title":"1 vit pas t\u00ebrmetit \u2013 Kemi minist\u00ebr p\u00ebr Rind\u00ebrtimin, por shum\u00eb pak sht\u00ebpi t\u00eb reja","author":"Kurt Farka","date":"November 26, 2020","format":false,"excerpt":"1 vit pas t\u00ebrmetit \u2013 Kemi minist\u00ebr p\u00ebr Rind\u00ebrtimin, por shum\u00eb pak sht\u00ebpi t\u00eb reja - 26\/11\/20 Sot b\u00ebhet 1 vit nga zgjimi m\u00eb dramatik i shqiptar\u00ebve n\u00eb or\u00ebn 4 t\u00eb m\u00ebngjesit t\u00eb 26 n\u00ebntorit, ku nga t\u00ebrmeti trondit\u00ebs, 51 vet\u00eb humb\u00ebn jet\u00ebn. Mij\u00ebra t\u00eb pastreh\u00eb, jan\u00eb edhe sot pa\u2026","rel":"","context":"In &quot;Blogu i Udh\u00ebtarit&quot;","block_context":{"text":"Blogu i Udh\u00ebtarit","link":"https:\/\/www.shqiperia.com\/blog\/category\/blogu-i-udhetarit\/"},"img":{"alt_text":"","src":"https:\/\/i0.wp.com\/www.shqiperia.com\/blog\/wp-content\/uploads\/2020\/11\/0CA48BCB-C1A9-451F-8E52-8A97350E81D1.jpeg?fit=1200%2C675&ssl=1&resize=350%2C200","width":350,"height":200,"srcset":"https:\/\/i0.wp.com\/www.shqiperia.com\/blog\/wp-content\/uploads\/2020\/11\/0CA48BCB-C1A9-451F-8E52-8A97350E81D1.jpeg?fit=1200%2C675&ssl=1&resize=350%2C200 1x, https:\/\/i0.wp.com\/www.shqiperia.com\/blog\/wp-content\/uploads\/2020\/11\/0CA48BCB-C1A9-451F-8E52-8A97350E81D1.jpeg?fit=1200%2C675&ssl=1&resize=525%2C300 1.5x, https:\/\/i0.wp.com\/www.shqiperia.com\/blog\/wp-content\/uploads\/2020\/11\/0CA48BCB-C1A9-451F-8E52-8A97350E81D1.jpeg?fit=1200%2C675&ssl=1&resize=700%2C400 2x, https:\/\/i0.wp.com\/www.shqiperia.com\/blog\/wp-content\/uploads\/2020\/11\/0CA48BCB-C1A9-451F-8E52-8A97350E81D1.jpeg?fit=1200%2C675&ssl=1&resize=1050%2C600 3x"},"classes":[]},{"id":43493,"url":"https:\/\/www.shqiperia.com\/blog\/a-do-kemi-peshq-te-medhenj-ne-rrjete-kete-vit-ambasadorja-yuri-kim-i-jep-pergjigjen-e-prere-gazetarit\/","url_meta":{"origin":32040,"position":4},"title":"A do kemi \u2018Peshq t\u00eb m\u00ebdhenj\u2019 n\u00eb rrjet\u00eb k\u00ebt\u00eb vit? Ambasadorja Yuri Kim i jep p\u00ebrgjigjen e prer\u00eb gazetarit","author":"Kurt Farka","date":"January 29, 2021","format":false,"excerpt":"A do kemi \u2018Peshq t\u00eb m\u00ebdhenj\u2019 n\u00eb rrjet\u00eb k\u00ebt\u00eb vit? Ambasadorja Yuri Kim i jep p\u00ebrgjigjen e prer\u00eb gazetarit 28 JANAR 2021 Ambasadorja amerikane Yuri Kim e ftuar n\u00eb emisionin \u2018\u2019Real Story\u2019\u2019 t\u00eb Sokol Ball\u00ebs n\u00eb\u00a0News24\u00a0ka deklaruar se Shqip\u00ebria po fillon t\u00eb shoh\u00eb rezultate n\u00eb fush\u00ebn e drejt\u00ebsis\u00eb, edhe pse\u2026","rel":"","context":"In &quot;Blogu i Udh\u00ebtarit&quot;","block_context":{"text":"Blogu i Udh\u00ebtarit","link":"https:\/\/www.shqiperia.com\/blog\/category\/blogu-i-udhetarit\/"},"img":{"alt_text":"","src":"https:\/\/i0.wp.com\/www.shqiperia.com\/blog\/wp-content\/uploads\/2021\/01\/640-0-601327f86fa0d.png?fit=640%2C362&ssl=1&resize=350%2C200","width":350,"height":200,"srcset":"https:\/\/i0.wp.com\/www.shqiperia.com\/blog\/wp-content\/uploads\/2021\/01\/640-0-601327f86fa0d.png?fit=640%2C362&ssl=1&resize=350%2C200 1x, https:\/\/i0.wp.com\/www.shqiperia.com\/blog\/wp-content\/uploads\/2021\/01\/640-0-601327f86fa0d.png?fit=640%2C362&ssl=1&resize=525%2C300 1.5x"},"classes":[]},{"id":36534,"url":"https:\/\/www.shqiperia.com\/blog\/perplasja-per-ndryshimet-kushtetuese-dhe-listat-e-hapura-ambasadorja-e-shba-dhe-ai-i-be-se-i-shkojne-rames-ne-zyre\/","url_meta":{"origin":32040,"position":5},"title":"P\u00ebrplasja p\u00ebr ndryshimet kushtetuese dhe listat e hapura, ambasadorja e SHBA dhe ai i BE-s\u00eb i shkojn\u00eb Ram\u00ebs n\u00eb zyr\u00eb","author":"Kurt Farka","date":"July 27, 2020","format":false,"excerpt":"P\u00ebrplasja p\u00ebr ndryshimet kushtetuese dhe listat e hapura, ambasadorja e SHBA dhe ai i BE-s\u00eb i shkojn\u00eb Ram\u00ebs n\u00eb zyr\u00eb \u00a027 korrk 2020 Nd\u00ebrkoh\u00eb q\u00eb Kuvendi i Shqip\u00ebris\u00eb ka nisur sot seanc\u00ebn plenare, t\u00eb par\u00ebn e nj\u00eb serie maraton\u00eb q\u00eb do t\u00eb mbyllet me hapjen e listave n\u00eb 30 korrik\u2026","rel":"","context":"In &quot;Blogu i Udh\u00ebtarit&quot;","block_context":{"text":"Blogu i Udh\u00ebtarit","link":"https:\/\/www.shqiperia.com\/blog\/category\/blogu-i-udhetarit\/"},"img":{"alt_text":"","src":"https:\/\/i0.wp.com\/www.shqiperia.com\/blog\/wp-content\/uploads\/2020\/07\/800-480-5f1e937d7b671.jpg?fit=800%2C480&ssl=1&resize=350%2C200","width":350,"height":200,"srcset":"https:\/\/i0.wp.com\/www.shqiperia.com\/blog\/wp-content\/uploads\/2020\/07\/800-480-5f1e937d7b671.jpg?fit=800%2C480&ssl=1&resize=350%2C200 1x, https:\/\/i0.wp.com\/www.shqiperia.com\/blog\/wp-content\/uploads\/2020\/07\/800-480-5f1e937d7b671.jpg?fit=800%2C480&ssl=1&resize=525%2C300 1.5x, https:\/\/i0.wp.com\/www.shqiperia.com\/blog\/wp-content\/uploads\/2020\/07\/800-480-5f1e937d7b671.jpg?fit=800%2C480&ssl=1&resize=700%2C400 2x"},"classes":[]}],"_links":{"self":[{"href":"https:\/\/www.shqiperia.com\/blog\/wp-json\/wp\/v2\/posts\/32040","targetHints":{"allow":["GET"]}}],"collection":[{"href":"https:\/\/www.shqiperia.com\/blog\/wp-json\/wp\/v2\/posts"}],"about":[{"href":"https:\/\/www.shqiperia.com\/blog\/wp-json\/wp\/v2\/types\/post"}],"author":[{"embeddable":true,"href":"https:\/\/www.shqiperia.com\/blog\/wp-json\/wp\/v2\/users\/9"}],"replies":[{"embeddable":true,"href":"https:\/\/www.shqiperia.com\/blog\/wp-json\/wp\/v2\/comments?post=32040"}],"version-history":[{"count":1,"href":"https:\/\/www.shqiperia.com\/blog\/wp-json\/wp\/v2\/posts\/32040\/revisions"}],"predecessor-version":[{"id":32042,"href":"https:\/\/www.shqiperia.com\/blog\/wp-json\/wp\/v2\/posts\/32040\/revisions\/32042"}],"wp:featuredmedia":[{"embeddable":true,"href":"https:\/\/www.shqiperia.com\/blog\/wp-json\/wp\/v2\/media\/32041"}],"wp:attachment":[{"href":"https:\/\/www.shqiperia.com\/blog\/wp-json\/wp\/v2\/media?parent=32040"}],"wp:term":[{"taxonomy":"category","embeddable":true,"href":"https:\/\/www.shqiperia.com\/blog\/wp-json\/wp\/v2\/categories?post=32040"},{"taxonomy":"post_tag","embeddable":true,"href":"https:\/\/www.shqiperia.com\/blog\/wp-json\/wp\/v2\/tags?post=32040"}],"curies":[{"name":"wp","href":"https:\/\/api.w.org\/{rel}","templated":true}]}}