{"id":32037,"date":"2020-03-04T13:44:10","date_gmt":"2020-03-04T13:44:10","guid":{"rendered":"https:\/\/www.shqiperia.com\/blog\/?p=32037"},"modified":"2020-03-04T13:44:10","modified_gmt":"2020-03-04T13:44:10","slug":"ne-studion-e-piktores-xheneta-kadillari","status":"publish","type":"post","link":"https:\/\/www.shqiperia.com\/blog\/ne-studion-e-piktores-xheneta-kadillari\/","title":{"rendered":"N\u00eb studion e piktores Xheneta Kadillari"},"content":{"rendered":"<p><img data-recalc-dims=\"1\" loading=\"lazy\" decoding=\"async\" data-attachment-id=\"32038\" data-permalink=\"https:\/\/www.shqiperia.com\/blog\/ne-studion-e-piktores-xheneta-kadillari\/shkrimi-i-gjashte\/\" data-orig-file=\"https:\/\/i0.wp.com\/www.shqiperia.com\/blog\/wp-content\/uploads\/2020\/03\/shkrimi-i-gjashte.jpg?fit=960%2C830&amp;ssl=1\" data-orig-size=\"960,830\" data-comments-opened=\"1\" data-image-meta=\"{&quot;aperture&quot;:&quot;0&quot;,&quot;credit&quot;:&quot;&quot;,&quot;camera&quot;:&quot;&quot;,&quot;caption&quot;:&quot;&quot;,&quot;created_timestamp&quot;:&quot;0&quot;,&quot;copyright&quot;:&quot;&quot;,&quot;focal_length&quot;:&quot;0&quot;,&quot;iso&quot;:&quot;0&quot;,&quot;shutter_speed&quot;:&quot;0&quot;,&quot;title&quot;:&quot;&quot;,&quot;orientation&quot;:&quot;0&quot;}\" data-image-title=\"shkrimi-i-gjashte\" data-image-description=\"\" data-image-caption=\"\" data-medium-file=\"https:\/\/i0.wp.com\/www.shqiperia.com\/blog\/wp-content\/uploads\/2020\/03\/shkrimi-i-gjashte.jpg?fit=300%2C259&amp;ssl=1\" data-large-file=\"https:\/\/i0.wp.com\/www.shqiperia.com\/blog\/wp-content\/uploads\/2020\/03\/shkrimi-i-gjashte.jpg?fit=960%2C830&amp;ssl=1\" class=\"alignnone  wp-image-32038\" alt=\"\" src=\"https:\/\/i0.wp.com\/www.shqiperia.com\/blog\/wp-content\/uploads\/2020\/03\/shkrimi-i-gjashte.jpg?resize=524%2C452&#038;ssl=1\" width=\"524\" height=\"452\" srcset=\"https:\/\/i0.wp.com\/www.shqiperia.com\/blog\/wp-content\/uploads\/2020\/03\/shkrimi-i-gjashte.jpg?resize=300%2C259&amp;ssl=1 300w, https:\/\/i0.wp.com\/www.shqiperia.com\/blog\/wp-content\/uploads\/2020\/03\/shkrimi-i-gjashte.jpg?resize=768%2C664&amp;ssl=1 768w, https:\/\/i0.wp.com\/www.shqiperia.com\/blog\/wp-content\/uploads\/2020\/03\/shkrimi-i-gjashte.jpg?resize=450%2C389&amp;ssl=1 450w, https:\/\/i0.wp.com\/www.shqiperia.com\/blog\/wp-content\/uploads\/2020\/03\/shkrimi-i-gjashte.jpg?resize=600%2C519&amp;ssl=1 600w, https:\/\/i0.wp.com\/www.shqiperia.com\/blog\/wp-content\/uploads\/2020\/03\/shkrimi-i-gjashte.jpg?resize=400%2C346&amp;ssl=1 400w, https:\/\/i0.wp.com\/www.shqiperia.com\/blog\/wp-content\/uploads\/2020\/03\/shkrimi-i-gjashte.jpg?w=960&amp;ssl=1 960w\" sizes=\"auto, (max-width: 524px) 100vw, 524px\" \/><\/p>\n<p><strong>N\u00eb studion e piktores Xheneta Kadillari<\/strong><\/p>\n<p>02\/03\/20<\/p>\n<p><a href=\"https:\/\/gazetamapo.al\/ne-studion-e-piktores-xheneta-kadillari\/\"><strong>Nga Mark Simoni<\/strong><\/a><\/p>\n<p>Jam shume e nderuar kur mediat jane te interesuara per punen time artistike, por kjo ndodhe shum\u00eb rrall\u00eb ose vetem ateher\u00eb kur ju intereson atyre. Ne Shqiperi mungon shume kritika artistike, ka nje boshllek qe ekziston prej kohesh dhe qe ndjehet ne amulline e koncepteve rreth artit bashkekohore apo artit modern. Kritika ne shume raste behet nepermjet interesave klanore ose e imponuar nga vete artistet. Ne shume kritika artistike, kemi mungese te madhe sinqeriteti dhe si pasoje dhe keqinformime te artedashesve qe nuk dine se ku qendron vlera artistike e nje vepre arti. Nuk ka diferenca mes veprave medioker, amatore te kopjuara apo atyre profesionale me origjinalitet.<\/p>\n<p><strong>A mund t\u00eb na prezantoni disa nga tendencat dhe karakteristikat, apo temat e ve\u00e7anta q\u00eb ka fondi juaj?<\/strong><\/p>\n<p>Ne radhe te pare dua te evidentoj, si nje moment shume i rendesishem ne rrugetimin e krijimit, emocionin. Pa emocon nuk ka krijimtari. Ky emocion me vjen si rrezultat i impresionit qe me jep ajo qe shikoj ajo qe me godet ne momentin kur zbuloj di\u00e7ka ne natyre. Natyra per mua dhe per shume artista si une eshte nje liber i madh, ku mund te gjeshe ne te, gjera qe nuk do te kishin shkuar nder mend me pare. Por kjo natyre vjen e interpetuar ne telajo nga une sipas ndjesise time, kjo eshte nje moment shume i rendesishem per \u00e7do artist. Sipas meje interpretimi nepermjet mjetit artistik, eshte faza me e rendesishme e krijimtarise se nje artisti pa neglizhuar edhe fazat e tjera te krijimtarise, si\u00e7 eshte ajo e zgjedhjes kompozoicionale dhe mbyllja e nje vepre. Temat e mia qe me rrine me mire ne krijimtarine time eshte peizazhi, kompozime me figura njerezore, kali etjere.<\/p>\n<p><strong>\u00c7mendoni p\u00ebr piktur\u00ebn ton\u00eb t\u00eb tradit\u00ebs dhe penelist\u00ebt tan\u00eb t\u00eb d\u00ebgjuar?<\/strong><\/p>\n<p>Artet figurative ne Shqiperi kane nje baze te vyer, duke pase parasyshe pikturat e kishave\u00a0 bizantine te pikturuar nga Onufri dhe piktore te tjere bashkekohoreqe une i vlersoj shume si nje vlere e madhe ne duart tona. Keta artista do ti vleresoja si me te miret e te gjitha periudhave qe kemi kaluar ne vendin tone dhe do te kisha shume deshire te isha ne lartesine e tyre artistike.<\/p>\n<p><strong>A keni ju piktor\u00eb q\u00eb admironi, modele frym\u00ebzimi, shkolla dhe rryma q\u00eb p\u00eblqeni? N\u00ebse po, na thuaj di\u00e7ka rreth mardh\u00ebnieve t\u00eb artit tuaj me to.<\/strong><\/p>\n<p>M\u00eb p\u00eblqen shum\u00eb rryma e impresionizmit. Aty perfshihen shum\u00eb autor t\u00eb m\u00ebdhenj q\u00eb kan\u00eb stilet dhe ve\u00e7orite e tyre, por un\u00eb mundohem te ruaj natyr\u00ebn time krikuese, te mos imitoj ndonje autor. Kam par\u00eb galeri prestigjioze te Parisit, Amsterdamit,Londr\u00ebs, mjeshtrat e medhenj te piktur\u00ebs bot\u00ebrore, vlerat origjinale piktorike dhe kam nxjerr\u00eb mesime t\u00eb vyera p\u00ebr ecurine e krijimtaris\u00eb time personale.Nga te gjitha k\u00ebto sjell nd\u00ebr mend shprehjen e famshme p\u00ebr artin, te Mazarelit \u201d Artisti mund t\u00eb b\u00ebj\u00eb nj\u00eb art t\u00eb madh p\u00ebr koh\u00ebn e tij, vet\u00ebm at\u00ebher\u00eb, duke u mb\u00ebshtetur n\u00eb mjetet shpreh\u00ebse artistike n\u00eb krijimtarin\u00eb e tij.\u201d<\/p>\n<p><strong>Kam v\u00ebn\u00eb re se ju me koloni piktor\u00ebsh shkoni n\u00eb t\u00eb gjith\u00eb gjeografin\u00eb e Shqip\u00ebris\u00eb. Mund t\u00eb na thoni p\u00ebr impresionet n\u00eb k\u00ebto ekspozita dhe mardh\u00ebnia me miqt\u00eb tua piktor\u00eb?<\/strong><\/p>\n<p>Po \u00ebsht\u00eb e v\u00ebrtet\u00eb q\u00eb keto koh\u00ebt e fundit kemi pasur shum\u00eb organizime t\u00eb ndryshme, me q\u00ebllim q\u00eb t\u00eb b\u00ebjm\u00eb peizazhe nga i gjith\u00eb teritori i Shqiperis\u00eb dhe jasht\u00eb saj. Ne e kemi praktikuar edhe vet\u00eb m\u00eb p\u00ebrpara dhe si rezultat i kesaj\u00eb pune, un\u00eb kam dhe nje piktur\u00eb ne fondin e Galerise Komb\u00ebtare Tiran\u00eb, e cila \u00ebsht\u00eb cil\u00ebsuar si \u201cpeizazh tablo\u201ddhe qe ekspozohet her\u00eb pas here ne k\u00ebt\u00eb galeri dhe q\u00eb i q\u00ebndron koh\u00ebs m\u00eb s\u00eb miri.<br \/>\nKolonit\u00eb jan\u00eb nj\u00eb m\u00ebnyre e mir\u00eb p\u00ebr t\u00eb pasur sa m\u00eb shum\u00eb larmi dhe kompozime interesante. Emocioni q\u00eb vjen nga natyra \u00ebsht\u00eb shum\u00eb i domosdosh\u00ebm p\u00ebr nj\u00eb artist. Piktori e k\u00ebrkon k\u00ebndv\u00ebshtrimin dhe e krijon ne telajo kompozime sa m\u00eb origjinale, n\u00ebp\u00ebrmjet seleksionimit artistik dhe m\u00ebnyr\u00ebs s\u00eb tij\u00eb interpretuese. Un\u00eb jam pjestare e nj\u00eb grupimi artist\u00ebsh peizazhist\u00eb t\u00eb quajtur \u201cPlainAir\u201d. S\u00ebbashku me an\u00ebtar\u00ebt e tjer\u00eb t\u00eb k\u00ebtij\u00eb grupimi kemi hapur shum\u00eb ekspozita dhe m\u00eb t\u00eb r\u00ebnd\u00ebsishmet kan\u00eb q\u00ebn\u00eb 5 ekspozitat, e per \u00e7do viteve, q\u00eb jan\u00eb hapur n\u00eb Muzeun Historik Komb\u00ebtar\u00eb. K\u00ebto ekspozita kan\u00eb pas\u00eb nivel t\u00eb lart\u00eb artistik dhe secili nga 12 artist\u00ebt pjesmarr\u00ebs shpalosi origjinalitetin e vet atistik, gjithashtu n\u00eb \u00e7do vit,kjo ekspozite pati permir\u00ebsime te dukshme n\u00eb shume drejtime, si nga ana e p\u00ebrzgjedhjeve t\u00eb veprave ashtu edhe p\u00ebrsa i p\u00ebrket aranzhimit n\u00eb hap\u00ebsir\u00eb.<br \/>\nN\u00eb k\u00ebto koloni kemi shum\u00eb bashk\u00ebbisedime rreth artit dhe debatet atistike jan\u00eb t\u00eb pranishme p\u00ebr pikturat e b\u00ebra gjat\u00eb koh\u00ebs s\u00eb q\u00ebndrimit ne natyr\u00eb si dhe n\u00eb ambientet e hoteleve. N\u00eb k\u00ebto koloni kemi b\u00ebr\u00eb shume vepra arti, q\u00eb zor se do ti kishim b\u00ebr\u00eb pa intensitetin dhe egon artistike t\u00eb krijuar mes artist\u00ebsh t\u00eb r\u00ebnd\u00ebsish\u00ebm si Kujtim Buza, Nikolin Ivanaj,Buron Kacelit, Agim Kadillari, Pashk Pervathi, Agron Polovina, Sadik Kasa, Agron Dine dhe piktor\u00eb t\u00eb tjer\u00eb.<\/p>\n<p><strong>\u00c7far\u00eb keni n\u00eb dor\u00eb k\u00ebt\u00eb periudh\u00eb, dhe projektet p\u00ebr t\u00eb ardhmen?<\/strong><\/p>\n<p>Puna ime krijuese \u00ebsht\u00eb e pand\u00ebrprer\u00eb, un\u00eb shkoj vazhdimisht n\u00eb studio dhe aty b\u00ebj kombinimin e duhur mes pikturimit direkt dhe at\u00eb filtrim n\u00eb studio duke pas\u00eb parasysh\u00eb q\u00eb t\u00eb mos pikturoj n\u00eb m\u00ebnyr\u00eb mekanike. Kam shum\u00eb projekte q\u00eb jan\u00eb n\u00eb vazhdim ose p\u00ebr t\u00eb ardhmen. Tani do t\u00eb marr pjes\u00eb n\u00eb dy ekspozita, kushtuar dit\u00ebs s\u00eb gruas n\u00eb Galerin\u00eb e Arteve Shkodr\u00ebs dhe n\u00eb hollin e Teatrit \u201cMigjeni\u201d Shkod\u00ebr.<\/p>\n<p>Gazeta Mapo<\/p>\n","protected":false},"excerpt":{"rendered":"<p>N\u00eb studion e piktores Xheneta Kadillari 02\/03\/20 Nga Mark Simoni Jam shume e nderuar kur mediat jane te interesuara per punen time artistike, por kjo ndodhe shum\u00eb rrall\u00eb ose vetem ateher\u00eb kur ju intereson atyre. Ne Shqiperi mungon shume kritika artistike, ka nje boshllek qe ekziston prej kohesh dhe qe ndjehet ne amulline e koncepteve [&hellip;]<\/p>\n","protected":false},"author":9,"featured_media":32038,"comment_status":"open","ping_status":"open","sticky":false,"template":"","format":"standard","meta":{"jetpack_post_was_ever_published":false,"_jetpack_newsletter_access":"","_jetpack_dont_email_post_to_subs":false,"_jetpack_newsletter_tier_id":0,"_jetpack_memberships_contains_paywalled_content":false,"_jetpack_memberships_contains_paid_content":false,"footnotes":"","jetpack_publicize_message":"","jetpack_publicize_feature_enabled":true,"jetpack_social_post_already_shared":true,"jetpack_social_options":{"image_generator_settings":{"template":"highway","default_image_id":0,"font":"","enabled":false},"version":2}},"categories":[87,10,35],"tags":[],"class_list":["post-32037","post","type-post","status-publish","format-standard","has-post-thumbnail","hentry","category-arte","category-kultura","category-shoqerore"],"jetpack_publicize_connections":[],"jetpack_featured_media_url":"https:\/\/i0.wp.com\/www.shqiperia.com\/blog\/wp-content\/uploads\/2020\/03\/shkrimi-i-gjashte.jpg?fit=960%2C830&ssl=1","jetpack_sharing_enabled":true,"jetpack_shortlink":"https:\/\/wp.me\/p5Z6wp-8kJ","jetpack-related-posts":[{"id":27373,"url":"https:\/\/www.shqiperia.com\/blog\/piktorja-xheneta-kadillari-ne-kerkim-te-drites-dhe-diellit-foto\/","url_meta":{"origin":32037,"position":0},"title":"Piktorja Xheneta Kadillari n\u00eb k\u00ebrkim t\u00eb drit\u00ebs dhe diellit (FOTO)","author":"Kurt Farka","date":"October 27, 2019","format":false,"excerpt":"Piktorja Xheneta Kadillari n\u00eb k\u00ebrkim t\u00eb drit\u00ebs dhe diellit (FOTO) N\u00eb Galerin\u00eb e Artit Shkod\u00ebr k\u00ebto dit\u00eb u hap ekspozita e piktores Xheneta Kadillari. N\u00eb t\u00eb j\u00ebn\u00eb paraqitur peizazhe, portrete, kompozime, nudo. Vjen si nj\u00eb mozaik i bukur shum\u00ebngjyr\u00ebsh n\u00eb nj\u00eb vij\u00ebm\u00ebsi krijuese me punime t\u00eb koh\u00ebve t\u00eb fundit. Jan\u00eb\u2026","rel":"","context":"In &quot;Arte&quot;","block_context":{"text":"Arte","link":"https:\/\/www.shqiperia.com\/blog\/category\/arte\/"},"img":{"alt_text":"","src":"https:\/\/i0.wp.com\/www.shqiperia.com\/blog\/wp-content\/uploads\/2019\/10\/1571755301_xhanetakadillari5.jpg?fit=1200%2C609&ssl=1&resize=350%2C200","width":350,"height":200,"srcset":"https:\/\/i0.wp.com\/www.shqiperia.com\/blog\/wp-content\/uploads\/2019\/10\/1571755301_xhanetakadillari5.jpg?fit=1200%2C609&ssl=1&resize=350%2C200 1x, https:\/\/i0.wp.com\/www.shqiperia.com\/blog\/wp-content\/uploads\/2019\/10\/1571755301_xhanetakadillari5.jpg?fit=1200%2C609&ssl=1&resize=525%2C300 1.5x, https:\/\/i0.wp.com\/www.shqiperia.com\/blog\/wp-content\/uploads\/2019\/10\/1571755301_xhanetakadillari5.jpg?fit=1200%2C609&ssl=1&resize=700%2C400 2x, https:\/\/i0.wp.com\/www.shqiperia.com\/blog\/wp-content\/uploads\/2019\/10\/1571755301_xhanetakadillari5.jpg?fit=1200%2C609&ssl=1&resize=1050%2C600 3x"},"classes":[]},{"id":51041,"url":"https:\/\/www.shqiperia.com\/blog\/piktori-nga-shkodra-magjepset-nga-peizazhi-i-dardhes-agim-kadillari-piktura-per-mua-eshte-perjetim-sublime\/","url_meta":{"origin":32037,"position":1},"title":"Piktori nga Shkodra magjepset nga peizazhi i Dardh\u00ebs! Agim Kadillari: &#8211; Piktura p\u00ebr mua \u00ebsht\u00eb p\u00ebrjetim sublime","author":"Kurt Farka","date":"November 2, 2021","format":false,"excerpt":"Piktori nga Shkodra magjepset nga peizazhi i Dardh\u00ebs! Agim Kadillari: Piktura p\u00ebr mua \u00ebsht\u00eb p\u00ebrjetim sublime 30 Tetor 2021 Me pasionin e tij p\u00ebr artin dhe t\u00eb bukur\u00ebn, piktori nga Shkodra prej vitesh derdh n\u00eb telajo emocionet q\u00eb i fal natyra shqiptare. Pjes\u00eb e edicionit t\u00eb 11-t\u00eb,\u00a0 k\u00ebt\u00eb vjesht\u00eb piktori\u2026","rel":"","context":"In &quot;Arte&quot;","block_context":{"text":"Arte","link":"https:\/\/www.shqiperia.com\/blog\/category\/arte\/"},"img":{"alt_text":"","src":"https:\/\/i0.wp.com\/www.shqiperia.com\/blog\/wp-content\/uploads\/2021\/11\/piktori-Agim-Kadillari.jpg?fit=780%2C440&ssl=1&resize=350%2C200","width":350,"height":200,"srcset":"https:\/\/i0.wp.com\/www.shqiperia.com\/blog\/wp-content\/uploads\/2021\/11\/piktori-Agim-Kadillari.jpg?fit=780%2C440&ssl=1&resize=350%2C200 1x, https:\/\/i0.wp.com\/www.shqiperia.com\/blog\/wp-content\/uploads\/2021\/11\/piktori-Agim-Kadillari.jpg?fit=780%2C440&ssl=1&resize=525%2C300 1.5x, https:\/\/i0.wp.com\/www.shqiperia.com\/blog\/wp-content\/uploads\/2021\/11\/piktori-Agim-Kadillari.jpg?fit=780%2C440&ssl=1&resize=700%2C400 2x"},"classes":[]},{"id":5476,"url":"https:\/\/www.shqiperia.com\/blog\/ekspozita-e-mios-ngjarje-ne-venecia-kritika-italiane-vlereson-artin-e-tij\/","url_meta":{"origin":32037,"position":2},"title":"Ekspozita e Mios ngjarje n\u00eb Venecia, kritika italiane vler\u00ebson artin e tij. &#8211;","author":"Kurt Farka","date":"March 23, 2018","format":false,"excerpt":"Nga Dhurata\u00a0 Hamzai. - \"Ekspozita n\u00eb Venecia e Vangjush Mios, piktorit impresionist shqiptar. Ngjarje n\u00eb Venecia\u201d- ky \u00ebsht\u00eb nj\u00eb nga titujt e medias lokale \u201cVenecia Today\u201d q\u00eb p\u00ebshkruan ecurin\u00eb e nj\u00eb ekspozit\u00eb t\u00eb \u00e7elur q\u00eb nga 16 marsi 2018, Nga Dhurata\u00a0 Hamzai. - \"Ekspozita n\u00eb Venecia e Vangjush Mios, piktorit\u2026","rel":"","context":"In &quot;Arte&quot;","block_context":{"text":"Arte","link":"https:\/\/www.shqiperia.com\/blog\/category\/arte\/"},"img":{"alt_text":"","src":"https:\/\/i0.wp.com\/www.shqiperia.com\/blog\/wp-content\/uploads\/2018\/03\/1-Vangjush-Mio.jpg?fit=1200%2C1089&ssl=1&resize=350%2C200","width":350,"height":200,"srcset":"https:\/\/i0.wp.com\/www.shqiperia.com\/blog\/wp-content\/uploads\/2018\/03\/1-Vangjush-Mio.jpg?fit=1200%2C1089&ssl=1&resize=350%2C200 1x, https:\/\/i0.wp.com\/www.shqiperia.com\/blog\/wp-content\/uploads\/2018\/03\/1-Vangjush-Mio.jpg?fit=1200%2C1089&ssl=1&resize=525%2C300 1.5x, https:\/\/i0.wp.com\/www.shqiperia.com\/blog\/wp-content\/uploads\/2018\/03\/1-Vangjush-Mio.jpg?fit=1200%2C1089&ssl=1&resize=700%2C400 2x, https:\/\/i0.wp.com\/www.shqiperia.com\/blog\/wp-content\/uploads\/2018\/03\/1-Vangjush-Mio.jpg?fit=1200%2C1089&ssl=1&resize=1050%2C600 3x"},"classes":[]},{"id":10452,"url":"https:\/\/www.shqiperia.com\/blog\/gka-eshte-kthyer-nje-institucion-anemik-kumbaro-ben-gjera-te-reja-por-te-deshtuara-pjese-e-intervistes-me-ardian-isufin\/","url_meta":{"origin":32037,"position":3},"title":"GKA \u00ebsht\u00eb kthyer nj\u00eb institucion anemik, Kumbaro b\u00ebn gj\u00ebra t\u00eb reja por t\u00eb d\u00ebshtuara   Pjese e Intervistes  me Ardian Isufin. &#8211;","author":"Kurt Farka","date":"August 1, 2018","format":false,"excerpt":"\u00a0GKA \u00ebsht\u00eb kthyer nj\u00eb institucion anemik, Kumbaro b\u00ebn gj\u00ebra t\u00eb reja por t\u00eb d\u00ebshtuara Pjese e Intervistes \u00a0me Ardian Isufin 01\/08\/2018 Galeria Komb\u00ebtare e Arteve sipas artist\u00ebve \u00ebsht\u00eb kthyer n\u00eb nj\u00eb institucioni anemik p\u00ebr sa i p\u00ebrket promovimit t\u00eb vlerave artistike kulturore n\u00eb vend. Prof. asc. Ardian Isufi dekani i\u2026","rel":"","context":"In &quot;Arte&quot;","block_context":{"text":"Arte","link":"https:\/\/www.shqiperia.com\/blog\/category\/arte\/"},"img":{"alt_text":"","src":"https:\/\/i0.wp.com\/www.shqiperia.com\/blog\/wp-content\/uploads\/2018\/08\/ardian-isufi-300x250.jpg?resize=350%2C200","width":350,"height":200},"classes":[]},{"id":48513,"url":"https:\/\/www.shqiperia.com\/blog\/kocke-e-gdhendur-51-mijevjecare-vepra-me-e-vjeter-artistike\/","url_meta":{"origin":32037,"position":4},"title":"Kock\u00eb e gdhendur 51-mij\u00ebvje\u00e7are \u2013 vepra m\u00eb e vjet\u00ebr artistike","author":"Kurt Farka","date":"July 16, 2021","format":false,"excerpt":"Kock\u00eb e gdhendur 51-mij\u00ebvje\u00e7are \u2013 vepra m\u00eb e vjet\u00ebr artistike. ...\"Hulumtimi ka v\u00ebrtetuar se kocka \u00ebsht\u00eb 51 mij\u00eb vjet e vjet\u00ebr \u2013 eshte m\u00eb e vjet\u00ebr se \u00e7do vep\u00ebr arti e krahasueshme q\u00eb u atribuohet neandertal\u00ebve\". ... Gazeta Koha.Net, Prishtine Kocka e gishtit t\u00eb nj\u00eb dreri parahistorik t\u00eb gdhendur me\u2026","rel":"","context":"In &quot;Histori&quot;","block_context":{"text":"Histori","link":"https:\/\/www.shqiperia.com\/blog\/category\/histori\/"},"img":{"alt_text":"","src":"https:\/\/i0.wp.com\/www.shqiperia.com\/blog\/wp-content\/uploads\/2021\/07\/Kocke-e-gdhendur-51-mijevjecare-%E2%80%93-vepra-me-e-vjeter-artistike.jpg?fit=1085%2C722&ssl=1&resize=350%2C200","width":350,"height":200,"srcset":"https:\/\/i0.wp.com\/www.shqiperia.com\/blog\/wp-content\/uploads\/2021\/07\/Kocke-e-gdhendur-51-mijevjecare-%E2%80%93-vepra-me-e-vjeter-artistike.jpg?fit=1085%2C722&ssl=1&resize=350%2C200 1x, https:\/\/i0.wp.com\/www.shqiperia.com\/blog\/wp-content\/uploads\/2021\/07\/Kocke-e-gdhendur-51-mijevjecare-%E2%80%93-vepra-me-e-vjeter-artistike.jpg?fit=1085%2C722&ssl=1&resize=525%2C300 1.5x, https:\/\/i0.wp.com\/www.shqiperia.com\/blog\/wp-content\/uploads\/2021\/07\/Kocke-e-gdhendur-51-mijevjecare-%E2%80%93-vepra-me-e-vjeter-artistike.jpg?fit=1085%2C722&ssl=1&resize=700%2C400 2x, https:\/\/i0.wp.com\/www.shqiperia.com\/blog\/wp-content\/uploads\/2021\/07\/Kocke-e-gdhendur-51-mijevjecare-%E2%80%93-vepra-me-e-vjeter-artistike.jpg?fit=1085%2C722&ssl=1&resize=1050%2C600 3x"},"classes":[]},{"id":22235,"url":"https:\/\/www.shqiperia.com\/blog\/a-duhen-menaxhere-arti-ne-shqiperi\/","url_meta":{"origin":32037,"position":5},"title":"A duhen menaxher\u00eb arti n\u00eb Shqip\u00ebri?","author":"Kurt Farka","date":"June 24, 2019","format":false,"excerpt":"A duhen menaxher\u00eb arti n\u00eb Shqip\u00ebri? \u201cArtist\u00ebt figurativ\u00eb kan\u00eb v\u00ebshtir\u00ebsi n\u00eb gjetjen e tregut, vendi yn\u00eb nuk ka ankande as \u00e7mime\u201d \u00a0Nga Msc. Pandi Madhi Rreth dy vite me par\u00eb, teksa isha pjes\u00eb e organizimit t\u00eb disa aktiviteteve n\u00eb fush\u00ebn e arteve, m\u00eb lindi ideja p\u00ebr p\u00ebrgatitjen e nj\u00eb cikli\u2026","rel":"","context":"In &quot;Arte&quot;","block_context":{"text":"Arte","link":"https:\/\/www.shqiperia.com\/blog\/category\/arte\/"},"img":{"alt_text":"","src":"https:\/\/i0.wp.com\/www.shqiperia.com\/blog\/wp-content\/uploads\/2019\/06\/64604780_963026097363526_7874467094312517632_n-770x433.jpg?fit=770%2C380&ssl=1&resize=350%2C200","width":350,"height":200,"srcset":"https:\/\/i0.wp.com\/www.shqiperia.com\/blog\/wp-content\/uploads\/2019\/06\/64604780_963026097363526_7874467094312517632_n-770x433.jpg?fit=770%2C380&ssl=1&resize=350%2C200 1x, https:\/\/i0.wp.com\/www.shqiperia.com\/blog\/wp-content\/uploads\/2019\/06\/64604780_963026097363526_7874467094312517632_n-770x433.jpg?fit=770%2C380&ssl=1&resize=525%2C300 1.5x, https:\/\/i0.wp.com\/www.shqiperia.com\/blog\/wp-content\/uploads\/2019\/06\/64604780_963026097363526_7874467094312517632_n-770x433.jpg?fit=770%2C380&ssl=1&resize=700%2C400 2x"},"classes":[]}],"_links":{"self":[{"href":"https:\/\/www.shqiperia.com\/blog\/wp-json\/wp\/v2\/posts\/32037","targetHints":{"allow":["GET"]}}],"collection":[{"href":"https:\/\/www.shqiperia.com\/blog\/wp-json\/wp\/v2\/posts"}],"about":[{"href":"https:\/\/www.shqiperia.com\/blog\/wp-json\/wp\/v2\/types\/post"}],"author":[{"embeddable":true,"href":"https:\/\/www.shqiperia.com\/blog\/wp-json\/wp\/v2\/users\/9"}],"replies":[{"embeddable":true,"href":"https:\/\/www.shqiperia.com\/blog\/wp-json\/wp\/v2\/comments?post=32037"}],"version-history":[{"count":1,"href":"https:\/\/www.shqiperia.com\/blog\/wp-json\/wp\/v2\/posts\/32037\/revisions"}],"predecessor-version":[{"id":32039,"href":"https:\/\/www.shqiperia.com\/blog\/wp-json\/wp\/v2\/posts\/32037\/revisions\/32039"}],"wp:featuredmedia":[{"embeddable":true,"href":"https:\/\/www.shqiperia.com\/blog\/wp-json\/wp\/v2\/media\/32038"}],"wp:attachment":[{"href":"https:\/\/www.shqiperia.com\/blog\/wp-json\/wp\/v2\/media?parent=32037"}],"wp:term":[{"taxonomy":"category","embeddable":true,"href":"https:\/\/www.shqiperia.com\/blog\/wp-json\/wp\/v2\/categories?post=32037"},{"taxonomy":"post_tag","embeddable":true,"href":"https:\/\/www.shqiperia.com\/blog\/wp-json\/wp\/v2\/tags?post=32037"}],"curies":[{"name":"wp","href":"https:\/\/api.w.org\/{rel}","templated":true}]}}